{"id":6236,"date":"2021-06-10T14:46:49","date_gmt":"2021-06-10T14:46:49","guid":{"rendered":"https:\/\/netbakis.net\/?p=6236"},"modified":"2021-06-10T14:46:50","modified_gmt":"2021-06-10T14:46:50","slug":"askerlik-degisiklik-yasa-tasarisindaki-teskereye-oy-birligi","status":"publish","type":"post","link":"https:\/\/netbakis.net\/tr\/6236\/","title":{"rendered":"Askerlik (De\u011fi\u015fiklik) Yasa Tasar\u0131s\u0131&#8217;ndaki teskereye oy birli\u011fi"},"content":{"rendered":"<p>Meclis Genel Kurulu&#8217;nda g\u00f6r\u00fc\u015f\u00fclen Askerlik (De\u011fi\u015fiklik) Yasa Tasar\u0131s\u0131&#8217;ndaki teskere Oy birli\u011fi ile kabul edildi.<\/p>\n\n\n\n<p>Cumhuriyet Meclisi Genel Kurulunda ilk olarak Ba\u015fkanl\u0131\u011f\u0131n Genel Kurul\u2019a sunu\u015flar\u0131na yer verildi.<\/p>\n\n\n\n<p>Baz\u0131 yasa tasar\u0131lar\u0131n\u0131n komitede ele al\u0131nmas\u0131n\u0131n ivedili\u011finin g\u00f6r\u00fc\u015f\u00fcl\u00fcp oylanmas\u0131yla devam eden genel kurulda s\u0131ras\u0131yla Belediyeler De\u011fi\u015fiklik Yasa Tasar\u0131s\u0131\u2019n\u0131n oy \u00e7oklu\u011fuyla, Orman De\u011fi\u015fiklik Yasa \u00d6nerisi\u2019nin oybirli\u011fiyle ivedili\u011fi onayland\u0131.<\/p>\n\n\n\n<p>Genel kurul daha sonra Askerlik (De\u011fi\u015fiklik) Yasa Tasar\u0131s\u0131 ile Emeklilik (De\u011fi\u015fiklik) Yasa Tasar\u0131s\u0131\u2019n\u0131n \u00fc\u00e7\u00fcnc\u00fc g\u00f6r\u00fc\u015fmesinin yap\u0131lmas\u0131na ili\u015fkin tezkereler oyland\u0131 ve oybirli\u011fiyle kabul edildi.<\/p>\n\n\n\n<p>Tezkerenin kabul\u00fcn\u00fcn ard\u0131ndan ilk s\u00f6z\u00fc alan TDP Milletvekili Zeki \u00c7eler, bu tasar\u0131ya olumlu oy vereceklerini ancak askerlikle ilgili, hafta sonu izinleri gibi daha ciddi sorunlara de\u011finmek gerekti\u011fini kaydetti.<\/p>\n\n\n\n<p>Hafta sonu izinleri konusundaki sorunlar\u0131n \u015fimdilik \u00e7\u00f6z\u00fcld\u00fc\u011f\u00fcn\u00fc dile getiren \u00c7eler, ge\u00e7mi\u015fte yanan haftasonu izinlerinin verilmesi konusunda gerekli ad\u0131m\u0131n at\u0131lmas\u0131n\u0131 istedi.<\/p>\n\n\n\n<p>ERH\u00dcRMAN<\/p>\n\n\n\n<p>CTP Genel Ba\u015fkan\u0131 Tufan Erh\u00fcrman da pandemi d\u00f6neminde \u00f6zellikle doktora ve master tezi a\u015famas\u0131nda olan ki\u015filerin s\u0131k\u0131nt\u0131 ya\u015fad\u0131\u011f\u0131n\u0131 ve ya\u015f s\u0131n\u0131r\u0131n\u0131n elde olmayan nedenlerle a\u015f\u0131ld\u0131\u011f\u0131n\u0131 kaydederek, bu konuda ge\u00e7ici bir madde konulmas\u0131n\u0131 istedi. Erh\u00fcrman, yasaya olumlu oy vereceklerini dile getirdi.<\/p>\n\n\n\n<p>HAS\u0130PO\u011eLU<\/p>\n\n\n\n<p>Ard\u0131ndan s\u00f6z alan UBP Milletvekili O\u011fuzhan Hasipo\u011flu, ilgili tasar\u0131n\u0131n 14\u2019\u00fcnc\u00fc kez tadil edildi\u011fini ifade ederek, bu tadilatla \u00f6demelerin TL\u2019ye \u00e7evrilerek, asgari \u00fccretin en fazla 15 kat\u0131na \u00e7ekildi\u011fini ifade etti.<\/p>\n\n\n\n<p>Hasipo\u011flu, tez a\u015famas\u0131ndaki ki\u015filere 2023\u2019e kadar kadar aftan yararlanma \u015fans\u0131 verildi\u011fini belirtti.<\/p>\n\n\n\n<p>SANER<\/p>\n\n\n\n<p>Ba\u015fbakan Ersan Saner de bug\u00fcn pandemi s\u00fcrecinde \u00f6zellikle doktora tezi a\u015famas\u0131ndaki ki\u015filerin bedelli askerlik hakk\u0131n\u0131 kaybetmesi a\u00e7\u0131s\u0131ndan \u00f6nemli olan bu tasar\u0131daki en \u00f6nemli maddesinin d\u00f6vizle \u00f6denen bedellerin TL\u2019ye \u00e7evrilmesi oldu\u011funu kaydetti.<\/p>\n\n\n\n<p>Pandemiden dolay\u0131 ya\u015fanan s\u0131k\u0131nt\u0131lar nedeniyle tez a\u015famas\u0131ndaki ki\u015filerin bedelli askerlik hakk\u0131n\u0131 kaybetmemesi i\u00e7in de\u011fi\u015fiklikler yap\u0131ld\u0131\u011f\u0131n\u0131 kaydeden Saner, doktora tezlerini tamamlamak kayd\u0131yla bu ki\u015filere 2023 sonuna kadar s\u00fcre verildi\u011fini dile getirdi.<\/p>\n\n\n\n<p>Ard\u0131ndan g\u00f6r\u00fc\u015fmenin yap\u0131lmas\u0131na ili\u015fkin tezkere oybirli\u011fiyle kabul edildi.<\/p>","protected":false},"excerpt":{"rendered":"<p>Meclis Genel Kurulu&#8217;nda g\u00f6r\u00fc\u015f\u00fclen Askerlik (De\u011fi\u015fiklik) Yasa Tasar\u0131s\u0131&#8217;ndaki teskere Oy birli\u011fi ile kabul edildi. Cumhuriyet Meclisi Genel Kurulunda ilk olarak Ba\u015fkanl\u0131\u011f\u0131n Genel Kurul\u2019a sunu\u015flar\u0131na yer verildi. Baz\u0131 yasa tasar\u0131lar\u0131n\u0131n komitede ele al\u0131nmas\u0131n\u0131n ivedili\u011finin g\u00f6r\u00fc\u015f\u00fcl\u00fcp oylanmas\u0131yla devam eden genel kurulda s\u0131ras\u0131yla Belediyeler De\u011fi\u015fiklik Yasa Tasar\u0131s\u0131\u2019n\u0131n oy \u00e7oklu\u011fuyla, Orman De\u011fi\u015fiklik Yasa \u00d6nerisi\u2019nin oybirli\u011fiyle ivedili\u011fi onayland\u0131. Genel kurul [&hellip;]<\/p>","protected":false},"author":1,"featured_media":6239,"comment_status":"open","ping_status":"open","sticky":false,"template":"","format":"standard","meta":{"om_disable_all_campaigns":false,"_monsterinsights_skip_tracking":false,"_monsterinsights_sitenote_active":false,"_monsterinsights_sitenote_note":"","_monsterinsights_sitenote_category":0,"_uf_show_specific_survey":0,"_uf_disable_surveys":false,"footnotes":"","jetpack_publicize_message":"","jetpack_publicize_feature_enabled":true,"jetpack_social_post_already_shared":false,"jetpack_social_options":{"image_generator_settings":{"template":"highway","default_image_id":0,"font":"","enabled":false},"version":2}},"categories":[81],"tags":[370],"class_list":{"0":"post-6236","1":"post","2":"type-post","3":"status-publish","4":"format-standard","5":"has-post-thumbnail","7":"category-gundem","8":"tag-meclis"},"yoast_head":"<!-- This site is optimized with the Yoast SEO plugin v23.8 - https:\/\/yoast.com\/wordpress\/plugins\/seo\/ -->\n<title>Askerlik (De\u011fi\u015fiklik) Yasa Tasar\u0131s\u0131&#039;ndaki teskereye oy birli\u011fi - NETBAKIS<\/title>\n<meta name=\"robots\" content=\"index, follow, max-snippet:-1, max-image-preview:large, max-video-preview:-1\" \/>\n<link rel=\"canonical\" href=\"https:\/\/netbakis.net\/tr\/6236\/\" \/>\n<meta property=\"og:locale\" content=\"tr_TR\" \/>\n<meta property=\"og:type\" content=\"article\" \/>\n<meta property=\"og:title\" content=\"Askerlik (De\u011fi\u015fiklik) Yasa Tasar\u0131s\u0131&#039;ndaki teskereye oy birli\u011fi - NETBAKIS\" \/>\n<meta property=\"og:description\" content=\"Meclis Genel Kurulu&#8217;nda g\u00f6r\u00fc\u015f\u00fclen Askerlik (De\u011fi\u015fiklik) Yasa Tasar\u0131s\u0131&#8217;ndaki teskere Oy birli\u011fi ile kabul edildi. Cumhuriyet Meclisi Genel Kurulunda ilk olarak Ba\u015fkanl\u0131\u011f\u0131n Genel Kurul\u2019a sunu\u015flar\u0131na yer verildi. Baz\u0131 yasa tasar\u0131lar\u0131n\u0131n komitede ele al\u0131nmas\u0131n\u0131n ivedili\u011finin g\u00f6r\u00fc\u015f\u00fcl\u00fcp oylanmas\u0131yla devam eden genel kurulda s\u0131ras\u0131yla Belediyeler De\u011fi\u015fiklik Yasa Tasar\u0131s\u0131\u2019n\u0131n oy \u00e7oklu\u011fuyla, Orman De\u011fi\u015fiklik Yasa \u00d6nerisi\u2019nin oybirli\u011fiyle ivedili\u011fi onayland\u0131. Genel kurul [&hellip;]\" \/>\n<meta property=\"og:url\" content=\"https:\/\/netbakis.net\/tr\/6236\/\" \/>\n<meta property=\"og:site_name\" content=\"NETBAKIS\" \/>\n<meta property=\"article:published_time\" content=\"2021-06-10T14:46:49+00:00\" \/>\n<meta property=\"article:modified_time\" content=\"2021-06-10T14:46:50+00:00\" \/>\n<meta property=\"og:image\" content=\"https:\/\/netbakis.net\/wp-content\/uploads\/2021\/06\/65391100_1189070614608814_7108884586775445504_n.jpg\" \/>\n\t<meta property=\"og:image:width\" content=\"592\" \/>\n\t<meta property=\"og:image:height\" content=\"395\" \/>\n\t<meta property=\"og:image:type\" content=\"image\/jpeg\" \/>\n<meta name=\"author\" content=\"netbakis.net\" \/>\n<meta name=\"twitter:card\" content=\"summary_large_image\" \/>\n<meta name=\"twitter:label1\" content=\"Yazan:\" \/>\n\t<meta name=\"twitter:data1\" content=\"netbakis.net\" \/>\n\t<meta name=\"twitter:label2\" content=\"Tahmini okuma s\u00fcresi\" \/>\n\t<meta name=\"twitter:data2\" content=\"2 dakika\" \/>\n<script type=\"application\/ld+json\" class=\"yoast-schema-graph\">{\"@context\":\"https:\/\/schema.org\",\"@graph\":[{\"@type\":\"WebPage\",\"@id\":\"https:\/\/netbakis.net\/6236\/\",\"url\":\"https:\/\/netbakis.net\/6236\/\",\"name\":\"Askerlik (De\u011fi\u015fiklik) Yasa Tasar\u0131s\u0131'ndaki teskereye oy birli\u011fi - NETBAKIS\",\"isPartOf\":{\"@id\":\"https:\/\/netbakis.net\/#website\"},\"primaryImageOfPage\":{\"@id\":\"https:\/\/netbakis.net\/6236\/#primaryimage\"},\"image\":{\"@id\":\"https:\/\/netbakis.net\/6236\/#primaryimage\"},\"thumbnailUrl\":\"https:\/\/netbakis.net\/wp-content\/uploads\/2021\/06\/65391100_1189070614608814_7108884586775445504_n.jpg\",\"datePublished\":\"2021-06-10T14:46:49+00:00\",\"dateModified\":\"2021-06-10T14:46:50+00:00\",\"author\":{\"@id\":\"https:\/\/netbakis.net\/#\/schema\/person\/5d9b5c3f48ca4a3c69967d619fc8c7f4\"},\"breadcrumb\":{\"@id\":\"https:\/\/netbakis.net\/6236\/#breadcrumb\"},\"inLanguage\":\"tr\",\"potentialAction\":[{\"@type\":\"ReadAction\",\"target\":[\"https:\/\/netbakis.net\/6236\/\"]}]},{\"@type\":\"ImageObject\",\"inLanguage\":\"tr\",\"@id\":\"https:\/\/netbakis.net\/6236\/#primaryimage\",\"url\":\"https:\/\/netbakis.net\/wp-content\/uploads\/2021\/06\/65391100_1189070614608814_7108884586775445504_n.jpg\",\"contentUrl\":\"https:\/\/netbakis.net\/wp-content\/uploads\/2021\/06\/65391100_1189070614608814_7108884586775445504_n.jpg\",\"width\":592,\"height\":395,\"caption\":\"Meclis\"},{\"@type\":\"BreadcrumbList\",\"@id\":\"https:\/\/netbakis.net\/6236\/#breadcrumb\",\"itemListElement\":[{\"@type\":\"ListItem\",\"position\":1,\"name\":\"Home\",\"item\":\"https:\/\/netbakis.net\/\"},{\"@type\":\"ListItem\",\"position\":2,\"name\":\"Askerlik (De\u011fi\u015fiklik) Yasa Tasar\u0131s\u0131&#8217;ndaki teskereye oy birli\u011fi\"}]},{\"@type\":\"WebSite\",\"@id\":\"https:\/\/netbakis.net\/#website\",\"url\":\"https:\/\/netbakis.net\/\",\"name\":\"NETBAKIS\",\"description\":\"SON DAKIKA\",\"potentialAction\":[{\"@type\":\"SearchAction\",\"target\":{\"@type\":\"EntryPoint\",\"urlTemplate\":\"https:\/\/netbakis.net\/?s={search_term_string}\"},\"query-input\":{\"@type\":\"PropertyValueSpecification\",\"valueRequired\":true,\"valueName\":\"search_term_string\"}}],\"inLanguage\":\"tr\"},{\"@type\":\"Person\",\"@id\":\"https:\/\/netbakis.net\/#\/schema\/person\/5d9b5c3f48ca4a3c69967d619fc8c7f4\",\"name\":\"netbakis.net\",\"image\":{\"@type\":\"ImageObject\",\"inLanguage\":\"tr\",\"@id\":\"https:\/\/netbakis.net\/#\/schema\/person\/image\/\",\"url\":\"https:\/\/secure.gravatar.com\/avatar\/4ddeae49d2d3e3568a8d5b0937642efdf0b72468dbe3f213bc1978faa47af0d1?s=96&d=wp_user_avatar&r=g\",\"contentUrl\":\"https:\/\/secure.gravatar.com\/avatar\/4ddeae49d2d3e3568a8d5b0937642efdf0b72468dbe3f213bc1978faa47af0d1?s=96&d=wp_user_avatar&r=g\",\"caption\":\"netbakis.net\"},\"sameAs\":[\"https:\/\/netbakis.net\"],\"url\":\"https:\/\/netbakis.net\/tr\/author\/netbakis-net\/\"}]}<\/script>\n<!-- \/ Yoast SEO plugin. -->","yoast_head_json":{"title":"Askerlik (De\u011fi\u015fiklik) Yasa Tasar\u0131s\u0131'ndaki teskereye oy birli\u011fi - NETBAKIS","robots":{"index":"index","follow":"follow","max-snippet":"max-snippet:-1","max-image-preview":"max-image-preview:large","max-video-preview":"max-video-preview:-1"},"canonical":"https:\/\/netbakis.net\/tr\/6236\/","og_locale":"tr_TR","og_type":"article","og_title":"Askerlik (De\u011fi\u015fiklik) Yasa Tasar\u0131s\u0131'ndaki teskereye oy birli\u011fi - NETBAKIS","og_description":"Meclis Genel Kurulu&#8217;nda g\u00f6r\u00fc\u015f\u00fclen Askerlik (De\u011fi\u015fiklik) Yasa Tasar\u0131s\u0131&#8217;ndaki teskere Oy birli\u011fi ile kabul edildi. Cumhuriyet Meclisi Genel Kurulunda ilk olarak Ba\u015fkanl\u0131\u011f\u0131n Genel Kurul\u2019a sunu\u015flar\u0131na yer verildi. Baz\u0131 yasa tasar\u0131lar\u0131n\u0131n komitede ele al\u0131nmas\u0131n\u0131n ivedili\u011finin g\u00f6r\u00fc\u015f\u00fcl\u00fcp oylanmas\u0131yla devam eden genel kurulda s\u0131ras\u0131yla Belediyeler De\u011fi\u015fiklik Yasa Tasar\u0131s\u0131\u2019n\u0131n oy \u00e7oklu\u011fuyla, Orman De\u011fi\u015fiklik Yasa \u00d6nerisi\u2019nin oybirli\u011fiyle ivedili\u011fi onayland\u0131. Genel kurul [&hellip;]","og_url":"https:\/\/netbakis.net\/tr\/6236\/","og_site_name":"NETBAKIS","article_published_time":"2021-06-10T14:46:49+00:00","article_modified_time":"2021-06-10T14:46:50+00:00","og_image":[{"width":592,"height":395,"url":"https:\/\/netbakis.net\/wp-content\/uploads\/2021\/06\/65391100_1189070614608814_7108884586775445504_n.jpg","type":"image\/jpeg"}],"author":"netbakis.net","twitter_card":"summary_large_image","twitter_misc":{"Yazan:":"netbakis.net","Tahmini okuma s\u00fcresi":"2 dakika"},"schema":{"@context":"https:\/\/schema.org","@graph":[{"@type":"WebPage","@id":"https:\/\/netbakis.net\/6236\/","url":"https:\/\/netbakis.net\/6236\/","name":"Askerlik (De\u011fi\u015fiklik) Yasa Tasar\u0131s\u0131'ndaki teskereye oy birli\u011fi - NETBAKIS","isPartOf":{"@id":"https:\/\/netbakis.net\/#website"},"primaryImageOfPage":{"@id":"https:\/\/netbakis.net\/6236\/#primaryimage"},"image":{"@id":"https:\/\/netbakis.net\/6236\/#primaryimage"},"thumbnailUrl":"https:\/\/netbakis.net\/wp-content\/uploads\/2021\/06\/65391100_1189070614608814_7108884586775445504_n.jpg","datePublished":"2021-06-10T14:46:49+00:00","dateModified":"2021-06-10T14:46:50+00:00","author":{"@id":"https:\/\/netbakis.net\/#\/schema\/person\/5d9b5c3f48ca4a3c69967d619fc8c7f4"},"breadcrumb":{"@id":"https:\/\/netbakis.net\/6236\/#breadcrumb"},"inLanguage":"tr","potentialAction":[{"@type":"ReadAction","target":["https:\/\/netbakis.net\/6236\/"]}]},{"@type":"ImageObject","inLanguage":"tr","@id":"https:\/\/netbakis.net\/6236\/#primaryimage","url":"https:\/\/netbakis.net\/wp-content\/uploads\/2021\/06\/65391100_1189070614608814_7108884586775445504_n.jpg","contentUrl":"https:\/\/netbakis.net\/wp-content\/uploads\/2021\/06\/65391100_1189070614608814_7108884586775445504_n.jpg","width":592,"height":395,"caption":"Meclis"},{"@type":"BreadcrumbList","@id":"https:\/\/netbakis.net\/6236\/#breadcrumb","itemListElement":[{"@type":"ListItem","position":1,"name":"Home","item":"https:\/\/netbakis.net\/"},{"@type":"ListItem","position":2,"name":"Askerlik (De\u011fi\u015fiklik) Yasa Tasar\u0131s\u0131&#8217;ndaki teskereye oy birli\u011fi"}]},{"@type":"WebSite","@id":"https:\/\/netbakis.net\/#website","url":"https:\/\/netbakis.net\/","name":"NETBAKIS","description":"SON DAKIKA","potentialAction":[{"@type":"SearchAction","target":{"@type":"EntryPoint","urlTemplate":"https:\/\/netbakis.net\/?s={search_term_string}"},"query-input":{"@type":"PropertyValueSpecification","valueRequired":true,"valueName":"search_term_string"}}],"inLanguage":"tr"},{"@type":"Person","@id":"https:\/\/netbakis.net\/#\/schema\/person\/5d9b5c3f48ca4a3c69967d619fc8c7f4","name":"netbakis.net","image":{"@type":"ImageObject","inLanguage":"tr","@id":"https:\/\/netbakis.net\/#\/schema\/person\/image\/","url":"https:\/\/secure.gravatar.com\/avatar\/4ddeae49d2d3e3568a8d5b0937642efdf0b72468dbe3f213bc1978faa47af0d1?s=96&d=wp_user_avatar&r=g","contentUrl":"https:\/\/secure.gravatar.com\/avatar\/4ddeae49d2d3e3568a8d5b0937642efdf0b72468dbe3f213bc1978faa47af0d1?s=96&d=wp_user_avatar&r=g","caption":"netbakis.net"},"sameAs":["https:\/\/netbakis.net"],"url":"https:\/\/netbakis.net\/tr\/author\/netbakis-net\/"}]}},"jetpack_publicize_connections":[],"_links":{"self":[{"href":"https:\/\/netbakis.net\/tr\/wp-json\/wp\/v2\/posts\/6236","targetHints":{"allow":["GET"]}}],"collection":[{"href":"https:\/\/netbakis.net\/tr\/wp-json\/wp\/v2\/posts"}],"about":[{"href":"https:\/\/netbakis.net\/tr\/wp-json\/wp\/v2\/types\/post"}],"author":[{"embeddable":true,"href":"https:\/\/netbakis.net\/tr\/wp-json\/wp\/v2\/users\/1"}],"replies":[{"embeddable":true,"href":"https:\/\/netbakis.net\/tr\/wp-json\/wp\/v2\/comments?post=6236"}],"version-history":[{"count":1,"href":"https:\/\/netbakis.net\/tr\/wp-json\/wp\/v2\/posts\/6236\/revisions"}],"predecessor-version":[{"id":6241,"href":"https:\/\/netbakis.net\/tr\/wp-json\/wp\/v2\/posts\/6236\/revisions\/6241"}],"wp:featuredmedia":[{"embeddable":true,"href":"https:\/\/netbakis.net\/tr\/wp-json\/wp\/v2\/media\/6239"}],"wp:attachment":[{"href":"https:\/\/netbakis.net\/tr\/wp-json\/wp\/v2\/media?parent=6236"}],"wp:term":[{"taxonomy":"category","embeddable":true,"href":"https:\/\/netbakis.net\/tr\/wp-json\/wp\/v2\/categories?post=6236"},{"taxonomy":"post_tag","embeddable":true,"href":"https:\/\/netbakis.net\/tr\/wp-json\/wp\/v2\/tags?post=6236"}],"curies":[{"name":"wp","href":"https:\/\/api.w.org\/{rel}","templated":true}]}}