{"id":6141,"date":"2021-06-02T12:27:55","date_gmt":"2021-06-02T12:27:55","guid":{"rendered":"https:\/\/netbakis.net\/?p=6141"},"modified":"2021-06-02T12:27:56","modified_gmt":"2021-06-02T12:27:56","slug":"lapta-saglik-merkezine-guvenlik-kamerasi-donanimi-bagisinda-bulunuldu","status":"publish","type":"post","link":"https:\/\/netbakis.net\/tr\/6141\/","title":{"rendered":"Lapta Sa\u011fl\u0131k Merkezi\u2019ne, g\u00fcvenlik kameras\u0131 donan\u0131m\u0131 ba\u011f\u0131\u015f\u0131nda bulunuldu"},"content":{"rendered":"<p>Alsancak Mare-E Monte Yard\u0131m Derne\u011fi, Lapta Sa\u011fl\u0131k Merkezi\u2019ne, g\u00fcvenlik kameras\u0131 donan\u0131m\u0131 ba\u011f\u0131\u015flad\u0131<\/p>\n\n\n\n<p><strong>T\u00fcmsoy: Kakt\u0131 sa\u011flayanlara te\u015fekk\u00fcrler<\/strong><\/p>\n\n\n\n<p>Alsancak Mare-E Monte Yard\u0131m Derne\u011fi Ba\u015fkan\u0131 Ay\u015fe T\u00fcmsoy, ba\u011f\u0131\u015f\u0131n ger\u00e7ekle\u015fmesine kakt\u0131 sa\u011flayanlara te\u015fekk\u00fcrlerini iletti. Lapta Sa\u011fl\u0131k Merkezi Sorumlu Hekimi Dilek B\u00fcy\u00fck ise, derne\u011fin merkeze s\u00fcrekli katk\u0131 sa\u011flad\u0131\u011f\u0131n\u0131 vurgulayarak g\u00fcvenlik sistemi donan\u0131m\u0131 ba\u011f\u0131\u015f\u0131 i\u00e7in te\u015fekk\u00fcr etti etti.<\/p>\n\n\n\n<p><strong>\u00c7a\u011fa: Sa\u011fl\u0131k merkezi geli\u015ftirilmeli<\/strong><\/p>\n\n\n\n<p>Temel Sa\u011fl\u0131k Hizmetleri Dairesi M\u00fcd\u00fcr\u00fc \u00c7i\u011fdem \u00c7a\u011fa da, Lapta Sa\u011fl\u0131k Merkezi\u2019ni geli\u015ftirmek i\u00e7in bakanl\u0131k olarak \u00e7al\u0131\u015ft\u0131klar\u0131n\u0131 belirtti. Lapta Belediye Ba\u015fkan\u0131 Mustafa Aktu\u011f ise s\u00fcrekli geli\u015fen bir b\u00f6lge olan Lapta Alsancak\u2019ta, sa\u011fl\u0131k merkezinin geli\u015ftirilmesinin \u00f6nemine vurgu yapt\u0131.<\/p>\n\n\n\n<p><strong>\u00dcstel: Merkez g\u00fc\u00e7lendirilecek eksiklikler giderilecek<\/strong><\/p>\n\n\n\n<p>Sa\u011fl\u0131k Bakan\u0131 \u00dcnal \u00dcstel, n\u00fcfusu ve fiziki geli\u015fmesi s\u00fcrekli artan, turistik tesislerin \u00e7ok yo\u011fun oldu\u011fu bir b\u00f6lge olan Lapta-Alsanca\u011fa hizmet veren sa\u011fl\u0131k merkezinin , geli\u015ftirilmesinin \u00f6nemine dikkat \u00e7ekti. \u00dcstel, derne\u011fe katk\u0131lar\u0131ndan dolay\u0131 te\u015fekk\u00fcr etti ve \u00f6rnek olmas\u0131n\u0131 diledi.. Yazda b\u00f6lge n\u00fcfusunun iki kat\u0131na hizmet veren sa\u011fl\u0131k merkezinin,bu g\u00fcne kadar istenilen oranda geli\u015ftirilemedi\u011fini ifade eden \u00dcstel, belediye ba\u015fkanlar\u0131, merkez sorumlu hekimi ve bakanl\u0131k olarak bu merkezi geli\u015ftirmek ve b\u00fcy\u00fctmek i\u00e7in \u00e7al\u0131\u015fma ba\u015flatt\u0131klar\u0131n\u0131 kaydetti.<\/p>\n\n\n\n<p>Planlama \u0130n\u015faat Dairesi\u2019nin, Lapta Sa\u011fl\u0131k Merkezi\u2019nin b\u00fcy\u00fct\u00fclmesi i\u00e7in projelendirme \u00e7al\u0131\u015fmas\u0131na ba\u015flad\u0131\u011f\u0131n\u0131 s\u00f6yleyen \u00dcstel, \u00f6n\u00fcm\u00fczdeki g\u00fcnlerde mimari \u00e7al\u0131\u015fman\u0131n bitmesinin ard\u0131nda ihaleye \u00e7\u0131k\u0131laca\u011f\u0131n\u0131 kaydetti.<\/p>\n\n\n\n<p>\u00dcstel, b\u00f6lgenin elzem bir ihtiyac\u0131 olan 112 servisinin 24 saate \u00e7\u0131kar\u0131lmas\u0131 i\u00e7in de, gerek doktor takviyesi gerek eksikliklerin giderilmesiyle sa\u011flamay\u0131 hedeflediklerini anlatt\u0131. Konu\u015fman\u0131n ard\u0131nda Bakan \u00dcstel, dernek ba\u015fkan\u0131 Ay\u015fe T\u00fcmsoya te\u015fekk\u00fcr plaketi sundu.&nbsp;<\/p>","protected":false},"excerpt":{"rendered":"<p>Alsancak Mare-E Monte Yard\u0131m Derne\u011fi, Lapta Sa\u011fl\u0131k Merkezi\u2019ne, g\u00fcvenlik kameras\u0131 donan\u0131m\u0131 ba\u011f\u0131\u015flad\u0131 T\u00fcmsoy: Kakt\u0131 sa\u011flayanlara te\u015fekk\u00fcrler Alsancak Mare-E Monte Yard\u0131m Derne\u011fi Ba\u015fkan\u0131 Ay\u015fe T\u00fcmsoy, ba\u011f\u0131\u015f\u0131n ger\u00e7ekle\u015fmesine kakt\u0131 sa\u011flayanlara te\u015fekk\u00fcrlerini iletti. Lapta Sa\u011fl\u0131k Merkezi Sorumlu Hekimi Dilek B\u00fcy\u00fck ise, derne\u011fin merkeze s\u00fcrekli katk\u0131 sa\u011flad\u0131\u011f\u0131n\u0131 vurgulayarak g\u00fcvenlik sistemi donan\u0131m\u0131 ba\u011f\u0131\u015f\u0131 i\u00e7in te\u015fekk\u00fcr etti etti. \u00c7a\u011fa: Sa\u011fl\u0131k merkezi [&hellip;]<\/p>","protected":false},"author":1,"featured_media":6142,"comment_status":"open","ping_status":"open","sticky":false,"template":"","format":"standard","meta":{"om_disable_all_campaigns":false,"_monsterinsights_skip_tracking":false,"_monsterinsights_sitenote_active":false,"_monsterinsights_sitenote_note":"","_monsterinsights_sitenote_category":0,"_uf_show_specific_survey":0,"_uf_disable_surveys":false,"footnotes":"","jetpack_publicize_message":"","jetpack_publicize_feature_enabled":true,"jetpack_social_post_already_shared":false,"jetpack_social_options":{"image_generator_settings":{"template":"highway","default_image_id":0,"font":"","enabled":false},"version":2}},"categories":[81],"tags":[353],"class_list":{"0":"post-6141","1":"post","2":"type-post","3":"status-publish","4":"format-standard","5":"has-post-thumbnail","7":"category-gundem","8":"tag-lapta-saglik-merkezi"},"yoast_head":"<!-- This site is optimized with the Yoast SEO plugin v23.8 - https:\/\/yoast.com\/wordpress\/plugins\/seo\/ -->\n<title>Lapta Sa\u011fl\u0131k Merkezi\u2019ne, g\u00fcvenlik kameras\u0131 donan\u0131m\u0131 ba\u011f\u0131\u015f\u0131nda bulunuldu - NETBAKIS<\/title>\n<meta name=\"robots\" content=\"index, follow, max-snippet:-1, max-image-preview:large, max-video-preview:-1\" \/>\n<link rel=\"canonical\" href=\"https:\/\/netbakis.net\/tr\/6141\/\" \/>\n<meta property=\"og:locale\" content=\"tr_TR\" \/>\n<meta property=\"og:type\" content=\"article\" \/>\n<meta property=\"og:title\" content=\"Lapta Sa\u011fl\u0131k Merkezi\u2019ne, g\u00fcvenlik kameras\u0131 donan\u0131m\u0131 ba\u011f\u0131\u015f\u0131nda bulunuldu - NETBAKIS\" \/>\n<meta property=\"og:description\" content=\"Alsancak Mare-E Monte Yard\u0131m Derne\u011fi, Lapta Sa\u011fl\u0131k Merkezi\u2019ne, g\u00fcvenlik kameras\u0131 donan\u0131m\u0131 ba\u011f\u0131\u015flad\u0131 T\u00fcmsoy: Kakt\u0131 sa\u011flayanlara te\u015fekk\u00fcrler Alsancak Mare-E Monte Yard\u0131m Derne\u011fi Ba\u015fkan\u0131 Ay\u015fe T\u00fcmsoy, ba\u011f\u0131\u015f\u0131n ger\u00e7ekle\u015fmesine kakt\u0131 sa\u011flayanlara te\u015fekk\u00fcrlerini iletti. Lapta Sa\u011fl\u0131k Merkezi Sorumlu Hekimi Dilek B\u00fcy\u00fck ise, derne\u011fin merkeze s\u00fcrekli katk\u0131 sa\u011flad\u0131\u011f\u0131n\u0131 vurgulayarak g\u00fcvenlik sistemi donan\u0131m\u0131 ba\u011f\u0131\u015f\u0131 i\u00e7in te\u015fekk\u00fcr etti etti. \u00c7a\u011fa: Sa\u011fl\u0131k merkezi [&hellip;]\" \/>\n<meta property=\"og:url\" content=\"https:\/\/netbakis.net\/tr\/6141\/\" \/>\n<meta property=\"og:site_name\" content=\"NETBAKIS\" \/>\n<meta property=\"article:published_time\" content=\"2021-06-02T12:27:55+00:00\" \/>\n<meta property=\"article:modified_time\" content=\"2021-06-02T12:27:56+00:00\" \/>\n<meta property=\"og:image\" content=\"https:\/\/netbakis.net\/wp-content\/uploads\/2021\/06\/IMG-20210602-WA0014.jpg\" \/>\n\t<meta property=\"og:image:width\" content=\"1440\" \/>\n\t<meta property=\"og:image:height\" content=\"1078\" \/>\n\t<meta property=\"og:image:type\" content=\"image\/jpeg\" \/>\n<meta name=\"author\" content=\"netbakis.net\" \/>\n<meta name=\"twitter:card\" content=\"summary_large_image\" \/>\n<meta name=\"twitter:label1\" content=\"Yazan:\" \/>\n\t<meta name=\"twitter:data1\" content=\"netbakis.net\" \/>\n\t<meta name=\"twitter:label2\" content=\"Tahmini okuma s\u00fcresi\" \/>\n\t<meta name=\"twitter:data2\" content=\"1 dakika\" \/>\n<script type=\"application\/ld+json\" class=\"yoast-schema-graph\">{\"@context\":\"https:\/\/schema.org\",\"@graph\":[{\"@type\":\"WebPage\",\"@id\":\"https:\/\/netbakis.net\/6141\/\",\"url\":\"https:\/\/netbakis.net\/6141\/\",\"name\":\"Lapta Sa\u011fl\u0131k Merkezi\u2019ne, g\u00fcvenlik kameras\u0131 donan\u0131m\u0131 ba\u011f\u0131\u015f\u0131nda bulunuldu - NETBAKIS\",\"isPartOf\":{\"@id\":\"https:\/\/netbakis.net\/#website\"},\"primaryImageOfPage\":{\"@id\":\"https:\/\/netbakis.net\/6141\/#primaryimage\"},\"image\":{\"@id\":\"https:\/\/netbakis.net\/6141\/#primaryimage\"},\"thumbnailUrl\":\"https:\/\/netbakis.net\/wp-content\/uploads\/2021\/06\/IMG-20210602-WA0014.jpg\",\"datePublished\":\"2021-06-02T12:27:55+00:00\",\"dateModified\":\"2021-06-02T12:27:56+00:00\",\"author\":{\"@id\":\"https:\/\/netbakis.net\/#\/schema\/person\/5d9b5c3f48ca4a3c69967d619fc8c7f4\"},\"breadcrumb\":{\"@id\":\"https:\/\/netbakis.net\/6141\/#breadcrumb\"},\"inLanguage\":\"tr\",\"potentialAction\":[{\"@type\":\"ReadAction\",\"target\":[\"https:\/\/netbakis.net\/6141\/\"]}]},{\"@type\":\"ImageObject\",\"inLanguage\":\"tr\",\"@id\":\"https:\/\/netbakis.net\/6141\/#primaryimage\",\"url\":\"https:\/\/netbakis.net\/wp-content\/uploads\/2021\/06\/IMG-20210602-WA0014.jpg\",\"contentUrl\":\"https:\/\/netbakis.net\/wp-content\/uploads\/2021\/06\/IMG-20210602-WA0014.jpg\",\"width\":1440,\"height\":1078,\"caption\":\"Lapta Sa\u011fl\u0131k Merkezi\"},{\"@type\":\"BreadcrumbList\",\"@id\":\"https:\/\/netbakis.net\/6141\/#breadcrumb\",\"itemListElement\":[{\"@type\":\"ListItem\",\"position\":1,\"name\":\"Home\",\"item\":\"https:\/\/netbakis.net\/\"},{\"@type\":\"ListItem\",\"position\":2,\"name\":\"Lapta Sa\u011fl\u0131k Merkezi\u2019ne, g\u00fcvenlik kameras\u0131 donan\u0131m\u0131 ba\u011f\u0131\u015f\u0131nda bulunuldu\"}]},{\"@type\":\"WebSite\",\"@id\":\"https:\/\/netbakis.net\/#website\",\"url\":\"https:\/\/netbakis.net\/\",\"name\":\"NETBAKIS\",\"description\":\"SON DAKIKA\",\"potentialAction\":[{\"@type\":\"SearchAction\",\"target\":{\"@type\":\"EntryPoint\",\"urlTemplate\":\"https:\/\/netbakis.net\/?s={search_term_string}\"},\"query-input\":{\"@type\":\"PropertyValueSpecification\",\"valueRequired\":true,\"valueName\":\"search_term_string\"}}],\"inLanguage\":\"tr\"},{\"@type\":\"Person\",\"@id\":\"https:\/\/netbakis.net\/#\/schema\/person\/5d9b5c3f48ca4a3c69967d619fc8c7f4\",\"name\":\"netbakis.net\",\"image\":{\"@type\":\"ImageObject\",\"inLanguage\":\"tr\",\"@id\":\"https:\/\/netbakis.net\/#\/schema\/person\/image\/\",\"url\":\"https:\/\/secure.gravatar.com\/avatar\/4ddeae49d2d3e3568a8d5b0937642efdf0b72468dbe3f213bc1978faa47af0d1?s=96&d=wp_user_avatar&r=g\",\"contentUrl\":\"https:\/\/secure.gravatar.com\/avatar\/4ddeae49d2d3e3568a8d5b0937642efdf0b72468dbe3f213bc1978faa47af0d1?s=96&d=wp_user_avatar&r=g\",\"caption\":\"netbakis.net\"},\"sameAs\":[\"https:\/\/netbakis.net\"],\"url\":\"https:\/\/netbakis.net\/tr\/author\/netbakis-net\/\"}]}<\/script>\n<!-- \/ Yoast SEO plugin. -->","yoast_head_json":{"title":"Lapta Sa\u011fl\u0131k Merkezi\u2019ne, g\u00fcvenlik kameras\u0131 donan\u0131m\u0131 ba\u011f\u0131\u015f\u0131nda bulunuldu - NETBAKIS","robots":{"index":"index","follow":"follow","max-snippet":"max-snippet:-1","max-image-preview":"max-image-preview:large","max-video-preview":"max-video-preview:-1"},"canonical":"https:\/\/netbakis.net\/tr\/6141\/","og_locale":"tr_TR","og_type":"article","og_title":"Lapta Sa\u011fl\u0131k Merkezi\u2019ne, g\u00fcvenlik kameras\u0131 donan\u0131m\u0131 ba\u011f\u0131\u015f\u0131nda bulunuldu - NETBAKIS","og_description":"Alsancak Mare-E Monte Yard\u0131m Derne\u011fi, Lapta Sa\u011fl\u0131k Merkezi\u2019ne, g\u00fcvenlik kameras\u0131 donan\u0131m\u0131 ba\u011f\u0131\u015flad\u0131 T\u00fcmsoy: Kakt\u0131 sa\u011flayanlara te\u015fekk\u00fcrler Alsancak Mare-E Monte Yard\u0131m Derne\u011fi Ba\u015fkan\u0131 Ay\u015fe T\u00fcmsoy, ba\u011f\u0131\u015f\u0131n ger\u00e7ekle\u015fmesine kakt\u0131 sa\u011flayanlara te\u015fekk\u00fcrlerini iletti. Lapta Sa\u011fl\u0131k Merkezi Sorumlu Hekimi Dilek B\u00fcy\u00fck ise, derne\u011fin merkeze s\u00fcrekli katk\u0131 sa\u011flad\u0131\u011f\u0131n\u0131 vurgulayarak g\u00fcvenlik sistemi donan\u0131m\u0131 ba\u011f\u0131\u015f\u0131 i\u00e7in te\u015fekk\u00fcr etti etti. \u00c7a\u011fa: Sa\u011fl\u0131k merkezi [&hellip;]","og_url":"https:\/\/netbakis.net\/tr\/6141\/","og_site_name":"NETBAKIS","article_published_time":"2021-06-02T12:27:55+00:00","article_modified_time":"2021-06-02T12:27:56+00:00","og_image":[{"width":1440,"height":1078,"url":"https:\/\/netbakis.net\/wp-content\/uploads\/2021\/06\/IMG-20210602-WA0014.jpg","type":"image\/jpeg"}],"author":"netbakis.net","twitter_card":"summary_large_image","twitter_misc":{"Yazan:":"netbakis.net","Tahmini okuma s\u00fcresi":"1 dakika"},"schema":{"@context":"https:\/\/schema.org","@graph":[{"@type":"WebPage","@id":"https:\/\/netbakis.net\/6141\/","url":"https:\/\/netbakis.net\/6141\/","name":"Lapta Sa\u011fl\u0131k Merkezi\u2019ne, g\u00fcvenlik kameras\u0131 donan\u0131m\u0131 ba\u011f\u0131\u015f\u0131nda bulunuldu - NETBAKIS","isPartOf":{"@id":"https:\/\/netbakis.net\/#website"},"primaryImageOfPage":{"@id":"https:\/\/netbakis.net\/6141\/#primaryimage"},"image":{"@id":"https:\/\/netbakis.net\/6141\/#primaryimage"},"thumbnailUrl":"https:\/\/netbakis.net\/wp-content\/uploads\/2021\/06\/IMG-20210602-WA0014.jpg","datePublished":"2021-06-02T12:27:55+00:00","dateModified":"2021-06-02T12:27:56+00:00","author":{"@id":"https:\/\/netbakis.net\/#\/schema\/person\/5d9b5c3f48ca4a3c69967d619fc8c7f4"},"breadcrumb":{"@id":"https:\/\/netbakis.net\/6141\/#breadcrumb"},"inLanguage":"tr","potentialAction":[{"@type":"ReadAction","target":["https:\/\/netbakis.net\/6141\/"]}]},{"@type":"ImageObject","inLanguage":"tr","@id":"https:\/\/netbakis.net\/6141\/#primaryimage","url":"https:\/\/netbakis.net\/wp-content\/uploads\/2021\/06\/IMG-20210602-WA0014.jpg","contentUrl":"https:\/\/netbakis.net\/wp-content\/uploads\/2021\/06\/IMG-20210602-WA0014.jpg","width":1440,"height":1078,"caption":"Lapta Sa\u011fl\u0131k Merkezi"},{"@type":"BreadcrumbList","@id":"https:\/\/netbakis.net\/6141\/#breadcrumb","itemListElement":[{"@type":"ListItem","position":1,"name":"Home","item":"https:\/\/netbakis.net\/"},{"@type":"ListItem","position":2,"name":"Lapta Sa\u011fl\u0131k Merkezi\u2019ne, g\u00fcvenlik kameras\u0131 donan\u0131m\u0131 ba\u011f\u0131\u015f\u0131nda bulunuldu"}]},{"@type":"WebSite","@id":"https:\/\/netbakis.net\/#website","url":"https:\/\/netbakis.net\/","name":"NETBAKIS","description":"SON DAKIKA","potentialAction":[{"@type":"SearchAction","target":{"@type":"EntryPoint","urlTemplate":"https:\/\/netbakis.net\/?s={search_term_string}"},"query-input":{"@type":"PropertyValueSpecification","valueRequired":true,"valueName":"search_term_string"}}],"inLanguage":"tr"},{"@type":"Person","@id":"https:\/\/netbakis.net\/#\/schema\/person\/5d9b5c3f48ca4a3c69967d619fc8c7f4","name":"netbakis.net","image":{"@type":"ImageObject","inLanguage":"tr","@id":"https:\/\/netbakis.net\/#\/schema\/person\/image\/","url":"https:\/\/secure.gravatar.com\/avatar\/4ddeae49d2d3e3568a8d5b0937642efdf0b72468dbe3f213bc1978faa47af0d1?s=96&d=wp_user_avatar&r=g","contentUrl":"https:\/\/secure.gravatar.com\/avatar\/4ddeae49d2d3e3568a8d5b0937642efdf0b72468dbe3f213bc1978faa47af0d1?s=96&d=wp_user_avatar&r=g","caption":"netbakis.net"},"sameAs":["https:\/\/netbakis.net"],"url":"https:\/\/netbakis.net\/tr\/author\/netbakis-net\/"}]}},"jetpack_publicize_connections":[],"_links":{"self":[{"href":"https:\/\/netbakis.net\/tr\/wp-json\/wp\/v2\/posts\/6141","targetHints":{"allow":["GET"]}}],"collection":[{"href":"https:\/\/netbakis.net\/tr\/wp-json\/wp\/v2\/posts"}],"about":[{"href":"https:\/\/netbakis.net\/tr\/wp-json\/wp\/v2\/types\/post"}],"author":[{"embeddable":true,"href":"https:\/\/netbakis.net\/tr\/wp-json\/wp\/v2\/users\/1"}],"replies":[{"embeddable":true,"href":"https:\/\/netbakis.net\/tr\/wp-json\/wp\/v2\/comments?post=6141"}],"version-history":[{"count":1,"href":"https:\/\/netbakis.net\/tr\/wp-json\/wp\/v2\/posts\/6141\/revisions"}],"predecessor-version":[{"id":6143,"href":"https:\/\/netbakis.net\/tr\/wp-json\/wp\/v2\/posts\/6141\/revisions\/6143"}],"wp:featuredmedia":[{"embeddable":true,"href":"https:\/\/netbakis.net\/tr\/wp-json\/wp\/v2\/media\/6142"}],"wp:attachment":[{"href":"https:\/\/netbakis.net\/tr\/wp-json\/wp\/v2\/media?parent=6141"}],"wp:term":[{"taxonomy":"category","embeddable":true,"href":"https:\/\/netbakis.net\/tr\/wp-json\/wp\/v2\/categories?post=6141"},{"taxonomy":"post_tag","embeddable":true,"href":"https:\/\/netbakis.net\/tr\/wp-json\/wp\/v2\/tags?post=6141"}],"curies":[{"name":"wp","href":"https:\/\/api.w.org\/{rel}","templated":true}]}}