{"id":6064,"date":"2021-05-28T17:16:02","date_gmt":"2021-05-28T17:16:02","guid":{"rendered":"https:\/\/netbakis.net\/?p=6064"},"modified":"2021-05-28T17:16:03","modified_gmt":"2021-05-28T17:16:03","slug":"ctp-genel-baskani-erhurman-turk-sen-ve-koop-seni-ziyaret-etti","status":"publish","type":"post","link":"https:\/\/netbakis.net\/tr\/6064\/","title":{"rendered":"CTP Genel Ba\u015fkan\u0131 Erh\u00fcrman T\u00fcrk-Sen ve Koop-Sen\u2019i ziyaret etti"},"content":{"rendered":"<p>Cumhuriyet\u00e7i T\u00fcrk Partisi (CTP) Genel Ba\u015fkan\u0131 Tufan Erh\u00fcrman, uzun vadeli kalk\u0131nma planlar\u0131n\u0131n iktidara gelmeleri halinde hayata ge\u00e7ece\u011fini, bu planlar\u0131n da n\u00fcfus ve vatanda\u015fl\u0131k politikalar\u0131n\u0131 da kapsayacak \u015fekilde haz\u0131rlanaca\u011f\u0131n\u0131 ifade etti.<\/p>\n\n\n\n<p>CTP\u2019den yap\u0131lan a\u00e7\u0131klamaya g\u00f6re Erh\u00fcrman, bu sabah beraberindeki heyetle \u00f6nce K\u0131br\u0131s T\u00fcrk \u0130\u015f\u00e7i Sendikalar\u0131 Federasyonu\u2019nu (T\u00fcrk-Sen), ard\u0131ndan da Kooperatif G\u00f6revlileri Sendikas\u0131\u2019n\u0131 (Koop-Sen) ziyaret etti.<\/p>\n\n\n\n<p>Erh\u00fcrman\u2019a ziyaretlerinde Genel Sekreter Erdo\u011fan Sorak\u0131n da e\u015flik etti.<\/p>\n\n\n\n<p>Cenevre\u2019de ge\u00e7ti\u011fimiz ay ger\u00e7ekle\u015ftirilen gayr\u0131resmi 5 + BM toplant\u0131s\u0131ndan \u00f6nce ve sonra ya\u015fananlar hakk\u0131nda bilgi veren Tufan Erh\u00fcrman, CTP\u2019nin uzun vadeli kalk\u0131nma planlar\u0131n\u0131 da sendikalarla payla\u015ft\u0131.<\/p>\n\n\n\n<p><strong>\u201cM\u00dcZAKERELER\u0130 \u00c7\u00d6Z\u00dcMS\u00dcZL\u00dcK \u00c7\u00d6Z\u00dcMD\u00dcR NOKTASINA GET\u0130RMEK \u0130ST\u0130YORLAR\u201d<\/strong><\/p>\n\n\n\n<p>S\u00f6zlerine Cenevre\u2019de ger\u00e7ekle\u015ftirilen K\u0131br\u0131s toplant\u0131s\u0131yla ba\u015flayan CTP lideri Tufan Erh\u00fcrman, mevcut K\u0131br\u0131s T\u00fcrk liderli\u011finin Anastasiadis\u2019i 2017\u2019de Crans Montana\u2019da ger\u00e7ekle\u015ftirilen zirvede siyasi e\u015fitli\u011fi kabul etmemesinden dolay\u0131 k\u00f6\u015feye s\u0131k\u0131\u015ft\u0131rmak yerine ortaya sundu\u011fu tezlerle elini daha fazla rahatlatt\u0131\u011f\u0131n\u0131 savundu.<\/p>\n\n\n\n<p>Tatar\u2019\u0131n sundu\u011fu \u00f6nerilerden haberdar olmad\u0131klar\u0131n\u0131, \u00f6nerileri bas\u0131ndan \u00f6\u011frendiklerini s\u00f6yleyen Erh\u00fcrman, bu \u00f6nerilerden ilk maddenin \u201ciki taraf\u0131n uluslararas\u0131 stat\u00fclerinin e\u015fitlenmesi\u201d oldu\u011funu, bunun da kabul edilmeyece\u011finin bile bile masaya sunuldu\u011funu ve \u2018\u00e7\u00f6z\u00fcms\u00fczl\u00fck \u00e7\u00f6z\u00fcmd\u00fcr\u2019 politikas\u0131n\u0131n yarat\u0131ld\u0131\u011f\u0131n\u0131 iddia etti.<\/p>\n\n\n\n<p>K\u0131br\u0131sl\u0131 T\u00fcrklerin 2004\u2019teki referandumun ard\u0131ndan \u00e7\u00f6z\u00fcm isteyen taraf olarak y\u00fczde y\u00fcz tatmin etmese de Ye\u015fil Hat T\u00fcz\u00fc\u011f\u00fc\u2019nde, Mali Yard\u0131m T\u00fcz\u00fc\u011f\u00fc\u2019nde, AKPA\u2019da, \u0130slam Konferans\u0131\u2019nda elde etti\u011fi kazan\u0131mlar\u0131 kaybetme riskiyle kar\u015f\u0131 kar\u015f\u0131ya kald\u0131\u011f\u0131n\u0131 ileri s\u00fcren Erh\u00fcrman, CTP olarak buna izin vermelerinin m\u00fcmk\u00fcn olmad\u0131\u011f\u0131n\u0131 s\u00f6yledi.<\/p>\n\n\n\n<p><strong>\u201cVATANDA\u015eLIK VE N\u00dcFUS A\u00c7ISINDAN \u00d6NG\u00d6R\u00dcL\u00dc OLMAK GEREK\u0130YOR\u201d<\/strong><\/p>\n\n\n\n<p>Uzun vadeli kalk\u0131nma planlar\u0131ndan da bahseden ana muhalefet CTP lideri Tufan Erh\u00fcrman, iktidara gelmeleri halinde muhalefetteki partiler ve payda\u015flarla da g\u00f6r\u00fc\u015f\u00fcp bu planlar\u0131 hayata ge\u00e7irmek istediklerini, bunun Meclis\u2019ten nitelikli \u00e7o\u011funlukla ge\u00e7mesi halinde de kalk\u0131nma planlar\u0131n\u0131n devlet politikas\u0131 haline gelece\u011fini s\u00f6yledi.<\/p>\n\n\n\n<p>Plans\u0131zl\u0131\u011f\u0131n \u00fclkeye \u00e7ok \u015fey kaybettirece\u011fini belirten Erh\u00fcrman, \u00fclke i\u00e7in \u00f6nemli bir unsur olan vatanda\u015fl\u0131klarla ilgili de a\u00e7\u0131klama yapt\u0131.<\/p>\n\n\n\n<p>\u00dclkede n\u00fcfus politikas\u0131n\u0131n olmas\u0131 gerekti\u011fine de\u011finen Erh\u00fcrman, \u201cBu \u00fclke 5 y\u0131l i\u00e7erisinde vatanda\u015fl\u0131k a\u00e7\u0131s\u0131ndan da, \u00fclkedeki n\u00fcfus a\u00e7\u0131s\u0131ndan da neyi \u00f6ng\u00f6r\u00fcyor? Bunu bilmemiz laz\u0131m. \u00d6ng\u00f6r\u00fc olmad\u0131\u011f\u0131 s\u00fcrece ka\u00e7 tane hastaneye, ka\u00e7 tane okula, ka\u00e7 tane doktora ihtiyac\u0131n\u0131z olaca\u011f\u0131n\u0131 bilemezsiniz. 5 y\u0131ll\u0131k kalk\u0131nma plan\u0131nda 5 sene sonraki n\u00fcfusumuzu hem vatanda\u015f a\u00e7\u0131s\u0131ndan hem de \u00fclkede bulunan insan a\u00e7\u0131s\u0131ndan \u00f6ng\u00f6rmek durumunday\u0131z\u201d dedi.<\/p>","protected":false},"excerpt":{"rendered":"<p>Cumhuriyet\u00e7i T\u00fcrk Partisi (CTP) Genel Ba\u015fkan\u0131 Tufan Erh\u00fcrman, uzun vadeli kalk\u0131nma planlar\u0131n\u0131n iktidara gelmeleri halinde hayata ge\u00e7ece\u011fini, bu planlar\u0131n da n\u00fcfus ve vatanda\u015fl\u0131k politikalar\u0131n\u0131 da kapsayacak \u015fekilde haz\u0131rlanaca\u011f\u0131n\u0131 ifade etti. CTP\u2019den yap\u0131lan a\u00e7\u0131klamaya g\u00f6re Erh\u00fcrman, bu sabah beraberindeki heyetle \u00f6nce K\u0131br\u0131s T\u00fcrk \u0130\u015f\u00e7i Sendikalar\u0131 Federasyonu\u2019nu (T\u00fcrk-Sen), ard\u0131ndan da Kooperatif G\u00f6revlileri Sendikas\u0131\u2019n\u0131 (Koop-Sen) ziyaret etti. Erh\u00fcrman\u2019a [&hellip;]<\/p>","protected":false},"author":1,"featured_media":6065,"comment_status":"open","ping_status":"open","sticky":false,"template":"","format":"standard","meta":{"om_disable_all_campaigns":false,"_monsterinsights_skip_tracking":false,"_monsterinsights_sitenote_active":false,"_monsterinsights_sitenote_note":"","_monsterinsights_sitenote_category":0,"_uf_show_specific_survey":0,"_uf_disable_surveys":false,"footnotes":"","jetpack_publicize_message":"","jetpack_publicize_feature_enabled":true,"jetpack_social_post_already_shared":false,"jetpack_social_options":{"image_generator_settings":{"template":"highway","default_image_id":0,"font":"","enabled":false},"version":2}},"categories":[81],"tags":[335],"class_list":{"0":"post-6064","1":"post","2":"type-post","3":"status-publish","4":"format-standard","5":"has-post-thumbnail","7":"category-gundem","8":"tag-ctp-genel-baskani-erhurman"},"yoast_head":"<!-- This site is optimized with the Yoast SEO plugin v23.8 - https:\/\/yoast.com\/wordpress\/plugins\/seo\/ -->\n<title>CTP Genel Ba\u015fkan\u0131 Erh\u00fcrman T\u00fcrk-Sen ve Koop-Sen\u2019i ziyaret etti - NETBAKIS<\/title>\n<meta name=\"robots\" content=\"index, follow, max-snippet:-1, max-image-preview:large, max-video-preview:-1\" \/>\n<link rel=\"canonical\" href=\"https:\/\/netbakis.net\/tr\/6064\/\" \/>\n<meta property=\"og:locale\" content=\"tr_TR\" \/>\n<meta property=\"og:type\" content=\"article\" \/>\n<meta property=\"og:title\" content=\"CTP Genel Ba\u015fkan\u0131 Erh\u00fcrman T\u00fcrk-Sen ve Koop-Sen\u2019i ziyaret etti - NETBAKIS\" \/>\n<meta property=\"og:description\" content=\"Cumhuriyet\u00e7i T\u00fcrk Partisi (CTP) Genel Ba\u015fkan\u0131 Tufan Erh\u00fcrman, uzun vadeli kalk\u0131nma planlar\u0131n\u0131n iktidara gelmeleri halinde hayata ge\u00e7ece\u011fini, bu planlar\u0131n da n\u00fcfus ve vatanda\u015fl\u0131k politikalar\u0131n\u0131 da kapsayacak \u015fekilde haz\u0131rlanaca\u011f\u0131n\u0131 ifade etti. CTP\u2019den yap\u0131lan a\u00e7\u0131klamaya g\u00f6re Erh\u00fcrman, bu sabah beraberindeki heyetle \u00f6nce K\u0131br\u0131s T\u00fcrk \u0130\u015f\u00e7i Sendikalar\u0131 Federasyonu\u2019nu (T\u00fcrk-Sen), ard\u0131ndan da Kooperatif G\u00f6revlileri Sendikas\u0131\u2019n\u0131 (Koop-Sen) ziyaret etti. Erh\u00fcrman\u2019a [&hellip;]\" \/>\n<meta property=\"og:url\" content=\"https:\/\/netbakis.net\/tr\/6064\/\" \/>\n<meta property=\"og:site_name\" content=\"NETBAKIS\" \/>\n<meta property=\"article:published_time\" content=\"2021-05-28T17:16:02+00:00\" \/>\n<meta property=\"article:modified_time\" content=\"2021-05-28T17:16:03+00:00\" \/>\n<meta property=\"og:image\" content=\"https:\/\/netbakis.net\/wp-content\/uploads\/2021\/05\/erhurman.jpg\" \/>\n\t<meta property=\"og:image:width\" content=\"930\" \/>\n\t<meta property=\"og:image:height\" content=\"410\" \/>\n\t<meta property=\"og:image:type\" content=\"image\/jpeg\" \/>\n<meta name=\"author\" content=\"netbakis.net\" \/>\n<meta name=\"twitter:card\" content=\"summary_large_image\" \/>\n<meta name=\"twitter:label1\" content=\"Yazan:\" \/>\n\t<meta name=\"twitter:data1\" content=\"netbakis.net\" \/>\n\t<meta name=\"twitter:label2\" content=\"Tahmini okuma s\u00fcresi\" \/>\n\t<meta name=\"twitter:data2\" content=\"2 dakika\" \/>\n<script type=\"application\/ld+json\" class=\"yoast-schema-graph\">{\"@context\":\"https:\/\/schema.org\",\"@graph\":[{\"@type\":\"WebPage\",\"@id\":\"https:\/\/netbakis.net\/6064\/\",\"url\":\"https:\/\/netbakis.net\/6064\/\",\"name\":\"CTP Genel Ba\u015fkan\u0131 Erh\u00fcrman T\u00fcrk-Sen ve Koop-Sen\u2019i ziyaret etti - NETBAKIS\",\"isPartOf\":{\"@id\":\"https:\/\/netbakis.net\/#website\"},\"primaryImageOfPage\":{\"@id\":\"https:\/\/netbakis.net\/6064\/#primaryimage\"},\"image\":{\"@id\":\"https:\/\/netbakis.net\/6064\/#primaryimage\"},\"thumbnailUrl\":\"https:\/\/netbakis.net\/wp-content\/uploads\/2021\/05\/erhurman.jpg\",\"datePublished\":\"2021-05-28T17:16:02+00:00\",\"dateModified\":\"2021-05-28T17:16:03+00:00\",\"author\":{\"@id\":\"https:\/\/netbakis.net\/#\/schema\/person\/5d9b5c3f48ca4a3c69967d619fc8c7f4\"},\"breadcrumb\":{\"@id\":\"https:\/\/netbakis.net\/6064\/#breadcrumb\"},\"inLanguage\":\"tr\",\"potentialAction\":[{\"@type\":\"ReadAction\",\"target\":[\"https:\/\/netbakis.net\/6064\/\"]}]},{\"@type\":\"ImageObject\",\"inLanguage\":\"tr\",\"@id\":\"https:\/\/netbakis.net\/6064\/#primaryimage\",\"url\":\"https:\/\/netbakis.net\/wp-content\/uploads\/2021\/05\/erhurman.jpg\",\"contentUrl\":\"https:\/\/netbakis.net\/wp-content\/uploads\/2021\/05\/erhurman.jpg\",\"width\":930,\"height\":410,\"caption\":\"CTP Genel Ba\u015fkan\u0131 Erh\u00fcrman\"},{\"@type\":\"BreadcrumbList\",\"@id\":\"https:\/\/netbakis.net\/6064\/#breadcrumb\",\"itemListElement\":[{\"@type\":\"ListItem\",\"position\":1,\"name\":\"Home\",\"item\":\"https:\/\/netbakis.net\/\"},{\"@type\":\"ListItem\",\"position\":2,\"name\":\"CTP Genel Ba\u015fkan\u0131 Erh\u00fcrman T\u00fcrk-Sen ve Koop-Sen\u2019i ziyaret etti\"}]},{\"@type\":\"WebSite\",\"@id\":\"https:\/\/netbakis.net\/#website\",\"url\":\"https:\/\/netbakis.net\/\",\"name\":\"NETBAKIS\",\"description\":\"SON DAKIKA\",\"potentialAction\":[{\"@type\":\"SearchAction\",\"target\":{\"@type\":\"EntryPoint\",\"urlTemplate\":\"https:\/\/netbakis.net\/?s={search_term_string}\"},\"query-input\":{\"@type\":\"PropertyValueSpecification\",\"valueRequired\":true,\"valueName\":\"search_term_string\"}}],\"inLanguage\":\"tr\"},{\"@type\":\"Person\",\"@id\":\"https:\/\/netbakis.net\/#\/schema\/person\/5d9b5c3f48ca4a3c69967d619fc8c7f4\",\"name\":\"netbakis.net\",\"image\":{\"@type\":\"ImageObject\",\"inLanguage\":\"tr\",\"@id\":\"https:\/\/netbakis.net\/#\/schema\/person\/image\/\",\"url\":\"https:\/\/secure.gravatar.com\/avatar\/4ddeae49d2d3e3568a8d5b0937642efdf0b72468dbe3f213bc1978faa47af0d1?s=96&d=wp_user_avatar&r=g\",\"contentUrl\":\"https:\/\/secure.gravatar.com\/avatar\/4ddeae49d2d3e3568a8d5b0937642efdf0b72468dbe3f213bc1978faa47af0d1?s=96&d=wp_user_avatar&r=g\",\"caption\":\"netbakis.net\"},\"sameAs\":[\"https:\/\/netbakis.net\"],\"url\":\"https:\/\/netbakis.net\/tr\/author\/netbakis-net\/\"}]}<\/script>\n<!-- \/ Yoast SEO plugin. -->","yoast_head_json":{"title":"CTP Genel Ba\u015fkan\u0131 Erh\u00fcrman T\u00fcrk-Sen ve Koop-Sen\u2019i ziyaret etti - NETBAKIS","robots":{"index":"index","follow":"follow","max-snippet":"max-snippet:-1","max-image-preview":"max-image-preview:large","max-video-preview":"max-video-preview:-1"},"canonical":"https:\/\/netbakis.net\/tr\/6064\/","og_locale":"tr_TR","og_type":"article","og_title":"CTP Genel Ba\u015fkan\u0131 Erh\u00fcrman T\u00fcrk-Sen ve Koop-Sen\u2019i ziyaret etti - NETBAKIS","og_description":"Cumhuriyet\u00e7i T\u00fcrk Partisi (CTP) Genel Ba\u015fkan\u0131 Tufan Erh\u00fcrman, uzun vadeli kalk\u0131nma planlar\u0131n\u0131n iktidara gelmeleri halinde hayata ge\u00e7ece\u011fini, bu planlar\u0131n da n\u00fcfus ve vatanda\u015fl\u0131k politikalar\u0131n\u0131 da kapsayacak \u015fekilde haz\u0131rlanaca\u011f\u0131n\u0131 ifade etti. CTP\u2019den yap\u0131lan a\u00e7\u0131klamaya g\u00f6re Erh\u00fcrman, bu sabah beraberindeki heyetle \u00f6nce K\u0131br\u0131s T\u00fcrk \u0130\u015f\u00e7i Sendikalar\u0131 Federasyonu\u2019nu (T\u00fcrk-Sen), ard\u0131ndan da Kooperatif G\u00f6revlileri Sendikas\u0131\u2019n\u0131 (Koop-Sen) ziyaret etti. Erh\u00fcrman\u2019a [&hellip;]","og_url":"https:\/\/netbakis.net\/tr\/6064\/","og_site_name":"NETBAKIS","article_published_time":"2021-05-28T17:16:02+00:00","article_modified_time":"2021-05-28T17:16:03+00:00","og_image":[{"width":930,"height":410,"url":"https:\/\/netbakis.net\/wp-content\/uploads\/2021\/05\/erhurman.jpg","type":"image\/jpeg"}],"author":"netbakis.net","twitter_card":"summary_large_image","twitter_misc":{"Yazan:":"netbakis.net","Tahmini okuma s\u00fcresi":"2 dakika"},"schema":{"@context":"https:\/\/schema.org","@graph":[{"@type":"WebPage","@id":"https:\/\/netbakis.net\/6064\/","url":"https:\/\/netbakis.net\/6064\/","name":"CTP Genel Ba\u015fkan\u0131 Erh\u00fcrman T\u00fcrk-Sen ve Koop-Sen\u2019i ziyaret etti - NETBAKIS","isPartOf":{"@id":"https:\/\/netbakis.net\/#website"},"primaryImageOfPage":{"@id":"https:\/\/netbakis.net\/6064\/#primaryimage"},"image":{"@id":"https:\/\/netbakis.net\/6064\/#primaryimage"},"thumbnailUrl":"https:\/\/netbakis.net\/wp-content\/uploads\/2021\/05\/erhurman.jpg","datePublished":"2021-05-28T17:16:02+00:00","dateModified":"2021-05-28T17:16:03+00:00","author":{"@id":"https:\/\/netbakis.net\/#\/schema\/person\/5d9b5c3f48ca4a3c69967d619fc8c7f4"},"breadcrumb":{"@id":"https:\/\/netbakis.net\/6064\/#breadcrumb"},"inLanguage":"tr","potentialAction":[{"@type":"ReadAction","target":["https:\/\/netbakis.net\/6064\/"]}]},{"@type":"ImageObject","inLanguage":"tr","@id":"https:\/\/netbakis.net\/6064\/#primaryimage","url":"https:\/\/netbakis.net\/wp-content\/uploads\/2021\/05\/erhurman.jpg","contentUrl":"https:\/\/netbakis.net\/wp-content\/uploads\/2021\/05\/erhurman.jpg","width":930,"height":410,"caption":"CTP Genel Ba\u015fkan\u0131 Erh\u00fcrman"},{"@type":"BreadcrumbList","@id":"https:\/\/netbakis.net\/6064\/#breadcrumb","itemListElement":[{"@type":"ListItem","position":1,"name":"Home","item":"https:\/\/netbakis.net\/"},{"@type":"ListItem","position":2,"name":"CTP Genel Ba\u015fkan\u0131 Erh\u00fcrman T\u00fcrk-Sen ve Koop-Sen\u2019i ziyaret etti"}]},{"@type":"WebSite","@id":"https:\/\/netbakis.net\/#website","url":"https:\/\/netbakis.net\/","name":"NETBAKIS","description":"SON DAKIKA","potentialAction":[{"@type":"SearchAction","target":{"@type":"EntryPoint","urlTemplate":"https:\/\/netbakis.net\/?s={search_term_string}"},"query-input":{"@type":"PropertyValueSpecification","valueRequired":true,"valueName":"search_term_string"}}],"inLanguage":"tr"},{"@type":"Person","@id":"https:\/\/netbakis.net\/#\/schema\/person\/5d9b5c3f48ca4a3c69967d619fc8c7f4","name":"netbakis.net","image":{"@type":"ImageObject","inLanguage":"tr","@id":"https:\/\/netbakis.net\/#\/schema\/person\/image\/","url":"https:\/\/secure.gravatar.com\/avatar\/4ddeae49d2d3e3568a8d5b0937642efdf0b72468dbe3f213bc1978faa47af0d1?s=96&d=wp_user_avatar&r=g","contentUrl":"https:\/\/secure.gravatar.com\/avatar\/4ddeae49d2d3e3568a8d5b0937642efdf0b72468dbe3f213bc1978faa47af0d1?s=96&d=wp_user_avatar&r=g","caption":"netbakis.net"},"sameAs":["https:\/\/netbakis.net"],"url":"https:\/\/netbakis.net\/tr\/author\/netbakis-net\/"}]}},"jetpack_publicize_connections":[],"_links":{"self":[{"href":"https:\/\/netbakis.net\/tr\/wp-json\/wp\/v2\/posts\/6064","targetHints":{"allow":["GET"]}}],"collection":[{"href":"https:\/\/netbakis.net\/tr\/wp-json\/wp\/v2\/posts"}],"about":[{"href":"https:\/\/netbakis.net\/tr\/wp-json\/wp\/v2\/types\/post"}],"author":[{"embeddable":true,"href":"https:\/\/netbakis.net\/tr\/wp-json\/wp\/v2\/users\/1"}],"replies":[{"embeddable":true,"href":"https:\/\/netbakis.net\/tr\/wp-json\/wp\/v2\/comments?post=6064"}],"version-history":[{"count":1,"href":"https:\/\/netbakis.net\/tr\/wp-json\/wp\/v2\/posts\/6064\/revisions"}],"predecessor-version":[{"id":6066,"href":"https:\/\/netbakis.net\/tr\/wp-json\/wp\/v2\/posts\/6064\/revisions\/6066"}],"wp:featuredmedia":[{"embeddable":true,"href":"https:\/\/netbakis.net\/tr\/wp-json\/wp\/v2\/media\/6065"}],"wp:attachment":[{"href":"https:\/\/netbakis.net\/tr\/wp-json\/wp\/v2\/media?parent=6064"}],"wp:term":[{"taxonomy":"category","embeddable":true,"href":"https:\/\/netbakis.net\/tr\/wp-json\/wp\/v2\/categories?post=6064"},{"taxonomy":"post_tag","embeddable":true,"href":"https:\/\/netbakis.net\/tr\/wp-json\/wp\/v2\/tags?post=6064"}],"curies":[{"name":"wp","href":"https:\/\/api.w.org\/{rel}","templated":true}]}}