{"id":6000,"date":"2021-05-26T15:19:17","date_gmt":"2021-05-26T15:19:17","guid":{"rendered":"https:\/\/netbakis.net\/?p=6000"},"modified":"2021-05-26T15:19:18","modified_gmt":"2021-05-26T15:19:18","slug":"meclis-genel-kurulu-yarin-toplanacak-2","status":"publish","type":"post","link":"https:\/\/netbakis.net\/tr\/6000\/","title":{"rendered":"Meclis Genel Kurulu yar\u0131n toplanacak\u2026"},"content":{"rendered":"<p>Cumhuriyet Meclisi Genel Kurulu, yar\u0131n toplanacak. Saat 10.00\u2019da ba\u015flayacak toplant\u0131da, milletvekilleri g\u00fcncel konu\u015fmalar yapacak.<\/p>\n\n\n\n<p>Cumhuriyet\u00e7i T\u00fcrk Partisi\u2019ne ba\u011fl\u0131 t\u00fcm milletvekillerinin sundu\u011fu \u201cKutlu Adal\u0131 Cinayeti ve Faillerinin Ara\u015ft\u0131r\u0131lmas\u0131 \u0130le \u0130lgili Meclis Ara\u015ft\u0131rmas\u0131 A\u00e7\u0131lmas\u0131 \u00d6nergesi\u201dnin ele al\u0131naca\u011f\u0131 toplant\u0131n\u0131n g\u00fcndeminde, sorularla ilgili i\u015flemler de var.<\/p>","protected":false},"excerpt":{"rendered":"<p>Cumhuriyet Meclisi Genel Kurulu, yar\u0131n toplanacak. Saat 10.00\u2019da ba\u015flayacak toplant\u0131da, milletvekilleri g\u00fcncel konu\u015fmalar yapacak. Cumhuriyet\u00e7i T\u00fcrk Partisi\u2019ne ba\u011fl\u0131 t\u00fcm milletvekillerinin sundu\u011fu \u201cKutlu Adal\u0131 Cinayeti ve Faillerinin Ara\u015ft\u0131r\u0131lmas\u0131 \u0130le \u0130lgili Meclis Ara\u015ft\u0131rmas\u0131 A\u00e7\u0131lmas\u0131 \u00d6nergesi\u201dnin ele al\u0131naca\u011f\u0131 toplant\u0131n\u0131n g\u00fcndeminde, sorularla ilgili i\u015flemler de var.<\/p>","protected":false},"author":1,"featured_media":5379,"comment_status":"open","ping_status":"open","sticky":false,"template":"","format":"standard","meta":{"om_disable_all_campaigns":false,"_monsterinsights_skip_tracking":false,"_monsterinsights_sitenote_active":false,"_monsterinsights_sitenote_note":"","_monsterinsights_sitenote_category":0,"_uf_show_specific_survey":0,"_uf_disable_surveys":false,"footnotes":"","jetpack_publicize_message":"","jetpack_publicize_feature_enabled":true,"jetpack_social_post_already_shared":false,"jetpack_social_options":{"image_generator_settings":{"template":"highway","default_image_id":0,"font":"","enabled":false},"version":2}},"categories":[81],"tags":[90],"class_list":{"0":"post-6000","1":"post","2":"type-post","3":"status-publish","4":"format-standard","5":"has-post-thumbnail","7":"category-gundem","8":"tag-meclisi-washington"},"yoast_head":"<!-- This site is optimized with the Yoast SEO plugin v23.8 - https:\/\/yoast.com\/wordpress\/plugins\/seo\/ -->\n<title>Meclis Genel Kurulu yar\u0131n toplanacak\u2026 - NETBAKIS<\/title>\n<meta name=\"robots\" content=\"index, follow, max-snippet:-1, max-image-preview:large, max-video-preview:-1\" \/>\n<link rel=\"canonical\" href=\"https:\/\/netbakis.net\/tr\/6000\/\" \/>\n<meta property=\"og:locale\" content=\"tr_TR\" \/>\n<meta property=\"og:type\" content=\"article\" \/>\n<meta property=\"og:title\" content=\"Meclis Genel Kurulu yar\u0131n toplanacak\u2026 - NETBAKIS\" \/>\n<meta property=\"og:description\" content=\"Cumhuriyet Meclisi Genel Kurulu, yar\u0131n toplanacak. Saat 10.00\u2019da ba\u015flayacak toplant\u0131da, milletvekilleri g\u00fcncel konu\u015fmalar yapacak. Cumhuriyet\u00e7i T\u00fcrk Partisi\u2019ne ba\u011fl\u0131 t\u00fcm milletvekillerinin sundu\u011fu \u201cKutlu Adal\u0131 Cinayeti ve Faillerinin Ara\u015ft\u0131r\u0131lmas\u0131 \u0130le \u0130lgili Meclis Ara\u015ft\u0131rmas\u0131 A\u00e7\u0131lmas\u0131 \u00d6nergesi\u201dnin ele al\u0131naca\u011f\u0131 toplant\u0131n\u0131n g\u00fcndeminde, sorularla ilgili i\u015flemler de var.\" \/>\n<meta property=\"og:url\" content=\"https:\/\/netbakis.net\/tr\/6000\/\" \/>\n<meta property=\"og:site_name\" content=\"NETBAKIS\" \/>\n<meta property=\"article:published_time\" content=\"2021-05-26T15:19:17+00:00\" \/>\n<meta property=\"article:modified_time\" content=\"2021-05-26T15:19:18+00:00\" \/>\n<meta property=\"og:image\" content=\"https:\/\/netbakis.net\/wp-content\/uploads\/2021\/05\/meclis-bina.jpg\" \/>\n\t<meta property=\"og:image:width\" content=\"652\" \/>\n\t<meta property=\"og:image:height\" content=\"400\" \/>\n\t<meta property=\"og:image:type\" content=\"image\/jpeg\" \/>\n<meta name=\"author\" content=\"netbakis.net\" \/>\n<meta name=\"twitter:card\" content=\"summary_large_image\" \/>\n<meta name=\"twitter:label1\" content=\"Yazan:\" \/>\n\t<meta name=\"twitter:data1\" content=\"netbakis.net\" \/>\n\t<meta name=\"twitter:label2\" content=\"Tahmini okuma s\u00fcresi\" \/>\n\t<meta name=\"twitter:data2\" content=\"1 dakika\" \/>\n<script type=\"application\/ld+json\" class=\"yoast-schema-graph\">{\"@context\":\"https:\/\/schema.org\",\"@graph\":[{\"@type\":\"WebPage\",\"@id\":\"https:\/\/netbakis.net\/6000\/\",\"url\":\"https:\/\/netbakis.net\/6000\/\",\"name\":\"Meclis Genel Kurulu yar\u0131n toplanacak\u2026 - NETBAKIS\",\"isPartOf\":{\"@id\":\"https:\/\/netbakis.net\/#website\"},\"primaryImageOfPage\":{\"@id\":\"https:\/\/netbakis.net\/6000\/#primaryimage\"},\"image\":{\"@id\":\"https:\/\/netbakis.net\/6000\/#primaryimage\"},\"thumbnailUrl\":\"https:\/\/netbakis.net\/wp-content\/uploads\/2021\/05\/meclis-bina.jpg\",\"datePublished\":\"2021-05-26T15:19:17+00:00\",\"dateModified\":\"2021-05-26T15:19:18+00:00\",\"author\":{\"@id\":\"https:\/\/netbakis.net\/#\/schema\/person\/5d9b5c3f48ca4a3c69967d619fc8c7f4\"},\"breadcrumb\":{\"@id\":\"https:\/\/netbakis.net\/6000\/#breadcrumb\"},\"inLanguage\":\"tr\",\"potentialAction\":[{\"@type\":\"ReadAction\",\"target\":[\"https:\/\/netbakis.net\/6000\/\"]}]},{\"@type\":\"ImageObject\",\"inLanguage\":\"tr\",\"@id\":\"https:\/\/netbakis.net\/6000\/#primaryimage\",\"url\":\"https:\/\/netbakis.net\/wp-content\/uploads\/2021\/05\/meclis-bina.jpg\",\"contentUrl\":\"https:\/\/netbakis.net\/wp-content\/uploads\/2021\/05\/meclis-bina.jpg\",\"width\":652,\"height\":400,\"caption\":\"Meclis\"},{\"@type\":\"BreadcrumbList\",\"@id\":\"https:\/\/netbakis.net\/6000\/#breadcrumb\",\"itemListElement\":[{\"@type\":\"ListItem\",\"position\":1,\"name\":\"Home\",\"item\":\"https:\/\/netbakis.net\/\"},{\"@type\":\"ListItem\",\"position\":2,\"name\":\"Meclis Genel Kurulu yar\u0131n toplanacak\u2026\"}]},{\"@type\":\"WebSite\",\"@id\":\"https:\/\/netbakis.net\/#website\",\"url\":\"https:\/\/netbakis.net\/\",\"name\":\"NETBAKIS\",\"description\":\"SON DAKIKA\",\"potentialAction\":[{\"@type\":\"SearchAction\",\"target\":{\"@type\":\"EntryPoint\",\"urlTemplate\":\"https:\/\/netbakis.net\/?s={search_term_string}\"},\"query-input\":{\"@type\":\"PropertyValueSpecification\",\"valueRequired\":true,\"valueName\":\"search_term_string\"}}],\"inLanguage\":\"tr\"},{\"@type\":\"Person\",\"@id\":\"https:\/\/netbakis.net\/#\/schema\/person\/5d9b5c3f48ca4a3c69967d619fc8c7f4\",\"name\":\"netbakis.net\",\"image\":{\"@type\":\"ImageObject\",\"inLanguage\":\"tr\",\"@id\":\"https:\/\/netbakis.net\/#\/schema\/person\/image\/\",\"url\":\"https:\/\/secure.gravatar.com\/avatar\/4ddeae49d2d3e3568a8d5b0937642efdf0b72468dbe3f213bc1978faa47af0d1?s=96&d=wp_user_avatar&r=g\",\"contentUrl\":\"https:\/\/secure.gravatar.com\/avatar\/4ddeae49d2d3e3568a8d5b0937642efdf0b72468dbe3f213bc1978faa47af0d1?s=96&d=wp_user_avatar&r=g\",\"caption\":\"netbakis.net\"},\"sameAs\":[\"https:\/\/netbakis.net\"],\"url\":\"https:\/\/netbakis.net\/tr\/author\/netbakis-net\/\"}]}<\/script>\n<!-- \/ Yoast SEO plugin. -->","yoast_head_json":{"title":"Meclis Genel Kurulu yar\u0131n toplanacak\u2026 - NETBAKIS","robots":{"index":"index","follow":"follow","max-snippet":"max-snippet:-1","max-image-preview":"max-image-preview:large","max-video-preview":"max-video-preview:-1"},"canonical":"https:\/\/netbakis.net\/tr\/6000\/","og_locale":"tr_TR","og_type":"article","og_title":"Meclis Genel Kurulu yar\u0131n toplanacak\u2026 - NETBAKIS","og_description":"Cumhuriyet Meclisi Genel Kurulu, yar\u0131n toplanacak. Saat 10.00\u2019da ba\u015flayacak toplant\u0131da, milletvekilleri g\u00fcncel konu\u015fmalar yapacak. Cumhuriyet\u00e7i T\u00fcrk Partisi\u2019ne ba\u011fl\u0131 t\u00fcm milletvekillerinin sundu\u011fu \u201cKutlu Adal\u0131 Cinayeti ve Faillerinin Ara\u015ft\u0131r\u0131lmas\u0131 \u0130le \u0130lgili Meclis Ara\u015ft\u0131rmas\u0131 A\u00e7\u0131lmas\u0131 \u00d6nergesi\u201dnin ele al\u0131naca\u011f\u0131 toplant\u0131n\u0131n g\u00fcndeminde, sorularla ilgili i\u015flemler de var.","og_url":"https:\/\/netbakis.net\/tr\/6000\/","og_site_name":"NETBAKIS","article_published_time":"2021-05-26T15:19:17+00:00","article_modified_time":"2021-05-26T15:19:18+00:00","og_image":[{"width":652,"height":400,"url":"https:\/\/netbakis.net\/wp-content\/uploads\/2021\/05\/meclis-bina.jpg","type":"image\/jpeg"}],"author":"netbakis.net","twitter_card":"summary_large_image","twitter_misc":{"Yazan:":"netbakis.net","Tahmini okuma s\u00fcresi":"1 dakika"},"schema":{"@context":"https:\/\/schema.org","@graph":[{"@type":"WebPage","@id":"https:\/\/netbakis.net\/6000\/","url":"https:\/\/netbakis.net\/6000\/","name":"Meclis Genel Kurulu yar\u0131n toplanacak\u2026 - NETBAKIS","isPartOf":{"@id":"https:\/\/netbakis.net\/#website"},"primaryImageOfPage":{"@id":"https:\/\/netbakis.net\/6000\/#primaryimage"},"image":{"@id":"https:\/\/netbakis.net\/6000\/#primaryimage"},"thumbnailUrl":"https:\/\/netbakis.net\/wp-content\/uploads\/2021\/05\/meclis-bina.jpg","datePublished":"2021-05-26T15:19:17+00:00","dateModified":"2021-05-26T15:19:18+00:00","author":{"@id":"https:\/\/netbakis.net\/#\/schema\/person\/5d9b5c3f48ca4a3c69967d619fc8c7f4"},"breadcrumb":{"@id":"https:\/\/netbakis.net\/6000\/#breadcrumb"},"inLanguage":"tr","potentialAction":[{"@type":"ReadAction","target":["https:\/\/netbakis.net\/6000\/"]}]},{"@type":"ImageObject","inLanguage":"tr","@id":"https:\/\/netbakis.net\/6000\/#primaryimage","url":"https:\/\/netbakis.net\/wp-content\/uploads\/2021\/05\/meclis-bina.jpg","contentUrl":"https:\/\/netbakis.net\/wp-content\/uploads\/2021\/05\/meclis-bina.jpg","width":652,"height":400,"caption":"Meclis"},{"@type":"BreadcrumbList","@id":"https:\/\/netbakis.net\/6000\/#breadcrumb","itemListElement":[{"@type":"ListItem","position":1,"name":"Home","item":"https:\/\/netbakis.net\/"},{"@type":"ListItem","position":2,"name":"Meclis Genel Kurulu yar\u0131n toplanacak\u2026"}]},{"@type":"WebSite","@id":"https:\/\/netbakis.net\/#website","url":"https:\/\/netbakis.net\/","name":"NETBAKIS","description":"SON DAKIKA","potentialAction":[{"@type":"SearchAction","target":{"@type":"EntryPoint","urlTemplate":"https:\/\/netbakis.net\/?s={search_term_string}"},"query-input":{"@type":"PropertyValueSpecification","valueRequired":true,"valueName":"search_term_string"}}],"inLanguage":"tr"},{"@type":"Person","@id":"https:\/\/netbakis.net\/#\/schema\/person\/5d9b5c3f48ca4a3c69967d619fc8c7f4","name":"netbakis.net","image":{"@type":"ImageObject","inLanguage":"tr","@id":"https:\/\/netbakis.net\/#\/schema\/person\/image\/","url":"https:\/\/secure.gravatar.com\/avatar\/4ddeae49d2d3e3568a8d5b0937642efdf0b72468dbe3f213bc1978faa47af0d1?s=96&d=wp_user_avatar&r=g","contentUrl":"https:\/\/secure.gravatar.com\/avatar\/4ddeae49d2d3e3568a8d5b0937642efdf0b72468dbe3f213bc1978faa47af0d1?s=96&d=wp_user_avatar&r=g","caption":"netbakis.net"},"sameAs":["https:\/\/netbakis.net"],"url":"https:\/\/netbakis.net\/tr\/author\/netbakis-net\/"}]}},"jetpack_publicize_connections":[],"_links":{"self":[{"href":"https:\/\/netbakis.net\/tr\/wp-json\/wp\/v2\/posts\/6000","targetHints":{"allow":["GET"]}}],"collection":[{"href":"https:\/\/netbakis.net\/tr\/wp-json\/wp\/v2\/posts"}],"about":[{"href":"https:\/\/netbakis.net\/tr\/wp-json\/wp\/v2\/types\/post"}],"author":[{"embeddable":true,"href":"https:\/\/netbakis.net\/tr\/wp-json\/wp\/v2\/users\/1"}],"replies":[{"embeddable":true,"href":"https:\/\/netbakis.net\/tr\/wp-json\/wp\/v2\/comments?post=6000"}],"version-history":[{"count":1,"href":"https:\/\/netbakis.net\/tr\/wp-json\/wp\/v2\/posts\/6000\/revisions"}],"predecessor-version":[{"id":6001,"href":"https:\/\/netbakis.net\/tr\/wp-json\/wp\/v2\/posts\/6000\/revisions\/6001"}],"wp:featuredmedia":[{"embeddable":true,"href":"https:\/\/netbakis.net\/tr\/wp-json\/wp\/v2\/media\/5379"}],"wp:attachment":[{"href":"https:\/\/netbakis.net\/tr\/wp-json\/wp\/v2\/media?parent=6000"}],"wp:term":[{"taxonomy":"category","embeddable":true,"href":"https:\/\/netbakis.net\/tr\/wp-json\/wp\/v2\/categories?post=6000"},{"taxonomy":"post_tag","embeddable":true,"href":"https:\/\/netbakis.net\/tr\/wp-json\/wp\/v2\/tags?post=6000"}],"curies":[{"name":"wp","href":"https:\/\/api.w.org\/{rel}","templated":true}]}}