{"id":5954,"date":"2021-05-24T08:55:06","date_gmt":"2021-05-24T08:55:06","guid":{"rendered":"https:\/\/netbakis.net\/?p=5954"},"modified":"2021-05-24T08:55:07","modified_gmt":"2021-05-24T08:55:07","slug":"belarusta-bomba-ihbariyla-indirilen-ucaktaki-aranan-gazeteci-gozaltina-alindi","status":"publish","type":"post","link":"https:\/\/netbakis.net\/tr\/5954\/","title":{"rendered":"Belarus&#8217;ta bomba ihbar\u0131yla indirilen u\u00e7aktaki \u201caranan gazeteci\u201d g\u00f6zalt\u0131na al\u0131nd\u0131"},"content":{"rendered":"<p>Belarus, Yunanistan&#8217;dan Litvanya&#8217;ya gitmekte olan Ryanair havayollar\u0131na ait bir yolcu u\u00e7a\u011f\u0131n\u0131n sahte bomba ihbar\u0131yla Minsk&#8217;e inmesini sa\u011flad\u0131<\/p>\n\n\n\n<p>Belarus&#8217;ta, Yunanistan&#8217;dan Litvanya&#8217;ya giden u\u00e7a\u011fa bomba ihbar\u0131 yap\u0131lmas\u0131n\u0131n ard\u0131ndan, yolcular aras\u0131ndaki ter\u00f6r olaylar\u0131na kar\u0131\u015ft\u0131\u011f\u0131 gerek\u00e7esiyle aranan bir gazeteci g\u00f6zalt\u0131na al\u0131nd\u0131.<br><br>Minsk Ulusal Havaalan\u0131 bas\u0131n servisinden yap\u0131lan a\u00e7\u0131klamaya g\u00f6re, Atina&#8217;dan Vilnius\u2019e seyahat eden 123 yolcunun bulundu\u011fu Ryanair\u2019e ait u\u00e7ak,&nbsp;Belarus&nbsp;hava sahas\u0131ndayken acil ini\u015f yapt\u0131.<br><br>U\u00e7akta bomba oldu\u011funa dair ihbar \u00fczerine pilotlar\u0131n ini\u015f talebinde bulundu\u011fu belirtildi.<br><br>Belarus&nbsp;Cumhurba\u015fkanl\u0131\u011f\u0131ndan yap\u0131lan a\u00e7\u0131klamada ise g\u00fcvenlik nedeniyle&nbsp;Belarus&nbsp;Cumhurba\u015fkan\u0131 Aleksandr Luka\u015fenko\u2019nun talimat\u0131yla u\u00e7a\u011fa e\u015flik etmek \u00fczere bir Mig-29 sava\u015f u\u00e7a\u011f\u0131n\u0131n kald\u0131r\u0131ld\u0131\u011f\u0131 ifade edildi.<br><br>Belarus&nbsp;g\u00fcvenlik kaynaklar\u0131n\u0131n a\u00e7\u0131klamas\u0131na g\u00f6re de, u\u00e7a\u011f\u0131n havaalan\u0131nda kontrol edilmesi esnas\u0131nda&nbsp;Belarus\u2019ta ter\u00f6r olaylar\u0131na kar\u0131\u015ft\u0131\u011f\u0131 gerek\u00e7esiyle aranan bir sosyal medya hesab\u0131n\u0131n kurucusu ve eski genel yay\u0131n y\u00f6netmeni&nbsp;Belarus&nbsp;vatanda\u015f\u0131 Roman Protasevi\u00e7 g\u00f6zalt\u0131na al\u0131nd\u0131.<\/p>\n\n\n\n<figure class=\"wp-block-image\"><img decoding=\"async\" src=\"https:\/\/haberkibris.com\/images2\/2021_05\/2021_05_24\/8egyX2Ks9kyWmuJkBnXfFg.jpg\" alt=\"\"\/><\/figure>\n\n\n\n<p>Aramalar sonucunda yap\u0131lan bomba ihbar\u0131n\u0131n as\u0131ls\u0131z \u00e7\u0131kt\u0131\u011f\u0131 kaydedildi.<br><br>U\u00e7a\u011f\u0131n gereken kontroller yap\u0131ld\u0131ktan sonra Minsk havaalan\u0131ndan ayr\u0131ld\u0131\u011f\u0131 ve Vilnius&#8217;e ini\u015f yapt\u0131\u011f\u0131 aktar\u0131ld\u0131.<br><br><strong>AB&#8217;DEN&nbsp;TEPK\u0130<\/strong><br><br>Avrupa Birli\u011fi (AB) ve NATO,&nbsp;Belarus&#8217;un Ryanair&#8217;e ait bir yolcu u\u00e7a\u011f\u0131n\u0131 &#8220;bomba ihbar\u0131 yap\u0131ld\u0131\u011f\u0131 gerek\u00e7esiyle ba\u015fkent Minsk&#8217;e indirmesine ve ard\u0131ndan u\u00e7akta bulunan&nbsp;Belaruslu muhalif bir gazeteciyi g\u00f6zalt\u0131na almas\u0131&#8221;na sert tepki g\u00f6sterdi.<br><br>AB Konseyi Ba\u015fkan\u0131 Charles Michel, sosyal medyadaki payla\u015f\u0131m\u0131nda, Yunanistan&#8217;dan Litvanya&#8217;ya giden u\u00e7a\u011f\u0131n&nbsp;Belarus&#8217;un ba\u015fkenti Minsk&#8217;e indirilmesinden duydu\u011fu endi\u015feyi dile getirdi.<br><br>Michel, olay\u0131n Uluslararas\u0131 Sivil Havac\u0131l\u0131k \u00d6rg\u00fct\u00fc taraf\u0131ndan soru\u015fturulmas\u0131n\u0131 istedi.<br><br>Ba\u015fkan Michel, daha sonra yapt\u0131\u011f\u0131 a\u00e7\u0131klamada ise u\u00e7a\u011f\u0131n &#8220;zorla indirilmesini&#8221; ve muhalif gazeteci Roman Protasevi\u00e7&#8217;in g\u00f6zalt\u0131na al\u0131nmas\u0131n\u0131 \u015fiddetle k\u0131nad\u0131\u011f\u0131n\u0131 bildirdi.<br><br>Belarus&nbsp;makamlar\u0131na Protasevi\u00e7&#8217;in derhal b\u0131rak\u0131lmas\u0131 \u00e7a\u011fr\u0131s\u0131nda bulunan Michel, &#8220;AB liderleri, yar\u0131nki AB Konseyi Toplant\u0131s\u0131nda e\u015fi g\u00f6r\u00fclmemi\u015f bu olay\u0131 ele alacak. Bu olay sonu\u00e7suz kalmayacak.&#8221; ifadesine yer verdi.<br><br>AB Komisyonu Ba\u015fkan\u0131 Ursula von der Leyen de Atina-Vilnius seferini yapan u\u00e7a\u011f\u0131n Minsk&#8217;e &#8220;zorla indirilmesinin kabul edilemez oldu\u011funu&#8221; belirtti.<br><br>Von der Leyen, Uluslararas\u0131 hava ula\u015ft\u0131rma kurallar\u0131n\u0131n ihlalinin sonu\u00e7lar\u0131 olmas\u0131 gerekti\u011fini ifade etti.<br><br>AB D\u0131\u015f \u0130li\u015fkiler ve G\u00fcvenlik Politikas\u0131 Y\u00fcksek Temsilcisi Josep Borrell de, von der Leyen gibi olay i\u00e7in &#8220;kabul edilemez&#8221; de\u011ferlendirmesinde bulundu ve yolcularla u\u00e7a\u011f\u0131n selametinden&nbsp;Belarus&#8217;un sorumlu olaca\u011f\u0131n\u0131 kaydetti.<br><br><strong>NATO ULUSLARARASI SORU\u015eTURMA \u0130STED\u0130<\/strong><br><br>U\u00e7a\u011f\u0131n indirilmesi hakk\u0131nda NATO&#8217;dan da a\u00e7\u0131klama geldi. NATO Genel Sekreteri Jens Stoltenberg, u\u00e7a\u011f\u0131n indirilmesi ve muhalif Roman Protasevi\u00e7&#8217;in g\u00f6zalt\u0131na al\u0131nmas\u0131yla ilgili geli\u015fmeleri yak\u0131ndan izlediklerini bildirdi.<br><br>Stoltenberg, &#8220;Bu, uluslararas\u0131 soru\u015fturma gerektiren ciddi ve tehlikeli bir olay.&#8221; ifadesini kulland\u0131.<br><br>ABD ise olay\u0131 \u015fiddetle k\u0131narken, Uluslararas\u0131 Sivil Havac\u0131l\u0131k \u00d6rg\u00fct\u00fc&#8217;n\u00fcn acil \u015fekilde toplanmas\u0131 ve Protasevi\u00e7&#8217;in serbest b\u0131rak\u0131lmas\u0131 \u00e7a\u011fr\u0131s\u0131nda bulundu.<\/p>","protected":false},"excerpt":{"rendered":"<p>Belarus, Yunanistan&#8217;dan Litvanya&#8217;ya gitmekte olan Ryanair havayollar\u0131na ait bir yolcu u\u00e7a\u011f\u0131n\u0131n sahte bomba ihbar\u0131yla Minsk&#8217;e inmesini sa\u011flad\u0131 Belarus&#8217;ta, Yunanistan&#8217;dan Litvanya&#8217;ya giden u\u00e7a\u011fa bomba ihbar\u0131 yap\u0131lmas\u0131n\u0131n ard\u0131ndan, yolcular aras\u0131ndaki ter\u00f6r olaylar\u0131na kar\u0131\u015ft\u0131\u011f\u0131 gerek\u00e7esiyle aranan bir gazeteci g\u00f6zalt\u0131na al\u0131nd\u0131. Minsk Ulusal Havaalan\u0131 bas\u0131n servisinden yap\u0131lan a\u00e7\u0131klamaya g\u00f6re, Atina&#8217;dan Vilnius\u2019e seyahat eden 123 yolcunun bulundu\u011fu Ryanair\u2019e ait u\u00e7ak,&nbsp;Belarus&nbsp;hava [&hellip;]<\/p>","protected":false},"author":1,"featured_media":5955,"comment_status":"open","ping_status":"open","sticky":false,"template":"","format":"standard","meta":{"om_disable_all_campaigns":false,"_monsterinsights_skip_tracking":false,"_monsterinsights_sitenote_active":false,"_monsterinsights_sitenote_note":"","_monsterinsights_sitenote_category":0,"_uf_show_specific_survey":0,"_uf_disable_surveys":false,"footnotes":"","jetpack_publicize_message":"","jetpack_publicize_feature_enabled":true,"jetpack_social_post_already_shared":false,"jetpack_social_options":{"image_generator_settings":{"template":"highway","default_image_id":0,"font":"","enabled":false},"version":2}},"categories":[85],"tags":[310],"class_list":{"0":"post-5954","1":"post","2":"type-post","3":"status-publish","4":"format-standard","5":"has-post-thumbnail","7":"category-dunya","8":"tag-ucak"},"yoast_head":"<!-- This site is optimized with the Yoast SEO plugin v23.8 - https:\/\/yoast.com\/wordpress\/plugins\/seo\/ -->\n<title>Belarus&#039;ta bomba ihbar\u0131yla indirilen u\u00e7aktaki \u201caranan gazeteci\u201d g\u00f6zalt\u0131na al\u0131nd\u0131 - NETBAKIS<\/title>\n<meta name=\"robots\" content=\"index, follow, max-snippet:-1, max-image-preview:large, max-video-preview:-1\" \/>\n<link rel=\"canonical\" href=\"https:\/\/netbakis.net\/tr\/5954\/\" \/>\n<meta property=\"og:locale\" content=\"tr_TR\" \/>\n<meta property=\"og:type\" content=\"article\" \/>\n<meta property=\"og:title\" content=\"Belarus&#039;ta bomba ihbar\u0131yla indirilen u\u00e7aktaki \u201caranan gazeteci\u201d g\u00f6zalt\u0131na al\u0131nd\u0131 - NETBAKIS\" \/>\n<meta property=\"og:description\" content=\"Belarus, Yunanistan&#8217;dan Litvanya&#8217;ya gitmekte olan Ryanair havayollar\u0131na ait bir yolcu u\u00e7a\u011f\u0131n\u0131n sahte bomba ihbar\u0131yla Minsk&#8217;e inmesini sa\u011flad\u0131 Belarus&#8217;ta, Yunanistan&#8217;dan Litvanya&#8217;ya giden u\u00e7a\u011fa bomba ihbar\u0131 yap\u0131lmas\u0131n\u0131n ard\u0131ndan, yolcular aras\u0131ndaki ter\u00f6r olaylar\u0131na kar\u0131\u015ft\u0131\u011f\u0131 gerek\u00e7esiyle aranan bir gazeteci g\u00f6zalt\u0131na al\u0131nd\u0131. Minsk Ulusal Havaalan\u0131 bas\u0131n servisinden yap\u0131lan a\u00e7\u0131klamaya g\u00f6re, Atina&#8217;dan Vilnius\u2019e seyahat eden 123 yolcunun bulundu\u011fu Ryanair\u2019e ait u\u00e7ak,&nbsp;Belarus&nbsp;hava [&hellip;]\" \/>\n<meta property=\"og:url\" content=\"https:\/\/netbakis.net\/tr\/5954\/\" \/>\n<meta property=\"og:site_name\" content=\"NETBAKIS\" \/>\n<meta property=\"article:published_time\" content=\"2021-05-24T08:55:06+00:00\" \/>\n<meta property=\"article:modified_time\" content=\"2021-05-24T08:55:07+00:00\" \/>\n<meta property=\"og:image\" content=\"https:\/\/netbakis.net\/wp-content\/uploads\/2021\/05\/60ab699a7fe23.jpg\" \/>\n\t<meta property=\"og:image:width\" content=\"1024\" \/>\n\t<meta property=\"og:image:height\" content=\"643\" \/>\n\t<meta property=\"og:image:type\" content=\"image\/jpeg\" \/>\n<meta name=\"author\" content=\"netbakis.net\" \/>\n<meta name=\"twitter:card\" content=\"summary_large_image\" \/>\n<meta name=\"twitter:label1\" content=\"Yazan:\" \/>\n\t<meta name=\"twitter:data1\" content=\"netbakis.net\" \/>\n\t<meta name=\"twitter:label2\" content=\"Tahmini okuma s\u00fcresi\" \/>\n\t<meta name=\"twitter:data2\" content=\"2 dakika\" \/>\n<script type=\"application\/ld+json\" class=\"yoast-schema-graph\">{\"@context\":\"https:\/\/schema.org\",\"@graph\":[{\"@type\":\"WebPage\",\"@id\":\"https:\/\/netbakis.net\/5954\/\",\"url\":\"https:\/\/netbakis.net\/5954\/\",\"name\":\"Belarus'ta bomba ihbar\u0131yla indirilen u\u00e7aktaki \u201caranan gazeteci\u201d g\u00f6zalt\u0131na al\u0131nd\u0131 - NETBAKIS\",\"isPartOf\":{\"@id\":\"https:\/\/netbakis.net\/#website\"},\"primaryImageOfPage\":{\"@id\":\"https:\/\/netbakis.net\/5954\/#primaryimage\"},\"image\":{\"@id\":\"https:\/\/netbakis.net\/5954\/#primaryimage\"},\"thumbnailUrl\":\"https:\/\/netbakis.net\/wp-content\/uploads\/2021\/05\/60ab699a7fe23.jpg\",\"datePublished\":\"2021-05-24T08:55:06+00:00\",\"dateModified\":\"2021-05-24T08:55:07+00:00\",\"author\":{\"@id\":\"https:\/\/netbakis.net\/#\/schema\/person\/5d9b5c3f48ca4a3c69967d619fc8c7f4\"},\"breadcrumb\":{\"@id\":\"https:\/\/netbakis.net\/5954\/#breadcrumb\"},\"inLanguage\":\"tr\",\"potentialAction\":[{\"@type\":\"ReadAction\",\"target\":[\"https:\/\/netbakis.net\/5954\/\"]}]},{\"@type\":\"ImageObject\",\"inLanguage\":\"tr\",\"@id\":\"https:\/\/netbakis.net\/5954\/#primaryimage\",\"url\":\"https:\/\/netbakis.net\/wp-content\/uploads\/2021\/05\/60ab699a7fe23.jpg\",\"contentUrl\":\"https:\/\/netbakis.net\/wp-content\/uploads\/2021\/05\/60ab699a7fe23.jpg\",\"width\":1024,\"height\":643,\"caption\":\"u\u00e7ak\"},{\"@type\":\"BreadcrumbList\",\"@id\":\"https:\/\/netbakis.net\/5954\/#breadcrumb\",\"itemListElement\":[{\"@type\":\"ListItem\",\"position\":1,\"name\":\"Home\",\"item\":\"https:\/\/netbakis.net\/\"},{\"@type\":\"ListItem\",\"position\":2,\"name\":\"Belarus&#8217;ta bomba ihbar\u0131yla indirilen u\u00e7aktaki \u201caranan gazeteci\u201d g\u00f6zalt\u0131na al\u0131nd\u0131\"}]},{\"@type\":\"WebSite\",\"@id\":\"https:\/\/netbakis.net\/#website\",\"url\":\"https:\/\/netbakis.net\/\",\"name\":\"NETBAKIS\",\"description\":\"SON DAKIKA\",\"potentialAction\":[{\"@type\":\"SearchAction\",\"target\":{\"@type\":\"EntryPoint\",\"urlTemplate\":\"https:\/\/netbakis.net\/?s={search_term_string}\"},\"query-input\":{\"@type\":\"PropertyValueSpecification\",\"valueRequired\":true,\"valueName\":\"search_term_string\"}}],\"inLanguage\":\"tr\"},{\"@type\":\"Person\",\"@id\":\"https:\/\/netbakis.net\/#\/schema\/person\/5d9b5c3f48ca4a3c69967d619fc8c7f4\",\"name\":\"netbakis.net\",\"image\":{\"@type\":\"ImageObject\",\"inLanguage\":\"tr\",\"@id\":\"https:\/\/netbakis.net\/#\/schema\/person\/image\/\",\"url\":\"https:\/\/secure.gravatar.com\/avatar\/4ddeae49d2d3e3568a8d5b0937642efdf0b72468dbe3f213bc1978faa47af0d1?s=96&d=wp_user_avatar&r=g\",\"contentUrl\":\"https:\/\/secure.gravatar.com\/avatar\/4ddeae49d2d3e3568a8d5b0937642efdf0b72468dbe3f213bc1978faa47af0d1?s=96&d=wp_user_avatar&r=g\",\"caption\":\"netbakis.net\"},\"sameAs\":[\"https:\/\/netbakis.net\"],\"url\":\"https:\/\/netbakis.net\/tr\/author\/netbakis-net\/\"}]}<\/script>\n<!-- \/ Yoast SEO plugin. -->","yoast_head_json":{"title":"Belarus'ta bomba ihbar\u0131yla indirilen u\u00e7aktaki \u201caranan gazeteci\u201d g\u00f6zalt\u0131na al\u0131nd\u0131 - NETBAKIS","robots":{"index":"index","follow":"follow","max-snippet":"max-snippet:-1","max-image-preview":"max-image-preview:large","max-video-preview":"max-video-preview:-1"},"canonical":"https:\/\/netbakis.net\/tr\/5954\/","og_locale":"tr_TR","og_type":"article","og_title":"Belarus'ta bomba ihbar\u0131yla indirilen u\u00e7aktaki \u201caranan gazeteci\u201d g\u00f6zalt\u0131na al\u0131nd\u0131 - NETBAKIS","og_description":"Belarus, Yunanistan&#8217;dan Litvanya&#8217;ya gitmekte olan Ryanair havayollar\u0131na ait bir yolcu u\u00e7a\u011f\u0131n\u0131n sahte bomba ihbar\u0131yla Minsk&#8217;e inmesini sa\u011flad\u0131 Belarus&#8217;ta, Yunanistan&#8217;dan Litvanya&#8217;ya giden u\u00e7a\u011fa bomba ihbar\u0131 yap\u0131lmas\u0131n\u0131n ard\u0131ndan, yolcular aras\u0131ndaki ter\u00f6r olaylar\u0131na kar\u0131\u015ft\u0131\u011f\u0131 gerek\u00e7esiyle aranan bir gazeteci g\u00f6zalt\u0131na al\u0131nd\u0131. Minsk Ulusal Havaalan\u0131 bas\u0131n servisinden yap\u0131lan a\u00e7\u0131klamaya g\u00f6re, Atina&#8217;dan Vilnius\u2019e seyahat eden 123 yolcunun bulundu\u011fu Ryanair\u2019e ait u\u00e7ak,&nbsp;Belarus&nbsp;hava [&hellip;]","og_url":"https:\/\/netbakis.net\/tr\/5954\/","og_site_name":"NETBAKIS","article_published_time":"2021-05-24T08:55:06+00:00","article_modified_time":"2021-05-24T08:55:07+00:00","og_image":[{"width":1024,"height":643,"url":"https:\/\/netbakis.net\/wp-content\/uploads\/2021\/05\/60ab699a7fe23.jpg","type":"image\/jpeg"}],"author":"netbakis.net","twitter_card":"summary_large_image","twitter_misc":{"Yazan:":"netbakis.net","Tahmini okuma s\u00fcresi":"2 dakika"},"schema":{"@context":"https:\/\/schema.org","@graph":[{"@type":"WebPage","@id":"https:\/\/netbakis.net\/5954\/","url":"https:\/\/netbakis.net\/5954\/","name":"Belarus'ta bomba ihbar\u0131yla indirilen u\u00e7aktaki \u201caranan gazeteci\u201d g\u00f6zalt\u0131na al\u0131nd\u0131 - NETBAKIS","isPartOf":{"@id":"https:\/\/netbakis.net\/#website"},"primaryImageOfPage":{"@id":"https:\/\/netbakis.net\/5954\/#primaryimage"},"image":{"@id":"https:\/\/netbakis.net\/5954\/#primaryimage"},"thumbnailUrl":"https:\/\/netbakis.net\/wp-content\/uploads\/2021\/05\/60ab699a7fe23.jpg","datePublished":"2021-05-24T08:55:06+00:00","dateModified":"2021-05-24T08:55:07+00:00","author":{"@id":"https:\/\/netbakis.net\/#\/schema\/person\/5d9b5c3f48ca4a3c69967d619fc8c7f4"},"breadcrumb":{"@id":"https:\/\/netbakis.net\/5954\/#breadcrumb"},"inLanguage":"tr","potentialAction":[{"@type":"ReadAction","target":["https:\/\/netbakis.net\/5954\/"]}]},{"@type":"ImageObject","inLanguage":"tr","@id":"https:\/\/netbakis.net\/5954\/#primaryimage","url":"https:\/\/netbakis.net\/wp-content\/uploads\/2021\/05\/60ab699a7fe23.jpg","contentUrl":"https:\/\/netbakis.net\/wp-content\/uploads\/2021\/05\/60ab699a7fe23.jpg","width":1024,"height":643,"caption":"u\u00e7ak"},{"@type":"BreadcrumbList","@id":"https:\/\/netbakis.net\/5954\/#breadcrumb","itemListElement":[{"@type":"ListItem","position":1,"name":"Home","item":"https:\/\/netbakis.net\/"},{"@type":"ListItem","position":2,"name":"Belarus&#8217;ta bomba ihbar\u0131yla indirilen u\u00e7aktaki \u201caranan gazeteci\u201d g\u00f6zalt\u0131na al\u0131nd\u0131"}]},{"@type":"WebSite","@id":"https:\/\/netbakis.net\/#website","url":"https:\/\/netbakis.net\/","name":"NETBAKIS","description":"SON DAKIKA","potentialAction":[{"@type":"SearchAction","target":{"@type":"EntryPoint","urlTemplate":"https:\/\/netbakis.net\/?s={search_term_string}"},"query-input":{"@type":"PropertyValueSpecification","valueRequired":true,"valueName":"search_term_string"}}],"inLanguage":"tr"},{"@type":"Person","@id":"https:\/\/netbakis.net\/#\/schema\/person\/5d9b5c3f48ca4a3c69967d619fc8c7f4","name":"netbakis.net","image":{"@type":"ImageObject","inLanguage":"tr","@id":"https:\/\/netbakis.net\/#\/schema\/person\/image\/","url":"https:\/\/secure.gravatar.com\/avatar\/4ddeae49d2d3e3568a8d5b0937642efdf0b72468dbe3f213bc1978faa47af0d1?s=96&d=wp_user_avatar&r=g","contentUrl":"https:\/\/secure.gravatar.com\/avatar\/4ddeae49d2d3e3568a8d5b0937642efdf0b72468dbe3f213bc1978faa47af0d1?s=96&d=wp_user_avatar&r=g","caption":"netbakis.net"},"sameAs":["https:\/\/netbakis.net"],"url":"https:\/\/netbakis.net\/tr\/author\/netbakis-net\/"}]}},"jetpack_publicize_connections":[],"_links":{"self":[{"href":"https:\/\/netbakis.net\/tr\/wp-json\/wp\/v2\/posts\/5954","targetHints":{"allow":["GET"]}}],"collection":[{"href":"https:\/\/netbakis.net\/tr\/wp-json\/wp\/v2\/posts"}],"about":[{"href":"https:\/\/netbakis.net\/tr\/wp-json\/wp\/v2\/types\/post"}],"author":[{"embeddable":true,"href":"https:\/\/netbakis.net\/tr\/wp-json\/wp\/v2\/users\/1"}],"replies":[{"embeddable":true,"href":"https:\/\/netbakis.net\/tr\/wp-json\/wp\/v2\/comments?post=5954"}],"version-history":[{"count":1,"href":"https:\/\/netbakis.net\/tr\/wp-json\/wp\/v2\/posts\/5954\/revisions"}],"predecessor-version":[{"id":5956,"href":"https:\/\/netbakis.net\/tr\/wp-json\/wp\/v2\/posts\/5954\/revisions\/5956"}],"wp:featuredmedia":[{"embeddable":true,"href":"https:\/\/netbakis.net\/tr\/wp-json\/wp\/v2\/media\/5955"}],"wp:attachment":[{"href":"https:\/\/netbakis.net\/tr\/wp-json\/wp\/v2\/media?parent=5954"}],"wp:term":[{"taxonomy":"category","embeddable":true,"href":"https:\/\/netbakis.net\/tr\/wp-json\/wp\/v2\/categories?post=5954"},{"taxonomy":"post_tag","embeddable":true,"href":"https:\/\/netbakis.net\/tr\/wp-json\/wp\/v2\/tags?post=5954"}],"curies":[{"name":"wp","href":"https:\/\/api.w.org\/{rel}","templated":true}]}}