{"id":5910,"date":"2021-05-22T09:51:17","date_gmt":"2021-05-22T09:51:17","guid":{"rendered":"https:\/\/netbakis.net\/?p=5910"},"modified":"2021-05-22T09:51:18","modified_gmt":"2021-05-22T09:51:18","slug":"saner-pazar-gunu-acilacak-cift-asili-olanlar-karantinasiz-gelecek","status":"publish","type":"post","link":"https:\/\/netbakis.net\/tr\/5910\/","title":{"rendered":"Saner: Pazar g\u00fcn\u00fc a\u00e7\u0131lacak, \u00e7ift a\u015f\u0131l\u0131 olanlar karantinas\u0131z gelecek"},"content":{"rendered":"<p>Ba\u015fbakan Ersan Saner, BRT\u2019de canl\u0131 yay\u0131nda yapt\u0131\u011f\u0131 a\u00e7\u0131klamada bu pazardan itibaren g\u00fcnd\u00fcz soka\u011fa \u00e7\u0131kma yasa\u011f\u0131n\u0131n kalkaca\u011f\u0131n\u0131 kaydetti.<\/p>\n\n\n\n<p>Ba\u015fbakan Saner, Pazar g\u00fcnk\u00fc t\u00fcm g\u00fcn soka\u011fa \u00e7\u0131kma yasa\u011f\u0131n\u0131n halk\u0131n normal aktivitelerini s\u00fcrd\u00fcrebilecekleri \u015fekilde kald\u0131r\u0131ld\u0131\u011f\u0131n\u0131 s\u00f6yledi.<\/p>\n\n\n\n<p>Anavatan T\u00fcrkiye\u2019den ciddi miktarda a\u015f\u0131 bekledikleri s\u00f6yleyen Ba\u015fbakan Saner, T\u00fcrkiye Cumhurba\u015fkan\u0131 Yard\u0131mc\u0131s\u0131 Fuat Oktay ile bu konuda g\u00f6r\u00fc\u015fme yapacaklar\u0131n\u0131 belirtti.<\/p>\n\n\n\n<p>Ba\u015fbakan Ersan Saner, Coronavir\u00fcs ile m\u00fccadele kapsam\u0131nda \u00fclke genelinde al\u0131nan yeni kararlar\u0131 a\u00e7\u0131klad\u0131.<\/p>\n\n\n\n<p>Ba\u015fbakan Saner, 23 May\u0131s Pazar g\u00fcn\u00fc uygulanacak olan tam soka\u011fa \u00e7\u0131kma yasa\u011f\u0131n\u0131n, halk\u0131n normal aktivitelerini s\u00fcrd\u00fcrebilecekleri \u015fekilde kald\u0131r\u0131ld\u0131\u011f\u0131n\u0131 kaydetti.<\/p>\n\n\n\n<p>Saner, 24 May\u0131s Pazartesi\u2019nden itibaren ise, soka\u011fa \u00e7\u0131kma yasa\u011f\u0131n\u0131n haftan\u0131n her g\u00fcn\u00fc gece saat 23.00\u2019den sabah saat 05.00\u2019e kadar olaca\u011f\u0131n\u0131 belirtti.<\/p>\n\n\n\n<p>\u201cBuna ba\u011fl\u0131 olarak restoranlar\u0131n kapanma saati de 22.30\u2019a \u00e7ekmi\u015f oluyoruz\u201d diyen Ba\u015fbakan Saner, kapal\u0131 devre turizm \u00e7er\u00e7evesinde 4 ve 5 g\u00fcnl\u00fck kal\u0131\u015flar i\u00e7in Bakanlar Kurulu\u2019nun gerekli kararlar\u0131 \u00fcretti\u011fini kaydetti.<\/p>\n\n\n\n<p>Ba\u015fbakan, \u00fclkelerin i\u00e7inde bulunduklar\u0131 renk durumuna g\u00f6re \u00fclkede nas\u0131l konaklayaca\u011f\u0131n\u0131n da belirlendi\u011fini ifade etti.<\/p>\n\n\n\n<p>4 olan charter u\u00e7ak say\u0131s\u0131n\u0131n 10\u2019a \u00e7\u0131kart\u0131ld\u0131\u011f\u0131 bilgisini de veren Ba\u015fbakan Saner, k\u00fc\u00e7\u00fck \u00f6zel u\u00e7aklar i\u00e7in konan s\u0131n\u0131r\u0131n da kald\u0131r\u0131ld\u0131\u011f\u0131n\u0131 ifade etti.<\/p>\n\n\n\n<p>Ba\u015fbakan, Pazartesi g\u00fcn\u00fc D\u00fcnya a\u015f\u0131 sisteminin barcode olarak okunmas\u0131n\u0131 sa\u011flayacak altyap\u0131 sistemi hakk\u0131nda Sa\u011fl\u0131k Bakanl\u0131\u011f\u0131\u2019na ve Ba\u015fbakanl\u0131\u011fa sunum yap\u0131laca\u011f\u0131n\u0131 vurgulayarak, \u201cSunum neticesinde yurtd\u0131\u015f\u0131ndan turistlerin \u00fclkede konaklamas\u0131na imkan\u0131 yaratmay\u0131 da 3 Haziran\u2019a \u00e7ekmek i\u00e7in elimizden gelen her t\u00fcrl\u00fc \u00e7abay\u0131 ortaya koyuyoruz\u201d dedi.<\/p>\n\n\n\n<p>G\u00fcney\u2019e ge\u00e7i\u015fler ile ilgili de bilgi veren Ba\u015fbakan Saner, G\u00fcney K\u0131br\u0131s\u2019\u0131n k\u0131rm\u0131z\u0131dan turuncuya ge\u00e7ti\u011fi anda s\u0131n\u0131r kap\u0131lar\u0131n\u0131n a\u00e7\u0131laca\u011f\u0131n\u0131 s\u00f6ylediklerini hat\u0131rlatarak, G\u00fcney K\u0131br\u0131s\u2019\u0131n bug\u00fcn itibar\u0131yla ile turuncuya ge\u00e7ti\u011fini, fakat g\u00fcneyden gelecek olan ki\u015filerin 3 g\u00fcnl\u00fck PCR\u2019lar\u0131n\u0131 yapt\u0131r\u0131p KKTC\u2019ye gelmelerinin \u00f6ng\u00f6r\u00fcld\u00fc\u011f\u00fcn\u00fc s\u00f6yledi.<\/p>\n\n\n\n<p>Ba\u015fbakan Saner, \u201cBu kararlar\u0131 tekrar de\u011ferlendirilecek. Kap\u0131lar kar\u015f\u0131l\u0131kl\u0131 a\u00e7\u0131laca\u011f\u0131ndan, gerek KKTC\u2019de Cumhurba\u015fkan\u0131m\u0131z\u0131n gerekse iki toplumlu sa\u011fl\u0131k komitesinin bu konuda \u00fcretece\u011fi karar\u0131 bekliyoruz ancak biz h\u00fck\u00fcmet olarak haz\u0131r oldu\u011fumuzu ifade etmek istiyorum\u201d diye konu\u015ftu.<\/p>\n\n\n\n<p>Anavatan T\u00fcrkiye\u2019den ciddi miktarda a\u015f\u0131 beklediklerinin m\u00fcjdesini de veren Ba\u015fbakan Saner, T\u00fcrkiye Cumhurba\u015fkan\u0131 Yard\u0131mc\u0131s\u0131 Fuat Oktay ile bu konuda g\u00f6r\u00fc\u015fme yapacaklar\u0131n\u0131 s\u00f6yledi.<\/p>","protected":false},"excerpt":{"rendered":"<p>Ba\u015fbakan Ersan Saner, BRT\u2019de canl\u0131 yay\u0131nda yapt\u0131\u011f\u0131 a\u00e7\u0131klamada bu pazardan itibaren g\u00fcnd\u00fcz soka\u011fa \u00e7\u0131kma yasa\u011f\u0131n\u0131n kalkaca\u011f\u0131n\u0131 kaydetti. Ba\u015fbakan Saner, Pazar g\u00fcnk\u00fc t\u00fcm g\u00fcn soka\u011fa \u00e7\u0131kma yasa\u011f\u0131n\u0131n halk\u0131n normal aktivitelerini s\u00fcrd\u00fcrebilecekleri \u015fekilde kald\u0131r\u0131ld\u0131\u011f\u0131n\u0131 s\u00f6yledi. Anavatan T\u00fcrkiye\u2019den ciddi miktarda a\u015f\u0131 bekledikleri s\u00f6yleyen Ba\u015fbakan Saner, T\u00fcrkiye Cumhurba\u015fkan\u0131 Yard\u0131mc\u0131s\u0131 Fuat Oktay ile bu konuda g\u00f6r\u00fc\u015fme yapacaklar\u0131n\u0131 belirtti. Ba\u015fbakan Ersan [&hellip;]<\/p>","protected":false},"author":1,"featured_media":5853,"comment_status":"open","ping_status":"open","sticky":false,"template":"","format":"standard","meta":{"om_disable_all_campaigns":false,"_monsterinsights_skip_tracking":false,"_monsterinsights_sitenote_active":false,"_monsterinsights_sitenote_note":"","_monsterinsights_sitenote_category":0,"_uf_show_specific_survey":0,"_uf_disable_surveys":false,"footnotes":"","jetpack_publicize_message":"","jetpack_publicize_feature_enabled":true,"jetpack_social_post_already_shared":false,"jetpack_social_options":{"image_generator_settings":{"template":"highway","default_image_id":0,"font":"","enabled":false},"version":2}},"categories":[81],"tags":[108],"class_list":{"0":"post-5910","1":"post","2":"type-post","3":"status-publish","4":"format-standard","5":"has-post-thumbnail","7":"category-gundem","8":"tag-kktc-basbakani-saner"},"yoast_head":"<!-- This site is optimized with the Yoast SEO plugin v23.8 - https:\/\/yoast.com\/wordpress\/plugins\/seo\/ -->\n<title>Saner: Pazar g\u00fcn\u00fc a\u00e7\u0131lacak, \u00e7ift a\u015f\u0131l\u0131 olanlar karantinas\u0131z gelecek - NETBAKIS<\/title>\n<meta name=\"robots\" content=\"index, follow, max-snippet:-1, max-image-preview:large, max-video-preview:-1\" \/>\n<link rel=\"canonical\" href=\"https:\/\/netbakis.net\/tr\/5910\/\" \/>\n<meta property=\"og:locale\" content=\"tr_TR\" \/>\n<meta property=\"og:type\" content=\"article\" \/>\n<meta property=\"og:title\" content=\"Saner: Pazar g\u00fcn\u00fc a\u00e7\u0131lacak, \u00e7ift a\u015f\u0131l\u0131 olanlar karantinas\u0131z gelecek - NETBAKIS\" \/>\n<meta property=\"og:description\" content=\"Ba\u015fbakan Ersan Saner, BRT\u2019de canl\u0131 yay\u0131nda yapt\u0131\u011f\u0131 a\u00e7\u0131klamada bu pazardan itibaren g\u00fcnd\u00fcz soka\u011fa \u00e7\u0131kma yasa\u011f\u0131n\u0131n kalkaca\u011f\u0131n\u0131 kaydetti. Ba\u015fbakan Saner, Pazar g\u00fcnk\u00fc t\u00fcm g\u00fcn soka\u011fa \u00e7\u0131kma yasa\u011f\u0131n\u0131n halk\u0131n normal aktivitelerini s\u00fcrd\u00fcrebilecekleri \u015fekilde kald\u0131r\u0131ld\u0131\u011f\u0131n\u0131 s\u00f6yledi. Anavatan T\u00fcrkiye\u2019den ciddi miktarda a\u015f\u0131 bekledikleri s\u00f6yleyen Ba\u015fbakan Saner, T\u00fcrkiye Cumhurba\u015fkan\u0131 Yard\u0131mc\u0131s\u0131 Fuat Oktay ile bu konuda g\u00f6r\u00fc\u015fme yapacaklar\u0131n\u0131 belirtti. Ba\u015fbakan Ersan [&hellip;]\" \/>\n<meta property=\"og:url\" content=\"https:\/\/netbakis.net\/tr\/5910\/\" \/>\n<meta property=\"og:site_name\" content=\"NETBAKIS\" \/>\n<meta property=\"article:published_time\" content=\"2021-05-22T09:51:17+00:00\" \/>\n<meta property=\"article:modified_time\" content=\"2021-05-22T09:51:18+00:00\" \/>\n<meta property=\"og:image\" content=\"https:\/\/netbakis.net\/wp-content\/uploads\/2021\/05\/img-saner-Bakanlar-Kurulu-19.02-19.jpg\" \/>\n\t<meta property=\"og:image:width\" content=\"1600\" \/>\n\t<meta property=\"og:image:height\" content=\"1068\" \/>\n\t<meta property=\"og:image:type\" content=\"image\/jpeg\" \/>\n<meta name=\"author\" content=\"netbakis.net\" \/>\n<meta name=\"twitter:card\" content=\"summary_large_image\" \/>\n<meta name=\"twitter:label1\" content=\"Yazan:\" \/>\n\t<meta name=\"twitter:data1\" content=\"netbakis.net\" \/>\n\t<meta name=\"twitter:label2\" content=\"Tahmini okuma s\u00fcresi\" \/>\n\t<meta name=\"twitter:data2\" content=\"2 dakika\" \/>\n<script type=\"application\/ld+json\" class=\"yoast-schema-graph\">{\"@context\":\"https:\/\/schema.org\",\"@graph\":[{\"@type\":\"WebPage\",\"@id\":\"https:\/\/netbakis.net\/5910\/\",\"url\":\"https:\/\/netbakis.net\/5910\/\",\"name\":\"Saner: Pazar g\u00fcn\u00fc a\u00e7\u0131lacak, \u00e7ift a\u015f\u0131l\u0131 olanlar karantinas\u0131z gelecek - NETBAKIS\",\"isPartOf\":{\"@id\":\"https:\/\/netbakis.net\/#website\"},\"primaryImageOfPage\":{\"@id\":\"https:\/\/netbakis.net\/5910\/#primaryimage\"},\"image\":{\"@id\":\"https:\/\/netbakis.net\/5910\/#primaryimage\"},\"thumbnailUrl\":\"https:\/\/netbakis.net\/wp-content\/uploads\/2021\/05\/img-saner-Bakanlar-Kurulu-19.02-19.jpg\",\"datePublished\":\"2021-05-22T09:51:17+00:00\",\"dateModified\":\"2021-05-22T09:51:18+00:00\",\"author\":{\"@id\":\"https:\/\/netbakis.net\/#\/schema\/person\/5d9b5c3f48ca4a3c69967d619fc8c7f4\"},\"breadcrumb\":{\"@id\":\"https:\/\/netbakis.net\/5910\/#breadcrumb\"},\"inLanguage\":\"tr\",\"potentialAction\":[{\"@type\":\"ReadAction\",\"target\":[\"https:\/\/netbakis.net\/5910\/\"]}]},{\"@type\":\"ImageObject\",\"inLanguage\":\"tr\",\"@id\":\"https:\/\/netbakis.net\/5910\/#primaryimage\",\"url\":\"https:\/\/netbakis.net\/wp-content\/uploads\/2021\/05\/img-saner-Bakanlar-Kurulu-19.02-19.jpg\",\"contentUrl\":\"https:\/\/netbakis.net\/wp-content\/uploads\/2021\/05\/img-saner-Bakanlar-Kurulu-19.02-19.jpg\",\"width\":1600,\"height\":1068,\"caption\":\"Saner kktc bakan kurulu\"},{\"@type\":\"BreadcrumbList\",\"@id\":\"https:\/\/netbakis.net\/5910\/#breadcrumb\",\"itemListElement\":[{\"@type\":\"ListItem\",\"position\":1,\"name\":\"Home\",\"item\":\"https:\/\/netbakis.net\/\"},{\"@type\":\"ListItem\",\"position\":2,\"name\":\"Saner: Pazar g\u00fcn\u00fc a\u00e7\u0131lacak, \u00e7ift a\u015f\u0131l\u0131 olanlar karantinas\u0131z gelecek\"}]},{\"@type\":\"WebSite\",\"@id\":\"https:\/\/netbakis.net\/#website\",\"url\":\"https:\/\/netbakis.net\/\",\"name\":\"NETBAKIS\",\"description\":\"SON DAKIKA\",\"potentialAction\":[{\"@type\":\"SearchAction\",\"target\":{\"@type\":\"EntryPoint\",\"urlTemplate\":\"https:\/\/netbakis.net\/?s={search_term_string}\"},\"query-input\":{\"@type\":\"PropertyValueSpecification\",\"valueRequired\":true,\"valueName\":\"search_term_string\"}}],\"inLanguage\":\"tr\"},{\"@type\":\"Person\",\"@id\":\"https:\/\/netbakis.net\/#\/schema\/person\/5d9b5c3f48ca4a3c69967d619fc8c7f4\",\"name\":\"netbakis.net\",\"image\":{\"@type\":\"ImageObject\",\"inLanguage\":\"tr\",\"@id\":\"https:\/\/netbakis.net\/#\/schema\/person\/image\/\",\"url\":\"https:\/\/secure.gravatar.com\/avatar\/4ddeae49d2d3e3568a8d5b0937642efdf0b72468dbe3f213bc1978faa47af0d1?s=96&d=wp_user_avatar&r=g\",\"contentUrl\":\"https:\/\/secure.gravatar.com\/avatar\/4ddeae49d2d3e3568a8d5b0937642efdf0b72468dbe3f213bc1978faa47af0d1?s=96&d=wp_user_avatar&r=g\",\"caption\":\"netbakis.net\"},\"sameAs\":[\"https:\/\/netbakis.net\"],\"url\":\"https:\/\/netbakis.net\/tr\/author\/netbakis-net\/\"}]}<\/script>\n<!-- \/ Yoast SEO plugin. -->","yoast_head_json":{"title":"Saner: Pazar g\u00fcn\u00fc a\u00e7\u0131lacak, \u00e7ift a\u015f\u0131l\u0131 olanlar karantinas\u0131z gelecek - NETBAKIS","robots":{"index":"index","follow":"follow","max-snippet":"max-snippet:-1","max-image-preview":"max-image-preview:large","max-video-preview":"max-video-preview:-1"},"canonical":"https:\/\/netbakis.net\/tr\/5910\/","og_locale":"tr_TR","og_type":"article","og_title":"Saner: Pazar g\u00fcn\u00fc a\u00e7\u0131lacak, \u00e7ift a\u015f\u0131l\u0131 olanlar karantinas\u0131z gelecek - NETBAKIS","og_description":"Ba\u015fbakan Ersan Saner, BRT\u2019de canl\u0131 yay\u0131nda yapt\u0131\u011f\u0131 a\u00e7\u0131klamada bu pazardan itibaren g\u00fcnd\u00fcz soka\u011fa \u00e7\u0131kma yasa\u011f\u0131n\u0131n kalkaca\u011f\u0131n\u0131 kaydetti. Ba\u015fbakan Saner, Pazar g\u00fcnk\u00fc t\u00fcm g\u00fcn soka\u011fa \u00e7\u0131kma yasa\u011f\u0131n\u0131n halk\u0131n normal aktivitelerini s\u00fcrd\u00fcrebilecekleri \u015fekilde kald\u0131r\u0131ld\u0131\u011f\u0131n\u0131 s\u00f6yledi. Anavatan T\u00fcrkiye\u2019den ciddi miktarda a\u015f\u0131 bekledikleri s\u00f6yleyen Ba\u015fbakan Saner, T\u00fcrkiye Cumhurba\u015fkan\u0131 Yard\u0131mc\u0131s\u0131 Fuat Oktay ile bu konuda g\u00f6r\u00fc\u015fme yapacaklar\u0131n\u0131 belirtti. Ba\u015fbakan Ersan [&hellip;]","og_url":"https:\/\/netbakis.net\/tr\/5910\/","og_site_name":"NETBAKIS","article_published_time":"2021-05-22T09:51:17+00:00","article_modified_time":"2021-05-22T09:51:18+00:00","og_image":[{"width":1600,"height":1068,"url":"https:\/\/netbakis.net\/wp-content\/uploads\/2021\/05\/img-saner-Bakanlar-Kurulu-19.02-19.jpg","type":"image\/jpeg"}],"author":"netbakis.net","twitter_card":"summary_large_image","twitter_misc":{"Yazan:":"netbakis.net","Tahmini okuma s\u00fcresi":"2 dakika"},"schema":{"@context":"https:\/\/schema.org","@graph":[{"@type":"WebPage","@id":"https:\/\/netbakis.net\/5910\/","url":"https:\/\/netbakis.net\/5910\/","name":"Saner: Pazar g\u00fcn\u00fc a\u00e7\u0131lacak, \u00e7ift a\u015f\u0131l\u0131 olanlar karantinas\u0131z gelecek - NETBAKIS","isPartOf":{"@id":"https:\/\/netbakis.net\/#website"},"primaryImageOfPage":{"@id":"https:\/\/netbakis.net\/5910\/#primaryimage"},"image":{"@id":"https:\/\/netbakis.net\/5910\/#primaryimage"},"thumbnailUrl":"https:\/\/netbakis.net\/wp-content\/uploads\/2021\/05\/img-saner-Bakanlar-Kurulu-19.02-19.jpg","datePublished":"2021-05-22T09:51:17+00:00","dateModified":"2021-05-22T09:51:18+00:00","author":{"@id":"https:\/\/netbakis.net\/#\/schema\/person\/5d9b5c3f48ca4a3c69967d619fc8c7f4"},"breadcrumb":{"@id":"https:\/\/netbakis.net\/5910\/#breadcrumb"},"inLanguage":"tr","potentialAction":[{"@type":"ReadAction","target":["https:\/\/netbakis.net\/5910\/"]}]},{"@type":"ImageObject","inLanguage":"tr","@id":"https:\/\/netbakis.net\/5910\/#primaryimage","url":"https:\/\/netbakis.net\/wp-content\/uploads\/2021\/05\/img-saner-Bakanlar-Kurulu-19.02-19.jpg","contentUrl":"https:\/\/netbakis.net\/wp-content\/uploads\/2021\/05\/img-saner-Bakanlar-Kurulu-19.02-19.jpg","width":1600,"height":1068,"caption":"Saner kktc bakan kurulu"},{"@type":"BreadcrumbList","@id":"https:\/\/netbakis.net\/5910\/#breadcrumb","itemListElement":[{"@type":"ListItem","position":1,"name":"Home","item":"https:\/\/netbakis.net\/"},{"@type":"ListItem","position":2,"name":"Saner: Pazar g\u00fcn\u00fc a\u00e7\u0131lacak, \u00e7ift a\u015f\u0131l\u0131 olanlar karantinas\u0131z gelecek"}]},{"@type":"WebSite","@id":"https:\/\/netbakis.net\/#website","url":"https:\/\/netbakis.net\/","name":"NETBAKIS","description":"SON DAKIKA","potentialAction":[{"@type":"SearchAction","target":{"@type":"EntryPoint","urlTemplate":"https:\/\/netbakis.net\/?s={search_term_string}"},"query-input":{"@type":"PropertyValueSpecification","valueRequired":true,"valueName":"search_term_string"}}],"inLanguage":"tr"},{"@type":"Person","@id":"https:\/\/netbakis.net\/#\/schema\/person\/5d9b5c3f48ca4a3c69967d619fc8c7f4","name":"netbakis.net","image":{"@type":"ImageObject","inLanguage":"tr","@id":"https:\/\/netbakis.net\/#\/schema\/person\/image\/","url":"https:\/\/secure.gravatar.com\/avatar\/4ddeae49d2d3e3568a8d5b0937642efdf0b72468dbe3f213bc1978faa47af0d1?s=96&d=wp_user_avatar&r=g","contentUrl":"https:\/\/secure.gravatar.com\/avatar\/4ddeae49d2d3e3568a8d5b0937642efdf0b72468dbe3f213bc1978faa47af0d1?s=96&d=wp_user_avatar&r=g","caption":"netbakis.net"},"sameAs":["https:\/\/netbakis.net"],"url":"https:\/\/netbakis.net\/tr\/author\/netbakis-net\/"}]}},"jetpack_publicize_connections":[],"_links":{"self":[{"href":"https:\/\/netbakis.net\/tr\/wp-json\/wp\/v2\/posts\/5910","targetHints":{"allow":["GET"]}}],"collection":[{"href":"https:\/\/netbakis.net\/tr\/wp-json\/wp\/v2\/posts"}],"about":[{"href":"https:\/\/netbakis.net\/tr\/wp-json\/wp\/v2\/types\/post"}],"author":[{"embeddable":true,"href":"https:\/\/netbakis.net\/tr\/wp-json\/wp\/v2\/users\/1"}],"replies":[{"embeddable":true,"href":"https:\/\/netbakis.net\/tr\/wp-json\/wp\/v2\/comments?post=5910"}],"version-history":[{"count":1,"href":"https:\/\/netbakis.net\/tr\/wp-json\/wp\/v2\/posts\/5910\/revisions"}],"predecessor-version":[{"id":5911,"href":"https:\/\/netbakis.net\/tr\/wp-json\/wp\/v2\/posts\/5910\/revisions\/5911"}],"wp:featuredmedia":[{"embeddable":true,"href":"https:\/\/netbakis.net\/tr\/wp-json\/wp\/v2\/media\/5853"}],"wp:attachment":[{"href":"https:\/\/netbakis.net\/tr\/wp-json\/wp\/v2\/media?parent=5910"}],"wp:term":[{"taxonomy":"category","embeddable":true,"href":"https:\/\/netbakis.net\/tr\/wp-json\/wp\/v2\/categories?post=5910"},{"taxonomy":"post_tag","embeddable":true,"href":"https:\/\/netbakis.net\/tr\/wp-json\/wp\/v2\/tags?post=5910"}],"curies":[{"name":"wp","href":"https:\/\/api.w.org\/{rel}","templated":true}]}}