{"id":5722,"date":"2021-05-14T06:11:20","date_gmt":"2021-05-14T06:11:20","guid":{"rendered":"https:\/\/netbakis.net\/?p=5722"},"modified":"2021-05-14T06:11:21","modified_gmt":"2021-05-14T06:11:21","slug":"israil-ordusu-gazze-seridini-kara-hava-ve-denizden-yogun-sekilde-bombaladi","status":"publish","type":"post","link":"https:\/\/netbakis.net\/tr\/5722\/","title":{"rendered":"\u0130srail ordusu Gazze \u015eeridi&#8217;ni kara, hava ve denizden yo\u011fun \u015fekilde bombalad\u0131"},"content":{"rendered":"<p>\u0130srail ordusu abluka alt\u0131ndaki Gazze \u015eeridi&#8217;nin kuzey kesimine kara, hava ve denizden yo\u011fun \u015fekilde sald\u0131r\u0131 d\u00fczenledi. Sald\u0131r\u0131larda 6 Filistinli daha \u015fehit oldu.<\/p>\n\n\n\n<p><strong>Gazze<\/strong>&#8216;nin kuzey kesiminin do\u011fu ve bat\u0131 b\u00f6lgelerinde bulunan farkl\u0131 hedefler\u00a0<strong>\u0130srail g\u00fc\u00e7lerince<\/strong>\u00a0top at\u0131\u015flar\u0131n\u0131n yan\u0131 s\u0131ra hava ve denizden de e\u015f zamanl\u0131 olarak yo\u011fun bi\u00e7imde bombaland\u0131.<\/p>\n\n\n\n<p>Sald\u0131r\u0131lar nedeniyle kentin kuzeyinde elektrik kesintileri ya\u015fan\u0131rken, \u0130srail ordusunun bombalad\u0131\u011f\u0131 b\u00f6lgelerden alevlerin y\u00fckseldi\u011fi g\u00f6r\u00fcld\u00fc.<\/p>\n\n\n\n<p>S\u00f6z konusu b\u00f6lgelere ambulans ve&nbsp;<strong>sivil savunma ekipleri<\/strong>&nbsp;sevk edildi.<\/p>\n\n\n\n<p>\u00d6te yandan \u0130srail ordusundan yap\u0131lan yaz\u0131l\u0131 a\u00e7\u0131klamada, hava ve kara kuvvetlerinin \u015fu saatlerde Gazze \u015eeridi&#8217;ne sald\u0131r\u0131 d\u00fczenledi\u011fi belirtildi.<\/p>\n\n\n\n<p>Sald\u0131r\u0131da \u00f6len ya da yaralanan olup olmad\u0131\u011f\u0131 ise hen\u00fcz bilinmiyor.<\/p>\n\n\n\n<p>\u0130srail ordusu, Gazze \u015eeridi&#8217;ne karadan da operasyon ba\u015flatt\u0131\u011f\u0131n\u0131 duyurmu\u015ftu.<\/p>\n\n\n\n<h3 class=\"wp-block-heading\">Sald\u0131r\u0131larda 6 Filistinli daha \u015fehit oldu<\/h3>\n\n\n\n<p>Gazze&#8217;deki Sa\u011fl\u0131k Bakanl\u0131\u011f\u0131ndan yap\u0131lan yaz\u0131l\u0131 a\u00e7\u0131klamada, 6 Filistinlinin daha \u015fehit oldu\u011fu belirtildi.<\/p>\n\n\n\n<p>\u0130srail&#8217;in sald\u0131r\u0131lar\u0131nda 10 May\u0131s&#8217;tan bu yana 28&#8217;i \u00e7ocuk, 15&#8242; kad\u0131n olmak \u00fczere \u015fehit say\u0131s\u0131n\u0131n 109&#8217;a, yaral\u0131 say\u0131s\u0131n\u0131n da 621&#8217;e y\u00fckseldi\u011fi kaydedildi.<\/p>\n\n\n\n<p>Bakanl\u0131k, daha \u00f6nce yapt\u0131\u011f\u0131 a\u00e7\u0131klamada Gazze&#8217;deki \u015fehit say\u0131s\u0131n\u0131 103, yaral\u0131 say\u0131s\u0131n\u0131 da 580 olarak duyurmu\u015ftu.<\/p>\n\n\n\n<p>\u0130srail ordusu, Gazze \u015eeridi&#8217;ne kara operasyonu ba\u015flatt\u0131\u011f\u0131n\u0131 ve askerlerin Gazze&#8217;ye girdi\u011fini bildirmi\u015fti.<\/p>\n\n\n\n<h3 class=\"wp-block-heading\">Sald\u0131r\u0131da bir baba ile 3 \u00e7ocu\u011fu \u015fehit oldu<\/h3>\n\n\n\n<p>\u0130srail&#8217;in abluka alt\u0131ndaki Gazze \u015eeridi&#8217;ne d\u00fczenledi\u011fi sald\u0131r\u0131larda bir baba ile 3 \u00e7ocu\u011fu \u015fehit oldu.<\/p>\n\n\n\n<p>Sivil savunma ekiplerinden al\u0131nan bilgiye g\u00f6re, \u0130srail ordusu Gazze&#8217;nin kuzey kesimlerini yo\u011fun \u015fekilde bombalad\u0131.<\/p>\n\n\n\n<p>\u0130srail bombard\u0131man\u0131nda y\u0131k\u0131lan Beyt Lahiya b\u00f6lgesindeki bir evin enkaz\u0131ndan Filistinli bir baba ile 3 \u00e7ocu\u011funun cans\u0131z bedeni \u00e7\u0131kar\u0131ld\u0131.<\/p>\n\n\n\n<p>Sivil savunma ekipleri, Gazze&#8217;nin farkl\u0131 b\u00f6lgelerinde hava bombard\u0131manlar\u0131nda y\u0131k\u0131lan evlerin enkaz\u0131nda arama-kurtarma \u00e7al\u0131\u015fmalar\u0131n\u0131 s\u00fcrd\u00fcr\u00fcyor.<\/p>","protected":false},"excerpt":{"rendered":"<p>\u0130srail ordusu abluka alt\u0131ndaki Gazze \u015eeridi&#8217;nin kuzey kesimine kara, hava ve denizden yo\u011fun \u015fekilde sald\u0131r\u0131 d\u00fczenledi. Sald\u0131r\u0131larda 6 Filistinli daha \u015fehit oldu. Gazze&#8216;nin kuzey kesiminin do\u011fu ve bat\u0131 b\u00f6lgelerinde bulunan farkl\u0131 hedefler\u00a0\u0130srail g\u00fc\u00e7lerince\u00a0top at\u0131\u015flar\u0131n\u0131n yan\u0131 s\u0131ra hava ve denizden de e\u015f zamanl\u0131 olarak yo\u011fun bi\u00e7imde bombaland\u0131. Sald\u0131r\u0131lar nedeniyle kentin kuzeyinde elektrik kesintileri ya\u015fan\u0131rken, \u0130srail ordusunun [&hellip;]<\/p>","protected":false},"author":1,"featured_media":5723,"comment_status":"open","ping_status":"open","sticky":false,"template":"","format":"standard","meta":{"om_disable_all_campaigns":false,"_monsterinsights_skip_tracking":false,"_monsterinsights_sitenote_active":false,"_monsterinsights_sitenote_note":"","_monsterinsights_sitenote_category":0,"_uf_show_specific_survey":0,"_uf_disable_surveys":false,"footnotes":"","jetpack_publicize_message":"","jetpack_publicize_feature_enabled":true,"jetpack_social_post_already_shared":false,"jetpack_social_options":{"image_generator_settings":{"template":"highway","default_image_id":0,"font":"","enabled":false},"version":2}},"categories":[85],"tags":[268],"class_list":{"0":"post-5722","1":"post","2":"type-post","3":"status-publish","4":"format-standard","5":"has-post-thumbnail","7":"category-dunya","8":"tag-israil-ordusu"},"yoast_head":"<!-- This site is optimized with the Yoast SEO plugin v23.8 - https:\/\/yoast.com\/wordpress\/plugins\/seo\/ -->\n<title>\u0130srail ordusu Gazze \u015eeridi&#039;ni kara, hava ve denizden yo\u011fun \u015fekilde bombalad\u0131 - NETBAKIS<\/title>\n<meta name=\"robots\" content=\"index, follow, max-snippet:-1, max-image-preview:large, max-video-preview:-1\" \/>\n<link rel=\"canonical\" href=\"https:\/\/netbakis.net\/tr\/5722\/\" \/>\n<meta property=\"og:locale\" content=\"tr_TR\" \/>\n<meta property=\"og:type\" content=\"article\" \/>\n<meta property=\"og:title\" content=\"\u0130srail ordusu Gazze \u015eeridi&#039;ni kara, hava ve denizden yo\u011fun \u015fekilde bombalad\u0131 - NETBAKIS\" \/>\n<meta property=\"og:description\" content=\"\u0130srail ordusu abluka alt\u0131ndaki Gazze \u015eeridi&#8217;nin kuzey kesimine kara, hava ve denizden yo\u011fun \u015fekilde sald\u0131r\u0131 d\u00fczenledi. Sald\u0131r\u0131larda 6 Filistinli daha \u015fehit oldu. Gazze&#8216;nin kuzey kesiminin do\u011fu ve bat\u0131 b\u00f6lgelerinde bulunan farkl\u0131 hedefler\u00a0\u0130srail g\u00fc\u00e7lerince\u00a0top at\u0131\u015flar\u0131n\u0131n yan\u0131 s\u0131ra hava ve denizden de e\u015f zamanl\u0131 olarak yo\u011fun bi\u00e7imde bombaland\u0131. Sald\u0131r\u0131lar nedeniyle kentin kuzeyinde elektrik kesintileri ya\u015fan\u0131rken, \u0130srail ordusunun [&hellip;]\" \/>\n<meta property=\"og:url\" content=\"https:\/\/netbakis.net\/tr\/5722\/\" \/>\n<meta property=\"og:site_name\" content=\"NETBAKIS\" \/>\n<meta property=\"article:published_time\" content=\"2021-05-14T06:11:20+00:00\" \/>\n<meta property=\"article:modified_time\" content=\"2021-05-14T06:11:21+00:00\" \/>\n<meta property=\"og:image\" content=\"https:\/\/netbakis.net\/wp-content\/uploads\/2021\/05\/thumbs_b_c_210578d2a3b835bf619b3531d83da1d0.jpg\" \/>\n\t<meta property=\"og:image:width\" content=\"864\" \/>\n\t<meta property=\"og:image:height\" content=\"486\" \/>\n\t<meta property=\"og:image:type\" content=\"image\/jpeg\" \/>\n<meta name=\"author\" content=\"netbakis.net\" \/>\n<meta name=\"twitter:card\" content=\"summary_large_image\" \/>\n<meta name=\"twitter:label1\" content=\"Yazan:\" \/>\n\t<meta name=\"twitter:data1\" content=\"netbakis.net\" \/>\n\t<meta name=\"twitter:label2\" content=\"Tahmini okuma s\u00fcresi\" \/>\n\t<meta name=\"twitter:data2\" content=\"2 dakika\" \/>\n<script type=\"application\/ld+json\" class=\"yoast-schema-graph\">{\"@context\":\"https:\/\/schema.org\",\"@graph\":[{\"@type\":\"WebPage\",\"@id\":\"https:\/\/netbakis.net\/5722\/\",\"url\":\"https:\/\/netbakis.net\/5722\/\",\"name\":\"\u0130srail ordusu Gazze \u015eeridi'ni kara, hava ve denizden yo\u011fun \u015fekilde bombalad\u0131 - NETBAKIS\",\"isPartOf\":{\"@id\":\"https:\/\/netbakis.net\/#website\"},\"primaryImageOfPage\":{\"@id\":\"https:\/\/netbakis.net\/5722\/#primaryimage\"},\"image\":{\"@id\":\"https:\/\/netbakis.net\/5722\/#primaryimage\"},\"thumbnailUrl\":\"https:\/\/netbakis.net\/wp-content\/uploads\/2021\/05\/thumbs_b_c_210578d2a3b835bf619b3531d83da1d0.jpg\",\"datePublished\":\"2021-05-14T06:11:20+00:00\",\"dateModified\":\"2021-05-14T06:11:21+00:00\",\"author\":{\"@id\":\"https:\/\/netbakis.net\/#\/schema\/person\/5d9b5c3f48ca4a3c69967d619fc8c7f4\"},\"breadcrumb\":{\"@id\":\"https:\/\/netbakis.net\/5722\/#breadcrumb\"},\"inLanguage\":\"tr\",\"potentialAction\":[{\"@type\":\"ReadAction\",\"target\":[\"https:\/\/netbakis.net\/5722\/\"]}]},{\"@type\":\"ImageObject\",\"inLanguage\":\"tr\",\"@id\":\"https:\/\/netbakis.net\/5722\/#primaryimage\",\"url\":\"https:\/\/netbakis.net\/wp-content\/uploads\/2021\/05\/thumbs_b_c_210578d2a3b835bf619b3531d83da1d0.jpg\",\"contentUrl\":\"https:\/\/netbakis.net\/wp-content\/uploads\/2021\/05\/thumbs_b_c_210578d2a3b835bf619b3531d83da1d0.jpg\",\"width\":864,\"height\":486,\"caption\":\"\u0130srail ordusu\"},{\"@type\":\"BreadcrumbList\",\"@id\":\"https:\/\/netbakis.net\/5722\/#breadcrumb\",\"itemListElement\":[{\"@type\":\"ListItem\",\"position\":1,\"name\":\"Home\",\"item\":\"https:\/\/netbakis.net\/\"},{\"@type\":\"ListItem\",\"position\":2,\"name\":\"\u0130srail ordusu Gazze \u015eeridi&#8217;ni kara, hava ve denizden yo\u011fun \u015fekilde bombalad\u0131\"}]},{\"@type\":\"WebSite\",\"@id\":\"https:\/\/netbakis.net\/#website\",\"url\":\"https:\/\/netbakis.net\/\",\"name\":\"NETBAKIS\",\"description\":\"SON DAKIKA\",\"potentialAction\":[{\"@type\":\"SearchAction\",\"target\":{\"@type\":\"EntryPoint\",\"urlTemplate\":\"https:\/\/netbakis.net\/?s={search_term_string}\"},\"query-input\":{\"@type\":\"PropertyValueSpecification\",\"valueRequired\":true,\"valueName\":\"search_term_string\"}}],\"inLanguage\":\"tr\"},{\"@type\":\"Person\",\"@id\":\"https:\/\/netbakis.net\/#\/schema\/person\/5d9b5c3f48ca4a3c69967d619fc8c7f4\",\"name\":\"netbakis.net\",\"image\":{\"@type\":\"ImageObject\",\"inLanguage\":\"tr\",\"@id\":\"https:\/\/netbakis.net\/#\/schema\/person\/image\/\",\"url\":\"https:\/\/secure.gravatar.com\/avatar\/4ddeae49d2d3e3568a8d5b0937642efdf0b72468dbe3f213bc1978faa47af0d1?s=96&d=wp_user_avatar&r=g\",\"contentUrl\":\"https:\/\/secure.gravatar.com\/avatar\/4ddeae49d2d3e3568a8d5b0937642efdf0b72468dbe3f213bc1978faa47af0d1?s=96&d=wp_user_avatar&r=g\",\"caption\":\"netbakis.net\"},\"sameAs\":[\"https:\/\/netbakis.net\"],\"url\":\"https:\/\/netbakis.net\/tr\/author\/netbakis-net\/\"}]}<\/script>\n<!-- \/ Yoast SEO plugin. -->","yoast_head_json":{"title":"\u0130srail ordusu Gazze \u015eeridi'ni kara, hava ve denizden yo\u011fun \u015fekilde bombalad\u0131 - NETBAKIS","robots":{"index":"index","follow":"follow","max-snippet":"max-snippet:-1","max-image-preview":"max-image-preview:large","max-video-preview":"max-video-preview:-1"},"canonical":"https:\/\/netbakis.net\/tr\/5722\/","og_locale":"tr_TR","og_type":"article","og_title":"\u0130srail ordusu Gazze \u015eeridi'ni kara, hava ve denizden yo\u011fun \u015fekilde bombalad\u0131 - NETBAKIS","og_description":"\u0130srail ordusu abluka alt\u0131ndaki Gazze \u015eeridi&#8217;nin kuzey kesimine kara, hava ve denizden yo\u011fun \u015fekilde sald\u0131r\u0131 d\u00fczenledi. Sald\u0131r\u0131larda 6 Filistinli daha \u015fehit oldu. Gazze&#8216;nin kuzey kesiminin do\u011fu ve bat\u0131 b\u00f6lgelerinde bulunan farkl\u0131 hedefler\u00a0\u0130srail g\u00fc\u00e7lerince\u00a0top at\u0131\u015flar\u0131n\u0131n yan\u0131 s\u0131ra hava ve denizden de e\u015f zamanl\u0131 olarak yo\u011fun bi\u00e7imde bombaland\u0131. Sald\u0131r\u0131lar nedeniyle kentin kuzeyinde elektrik kesintileri ya\u015fan\u0131rken, \u0130srail ordusunun [&hellip;]","og_url":"https:\/\/netbakis.net\/tr\/5722\/","og_site_name":"NETBAKIS","article_published_time":"2021-05-14T06:11:20+00:00","article_modified_time":"2021-05-14T06:11:21+00:00","og_image":[{"width":864,"height":486,"url":"https:\/\/netbakis.net\/wp-content\/uploads\/2021\/05\/thumbs_b_c_210578d2a3b835bf619b3531d83da1d0.jpg","type":"image\/jpeg"}],"author":"netbakis.net","twitter_card":"summary_large_image","twitter_misc":{"Yazan:":"netbakis.net","Tahmini okuma s\u00fcresi":"2 dakika"},"schema":{"@context":"https:\/\/schema.org","@graph":[{"@type":"WebPage","@id":"https:\/\/netbakis.net\/5722\/","url":"https:\/\/netbakis.net\/5722\/","name":"\u0130srail ordusu Gazze \u015eeridi'ni kara, hava ve denizden yo\u011fun \u015fekilde bombalad\u0131 - NETBAKIS","isPartOf":{"@id":"https:\/\/netbakis.net\/#website"},"primaryImageOfPage":{"@id":"https:\/\/netbakis.net\/5722\/#primaryimage"},"image":{"@id":"https:\/\/netbakis.net\/5722\/#primaryimage"},"thumbnailUrl":"https:\/\/netbakis.net\/wp-content\/uploads\/2021\/05\/thumbs_b_c_210578d2a3b835bf619b3531d83da1d0.jpg","datePublished":"2021-05-14T06:11:20+00:00","dateModified":"2021-05-14T06:11:21+00:00","author":{"@id":"https:\/\/netbakis.net\/#\/schema\/person\/5d9b5c3f48ca4a3c69967d619fc8c7f4"},"breadcrumb":{"@id":"https:\/\/netbakis.net\/5722\/#breadcrumb"},"inLanguage":"tr","potentialAction":[{"@type":"ReadAction","target":["https:\/\/netbakis.net\/5722\/"]}]},{"@type":"ImageObject","inLanguage":"tr","@id":"https:\/\/netbakis.net\/5722\/#primaryimage","url":"https:\/\/netbakis.net\/wp-content\/uploads\/2021\/05\/thumbs_b_c_210578d2a3b835bf619b3531d83da1d0.jpg","contentUrl":"https:\/\/netbakis.net\/wp-content\/uploads\/2021\/05\/thumbs_b_c_210578d2a3b835bf619b3531d83da1d0.jpg","width":864,"height":486,"caption":"\u0130srail ordusu"},{"@type":"BreadcrumbList","@id":"https:\/\/netbakis.net\/5722\/#breadcrumb","itemListElement":[{"@type":"ListItem","position":1,"name":"Home","item":"https:\/\/netbakis.net\/"},{"@type":"ListItem","position":2,"name":"\u0130srail ordusu Gazze \u015eeridi&#8217;ni kara, hava ve denizden yo\u011fun \u015fekilde bombalad\u0131"}]},{"@type":"WebSite","@id":"https:\/\/netbakis.net\/#website","url":"https:\/\/netbakis.net\/","name":"NETBAKIS","description":"SON DAKIKA","potentialAction":[{"@type":"SearchAction","target":{"@type":"EntryPoint","urlTemplate":"https:\/\/netbakis.net\/?s={search_term_string}"},"query-input":{"@type":"PropertyValueSpecification","valueRequired":true,"valueName":"search_term_string"}}],"inLanguage":"tr"},{"@type":"Person","@id":"https:\/\/netbakis.net\/#\/schema\/person\/5d9b5c3f48ca4a3c69967d619fc8c7f4","name":"netbakis.net","image":{"@type":"ImageObject","inLanguage":"tr","@id":"https:\/\/netbakis.net\/#\/schema\/person\/image\/","url":"https:\/\/secure.gravatar.com\/avatar\/4ddeae49d2d3e3568a8d5b0937642efdf0b72468dbe3f213bc1978faa47af0d1?s=96&d=wp_user_avatar&r=g","contentUrl":"https:\/\/secure.gravatar.com\/avatar\/4ddeae49d2d3e3568a8d5b0937642efdf0b72468dbe3f213bc1978faa47af0d1?s=96&d=wp_user_avatar&r=g","caption":"netbakis.net"},"sameAs":["https:\/\/netbakis.net"],"url":"https:\/\/netbakis.net\/tr\/author\/netbakis-net\/"}]}},"jetpack_publicize_connections":[],"_links":{"self":[{"href":"https:\/\/netbakis.net\/tr\/wp-json\/wp\/v2\/posts\/5722","targetHints":{"allow":["GET"]}}],"collection":[{"href":"https:\/\/netbakis.net\/tr\/wp-json\/wp\/v2\/posts"}],"about":[{"href":"https:\/\/netbakis.net\/tr\/wp-json\/wp\/v2\/types\/post"}],"author":[{"embeddable":true,"href":"https:\/\/netbakis.net\/tr\/wp-json\/wp\/v2\/users\/1"}],"replies":[{"embeddable":true,"href":"https:\/\/netbakis.net\/tr\/wp-json\/wp\/v2\/comments?post=5722"}],"version-history":[{"count":1,"href":"https:\/\/netbakis.net\/tr\/wp-json\/wp\/v2\/posts\/5722\/revisions"}],"predecessor-version":[{"id":5724,"href":"https:\/\/netbakis.net\/tr\/wp-json\/wp\/v2\/posts\/5722\/revisions\/5724"}],"wp:featuredmedia":[{"embeddable":true,"href":"https:\/\/netbakis.net\/tr\/wp-json\/wp\/v2\/media\/5723"}],"wp:attachment":[{"href":"https:\/\/netbakis.net\/tr\/wp-json\/wp\/v2\/media?parent=5722"}],"wp:term":[{"taxonomy":"category","embeddable":true,"href":"https:\/\/netbakis.net\/tr\/wp-json\/wp\/v2\/categories?post=5722"},{"taxonomy":"post_tag","embeddable":true,"href":"https:\/\/netbakis.net\/tr\/wp-json\/wp\/v2\/tags?post=5722"}],"curies":[{"name":"wp","href":"https:\/\/api.w.org\/{rel}","templated":true}]}}