{"id":5716,"date":"2021-05-13T17:56:30","date_gmt":"2021-05-13T17:56:30","guid":{"rendered":"https:\/\/netbakis.net\/?p=5716"},"modified":"2021-05-13T17:56:31","modified_gmt":"2021-05-13T17:56:31","slug":"daude-israilin-gazzeye-yonelik-saldirilari-protesto-edildi","status":"publish","type":"post","link":"https:\/\/netbakis.net\/tr\/5716\/","title":{"rendered":"DA\u00dc\u2019de \u0130srail\u2019in Gazze\u2019ye Y\u00f6nelik Sald\u0131r\u0131lar\u0131 Protesto Edildi"},"content":{"rendered":"<p>Do\u011fu Akdeniz \u00dcniversitesi\u2019nde (DA\u00dc) e\u011fitim g\u00f6ren Filistinli \u00f6\u011frenciler \u0130srail\u2019in Gazze\u2019ye y\u00f6nelik sald\u0131r\u0131s\u0131n\u0131 protesto etti.<\/p>\n\n\n\n<p>Do\u011fu Akdeniz \u00dcniversitesi\u2019nde (DA\u00dc) e\u011fitim g\u00f6ren Filistinli \u00f6\u011frenciler \u0130srail\u2019in Gazze\u2019ye y\u00f6nelik sald\u0131r\u0131s\u0131n\u0131 protesto etti.<\/p>\n\n\n\n<p>DA\u00dc Sosyal ve K\u00fclt\u00fcrel \u0130\u015flerden Sorumlu Rekt\u00f6r Yard\u0131mc\u0131s\u0131 Do\u00e7. Dr. Deniz \u0130\u015f\u00e7io\u011flu\u2019nun da yer ald\u0131\u011f\u0131 protestoda \u00f6\u011frenciler pankartlarla slogan atarak DA\u00dc\u2019de y\u00fcr\u00fcy\u00fc\u015f ger\u00e7ekle\u015ftirdi.<\/p>\n\n\n\n<p>\u00dcniversiteden verilen bilgiye g\u00f6re, Do\u00e7. Dr. \u0130\u015f\u00e7io\u011flu, \u201cDA\u00dc Rekt\u00f6rl\u00fc\u011f\u00fc olarak Filistinli \u00f6\u011frencilerimizin ac\u0131s\u0131n\u0131 derinden payla\u015f\u0131yoruz. Sald\u0131r\u0131larda hayat\u0131n\u0131 kaybedenlere Allah\u2019tan rahmet, yaralananlara ise acil \u015fifalar diliyoruz. Evrensel bar\u0131\u015f\u0131n ne kadar \u00f6nemli oldu\u011funu bu olaylarla birlikte bir kez daha anlad\u0131k\u201d dedi.<\/p>\n\n\n\n<p>DA\u00dc Fen ve Edebiyat Fak\u00fcltesi, Fizik B\u00f6l\u00fcm\u00fc \u00d6\u011fretim \u00dcyesi ve KKTC- Filistin Toplulu\u011fu Ba\u015fkan\u0131 Prof. Dr. Omar Mustafa, Filistin halk\u0131 olarak d\u00fcnyadaki M\u00fcsl\u00fcmanlar\u0131n onurunu, \u015ferefini ve haysiyetini temsil eden Mescid-i Aksa\u2019y\u0131 savunmaya devam edeceklerinin belirtti.&nbsp;<\/p>\n\n\n\n<p>Mustafa, \u201cNefesimizin sonuna kadar, kan\u0131m\u0131z\u0131n son damlas\u0131na kadar direni\u015f g\u00f6stermeye devam edece\u011fiz. Herkes bilsin ki Kud\u00fcs Filistin devletinin kutsal ve ezeli ba\u015fkentidir. Bu amaca ula\u015fana kadar direni\u015fimizi ve ayaklanmam\u0131z\u0131 devam ettirece\u011fiz\u201d dedi.<\/p>","protected":false},"excerpt":{"rendered":"<p>Do\u011fu Akdeniz \u00dcniversitesi\u2019nde (DA\u00dc) e\u011fitim g\u00f6ren Filistinli \u00f6\u011frenciler \u0130srail\u2019in Gazze\u2019ye y\u00f6nelik sald\u0131r\u0131s\u0131n\u0131 protesto etti. Do\u011fu Akdeniz \u00dcniversitesi\u2019nde (DA\u00dc) e\u011fitim g\u00f6ren Filistinli \u00f6\u011frenciler \u0130srail\u2019in Gazze\u2019ye y\u00f6nelik sald\u0131r\u0131s\u0131n\u0131 protesto etti. DA\u00dc Sosyal ve K\u00fclt\u00fcrel \u0130\u015flerden Sorumlu Rekt\u00f6r Yard\u0131mc\u0131s\u0131 Do\u00e7. Dr. Deniz \u0130\u015f\u00e7io\u011flu\u2019nun da yer ald\u0131\u011f\u0131 protestoda \u00f6\u011frenciler pankartlarla slogan atarak DA\u00dc\u2019de y\u00fcr\u00fcy\u00fc\u015f ger\u00e7ekle\u015ftirdi. \u00dcniversiteden verilen bilgiye g\u00f6re, [&hellip;]<\/p>","protected":false},"author":1,"featured_media":5717,"comment_status":"open","ping_status":"open","sticky":false,"template":"","format":"standard","meta":{"om_disable_all_campaigns":false,"_monsterinsights_skip_tracking":false,"_monsterinsights_sitenote_active":false,"_monsterinsights_sitenote_note":"","_monsterinsights_sitenote_category":0,"_uf_show_specific_survey":0,"_uf_disable_surveys":false,"footnotes":"","jetpack_publicize_message":"","jetpack_publicize_feature_enabled":true,"jetpack_social_post_already_shared":false,"jetpack_social_options":{"image_generator_settings":{"template":"highway","default_image_id":0,"font":"","enabled":false},"version":2}},"categories":[81],"tags":[267],"class_list":{"0":"post-5716","1":"post","2":"type-post","3":"status-publish","4":"format-standard","5":"has-post-thumbnail","7":"category-gundem","8":"tag-dau"},"yoast_head":"<!-- This site is optimized with the Yoast SEO plugin v23.8 - https:\/\/yoast.com\/wordpress\/plugins\/seo\/ -->\n<title>DA\u00dc\u2019de \u0130srail\u2019in Gazze\u2019ye Y\u00f6nelik Sald\u0131r\u0131lar\u0131 Protesto Edildi - NETBAKIS<\/title>\n<meta name=\"robots\" content=\"index, follow, max-snippet:-1, max-image-preview:large, max-video-preview:-1\" \/>\n<link rel=\"canonical\" href=\"https:\/\/netbakis.net\/tr\/5716\/\" \/>\n<meta property=\"og:locale\" content=\"tr_TR\" \/>\n<meta property=\"og:type\" content=\"article\" \/>\n<meta property=\"og:title\" content=\"DA\u00dc\u2019de \u0130srail\u2019in Gazze\u2019ye Y\u00f6nelik Sald\u0131r\u0131lar\u0131 Protesto Edildi - NETBAKIS\" \/>\n<meta property=\"og:description\" content=\"Do\u011fu Akdeniz \u00dcniversitesi\u2019nde (DA\u00dc) e\u011fitim g\u00f6ren Filistinli \u00f6\u011frenciler \u0130srail\u2019in Gazze\u2019ye y\u00f6nelik sald\u0131r\u0131s\u0131n\u0131 protesto etti. Do\u011fu Akdeniz \u00dcniversitesi\u2019nde (DA\u00dc) e\u011fitim g\u00f6ren Filistinli \u00f6\u011frenciler \u0130srail\u2019in Gazze\u2019ye y\u00f6nelik sald\u0131r\u0131s\u0131n\u0131 protesto etti. DA\u00dc Sosyal ve K\u00fclt\u00fcrel \u0130\u015flerden Sorumlu Rekt\u00f6r Yard\u0131mc\u0131s\u0131 Do\u00e7. Dr. Deniz \u0130\u015f\u00e7io\u011flu\u2019nun da yer ald\u0131\u011f\u0131 protestoda \u00f6\u011frenciler pankartlarla slogan atarak DA\u00dc\u2019de y\u00fcr\u00fcy\u00fc\u015f ger\u00e7ekle\u015ftirdi. \u00dcniversiteden verilen bilgiye g\u00f6re, [&hellip;]\" \/>\n<meta property=\"og:url\" content=\"https:\/\/netbakis.net\/tr\/5716\/\" \/>\n<meta property=\"og:site_name\" content=\"NETBAKIS\" \/>\n<meta property=\"article:published_time\" content=\"2021-05-13T17:56:30+00:00\" \/>\n<meta property=\"article:modified_time\" content=\"2021-05-13T17:56:31+00:00\" \/>\n<meta property=\"og:image\" content=\"https:\/\/netbakis.net\/wp-content\/uploads\/2021\/05\/dau.jpg\" \/>\n\t<meta property=\"og:image:width\" content=\"910\" \/>\n\t<meta property=\"og:image:height\" content=\"430\" \/>\n\t<meta property=\"og:image:type\" content=\"image\/jpeg\" \/>\n<meta name=\"author\" content=\"netbakis.net\" \/>\n<meta name=\"twitter:card\" content=\"summary_large_image\" \/>\n<meta name=\"twitter:label1\" content=\"Yazan:\" \/>\n\t<meta name=\"twitter:data1\" content=\"netbakis.net\" \/>\n\t<meta name=\"twitter:label2\" content=\"Tahmini okuma s\u00fcresi\" \/>\n\t<meta name=\"twitter:data2\" content=\"1 dakika\" \/>\n<script type=\"application\/ld+json\" class=\"yoast-schema-graph\">{\"@context\":\"https:\/\/schema.org\",\"@graph\":[{\"@type\":\"WebPage\",\"@id\":\"https:\/\/netbakis.net\/5716\/\",\"url\":\"https:\/\/netbakis.net\/5716\/\",\"name\":\"DA\u00dc\u2019de \u0130srail\u2019in Gazze\u2019ye Y\u00f6nelik Sald\u0131r\u0131lar\u0131 Protesto Edildi - NETBAKIS\",\"isPartOf\":{\"@id\":\"https:\/\/netbakis.net\/#website\"},\"primaryImageOfPage\":{\"@id\":\"https:\/\/netbakis.net\/5716\/#primaryimage\"},\"image\":{\"@id\":\"https:\/\/netbakis.net\/5716\/#primaryimage\"},\"thumbnailUrl\":\"https:\/\/netbakis.net\/wp-content\/uploads\/2021\/05\/dau.jpg\",\"datePublished\":\"2021-05-13T17:56:30+00:00\",\"dateModified\":\"2021-05-13T17:56:31+00:00\",\"author\":{\"@id\":\"https:\/\/netbakis.net\/#\/schema\/person\/5d9b5c3f48ca4a3c69967d619fc8c7f4\"},\"breadcrumb\":{\"@id\":\"https:\/\/netbakis.net\/5716\/#breadcrumb\"},\"inLanguage\":\"tr\",\"potentialAction\":[{\"@type\":\"ReadAction\",\"target\":[\"https:\/\/netbakis.net\/5716\/\"]}]},{\"@type\":\"ImageObject\",\"inLanguage\":\"tr\",\"@id\":\"https:\/\/netbakis.net\/5716\/#primaryimage\",\"url\":\"https:\/\/netbakis.net\/wp-content\/uploads\/2021\/05\/dau.jpg\",\"contentUrl\":\"https:\/\/netbakis.net\/wp-content\/uploads\/2021\/05\/dau.jpg\",\"width\":910,\"height\":430,\"caption\":\"DA\u00dc\"},{\"@type\":\"BreadcrumbList\",\"@id\":\"https:\/\/netbakis.net\/5716\/#breadcrumb\",\"itemListElement\":[{\"@type\":\"ListItem\",\"position\":1,\"name\":\"Home\",\"item\":\"https:\/\/netbakis.net\/\"},{\"@type\":\"ListItem\",\"position\":2,\"name\":\"DA\u00dc\u2019de \u0130srail\u2019in Gazze\u2019ye Y\u00f6nelik Sald\u0131r\u0131lar\u0131 Protesto Edildi\"}]},{\"@type\":\"WebSite\",\"@id\":\"https:\/\/netbakis.net\/#website\",\"url\":\"https:\/\/netbakis.net\/\",\"name\":\"NETBAKIS\",\"description\":\"SON DAKIKA\",\"potentialAction\":[{\"@type\":\"SearchAction\",\"target\":{\"@type\":\"EntryPoint\",\"urlTemplate\":\"https:\/\/netbakis.net\/?s={search_term_string}\"},\"query-input\":{\"@type\":\"PropertyValueSpecification\",\"valueRequired\":true,\"valueName\":\"search_term_string\"}}],\"inLanguage\":\"tr\"},{\"@type\":\"Person\",\"@id\":\"https:\/\/netbakis.net\/#\/schema\/person\/5d9b5c3f48ca4a3c69967d619fc8c7f4\",\"name\":\"netbakis.net\",\"image\":{\"@type\":\"ImageObject\",\"inLanguage\":\"tr\",\"@id\":\"https:\/\/netbakis.net\/#\/schema\/person\/image\/\",\"url\":\"https:\/\/secure.gravatar.com\/avatar\/4ddeae49d2d3e3568a8d5b0937642efdf0b72468dbe3f213bc1978faa47af0d1?s=96&d=wp_user_avatar&r=g\",\"contentUrl\":\"https:\/\/secure.gravatar.com\/avatar\/4ddeae49d2d3e3568a8d5b0937642efdf0b72468dbe3f213bc1978faa47af0d1?s=96&d=wp_user_avatar&r=g\",\"caption\":\"netbakis.net\"},\"sameAs\":[\"https:\/\/netbakis.net\"],\"url\":\"https:\/\/netbakis.net\/tr\/author\/netbakis-net\/\"}]}<\/script>\n<!-- \/ Yoast SEO plugin. -->","yoast_head_json":{"title":"DA\u00dc\u2019de \u0130srail\u2019in Gazze\u2019ye Y\u00f6nelik Sald\u0131r\u0131lar\u0131 Protesto Edildi - NETBAKIS","robots":{"index":"index","follow":"follow","max-snippet":"max-snippet:-1","max-image-preview":"max-image-preview:large","max-video-preview":"max-video-preview:-1"},"canonical":"https:\/\/netbakis.net\/tr\/5716\/","og_locale":"tr_TR","og_type":"article","og_title":"DA\u00dc\u2019de \u0130srail\u2019in Gazze\u2019ye Y\u00f6nelik Sald\u0131r\u0131lar\u0131 Protesto Edildi - NETBAKIS","og_description":"Do\u011fu Akdeniz \u00dcniversitesi\u2019nde (DA\u00dc) e\u011fitim g\u00f6ren Filistinli \u00f6\u011frenciler \u0130srail\u2019in Gazze\u2019ye y\u00f6nelik sald\u0131r\u0131s\u0131n\u0131 protesto etti. Do\u011fu Akdeniz \u00dcniversitesi\u2019nde (DA\u00dc) e\u011fitim g\u00f6ren Filistinli \u00f6\u011frenciler \u0130srail\u2019in Gazze\u2019ye y\u00f6nelik sald\u0131r\u0131s\u0131n\u0131 protesto etti. DA\u00dc Sosyal ve K\u00fclt\u00fcrel \u0130\u015flerden Sorumlu Rekt\u00f6r Yard\u0131mc\u0131s\u0131 Do\u00e7. Dr. Deniz \u0130\u015f\u00e7io\u011flu\u2019nun da yer ald\u0131\u011f\u0131 protestoda \u00f6\u011frenciler pankartlarla slogan atarak DA\u00dc\u2019de y\u00fcr\u00fcy\u00fc\u015f ger\u00e7ekle\u015ftirdi. \u00dcniversiteden verilen bilgiye g\u00f6re, [&hellip;]","og_url":"https:\/\/netbakis.net\/tr\/5716\/","og_site_name":"NETBAKIS","article_published_time":"2021-05-13T17:56:30+00:00","article_modified_time":"2021-05-13T17:56:31+00:00","og_image":[{"width":910,"height":430,"url":"https:\/\/netbakis.net\/wp-content\/uploads\/2021\/05\/dau.jpg","type":"image\/jpeg"}],"author":"netbakis.net","twitter_card":"summary_large_image","twitter_misc":{"Yazan:":"netbakis.net","Tahmini okuma s\u00fcresi":"1 dakika"},"schema":{"@context":"https:\/\/schema.org","@graph":[{"@type":"WebPage","@id":"https:\/\/netbakis.net\/5716\/","url":"https:\/\/netbakis.net\/5716\/","name":"DA\u00dc\u2019de \u0130srail\u2019in Gazze\u2019ye Y\u00f6nelik Sald\u0131r\u0131lar\u0131 Protesto Edildi - NETBAKIS","isPartOf":{"@id":"https:\/\/netbakis.net\/#website"},"primaryImageOfPage":{"@id":"https:\/\/netbakis.net\/5716\/#primaryimage"},"image":{"@id":"https:\/\/netbakis.net\/5716\/#primaryimage"},"thumbnailUrl":"https:\/\/netbakis.net\/wp-content\/uploads\/2021\/05\/dau.jpg","datePublished":"2021-05-13T17:56:30+00:00","dateModified":"2021-05-13T17:56:31+00:00","author":{"@id":"https:\/\/netbakis.net\/#\/schema\/person\/5d9b5c3f48ca4a3c69967d619fc8c7f4"},"breadcrumb":{"@id":"https:\/\/netbakis.net\/5716\/#breadcrumb"},"inLanguage":"tr","potentialAction":[{"@type":"ReadAction","target":["https:\/\/netbakis.net\/5716\/"]}]},{"@type":"ImageObject","inLanguage":"tr","@id":"https:\/\/netbakis.net\/5716\/#primaryimage","url":"https:\/\/netbakis.net\/wp-content\/uploads\/2021\/05\/dau.jpg","contentUrl":"https:\/\/netbakis.net\/wp-content\/uploads\/2021\/05\/dau.jpg","width":910,"height":430,"caption":"DA\u00dc"},{"@type":"BreadcrumbList","@id":"https:\/\/netbakis.net\/5716\/#breadcrumb","itemListElement":[{"@type":"ListItem","position":1,"name":"Home","item":"https:\/\/netbakis.net\/"},{"@type":"ListItem","position":2,"name":"DA\u00dc\u2019de \u0130srail\u2019in Gazze\u2019ye Y\u00f6nelik Sald\u0131r\u0131lar\u0131 Protesto Edildi"}]},{"@type":"WebSite","@id":"https:\/\/netbakis.net\/#website","url":"https:\/\/netbakis.net\/","name":"NETBAKIS","description":"SON DAKIKA","potentialAction":[{"@type":"SearchAction","target":{"@type":"EntryPoint","urlTemplate":"https:\/\/netbakis.net\/?s={search_term_string}"},"query-input":{"@type":"PropertyValueSpecification","valueRequired":true,"valueName":"search_term_string"}}],"inLanguage":"tr"},{"@type":"Person","@id":"https:\/\/netbakis.net\/#\/schema\/person\/5d9b5c3f48ca4a3c69967d619fc8c7f4","name":"netbakis.net","image":{"@type":"ImageObject","inLanguage":"tr","@id":"https:\/\/netbakis.net\/#\/schema\/person\/image\/","url":"https:\/\/secure.gravatar.com\/avatar\/4ddeae49d2d3e3568a8d5b0937642efdf0b72468dbe3f213bc1978faa47af0d1?s=96&d=wp_user_avatar&r=g","contentUrl":"https:\/\/secure.gravatar.com\/avatar\/4ddeae49d2d3e3568a8d5b0937642efdf0b72468dbe3f213bc1978faa47af0d1?s=96&d=wp_user_avatar&r=g","caption":"netbakis.net"},"sameAs":["https:\/\/netbakis.net"],"url":"https:\/\/netbakis.net\/tr\/author\/netbakis-net\/"}]}},"jetpack_publicize_connections":[],"_links":{"self":[{"href":"https:\/\/netbakis.net\/tr\/wp-json\/wp\/v2\/posts\/5716","targetHints":{"allow":["GET"]}}],"collection":[{"href":"https:\/\/netbakis.net\/tr\/wp-json\/wp\/v2\/posts"}],"about":[{"href":"https:\/\/netbakis.net\/tr\/wp-json\/wp\/v2\/types\/post"}],"author":[{"embeddable":true,"href":"https:\/\/netbakis.net\/tr\/wp-json\/wp\/v2\/users\/1"}],"replies":[{"embeddable":true,"href":"https:\/\/netbakis.net\/tr\/wp-json\/wp\/v2\/comments?post=5716"}],"version-history":[{"count":1,"href":"https:\/\/netbakis.net\/tr\/wp-json\/wp\/v2\/posts\/5716\/revisions"}],"predecessor-version":[{"id":5718,"href":"https:\/\/netbakis.net\/tr\/wp-json\/wp\/v2\/posts\/5716\/revisions\/5718"}],"wp:featuredmedia":[{"embeddable":true,"href":"https:\/\/netbakis.net\/tr\/wp-json\/wp\/v2\/media\/5717"}],"wp:attachment":[{"href":"https:\/\/netbakis.net\/tr\/wp-json\/wp\/v2\/media?parent=5716"}],"wp:term":[{"taxonomy":"category","embeddable":true,"href":"https:\/\/netbakis.net\/tr\/wp-json\/wp\/v2\/categories?post=5716"},{"taxonomy":"post_tag","embeddable":true,"href":"https:\/\/netbakis.net\/tr\/wp-json\/wp\/v2\/tags?post=5716"}],"curies":[{"name":"wp","href":"https:\/\/api.w.org\/{rel}","templated":true}]}}