{"id":5710,"date":"2021-05-13T17:41:38","date_gmt":"2021-05-13T17:41:38","guid":{"rendered":"https:\/\/netbakis.net\/?p=5710"},"modified":"2021-05-13T17:41:39","modified_gmt":"2021-05-13T17:41:39","slug":"uefadan-sampiyonlar-ligi-finali-karari","status":"publish","type":"post","link":"https:\/\/netbakis.net\/tr\/5710\/","title":{"rendered":"UEFA\u2019dan \u015eampiyonlar Ligi finali karar\u0131"},"content":{"rendered":"<p>UEFA\u2019dan yap\u0131lan resmi a\u00e7\u0131klamaya g\u00f6re, \u0130stanbul\u2019da oynanmas\u0131 planlanan \u015eampiyonlar Ligi finalinin Portekiz\u2019in Porto \u015fehrine al\u0131nd\u0131\u011f\u0131 bildirildi.<\/p>\n\n\n\n<p>UEFA\u2019dan yap\u0131lan resmi a\u00e7\u0131klamaya g\u00f6re, \u0130stanbul\u2019da oynanmas\u0131 planlanan \u015eampiyonlar Ligi finalinin Portekiz\u2019in Porto \u015fehrine al\u0131nd\u0131\u011f\u0131 bildirildi.<\/p>\n\n\n\n<p>Avrupa Futbol Federasyonlar\u0131 Birli\u011fi (UEFA), \u0130ngiliz ekipleri Manchester City ile Chelsea aras\u0131nda 29 May\u0131s g\u00fcn\u00fc \u0130stanbul&#8217;da oynanmas\u0131 planlanan final kar\u015f\u0131la\u015fmas\u0131 ile ilgili karar\u0131n\u0131 a\u00e7\u0131klad\u0131.&nbsp;<\/p>\n\n\n\n<p>UEFA, final kar\u015f\u0131la\u015fmas\u0131n\u0131n corona vir\u00fcs tedbirleri nedeniyle Portekiz&#8217;in Porto \u015fehrine al\u0131nd\u0131\u011f\u0131n\u0131 bildirdi.<\/p>\n\n\n\n<p>Ge\u00e7ti\u011fimiz g\u00fcnlerde \u0130ngiliz medya kurulu\u015fu SkySports,&nbsp; g\u00f6re&nbsp;29 May\u0131s&nbsp;tarihinde oynanacak UEFA \u015eampiyonlar Ligi finali \u0130stanbul\u2019dan al\u0131nd\u0131\u011f\u0131n\u0131 yazm\u0131\u015ft\u0131.&nbsp;<\/p>\n\n\n\n<p>SkySports, Portekiz\u2019in&nbsp;Dragao&nbsp;kentinde oynanacak kar\u015f\u0131la\u015fman\u0131n duyurusunu 24 saat i\u00e7erisinde UEFA taraf\u0131ndan yap\u0131laca\u011f\u0131n\u0131 yazm\u0131\u015ft\u0131.<\/p>\n\n\n\n<p>\u0130ngiltere&#8217;nin T\u00fcrkiye&#8217;yi seyahat konusunda k\u0131rm\u0131z\u0131 listeye almas\u0131n\u0131n ard\u0131ndan ma\u00e7a gelecek \u0130ngilizlerin \u00fclkelerine d\u00f6nd\u00fcklerinde 10 g\u00fcn boyunca karantinaya al\u0131nmas\u0131 gerekiyordu.&nbsp;<\/p>","protected":false},"excerpt":{"rendered":"<p>UEFA\u2019dan yap\u0131lan resmi a\u00e7\u0131klamaya g\u00f6re, \u0130stanbul\u2019da oynanmas\u0131 planlanan \u015eampiyonlar Ligi finalinin Portekiz\u2019in Porto \u015fehrine al\u0131nd\u0131\u011f\u0131 bildirildi. UEFA\u2019dan yap\u0131lan resmi a\u00e7\u0131klamaya g\u00f6re, \u0130stanbul\u2019da oynanmas\u0131 planlanan \u015eampiyonlar Ligi finalinin Portekiz\u2019in Porto \u015fehrine al\u0131nd\u0131\u011f\u0131 bildirildi. Avrupa Futbol Federasyonlar\u0131 Birli\u011fi (UEFA), \u0130ngiliz ekipleri Manchester City ile Chelsea aras\u0131nda 29 May\u0131s g\u00fcn\u00fc \u0130stanbul&#8217;da oynanmas\u0131 planlanan final kar\u015f\u0131la\u015fmas\u0131 ile ilgili karar\u0131n\u0131 [&hellip;]<\/p>","protected":false},"author":1,"featured_media":5711,"comment_status":"open","ping_status":"open","sticky":false,"template":"","format":"standard","meta":{"om_disable_all_campaigns":false,"_monsterinsights_skip_tracking":false,"_monsterinsights_sitenote_active":false,"_monsterinsights_sitenote_note":"","_monsterinsights_sitenote_category":0,"_uf_show_specific_survey":0,"_uf_disable_surveys":false,"footnotes":"","jetpack_publicize_message":"","jetpack_publicize_feature_enabled":true,"jetpack_social_post_already_shared":false,"jetpack_social_options":{"image_generator_settings":{"template":"highway","default_image_id":0,"font":"","enabled":false},"version":2}},"categories":[94],"tags":[265],"class_list":{"0":"post-5710","1":"post","2":"type-post","3":"status-publish","4":"format-standard","5":"has-post-thumbnail","7":"category-spor","8":"tag-uefa"},"yoast_head":"<!-- This site is optimized with the Yoast SEO plugin v23.8 - https:\/\/yoast.com\/wordpress\/plugins\/seo\/ -->\n<title>UEFA\u2019dan \u015eampiyonlar Ligi finali karar\u0131 - NETBAKIS<\/title>\n<meta name=\"robots\" content=\"index, follow, max-snippet:-1, max-image-preview:large, max-video-preview:-1\" \/>\n<link rel=\"canonical\" href=\"https:\/\/netbakis.net\/tr\/5710\/\" \/>\n<meta property=\"og:locale\" content=\"tr_TR\" \/>\n<meta property=\"og:type\" content=\"article\" \/>\n<meta property=\"og:title\" content=\"UEFA\u2019dan \u015eampiyonlar Ligi finali karar\u0131 - NETBAKIS\" \/>\n<meta property=\"og:description\" content=\"UEFA\u2019dan yap\u0131lan resmi a\u00e7\u0131klamaya g\u00f6re, \u0130stanbul\u2019da oynanmas\u0131 planlanan \u015eampiyonlar Ligi finalinin Portekiz\u2019in Porto \u015fehrine al\u0131nd\u0131\u011f\u0131 bildirildi. UEFA\u2019dan yap\u0131lan resmi a\u00e7\u0131klamaya g\u00f6re, \u0130stanbul\u2019da oynanmas\u0131 planlanan \u015eampiyonlar Ligi finalinin Portekiz\u2019in Porto \u015fehrine al\u0131nd\u0131\u011f\u0131 bildirildi. Avrupa Futbol Federasyonlar\u0131 Birli\u011fi (UEFA), \u0130ngiliz ekipleri Manchester City ile Chelsea aras\u0131nda 29 May\u0131s g\u00fcn\u00fc \u0130stanbul&#8217;da oynanmas\u0131 planlanan final kar\u015f\u0131la\u015fmas\u0131 ile ilgili karar\u0131n\u0131 [&hellip;]\" \/>\n<meta property=\"og:url\" content=\"https:\/\/netbakis.net\/tr\/5710\/\" \/>\n<meta property=\"og:site_name\" content=\"NETBAKIS\" \/>\n<meta property=\"article:published_time\" content=\"2021-05-13T17:41:38+00:00\" \/>\n<meta property=\"article:modified_time\" content=\"2021-05-13T17:41:39+00:00\" \/>\n<meta property=\"og:image\" content=\"https:\/\/netbakis.net\/wp-content\/uploads\/2021\/05\/uefa-dan-flas-karar-sampiyonlar-ligi-lig-usulune-gore-oynanacak_1618837977.jpg\" \/>\n\t<meta property=\"og:image:width\" content=\"1200\" \/>\n\t<meta property=\"og:image:height\" content=\"896\" \/>\n\t<meta property=\"og:image:type\" content=\"image\/jpeg\" \/>\n<meta name=\"author\" content=\"netbakis.net\" \/>\n<meta name=\"twitter:card\" content=\"summary_large_image\" \/>\n<meta name=\"twitter:label1\" content=\"Yazan:\" \/>\n\t<meta name=\"twitter:data1\" content=\"netbakis.net\" \/>\n\t<meta name=\"twitter:label2\" content=\"Tahmini okuma s\u00fcresi\" \/>\n\t<meta name=\"twitter:data2\" content=\"1 dakika\" \/>\n<script type=\"application\/ld+json\" class=\"yoast-schema-graph\">{\"@context\":\"https:\/\/schema.org\",\"@graph\":[{\"@type\":\"WebPage\",\"@id\":\"https:\/\/netbakis.net\/5710\/\",\"url\":\"https:\/\/netbakis.net\/5710\/\",\"name\":\"UEFA\u2019dan \u015eampiyonlar Ligi finali karar\u0131 - NETBAKIS\",\"isPartOf\":{\"@id\":\"https:\/\/netbakis.net\/#website\"},\"primaryImageOfPage\":{\"@id\":\"https:\/\/netbakis.net\/5710\/#primaryimage\"},\"image\":{\"@id\":\"https:\/\/netbakis.net\/5710\/#primaryimage\"},\"thumbnailUrl\":\"https:\/\/netbakis.net\/wp-content\/uploads\/2021\/05\/uefa-dan-flas-karar-sampiyonlar-ligi-lig-usulune-gore-oynanacak_1618837977.jpg\",\"datePublished\":\"2021-05-13T17:41:38+00:00\",\"dateModified\":\"2021-05-13T17:41:39+00:00\",\"author\":{\"@id\":\"https:\/\/netbakis.net\/#\/schema\/person\/5d9b5c3f48ca4a3c69967d619fc8c7f4\"},\"breadcrumb\":{\"@id\":\"https:\/\/netbakis.net\/5710\/#breadcrumb\"},\"inLanguage\":\"tr\",\"potentialAction\":[{\"@type\":\"ReadAction\",\"target\":[\"https:\/\/netbakis.net\/5710\/\"]}]},{\"@type\":\"ImageObject\",\"inLanguage\":\"tr\",\"@id\":\"https:\/\/netbakis.net\/5710\/#primaryimage\",\"url\":\"https:\/\/netbakis.net\/wp-content\/uploads\/2021\/05\/uefa-dan-flas-karar-sampiyonlar-ligi-lig-usulune-gore-oynanacak_1618837977.jpg\",\"contentUrl\":\"https:\/\/netbakis.net\/wp-content\/uploads\/2021\/05\/uefa-dan-flas-karar-sampiyonlar-ligi-lig-usulune-gore-oynanacak_1618837977.jpg\",\"width\":1200,\"height\":896,\"caption\":\"UEFA\"},{\"@type\":\"BreadcrumbList\",\"@id\":\"https:\/\/netbakis.net\/5710\/#breadcrumb\",\"itemListElement\":[{\"@type\":\"ListItem\",\"position\":1,\"name\":\"Home\",\"item\":\"https:\/\/netbakis.net\/\"},{\"@type\":\"ListItem\",\"position\":2,\"name\":\"UEFA\u2019dan \u015eampiyonlar Ligi finali karar\u0131\"}]},{\"@type\":\"WebSite\",\"@id\":\"https:\/\/netbakis.net\/#website\",\"url\":\"https:\/\/netbakis.net\/\",\"name\":\"NETBAKIS\",\"description\":\"SON DAKIKA\",\"potentialAction\":[{\"@type\":\"SearchAction\",\"target\":{\"@type\":\"EntryPoint\",\"urlTemplate\":\"https:\/\/netbakis.net\/?s={search_term_string}\"},\"query-input\":{\"@type\":\"PropertyValueSpecification\",\"valueRequired\":true,\"valueName\":\"search_term_string\"}}],\"inLanguage\":\"tr\"},{\"@type\":\"Person\",\"@id\":\"https:\/\/netbakis.net\/#\/schema\/person\/5d9b5c3f48ca4a3c69967d619fc8c7f4\",\"name\":\"netbakis.net\",\"image\":{\"@type\":\"ImageObject\",\"inLanguage\":\"tr\",\"@id\":\"https:\/\/netbakis.net\/#\/schema\/person\/image\/\",\"url\":\"https:\/\/secure.gravatar.com\/avatar\/4ddeae49d2d3e3568a8d5b0937642efdf0b72468dbe3f213bc1978faa47af0d1?s=96&d=wp_user_avatar&r=g\",\"contentUrl\":\"https:\/\/secure.gravatar.com\/avatar\/4ddeae49d2d3e3568a8d5b0937642efdf0b72468dbe3f213bc1978faa47af0d1?s=96&d=wp_user_avatar&r=g\",\"caption\":\"netbakis.net\"},\"sameAs\":[\"https:\/\/netbakis.net\"],\"url\":\"https:\/\/netbakis.net\/tr\/author\/netbakis-net\/\"}]}<\/script>\n<!-- \/ Yoast SEO plugin. -->","yoast_head_json":{"title":"UEFA\u2019dan \u015eampiyonlar Ligi finali karar\u0131 - NETBAKIS","robots":{"index":"index","follow":"follow","max-snippet":"max-snippet:-1","max-image-preview":"max-image-preview:large","max-video-preview":"max-video-preview:-1"},"canonical":"https:\/\/netbakis.net\/tr\/5710\/","og_locale":"tr_TR","og_type":"article","og_title":"UEFA\u2019dan \u015eampiyonlar Ligi finali karar\u0131 - NETBAKIS","og_description":"UEFA\u2019dan yap\u0131lan resmi a\u00e7\u0131klamaya g\u00f6re, \u0130stanbul\u2019da oynanmas\u0131 planlanan \u015eampiyonlar Ligi finalinin Portekiz\u2019in Porto \u015fehrine al\u0131nd\u0131\u011f\u0131 bildirildi. UEFA\u2019dan yap\u0131lan resmi a\u00e7\u0131klamaya g\u00f6re, \u0130stanbul\u2019da oynanmas\u0131 planlanan \u015eampiyonlar Ligi finalinin Portekiz\u2019in Porto \u015fehrine al\u0131nd\u0131\u011f\u0131 bildirildi. Avrupa Futbol Federasyonlar\u0131 Birli\u011fi (UEFA), \u0130ngiliz ekipleri Manchester City ile Chelsea aras\u0131nda 29 May\u0131s g\u00fcn\u00fc \u0130stanbul&#8217;da oynanmas\u0131 planlanan final kar\u015f\u0131la\u015fmas\u0131 ile ilgili karar\u0131n\u0131 [&hellip;]","og_url":"https:\/\/netbakis.net\/tr\/5710\/","og_site_name":"NETBAKIS","article_published_time":"2021-05-13T17:41:38+00:00","article_modified_time":"2021-05-13T17:41:39+00:00","og_image":[{"width":1200,"height":896,"url":"https:\/\/netbakis.net\/wp-content\/uploads\/2021\/05\/uefa-dan-flas-karar-sampiyonlar-ligi-lig-usulune-gore-oynanacak_1618837977.jpg","type":"image\/jpeg"}],"author":"netbakis.net","twitter_card":"summary_large_image","twitter_misc":{"Yazan:":"netbakis.net","Tahmini okuma s\u00fcresi":"1 dakika"},"schema":{"@context":"https:\/\/schema.org","@graph":[{"@type":"WebPage","@id":"https:\/\/netbakis.net\/5710\/","url":"https:\/\/netbakis.net\/5710\/","name":"UEFA\u2019dan \u015eampiyonlar Ligi finali karar\u0131 - NETBAKIS","isPartOf":{"@id":"https:\/\/netbakis.net\/#website"},"primaryImageOfPage":{"@id":"https:\/\/netbakis.net\/5710\/#primaryimage"},"image":{"@id":"https:\/\/netbakis.net\/5710\/#primaryimage"},"thumbnailUrl":"https:\/\/netbakis.net\/wp-content\/uploads\/2021\/05\/uefa-dan-flas-karar-sampiyonlar-ligi-lig-usulune-gore-oynanacak_1618837977.jpg","datePublished":"2021-05-13T17:41:38+00:00","dateModified":"2021-05-13T17:41:39+00:00","author":{"@id":"https:\/\/netbakis.net\/#\/schema\/person\/5d9b5c3f48ca4a3c69967d619fc8c7f4"},"breadcrumb":{"@id":"https:\/\/netbakis.net\/5710\/#breadcrumb"},"inLanguage":"tr","potentialAction":[{"@type":"ReadAction","target":["https:\/\/netbakis.net\/5710\/"]}]},{"@type":"ImageObject","inLanguage":"tr","@id":"https:\/\/netbakis.net\/5710\/#primaryimage","url":"https:\/\/netbakis.net\/wp-content\/uploads\/2021\/05\/uefa-dan-flas-karar-sampiyonlar-ligi-lig-usulune-gore-oynanacak_1618837977.jpg","contentUrl":"https:\/\/netbakis.net\/wp-content\/uploads\/2021\/05\/uefa-dan-flas-karar-sampiyonlar-ligi-lig-usulune-gore-oynanacak_1618837977.jpg","width":1200,"height":896,"caption":"UEFA"},{"@type":"BreadcrumbList","@id":"https:\/\/netbakis.net\/5710\/#breadcrumb","itemListElement":[{"@type":"ListItem","position":1,"name":"Home","item":"https:\/\/netbakis.net\/"},{"@type":"ListItem","position":2,"name":"UEFA\u2019dan \u015eampiyonlar Ligi finali karar\u0131"}]},{"@type":"WebSite","@id":"https:\/\/netbakis.net\/#website","url":"https:\/\/netbakis.net\/","name":"NETBAKIS","description":"SON DAKIKA","potentialAction":[{"@type":"SearchAction","target":{"@type":"EntryPoint","urlTemplate":"https:\/\/netbakis.net\/?s={search_term_string}"},"query-input":{"@type":"PropertyValueSpecification","valueRequired":true,"valueName":"search_term_string"}}],"inLanguage":"tr"},{"@type":"Person","@id":"https:\/\/netbakis.net\/#\/schema\/person\/5d9b5c3f48ca4a3c69967d619fc8c7f4","name":"netbakis.net","image":{"@type":"ImageObject","inLanguage":"tr","@id":"https:\/\/netbakis.net\/#\/schema\/person\/image\/","url":"https:\/\/secure.gravatar.com\/avatar\/4ddeae49d2d3e3568a8d5b0937642efdf0b72468dbe3f213bc1978faa47af0d1?s=96&d=wp_user_avatar&r=g","contentUrl":"https:\/\/secure.gravatar.com\/avatar\/4ddeae49d2d3e3568a8d5b0937642efdf0b72468dbe3f213bc1978faa47af0d1?s=96&d=wp_user_avatar&r=g","caption":"netbakis.net"},"sameAs":["https:\/\/netbakis.net"],"url":"https:\/\/netbakis.net\/tr\/author\/netbakis-net\/"}]}},"jetpack_publicize_connections":[],"_links":{"self":[{"href":"https:\/\/netbakis.net\/tr\/wp-json\/wp\/v2\/posts\/5710","targetHints":{"allow":["GET"]}}],"collection":[{"href":"https:\/\/netbakis.net\/tr\/wp-json\/wp\/v2\/posts"}],"about":[{"href":"https:\/\/netbakis.net\/tr\/wp-json\/wp\/v2\/types\/post"}],"author":[{"embeddable":true,"href":"https:\/\/netbakis.net\/tr\/wp-json\/wp\/v2\/users\/1"}],"replies":[{"embeddable":true,"href":"https:\/\/netbakis.net\/tr\/wp-json\/wp\/v2\/comments?post=5710"}],"version-history":[{"count":1,"href":"https:\/\/netbakis.net\/tr\/wp-json\/wp\/v2\/posts\/5710\/revisions"}],"predecessor-version":[{"id":5712,"href":"https:\/\/netbakis.net\/tr\/wp-json\/wp\/v2\/posts\/5710\/revisions\/5712"}],"wp:featuredmedia":[{"embeddable":true,"href":"https:\/\/netbakis.net\/tr\/wp-json\/wp\/v2\/media\/5711"}],"wp:attachment":[{"href":"https:\/\/netbakis.net\/tr\/wp-json\/wp\/v2\/media?parent=5710"}],"wp:term":[{"taxonomy":"category","embeddable":true,"href":"https:\/\/netbakis.net\/tr\/wp-json\/wp\/v2\/categories?post=5710"},{"taxonomy":"post_tag","embeddable":true,"href":"https:\/\/netbakis.net\/tr\/wp-json\/wp\/v2\/tags?post=5710"}],"curies":[{"name":"wp","href":"https:\/\/api.w.org\/{rel}","templated":true}]}}