{"id":5648,"date":"2021-05-10T16:38:43","date_gmt":"2021-05-10T16:38:43","guid":{"rendered":"https:\/\/netbakis.net\/?p=5648"},"modified":"2021-05-10T16:38:45","modified_gmt":"2021-05-10T16:38:45","slug":"adliyenin-ikinci-katindan-atlayarak-intihar-etti","status":"publish","type":"post","link":"https:\/\/netbakis.net\/tr\/5648\/","title":{"rendered":"Adliyenin ikinci kat\u0131ndan atlayarak intihar etti"},"content":{"rendered":"<p><strong>Gazima\u011fusa Belediyesi\u2019nden emekli Ahmet \u00c7etin 2 y\u0131l \u00f6nce yerle\u015fti\u011fi Mersin Erdemli\u2019de e\u015fi Semra \u00c7etin\u2019i \u00f6ld\u00fcrd\u00fckten sonra yakalan\u0131p mahkemeye \u00e7\u0131kar\u0131lmak i\u00e7in getirildi\u011fi&nbsp;Erdemli Adliyesinde&nbsp;&nbsp;ikinci kattan atlayarak intihar etti<\/strong><\/p>\n\n\n\n<p>Ge\u00e7en hafta tart\u0131\u015ft\u0131\u011f\u0131 e\u015fi Semra \u00c7etin\u2019i \u00f6ld\u00fcren Ahmet \u00c7etin, \u00fc\u00e7 g\u00fcn \u00f6nce mahkemeye \u00e7\u0131kar\u0131lmak i\u00e7in getirildi\u011fi&nbsp;Erdemli Adliyesinde bir anda kendini ikinci kattan atarak intihar etti.<br>A\u011f\u0131r yaral\u0131 olarak tedaviye al\u0131nan \u00c7etin, d\u00fcn ak\u015fam ya\u015fam\u0131n\u0131 yitirdi.<\/p>\n\n\n\n<p>Edinilen bilgilere g\u00f6re; katil zanl\u0131s\u0131 Ahmet \u00c7etin\u2019in k\u0131z karde\u015fi Halime \u00c7etin\u2019in de KKTC\u2019de 4 Ekim 2017\u2019de birlikte ya\u015fad\u0131\u011f\u0131 Hayrettin \u00d6zc\u00f6mert taraf\u0131ndan av t\u00fcfe\u011fi ile vurularak \u00f6ld\u00fcr\u00fcld\u00fc. \u00d6zc\u00f6mert\u2019in de olay sonras\u0131 intihara te\u015febb\u00fcs etti\u011fi ve kald\u0131r\u0131ld\u0131\u011f\u0131 hastanedeki tedavisinin ard\u0131ndan tutukland\u0131\u011f\u0131 \u00f6\u011frenildi.<\/p>","protected":false},"excerpt":{"rendered":"<p>Gazima\u011fusa Belediyesi\u2019nden emekli Ahmet \u00c7etin 2 y\u0131l \u00f6nce yerle\u015fti\u011fi Mersin Erdemli\u2019de e\u015fi Semra \u00c7etin\u2019i \u00f6ld\u00fcrd\u00fckten sonra yakalan\u0131p mahkemeye \u00e7\u0131kar\u0131lmak i\u00e7in getirildi\u011fi&nbsp;Erdemli Adliyesinde&nbsp;&nbsp;ikinci kattan atlayarak intihar etti Ge\u00e7en hafta tart\u0131\u015ft\u0131\u011f\u0131 e\u015fi Semra \u00c7etin\u2019i \u00f6ld\u00fcren Ahmet \u00c7etin, \u00fc\u00e7 g\u00fcn \u00f6nce mahkemeye \u00e7\u0131kar\u0131lmak i\u00e7in getirildi\u011fi&nbsp;Erdemli Adliyesinde bir anda kendini ikinci kattan atarak intihar etti.A\u011f\u0131r yaral\u0131 olarak tedaviye al\u0131nan [&hellip;]<\/p>","protected":false},"author":1,"featured_media":5649,"comment_status":"open","ping_status":"open","sticky":false,"template":"","format":"standard","meta":{"om_disable_all_campaigns":false,"_monsterinsights_skip_tracking":false,"_monsterinsights_sitenote_active":false,"_monsterinsights_sitenote_note":"","_monsterinsights_sitenote_category":0,"_uf_show_specific_survey":0,"_uf_disable_surveys":false,"footnotes":"","jetpack_publicize_message":"","jetpack_publicize_feature_enabled":true,"jetpack_social_post_already_shared":false,"jetpack_social_options":{"image_generator_settings":{"template":"highway","default_image_id":0,"font":"","enabled":false},"version":2}},"categories":[81],"tags":[251],"class_list":{"0":"post-5648","1":"post","2":"type-post","3":"status-publish","4":"format-standard","5":"has-post-thumbnail","7":"category-gundem","8":"tag-adliyenin"},"yoast_head":"<!-- This site is optimized with the Yoast SEO plugin v23.8 - https:\/\/yoast.com\/wordpress\/plugins\/seo\/ -->\n<title>Adliyenin ikinci kat\u0131ndan atlayarak intihar etti - NETBAKIS<\/title>\n<meta name=\"robots\" content=\"index, follow, max-snippet:-1, max-image-preview:large, max-video-preview:-1\" \/>\n<link rel=\"canonical\" href=\"https:\/\/netbakis.net\/tr\/5648\/\" \/>\n<meta property=\"og:locale\" content=\"tr_TR\" \/>\n<meta property=\"og:type\" content=\"article\" \/>\n<meta property=\"og:title\" content=\"Adliyenin ikinci kat\u0131ndan atlayarak intihar etti - NETBAKIS\" \/>\n<meta property=\"og:description\" content=\"Gazima\u011fusa Belediyesi\u2019nden emekli Ahmet \u00c7etin 2 y\u0131l \u00f6nce yerle\u015fti\u011fi Mersin Erdemli\u2019de e\u015fi Semra \u00c7etin\u2019i \u00f6ld\u00fcrd\u00fckten sonra yakalan\u0131p mahkemeye \u00e7\u0131kar\u0131lmak i\u00e7in getirildi\u011fi&nbsp;Erdemli Adliyesinde&nbsp;&nbsp;ikinci kattan atlayarak intihar etti Ge\u00e7en hafta tart\u0131\u015ft\u0131\u011f\u0131 e\u015fi Semra \u00c7etin\u2019i \u00f6ld\u00fcren Ahmet \u00c7etin, \u00fc\u00e7 g\u00fcn \u00f6nce mahkemeye \u00e7\u0131kar\u0131lmak i\u00e7in getirildi\u011fi&nbsp;Erdemli Adliyesinde bir anda kendini ikinci kattan atarak intihar etti.A\u011f\u0131r yaral\u0131 olarak tedaviye al\u0131nan [&hellip;]\" \/>\n<meta property=\"og:url\" content=\"https:\/\/netbakis.net\/tr\/5648\/\" \/>\n<meta property=\"og:site_name\" content=\"NETBAKIS\" \/>\n<meta property=\"article:published_time\" content=\"2021-05-10T16:38:43+00:00\" \/>\n<meta property=\"article:modified_time\" content=\"2021-05-10T16:38:45+00:00\" \/>\n<meta property=\"og:image\" content=\"https:\/\/netbakis.net\/wp-content\/uploads\/2021\/05\/image-removebg-preview-2.png\" \/>\n\t<meta property=\"og:image:width\" content=\"512\" \/>\n\t<meta property=\"og:image:height\" content=\"256\" \/>\n\t<meta property=\"og:image:type\" content=\"image\/png\" \/>\n<meta name=\"author\" content=\"netbakis.net\" \/>\n<meta name=\"twitter:card\" content=\"summary_large_image\" \/>\n<meta name=\"twitter:label1\" content=\"Yazan:\" \/>\n\t<meta name=\"twitter:data1\" content=\"netbakis.net\" \/>\n\t<meta name=\"twitter:label2\" content=\"Tahmini okuma s\u00fcresi\" \/>\n\t<meta name=\"twitter:data2\" content=\"1 dakika\" \/>\n<script type=\"application\/ld+json\" class=\"yoast-schema-graph\">{\"@context\":\"https:\/\/schema.org\",\"@graph\":[{\"@type\":\"WebPage\",\"@id\":\"https:\/\/netbakis.net\/5648\/\",\"url\":\"https:\/\/netbakis.net\/5648\/\",\"name\":\"Adliyenin ikinci kat\u0131ndan atlayarak intihar etti - NETBAKIS\",\"isPartOf\":{\"@id\":\"https:\/\/netbakis.net\/#website\"},\"primaryImageOfPage\":{\"@id\":\"https:\/\/netbakis.net\/5648\/#primaryimage\"},\"image\":{\"@id\":\"https:\/\/netbakis.net\/5648\/#primaryimage\"},\"thumbnailUrl\":\"https:\/\/netbakis.net\/wp-content\/uploads\/2021\/05\/image-removebg-preview-2.png\",\"datePublished\":\"2021-05-10T16:38:43+00:00\",\"dateModified\":\"2021-05-10T16:38:45+00:00\",\"author\":{\"@id\":\"https:\/\/netbakis.net\/#\/schema\/person\/5d9b5c3f48ca4a3c69967d619fc8c7f4\"},\"breadcrumb\":{\"@id\":\"https:\/\/netbakis.net\/5648\/#breadcrumb\"},\"inLanguage\":\"tr\",\"potentialAction\":[{\"@type\":\"ReadAction\",\"target\":[\"https:\/\/netbakis.net\/5648\/\"]}]},{\"@type\":\"ImageObject\",\"inLanguage\":\"tr\",\"@id\":\"https:\/\/netbakis.net\/5648\/#primaryimage\",\"url\":\"https:\/\/netbakis.net\/wp-content\/uploads\/2021\/05\/image-removebg-preview-2.png\",\"contentUrl\":\"https:\/\/netbakis.net\/wp-content\/uploads\/2021\/05\/image-removebg-preview-2.png\",\"width\":512,\"height\":256,\"caption\":\"polis\"},{\"@type\":\"BreadcrumbList\",\"@id\":\"https:\/\/netbakis.net\/5648\/#breadcrumb\",\"itemListElement\":[{\"@type\":\"ListItem\",\"position\":1,\"name\":\"Home\",\"item\":\"https:\/\/netbakis.net\/\"},{\"@type\":\"ListItem\",\"position\":2,\"name\":\"Adliyenin ikinci kat\u0131ndan atlayarak intihar etti\"}]},{\"@type\":\"WebSite\",\"@id\":\"https:\/\/netbakis.net\/#website\",\"url\":\"https:\/\/netbakis.net\/\",\"name\":\"NETBAKIS\",\"description\":\"SON DAKIKA\",\"potentialAction\":[{\"@type\":\"SearchAction\",\"target\":{\"@type\":\"EntryPoint\",\"urlTemplate\":\"https:\/\/netbakis.net\/?s={search_term_string}\"},\"query-input\":{\"@type\":\"PropertyValueSpecification\",\"valueRequired\":true,\"valueName\":\"search_term_string\"}}],\"inLanguage\":\"tr\"},{\"@type\":\"Person\",\"@id\":\"https:\/\/netbakis.net\/#\/schema\/person\/5d9b5c3f48ca4a3c69967d619fc8c7f4\",\"name\":\"netbakis.net\",\"image\":{\"@type\":\"ImageObject\",\"inLanguage\":\"tr\",\"@id\":\"https:\/\/netbakis.net\/#\/schema\/person\/image\/\",\"url\":\"https:\/\/secure.gravatar.com\/avatar\/4ddeae49d2d3e3568a8d5b0937642efdf0b72468dbe3f213bc1978faa47af0d1?s=96&d=wp_user_avatar&r=g\",\"contentUrl\":\"https:\/\/secure.gravatar.com\/avatar\/4ddeae49d2d3e3568a8d5b0937642efdf0b72468dbe3f213bc1978faa47af0d1?s=96&d=wp_user_avatar&r=g\",\"caption\":\"netbakis.net\"},\"sameAs\":[\"https:\/\/netbakis.net\"],\"url\":\"https:\/\/netbakis.net\/tr\/author\/netbakis-net\/\"}]}<\/script>\n<!-- \/ Yoast SEO plugin. -->","yoast_head_json":{"title":"Adliyenin ikinci kat\u0131ndan atlayarak intihar etti - NETBAKIS","robots":{"index":"index","follow":"follow","max-snippet":"max-snippet:-1","max-image-preview":"max-image-preview:large","max-video-preview":"max-video-preview:-1"},"canonical":"https:\/\/netbakis.net\/tr\/5648\/","og_locale":"tr_TR","og_type":"article","og_title":"Adliyenin ikinci kat\u0131ndan atlayarak intihar etti - NETBAKIS","og_description":"Gazima\u011fusa Belediyesi\u2019nden emekli Ahmet \u00c7etin 2 y\u0131l \u00f6nce yerle\u015fti\u011fi Mersin Erdemli\u2019de e\u015fi Semra \u00c7etin\u2019i \u00f6ld\u00fcrd\u00fckten sonra yakalan\u0131p mahkemeye \u00e7\u0131kar\u0131lmak i\u00e7in getirildi\u011fi&nbsp;Erdemli Adliyesinde&nbsp;&nbsp;ikinci kattan atlayarak intihar etti Ge\u00e7en hafta tart\u0131\u015ft\u0131\u011f\u0131 e\u015fi Semra \u00c7etin\u2019i \u00f6ld\u00fcren Ahmet \u00c7etin, \u00fc\u00e7 g\u00fcn \u00f6nce mahkemeye \u00e7\u0131kar\u0131lmak i\u00e7in getirildi\u011fi&nbsp;Erdemli Adliyesinde bir anda kendini ikinci kattan atarak intihar etti.A\u011f\u0131r yaral\u0131 olarak tedaviye al\u0131nan [&hellip;]","og_url":"https:\/\/netbakis.net\/tr\/5648\/","og_site_name":"NETBAKIS","article_published_time":"2021-05-10T16:38:43+00:00","article_modified_time":"2021-05-10T16:38:45+00:00","og_image":[{"width":512,"height":256,"url":"https:\/\/netbakis.net\/wp-content\/uploads\/2021\/05\/image-removebg-preview-2.png","type":"image\/png"}],"author":"netbakis.net","twitter_card":"summary_large_image","twitter_misc":{"Yazan:":"netbakis.net","Tahmini okuma s\u00fcresi":"1 dakika"},"schema":{"@context":"https:\/\/schema.org","@graph":[{"@type":"WebPage","@id":"https:\/\/netbakis.net\/5648\/","url":"https:\/\/netbakis.net\/5648\/","name":"Adliyenin ikinci kat\u0131ndan atlayarak intihar etti - NETBAKIS","isPartOf":{"@id":"https:\/\/netbakis.net\/#website"},"primaryImageOfPage":{"@id":"https:\/\/netbakis.net\/5648\/#primaryimage"},"image":{"@id":"https:\/\/netbakis.net\/5648\/#primaryimage"},"thumbnailUrl":"https:\/\/netbakis.net\/wp-content\/uploads\/2021\/05\/image-removebg-preview-2.png","datePublished":"2021-05-10T16:38:43+00:00","dateModified":"2021-05-10T16:38:45+00:00","author":{"@id":"https:\/\/netbakis.net\/#\/schema\/person\/5d9b5c3f48ca4a3c69967d619fc8c7f4"},"breadcrumb":{"@id":"https:\/\/netbakis.net\/5648\/#breadcrumb"},"inLanguage":"tr","potentialAction":[{"@type":"ReadAction","target":["https:\/\/netbakis.net\/5648\/"]}]},{"@type":"ImageObject","inLanguage":"tr","@id":"https:\/\/netbakis.net\/5648\/#primaryimage","url":"https:\/\/netbakis.net\/wp-content\/uploads\/2021\/05\/image-removebg-preview-2.png","contentUrl":"https:\/\/netbakis.net\/wp-content\/uploads\/2021\/05\/image-removebg-preview-2.png","width":512,"height":256,"caption":"polis"},{"@type":"BreadcrumbList","@id":"https:\/\/netbakis.net\/5648\/#breadcrumb","itemListElement":[{"@type":"ListItem","position":1,"name":"Home","item":"https:\/\/netbakis.net\/"},{"@type":"ListItem","position":2,"name":"Adliyenin ikinci kat\u0131ndan atlayarak intihar etti"}]},{"@type":"WebSite","@id":"https:\/\/netbakis.net\/#website","url":"https:\/\/netbakis.net\/","name":"NETBAKIS","description":"SON DAKIKA","potentialAction":[{"@type":"SearchAction","target":{"@type":"EntryPoint","urlTemplate":"https:\/\/netbakis.net\/?s={search_term_string}"},"query-input":{"@type":"PropertyValueSpecification","valueRequired":true,"valueName":"search_term_string"}}],"inLanguage":"tr"},{"@type":"Person","@id":"https:\/\/netbakis.net\/#\/schema\/person\/5d9b5c3f48ca4a3c69967d619fc8c7f4","name":"netbakis.net","image":{"@type":"ImageObject","inLanguage":"tr","@id":"https:\/\/netbakis.net\/#\/schema\/person\/image\/","url":"https:\/\/secure.gravatar.com\/avatar\/4ddeae49d2d3e3568a8d5b0937642efdf0b72468dbe3f213bc1978faa47af0d1?s=96&d=wp_user_avatar&r=g","contentUrl":"https:\/\/secure.gravatar.com\/avatar\/4ddeae49d2d3e3568a8d5b0937642efdf0b72468dbe3f213bc1978faa47af0d1?s=96&d=wp_user_avatar&r=g","caption":"netbakis.net"},"sameAs":["https:\/\/netbakis.net"],"url":"https:\/\/netbakis.net\/tr\/author\/netbakis-net\/"}]}},"jetpack_publicize_connections":[],"_links":{"self":[{"href":"https:\/\/netbakis.net\/tr\/wp-json\/wp\/v2\/posts\/5648","targetHints":{"allow":["GET"]}}],"collection":[{"href":"https:\/\/netbakis.net\/tr\/wp-json\/wp\/v2\/posts"}],"about":[{"href":"https:\/\/netbakis.net\/tr\/wp-json\/wp\/v2\/types\/post"}],"author":[{"embeddable":true,"href":"https:\/\/netbakis.net\/tr\/wp-json\/wp\/v2\/users\/1"}],"replies":[{"embeddable":true,"href":"https:\/\/netbakis.net\/tr\/wp-json\/wp\/v2\/comments?post=5648"}],"version-history":[{"count":1,"href":"https:\/\/netbakis.net\/tr\/wp-json\/wp\/v2\/posts\/5648\/revisions"}],"predecessor-version":[{"id":5650,"href":"https:\/\/netbakis.net\/tr\/wp-json\/wp\/v2\/posts\/5648\/revisions\/5650"}],"wp:featuredmedia":[{"embeddable":true,"href":"https:\/\/netbakis.net\/tr\/wp-json\/wp\/v2\/media\/5649"}],"wp:attachment":[{"href":"https:\/\/netbakis.net\/tr\/wp-json\/wp\/v2\/media?parent=5648"}],"wp:term":[{"taxonomy":"category","embeddable":true,"href":"https:\/\/netbakis.net\/tr\/wp-json\/wp\/v2\/categories?post=5648"},{"taxonomy":"post_tag","embeddable":true,"href":"https:\/\/netbakis.net\/tr\/wp-json\/wp\/v2\/tags?post=5648"}],"curies":[{"name":"wp","href":"https:\/\/api.w.org\/{rel}","templated":true}]}}