{"id":5623,"date":"2021-05-10T09:56:11","date_gmt":"2021-05-10T09:56:11","guid":{"rendered":"https:\/\/netbakis.net\/?p=5623"},"modified":"2021-05-10T09:56:12","modified_gmt":"2021-05-10T09:56:12","slug":"el-sen-suresiz-greve-gidiyor","status":"publish","type":"post","link":"https:\/\/netbakis.net\/tr\/5623\/","title":{"rendered":"EL-SEN s\u00fcresiz greve gidiyor"},"content":{"rendered":"<p>K\u0131br\u0131s T\u00fcrk Elektrik Kurumu \u00c7al\u0131\u015fanlar\u0131 Sendikas\u0131 (El-Sen)&nbsp;Ba\u015fkan\u0131 Kubilay \u00d6zk\u0131ra\u00e7, bug\u00fcn 00:01 dan itibaren eyleme gideceklerini a\u00e7\u0131klad\u0131.<\/p>\n\n\n\n<p>Kubilay \u00d6zk\u0131ra\u00e7, halk\u0131 ma\u011fdur edecek bir eyleme gidilmeyece\u011fini belirterek, \u201cEylemden dolay\u0131 halk ve hastane gibi elzem noktalar ma\u011fdur olmayacak. Ma\u011fdur olacaklar\u0131 halk bug\u00fcn g\u00f6recek. Ma\u011fdur olacak kesim bu \u00fclkeyi s\u00f6m\u00fcren kesimdir. Her\u015fey eskisi gibi olamayacak. Bu kavgada ve isyanda toplumu ve demokratik \u00f6rg\u00fctleri yan\u0131m\u0131zda g\u00f6rmek istiyoruz. \u00c7al\u0131\u015fana zarar gelirse, olacaklardan sorumlu de\u011filiz&nbsp;&#8221; dedi.<\/p>\n\n\n\n<p>Kubilay \u00d6zk\u0131ra\u00e7, a\u00e7\u0131klamas\u0131nda KIBTEK&#8217;den emekli olanlar\u0131n paras\u0131n\u0131 alamad\u0131\u011f\u0131n\u0131, kurum depolar\u0131nda par\u00e7a ve elektrik sayac\u0131 kalmad\u0131\u011f\u0131n\u0131 s\u00f6yledi.<\/p>\n\n\n\n<p>\u00d6zk\u0131ra\u00e7, akaryak\u0131t al\u0131m\u0131n\u0131 ele\u015ftirdi.<\/p>\n\n\n\n<p>Ekonomi ve Enerji Bakan\u0131&nbsp;Erhan Ar\u0131kl\u0131\u2019n\u0131n \u201c&nbsp;Elektrik&nbsp;tarifelerine y\u00fczde 15-20 oran\u0131nda zam yapmak i\u00e7in u\u011fra\u015ft\u0131\u011f\u0131n\u0131 iddia eden&nbsp;\u00d6zk\u0131ra\u00e7, &#8220;Oysa&nbsp;bakan&nbsp;g\u00f6reve gelirken elektri\u011fi ucuzlataca\u011f\u0131m demi\u015fti, \u015fimdi zam i\u00e7in u\u011fra\u015f\u0131yor. Bu ad\u0131mlar elektrik kurumu \u00e7al\u0131\u015fanlar\u0131yla toplumu kar\u015f\u0131 kar\u015f\u0131ya getirmek i\u00e7in at\u0131l\u0131yor\u201d dedi<\/p>\n\n\n\n<p>Grevin yasaklanmas\u0131 durumunda tepkilerinin daha da a\u011f\u0131r olaca\u011f\u0131n\u0131 s\u00f6zlerine ekleyen \u00d6zk\u0131ra\u00e7, \u201cBa\u015fbakan\u2019\u0131 kafas\u0131n\u0131 KIB-TEK\u2019e \u00e7evirmeye \u00e7a\u011f\u0131r\u0131yoruz\u201d diyerek h\u00fck\u00fcmeti istifaya davet etti<\/p>","protected":false},"excerpt":{"rendered":"<p>K\u0131br\u0131s T\u00fcrk Elektrik Kurumu \u00c7al\u0131\u015fanlar\u0131 Sendikas\u0131 (El-Sen)&nbsp;Ba\u015fkan\u0131 Kubilay \u00d6zk\u0131ra\u00e7, bug\u00fcn 00:01 dan itibaren eyleme gideceklerini a\u00e7\u0131klad\u0131. Kubilay \u00d6zk\u0131ra\u00e7, halk\u0131 ma\u011fdur edecek bir eyleme gidilmeyece\u011fini belirterek, \u201cEylemden dolay\u0131 halk ve hastane gibi elzem noktalar ma\u011fdur olmayacak. Ma\u011fdur olacaklar\u0131 halk bug\u00fcn g\u00f6recek. Ma\u011fdur olacak kesim bu \u00fclkeyi s\u00f6m\u00fcren kesimdir. Her\u015fey eskisi gibi olamayacak. Bu kavgada ve isyanda [&hellip;]<\/p>","protected":false},"author":1,"featured_media":5624,"comment_status":"open","ping_status":"open","sticky":false,"template":"","format":"standard","meta":{"om_disable_all_campaigns":false,"_monsterinsights_skip_tracking":false,"_monsterinsights_sitenote_active":false,"_monsterinsights_sitenote_note":"","_monsterinsights_sitenote_category":0,"_uf_show_specific_survey":0,"_uf_disable_surveys":false,"footnotes":"","jetpack_publicize_message":"","jetpack_publicize_feature_enabled":true,"jetpack_social_post_already_shared":false,"jetpack_social_options":{"image_generator_settings":{"template":"highway","default_image_id":0,"font":"","enabled":false},"version":2}},"categories":[81],"tags":[245],"class_list":{"0":"post-5623","1":"post","2":"type-post","3":"status-publish","4":"format-standard","5":"has-post-thumbnail","7":"category-gundem","8":"tag-el-sen"},"yoast_head":"<!-- This site is optimized with the Yoast SEO plugin v23.8 - https:\/\/yoast.com\/wordpress\/plugins\/seo\/ -->\n<title>EL-SEN s\u00fcresiz greve gidiyor - NETBAKIS<\/title>\n<meta name=\"robots\" content=\"index, follow, max-snippet:-1, max-image-preview:large, max-video-preview:-1\" \/>\n<link rel=\"canonical\" href=\"https:\/\/netbakis.net\/tr\/5623\/\" \/>\n<meta property=\"og:locale\" content=\"tr_TR\" \/>\n<meta property=\"og:type\" content=\"article\" \/>\n<meta property=\"og:title\" content=\"EL-SEN s\u00fcresiz greve gidiyor - NETBAKIS\" \/>\n<meta property=\"og:description\" content=\"K\u0131br\u0131s T\u00fcrk Elektrik Kurumu \u00c7al\u0131\u015fanlar\u0131 Sendikas\u0131 (El-Sen)&nbsp;Ba\u015fkan\u0131 Kubilay \u00d6zk\u0131ra\u00e7, bug\u00fcn 00:01 dan itibaren eyleme gideceklerini a\u00e7\u0131klad\u0131. Kubilay \u00d6zk\u0131ra\u00e7, halk\u0131 ma\u011fdur edecek bir eyleme gidilmeyece\u011fini belirterek, \u201cEylemden dolay\u0131 halk ve hastane gibi elzem noktalar ma\u011fdur olmayacak. Ma\u011fdur olacaklar\u0131 halk bug\u00fcn g\u00f6recek. Ma\u011fdur olacak kesim bu \u00fclkeyi s\u00f6m\u00fcren kesimdir. Her\u015fey eskisi gibi olamayacak. Bu kavgada ve isyanda [&hellip;]\" \/>\n<meta property=\"og:url\" content=\"https:\/\/netbakis.net\/tr\/5623\/\" \/>\n<meta property=\"og:site_name\" content=\"NETBAKIS\" \/>\n<meta property=\"article:published_time\" content=\"2021-05-10T09:56:11+00:00\" \/>\n<meta property=\"article:modified_time\" content=\"2021-05-10T09:56:12+00:00\" \/>\n<meta property=\"og:image\" content=\"https:\/\/netbakis.net\/wp-content\/uploads\/2021\/05\/image-removebg-preview-1.png\" \/>\n\t<meta property=\"og:image:width\" content=\"561\" \/>\n\t<meta property=\"og:image:height\" content=\"342\" \/>\n\t<meta property=\"og:image:type\" content=\"image\/png\" \/>\n<meta name=\"author\" content=\"netbakis.net\" \/>\n<meta name=\"twitter:card\" content=\"summary_large_image\" \/>\n<meta name=\"twitter:label1\" content=\"Yazan:\" \/>\n\t<meta name=\"twitter:data1\" content=\"netbakis.net\" \/>\n\t<meta name=\"twitter:label2\" content=\"Tahmini okuma s\u00fcresi\" \/>\n\t<meta name=\"twitter:data2\" content=\"1 dakika\" \/>\n<script type=\"application\/ld+json\" class=\"yoast-schema-graph\">{\"@context\":\"https:\/\/schema.org\",\"@graph\":[{\"@type\":\"WebPage\",\"@id\":\"https:\/\/netbakis.net\/5623\/\",\"url\":\"https:\/\/netbakis.net\/5623\/\",\"name\":\"EL-SEN s\u00fcresiz greve gidiyor - NETBAKIS\",\"isPartOf\":{\"@id\":\"https:\/\/netbakis.net\/#website\"},\"primaryImageOfPage\":{\"@id\":\"https:\/\/netbakis.net\/5623\/#primaryimage\"},\"image\":{\"@id\":\"https:\/\/netbakis.net\/5623\/#primaryimage\"},\"thumbnailUrl\":\"https:\/\/netbakis.net\/wp-content\/uploads\/2021\/05\/image-removebg-preview-1.png\",\"datePublished\":\"2021-05-10T09:56:11+00:00\",\"dateModified\":\"2021-05-10T09:56:12+00:00\",\"author\":{\"@id\":\"https:\/\/netbakis.net\/#\/schema\/person\/5d9b5c3f48ca4a3c69967d619fc8c7f4\"},\"breadcrumb\":{\"@id\":\"https:\/\/netbakis.net\/5623\/#breadcrumb\"},\"inLanguage\":\"tr\",\"potentialAction\":[{\"@type\":\"ReadAction\",\"target\":[\"https:\/\/netbakis.net\/5623\/\"]}]},{\"@type\":\"ImageObject\",\"inLanguage\":\"tr\",\"@id\":\"https:\/\/netbakis.net\/5623\/#primaryimage\",\"url\":\"https:\/\/netbakis.net\/wp-content\/uploads\/2021\/05\/image-removebg-preview-1.png\",\"contentUrl\":\"https:\/\/netbakis.net\/wp-content\/uploads\/2021\/05\/image-removebg-preview-1.png\",\"width\":561,\"height\":342,\"caption\":\"#000000ff\"},{\"@type\":\"BreadcrumbList\",\"@id\":\"https:\/\/netbakis.net\/5623\/#breadcrumb\",\"itemListElement\":[{\"@type\":\"ListItem\",\"position\":1,\"name\":\"Home\",\"item\":\"https:\/\/netbakis.net\/\"},{\"@type\":\"ListItem\",\"position\":2,\"name\":\"EL-SEN s\u00fcresiz greve gidiyor\"}]},{\"@type\":\"WebSite\",\"@id\":\"https:\/\/netbakis.net\/#website\",\"url\":\"https:\/\/netbakis.net\/\",\"name\":\"NETBAKIS\",\"description\":\"SON DAKIKA\",\"potentialAction\":[{\"@type\":\"SearchAction\",\"target\":{\"@type\":\"EntryPoint\",\"urlTemplate\":\"https:\/\/netbakis.net\/?s={search_term_string}\"},\"query-input\":{\"@type\":\"PropertyValueSpecification\",\"valueRequired\":true,\"valueName\":\"search_term_string\"}}],\"inLanguage\":\"tr\"},{\"@type\":\"Person\",\"@id\":\"https:\/\/netbakis.net\/#\/schema\/person\/5d9b5c3f48ca4a3c69967d619fc8c7f4\",\"name\":\"netbakis.net\",\"image\":{\"@type\":\"ImageObject\",\"inLanguage\":\"tr\",\"@id\":\"https:\/\/netbakis.net\/#\/schema\/person\/image\/\",\"url\":\"https:\/\/secure.gravatar.com\/avatar\/4ddeae49d2d3e3568a8d5b0937642efdf0b72468dbe3f213bc1978faa47af0d1?s=96&d=wp_user_avatar&r=g\",\"contentUrl\":\"https:\/\/secure.gravatar.com\/avatar\/4ddeae49d2d3e3568a8d5b0937642efdf0b72468dbe3f213bc1978faa47af0d1?s=96&d=wp_user_avatar&r=g\",\"caption\":\"netbakis.net\"},\"sameAs\":[\"https:\/\/netbakis.net\"],\"url\":\"https:\/\/netbakis.net\/tr\/author\/netbakis-net\/\"}]}<\/script>\n<!-- \/ Yoast SEO plugin. -->","yoast_head_json":{"title":"EL-SEN s\u00fcresiz greve gidiyor - NETBAKIS","robots":{"index":"index","follow":"follow","max-snippet":"max-snippet:-1","max-image-preview":"max-image-preview:large","max-video-preview":"max-video-preview:-1"},"canonical":"https:\/\/netbakis.net\/tr\/5623\/","og_locale":"tr_TR","og_type":"article","og_title":"EL-SEN s\u00fcresiz greve gidiyor - NETBAKIS","og_description":"K\u0131br\u0131s T\u00fcrk Elektrik Kurumu \u00c7al\u0131\u015fanlar\u0131 Sendikas\u0131 (El-Sen)&nbsp;Ba\u015fkan\u0131 Kubilay \u00d6zk\u0131ra\u00e7, bug\u00fcn 00:01 dan itibaren eyleme gideceklerini a\u00e7\u0131klad\u0131. Kubilay \u00d6zk\u0131ra\u00e7, halk\u0131 ma\u011fdur edecek bir eyleme gidilmeyece\u011fini belirterek, \u201cEylemden dolay\u0131 halk ve hastane gibi elzem noktalar ma\u011fdur olmayacak. Ma\u011fdur olacaklar\u0131 halk bug\u00fcn g\u00f6recek. Ma\u011fdur olacak kesim bu \u00fclkeyi s\u00f6m\u00fcren kesimdir. Her\u015fey eskisi gibi olamayacak. Bu kavgada ve isyanda [&hellip;]","og_url":"https:\/\/netbakis.net\/tr\/5623\/","og_site_name":"NETBAKIS","article_published_time":"2021-05-10T09:56:11+00:00","article_modified_time":"2021-05-10T09:56:12+00:00","og_image":[{"width":561,"height":342,"url":"https:\/\/netbakis.net\/wp-content\/uploads\/2021\/05\/image-removebg-preview-1.png","type":"image\/png"}],"author":"netbakis.net","twitter_card":"summary_large_image","twitter_misc":{"Yazan:":"netbakis.net","Tahmini okuma s\u00fcresi":"1 dakika"},"schema":{"@context":"https:\/\/schema.org","@graph":[{"@type":"WebPage","@id":"https:\/\/netbakis.net\/5623\/","url":"https:\/\/netbakis.net\/5623\/","name":"EL-SEN s\u00fcresiz greve gidiyor - NETBAKIS","isPartOf":{"@id":"https:\/\/netbakis.net\/#website"},"primaryImageOfPage":{"@id":"https:\/\/netbakis.net\/5623\/#primaryimage"},"image":{"@id":"https:\/\/netbakis.net\/5623\/#primaryimage"},"thumbnailUrl":"https:\/\/netbakis.net\/wp-content\/uploads\/2021\/05\/image-removebg-preview-1.png","datePublished":"2021-05-10T09:56:11+00:00","dateModified":"2021-05-10T09:56:12+00:00","author":{"@id":"https:\/\/netbakis.net\/#\/schema\/person\/5d9b5c3f48ca4a3c69967d619fc8c7f4"},"breadcrumb":{"@id":"https:\/\/netbakis.net\/5623\/#breadcrumb"},"inLanguage":"tr","potentialAction":[{"@type":"ReadAction","target":["https:\/\/netbakis.net\/5623\/"]}]},{"@type":"ImageObject","inLanguage":"tr","@id":"https:\/\/netbakis.net\/5623\/#primaryimage","url":"https:\/\/netbakis.net\/wp-content\/uploads\/2021\/05\/image-removebg-preview-1.png","contentUrl":"https:\/\/netbakis.net\/wp-content\/uploads\/2021\/05\/image-removebg-preview-1.png","width":561,"height":342,"caption":"#000000ff"},{"@type":"BreadcrumbList","@id":"https:\/\/netbakis.net\/5623\/#breadcrumb","itemListElement":[{"@type":"ListItem","position":1,"name":"Home","item":"https:\/\/netbakis.net\/"},{"@type":"ListItem","position":2,"name":"EL-SEN s\u00fcresiz greve gidiyor"}]},{"@type":"WebSite","@id":"https:\/\/netbakis.net\/#website","url":"https:\/\/netbakis.net\/","name":"NETBAKIS","description":"SON DAKIKA","potentialAction":[{"@type":"SearchAction","target":{"@type":"EntryPoint","urlTemplate":"https:\/\/netbakis.net\/?s={search_term_string}"},"query-input":{"@type":"PropertyValueSpecification","valueRequired":true,"valueName":"search_term_string"}}],"inLanguage":"tr"},{"@type":"Person","@id":"https:\/\/netbakis.net\/#\/schema\/person\/5d9b5c3f48ca4a3c69967d619fc8c7f4","name":"netbakis.net","image":{"@type":"ImageObject","inLanguage":"tr","@id":"https:\/\/netbakis.net\/#\/schema\/person\/image\/","url":"https:\/\/secure.gravatar.com\/avatar\/4ddeae49d2d3e3568a8d5b0937642efdf0b72468dbe3f213bc1978faa47af0d1?s=96&d=wp_user_avatar&r=g","contentUrl":"https:\/\/secure.gravatar.com\/avatar\/4ddeae49d2d3e3568a8d5b0937642efdf0b72468dbe3f213bc1978faa47af0d1?s=96&d=wp_user_avatar&r=g","caption":"netbakis.net"},"sameAs":["https:\/\/netbakis.net"],"url":"https:\/\/netbakis.net\/tr\/author\/netbakis-net\/"}]}},"jetpack_publicize_connections":[],"_links":{"self":[{"href":"https:\/\/netbakis.net\/tr\/wp-json\/wp\/v2\/posts\/5623","targetHints":{"allow":["GET"]}}],"collection":[{"href":"https:\/\/netbakis.net\/tr\/wp-json\/wp\/v2\/posts"}],"about":[{"href":"https:\/\/netbakis.net\/tr\/wp-json\/wp\/v2\/types\/post"}],"author":[{"embeddable":true,"href":"https:\/\/netbakis.net\/tr\/wp-json\/wp\/v2\/users\/1"}],"replies":[{"embeddable":true,"href":"https:\/\/netbakis.net\/tr\/wp-json\/wp\/v2\/comments?post=5623"}],"version-history":[{"count":1,"href":"https:\/\/netbakis.net\/tr\/wp-json\/wp\/v2\/posts\/5623\/revisions"}],"predecessor-version":[{"id":5625,"href":"https:\/\/netbakis.net\/tr\/wp-json\/wp\/v2\/posts\/5623\/revisions\/5625"}],"wp:featuredmedia":[{"embeddable":true,"href":"https:\/\/netbakis.net\/tr\/wp-json\/wp\/v2\/media\/5624"}],"wp:attachment":[{"href":"https:\/\/netbakis.net\/tr\/wp-json\/wp\/v2\/media?parent=5623"}],"wp:term":[{"taxonomy":"category","embeddable":true,"href":"https:\/\/netbakis.net\/tr\/wp-json\/wp\/v2\/categories?post=5623"},{"taxonomy":"post_tag","embeddable":true,"href":"https:\/\/netbakis.net\/tr\/wp-json\/wp\/v2\/tags?post=5623"}],"curies":[{"name":"wp","href":"https:\/\/api.w.org\/{rel}","templated":true}]}}