{"id":5612,"date":"2021-05-09T16:30:35","date_gmt":"2021-05-09T16:30:35","guid":{"rendered":"https:\/\/netbakis.net\/?p=5612"},"modified":"2021-05-09T16:30:36","modified_gmt":"2021-05-09T16:30:36","slug":"tatar-ab-egemenlik-talebimizi-dikkate-almali","status":"publish","type":"post","link":"https:\/\/netbakis.net\/tr\/5612\/","title":{"rendered":"Tatar: AB egemenlik talebimizi dikkate almal\u0131"},"content":{"rendered":"<p>Cumhurba\u015fkan\u0131 Ersin Tatar, \u201cAvrupa G\u00fcn\u00fc\u201d nedeniyle mesaj yay\u0131nlad\u0131.<\/p>\n\n\n\n<p>Cumhurba\u015fkan\u0131 Tatar, 9 May\u0131s \u201cAvrupa G\u00fcn\u00fc\u201d dolay\u0131s\u0131yla yapt\u0131\u011f\u0131 a\u00e7\u0131klamada, AB\u2019ye K\u0131br\u0131s T\u00fcrk halk\u0131n\u0131n egemenlik talebini dikkate almas\u0131 ve Annan Plan\u0131 referandumu s\u00fcrecinde&nbsp; K\u0131br\u0131s T\u00fcrk halk\u0131na verdi\u011fi s\u00f6zleri yerine getirmesi \u00e7a\u011fr\u0131s\u0131nda bulundu.<\/p>\n\n\n\n<p>Cumhurba\u015fkan\u0131 Tatar a\u00e7\u0131klamas\u0131n\u0131 \u015f\u00f6yle s\u00fcrd\u00fcrd\u00fc:<\/p>\n\n\n\n<p>\u201cHer y\u0131l\u0131n 9 May\u0131s g\u00fcn\u00fc \u2018Avrupa G\u00fcn\u00fc\u2019 olarak kutlan\u0131rken, Avrupa Birli\u011fi\u2019nin&nbsp; K\u0131br\u0131s konusuna bak\u0131\u015f a\u00e7\u0131s\u0131nda kendi temel ilkelerinden uzakla\u015ft\u0131\u011f\u0131n\u0131 ve bunlara ayk\u0131r\u0131 \u015fekilde hareket etti\u011fini \u00fcz\u00fclerek g\u00f6rmekteyiz. AB\u2019nin K\u0131br\u0131s konusunda izledi\u011fi yanl\u0131 tutumu ise endi\u015fe verici olup,&nbsp; \u00e7\u00f6z\u00fcm \u00e7abalar\u0131na b\u00fcy\u00fck zarar vermektedir.<\/p>\n\n\n\n<p>AB\u2019ye tek yanl\u0131 ve haks\u0131z bir \u015fekilde \u00fcye yap\u0131lan G\u00fcney K\u0131br\u0131s, bu \u00fcyeli\u011fi tehdit ve \u015fantaj unsuru olarak kullan\u0131p, AB\u2019den ald\u0131\u011f\u0131 g\u00fc\u00e7le&nbsp; uzla\u015fmaz tavr\u0131n\u0131 s\u00fcrd\u00fcrmektedir. Bu kabul edilemez olup, AB\u2019den beklentimiz ve temennimiz, temel ilkeleri aras\u0131nda \u00f6nemli bir yer tutan&nbsp; halklar\u0131n egemenlik hakk\u0131na sayg\u0131 ilkesi uyar\u0131nca,&nbsp; K\u0131br\u0131s\u2019ta&nbsp; ayr\u0131 bir halk olan K\u0131br\u0131s T\u00fcrk halk\u0131n\u0131n egemenlik&nbsp; talebini dikkate almas\u0131 ve buna uygun \u015fekilde hareket etmesidir.<\/p>\n\n\n\n<p>Bir&nbsp; di\u011fer temennimiz ise&nbsp; 24 Nisan 2004&nbsp; tarihinde ger\u00e7ekle\u015fen Annan Plan\u0131 referandumunda AB\u2019nin K\u0131br\u0131s T\u00fcrk halk\u0131na verdi\u011fi s\u00f6zler ile yapt\u0131\u011f\u0131 vaatleri&nbsp; yerine getirmesidir. AB, referandum s\u00fcrecinde \u2018K\u0131br\u0131s T\u00fcrkleri evet derse izolasyonlar ve ambargolar kalkacak, K\u0131br\u0131s T\u00fcrkleri a\u00e7\u0131kta ve so\u011fukta b\u0131rak\u0131lmayacak\u2019&nbsp; s\u00f6z\u00fcn\u00fc verirken, \u2018K\u0131br\u0131s T\u00fcrkleri evet derse K\u0131br\u0131s konusu&nbsp; AB ile m\u00fczakerelerinde bir kez daha T\u00fcrkiye\u2019nin \u00f6n\u00fcne engel olarak konulmayacak\u2019 s\u00f6z\u00fcn\u00fc de vermi\u015fti.<\/p>\n\n\n\n<p>Ama ne var ki aradan 17 y\u0131l ge\u00e7mesine ra\u011fmen verilen bu s\u00f6zlerin bir teki bile yerine getirilmezken, K\u0131br\u0131s T\u00fcrk halk\u0131 Rum\u2019un az\u0131nl\u0131\u011f\u0131 olmaya zorlanmaktad\u0131r. \u0130nsan haklar\u0131na ayk\u0131r\u0131 olan izolasyonlar ve ambargolar hala daha devam etmekte,&nbsp; K\u0131br\u0131s konusu da AB ile m\u00fczakerelerinde T\u00fcrkiye\u2019nin \u00f6n\u00fcne engel olarak konulmaktad\u0131r. T\u00fcm bunlar da AB\u2019nin g\u00fcvenilirli\u011fini sorgulan\u0131r hale getirmi\u015f&nbsp; ve b\u00fcy\u00fck bir hayal k\u0131r\u0131kl\u0131\u011f\u0131 yaratm\u0131\u015ft\u0131r.<\/p>\n\n\n\n<p>Bug\u00fcn, 9 May\u0131s \u2018Avrupa G\u00fcn\u00fc\u2019nde, K\u0131br\u0131s T\u00fcrk halk\u0131 ad\u0131na \u00e7a\u011fr\u0131m, AB\u2019nin K\u0131br\u0131s konusunda izledi\u011fi tek yanl\u0131 tutumuna son vermesi, egemenlik konusundaki taleplerimizi dikkate almas\u0131 ve Annan Plan\u0131 referandumunda verdi\u011fi s\u00f6zleri yerine getirmesidir.\u201d&nbsp;<\/p>","protected":false},"excerpt":{"rendered":"<p>Cumhurba\u015fkan\u0131 Ersin Tatar, \u201cAvrupa G\u00fcn\u00fc\u201d nedeniyle mesaj yay\u0131nlad\u0131. Cumhurba\u015fkan\u0131 Tatar, 9 May\u0131s \u201cAvrupa G\u00fcn\u00fc\u201d dolay\u0131s\u0131yla yapt\u0131\u011f\u0131 a\u00e7\u0131klamada, AB\u2019ye K\u0131br\u0131s T\u00fcrk halk\u0131n\u0131n egemenlik talebini dikkate almas\u0131 ve Annan Plan\u0131 referandumu s\u00fcrecinde&nbsp; K\u0131br\u0131s T\u00fcrk halk\u0131na verdi\u011fi s\u00f6zleri yerine getirmesi \u00e7a\u011fr\u0131s\u0131nda bulundu. Cumhurba\u015fkan\u0131 Tatar a\u00e7\u0131klamas\u0131n\u0131 \u015f\u00f6yle s\u00fcrd\u00fcrd\u00fc: \u201cHer y\u0131l\u0131n 9 May\u0131s g\u00fcn\u00fc \u2018Avrupa G\u00fcn\u00fc\u2019 olarak kutlan\u0131rken, Avrupa Birli\u011fi\u2019nin&nbsp; [&hellip;]<\/p>","protected":false},"author":1,"featured_media":5375,"comment_status":"open","ping_status":"open","sticky":false,"template":"","format":"standard","meta":{"om_disable_all_campaigns":false,"_monsterinsights_skip_tracking":false,"_monsterinsights_sitenote_active":false,"_monsterinsights_sitenote_note":"","_monsterinsights_sitenote_category":0,"_uf_show_specific_survey":0,"_uf_disable_surveys":false,"footnotes":"","jetpack_publicize_message":"","jetpack_publicize_feature_enabled":true,"jetpack_social_post_already_shared":false,"jetpack_social_options":{"image_generator_settings":{"template":"highway","default_image_id":0,"font":"","enabled":false},"version":2}},"categories":[81],"tags":[229],"class_list":{"0":"post-5612","1":"post","2":"type-post","3":"status-publish","4":"format-standard","5":"has-post-thumbnail","7":"category-gundem","8":"tag-tatar"},"yoast_head":"<!-- This site is optimized with the Yoast SEO plugin v23.8 - https:\/\/yoast.com\/wordpress\/plugins\/seo\/ -->\n<title>Tatar: AB egemenlik talebimizi dikkate almal\u0131 - NETBAKIS<\/title>\n<meta name=\"robots\" content=\"index, follow, max-snippet:-1, max-image-preview:large, max-video-preview:-1\" \/>\n<link rel=\"canonical\" href=\"https:\/\/netbakis.net\/tr\/5612\/\" \/>\n<meta property=\"og:locale\" content=\"tr_TR\" \/>\n<meta property=\"og:type\" content=\"article\" \/>\n<meta property=\"og:title\" content=\"Tatar: AB egemenlik talebimizi dikkate almal\u0131 - NETBAKIS\" \/>\n<meta property=\"og:description\" content=\"Cumhurba\u015fkan\u0131 Ersin Tatar, \u201cAvrupa G\u00fcn\u00fc\u201d nedeniyle mesaj yay\u0131nlad\u0131. Cumhurba\u015fkan\u0131 Tatar, 9 May\u0131s \u201cAvrupa G\u00fcn\u00fc\u201d dolay\u0131s\u0131yla yapt\u0131\u011f\u0131 a\u00e7\u0131klamada, AB\u2019ye K\u0131br\u0131s T\u00fcrk halk\u0131n\u0131n egemenlik talebini dikkate almas\u0131 ve Annan Plan\u0131 referandumu s\u00fcrecinde&nbsp; K\u0131br\u0131s T\u00fcrk halk\u0131na verdi\u011fi s\u00f6zleri yerine getirmesi \u00e7a\u011fr\u0131s\u0131nda bulundu. Cumhurba\u015fkan\u0131 Tatar a\u00e7\u0131klamas\u0131n\u0131 \u015f\u00f6yle s\u00fcrd\u00fcrd\u00fc: \u201cHer y\u0131l\u0131n 9 May\u0131s g\u00fcn\u00fc \u2018Avrupa G\u00fcn\u00fc\u2019 olarak kutlan\u0131rken, Avrupa Birli\u011fi\u2019nin&nbsp; [&hellip;]\" \/>\n<meta property=\"og:url\" content=\"https:\/\/netbakis.net\/tr\/5612\/\" \/>\n<meta property=\"og:site_name\" content=\"NETBAKIS\" \/>\n<meta property=\"article:published_time\" content=\"2021-05-09T16:30:35+00:00\" \/>\n<meta property=\"article:modified_time\" content=\"2021-05-09T16:30:36+00:00\" \/>\n<meta property=\"og:image\" content=\"https:\/\/netbakis.net\/wp-content\/uploads\/2021\/05\/178842798_2878226682416705_7004422587477346673_n.jpg\" \/>\n\t<meta property=\"og:image:width\" content=\"960\" \/>\n\t<meta property=\"og:image:height\" content=\"638\" \/>\n\t<meta property=\"og:image:type\" content=\"image\/jpeg\" \/>\n<meta name=\"author\" content=\"netbakis.net\" \/>\n<meta name=\"twitter:card\" content=\"summary_large_image\" \/>\n<meta name=\"twitter:label1\" content=\"Yazan:\" \/>\n\t<meta name=\"twitter:data1\" content=\"netbakis.net\" \/>\n\t<meta name=\"twitter:label2\" content=\"Tahmini okuma s\u00fcresi\" \/>\n\t<meta name=\"twitter:data2\" content=\"2 dakika\" \/>\n<script type=\"application\/ld+json\" class=\"yoast-schema-graph\">{\"@context\":\"https:\/\/schema.org\",\"@graph\":[{\"@type\":\"WebPage\",\"@id\":\"https:\/\/netbakis.net\/5612\/\",\"url\":\"https:\/\/netbakis.net\/5612\/\",\"name\":\"Tatar: AB egemenlik talebimizi dikkate almal\u0131 - NETBAKIS\",\"isPartOf\":{\"@id\":\"https:\/\/netbakis.net\/#website\"},\"primaryImageOfPage\":{\"@id\":\"https:\/\/netbakis.net\/5612\/#primaryimage\"},\"image\":{\"@id\":\"https:\/\/netbakis.net\/5612\/#primaryimage\"},\"thumbnailUrl\":\"https:\/\/netbakis.net\/wp-content\/uploads\/2021\/05\/178842798_2878226682416705_7004422587477346673_n.jpg\",\"datePublished\":\"2021-05-09T16:30:35+00:00\",\"dateModified\":\"2021-05-09T16:30:36+00:00\",\"author\":{\"@id\":\"https:\/\/netbakis.net\/#\/schema\/person\/5d9b5c3f48ca4a3c69967d619fc8c7f4\"},\"breadcrumb\":{\"@id\":\"https:\/\/netbakis.net\/5612\/#breadcrumb\"},\"inLanguage\":\"tr\",\"potentialAction\":[{\"@type\":\"ReadAction\",\"target\":[\"https:\/\/netbakis.net\/5612\/\"]}]},{\"@type\":\"ImageObject\",\"inLanguage\":\"tr\",\"@id\":\"https:\/\/netbakis.net\/5612\/#primaryimage\",\"url\":\"https:\/\/netbakis.net\/wp-content\/uploads\/2021\/05\/178842798_2878226682416705_7004422587477346673_n.jpg\",\"contentUrl\":\"https:\/\/netbakis.net\/wp-content\/uploads\/2021\/05\/178842798_2878226682416705_7004422587477346673_n.jpg\",\"width\":960,\"height\":638,\"caption\":\"Ersin Tatar\"},{\"@type\":\"BreadcrumbList\",\"@id\":\"https:\/\/netbakis.net\/5612\/#breadcrumb\",\"itemListElement\":[{\"@type\":\"ListItem\",\"position\":1,\"name\":\"Home\",\"item\":\"https:\/\/netbakis.net\/\"},{\"@type\":\"ListItem\",\"position\":2,\"name\":\"Tatar: AB egemenlik talebimizi dikkate almal\u0131\"}]},{\"@type\":\"WebSite\",\"@id\":\"https:\/\/netbakis.net\/#website\",\"url\":\"https:\/\/netbakis.net\/\",\"name\":\"NETBAKIS\",\"description\":\"SON DAKIKA\",\"potentialAction\":[{\"@type\":\"SearchAction\",\"target\":{\"@type\":\"EntryPoint\",\"urlTemplate\":\"https:\/\/netbakis.net\/?s={search_term_string}\"},\"query-input\":{\"@type\":\"PropertyValueSpecification\",\"valueRequired\":true,\"valueName\":\"search_term_string\"}}],\"inLanguage\":\"tr\"},{\"@type\":\"Person\",\"@id\":\"https:\/\/netbakis.net\/#\/schema\/person\/5d9b5c3f48ca4a3c69967d619fc8c7f4\",\"name\":\"netbakis.net\",\"image\":{\"@type\":\"ImageObject\",\"inLanguage\":\"tr\",\"@id\":\"https:\/\/netbakis.net\/#\/schema\/person\/image\/\",\"url\":\"https:\/\/secure.gravatar.com\/avatar\/4ddeae49d2d3e3568a8d5b0937642efdf0b72468dbe3f213bc1978faa47af0d1?s=96&d=wp_user_avatar&r=g\",\"contentUrl\":\"https:\/\/secure.gravatar.com\/avatar\/4ddeae49d2d3e3568a8d5b0937642efdf0b72468dbe3f213bc1978faa47af0d1?s=96&d=wp_user_avatar&r=g\",\"caption\":\"netbakis.net\"},\"sameAs\":[\"https:\/\/netbakis.net\"],\"url\":\"https:\/\/netbakis.net\/tr\/author\/netbakis-net\/\"}]}<\/script>\n<!-- \/ Yoast SEO plugin. -->","yoast_head_json":{"title":"Tatar: AB egemenlik talebimizi dikkate almal\u0131 - NETBAKIS","robots":{"index":"index","follow":"follow","max-snippet":"max-snippet:-1","max-image-preview":"max-image-preview:large","max-video-preview":"max-video-preview:-1"},"canonical":"https:\/\/netbakis.net\/tr\/5612\/","og_locale":"tr_TR","og_type":"article","og_title":"Tatar: AB egemenlik talebimizi dikkate almal\u0131 - NETBAKIS","og_description":"Cumhurba\u015fkan\u0131 Ersin Tatar, \u201cAvrupa G\u00fcn\u00fc\u201d nedeniyle mesaj yay\u0131nlad\u0131. Cumhurba\u015fkan\u0131 Tatar, 9 May\u0131s \u201cAvrupa G\u00fcn\u00fc\u201d dolay\u0131s\u0131yla yapt\u0131\u011f\u0131 a\u00e7\u0131klamada, AB\u2019ye K\u0131br\u0131s T\u00fcrk halk\u0131n\u0131n egemenlik talebini dikkate almas\u0131 ve Annan Plan\u0131 referandumu s\u00fcrecinde&nbsp; K\u0131br\u0131s T\u00fcrk halk\u0131na verdi\u011fi s\u00f6zleri yerine getirmesi \u00e7a\u011fr\u0131s\u0131nda bulundu. Cumhurba\u015fkan\u0131 Tatar a\u00e7\u0131klamas\u0131n\u0131 \u015f\u00f6yle s\u00fcrd\u00fcrd\u00fc: \u201cHer y\u0131l\u0131n 9 May\u0131s g\u00fcn\u00fc \u2018Avrupa G\u00fcn\u00fc\u2019 olarak kutlan\u0131rken, Avrupa Birli\u011fi\u2019nin&nbsp; [&hellip;]","og_url":"https:\/\/netbakis.net\/tr\/5612\/","og_site_name":"NETBAKIS","article_published_time":"2021-05-09T16:30:35+00:00","article_modified_time":"2021-05-09T16:30:36+00:00","og_image":[{"width":960,"height":638,"url":"https:\/\/netbakis.net\/wp-content\/uploads\/2021\/05\/178842798_2878226682416705_7004422587477346673_n.jpg","type":"image\/jpeg"}],"author":"netbakis.net","twitter_card":"summary_large_image","twitter_misc":{"Yazan:":"netbakis.net","Tahmini okuma s\u00fcresi":"2 dakika"},"schema":{"@context":"https:\/\/schema.org","@graph":[{"@type":"WebPage","@id":"https:\/\/netbakis.net\/5612\/","url":"https:\/\/netbakis.net\/5612\/","name":"Tatar: AB egemenlik talebimizi dikkate almal\u0131 - NETBAKIS","isPartOf":{"@id":"https:\/\/netbakis.net\/#website"},"primaryImageOfPage":{"@id":"https:\/\/netbakis.net\/5612\/#primaryimage"},"image":{"@id":"https:\/\/netbakis.net\/5612\/#primaryimage"},"thumbnailUrl":"https:\/\/netbakis.net\/wp-content\/uploads\/2021\/05\/178842798_2878226682416705_7004422587477346673_n.jpg","datePublished":"2021-05-09T16:30:35+00:00","dateModified":"2021-05-09T16:30:36+00:00","author":{"@id":"https:\/\/netbakis.net\/#\/schema\/person\/5d9b5c3f48ca4a3c69967d619fc8c7f4"},"breadcrumb":{"@id":"https:\/\/netbakis.net\/5612\/#breadcrumb"},"inLanguage":"tr","potentialAction":[{"@type":"ReadAction","target":["https:\/\/netbakis.net\/5612\/"]}]},{"@type":"ImageObject","inLanguage":"tr","@id":"https:\/\/netbakis.net\/5612\/#primaryimage","url":"https:\/\/netbakis.net\/wp-content\/uploads\/2021\/05\/178842798_2878226682416705_7004422587477346673_n.jpg","contentUrl":"https:\/\/netbakis.net\/wp-content\/uploads\/2021\/05\/178842798_2878226682416705_7004422587477346673_n.jpg","width":960,"height":638,"caption":"Ersin Tatar"},{"@type":"BreadcrumbList","@id":"https:\/\/netbakis.net\/5612\/#breadcrumb","itemListElement":[{"@type":"ListItem","position":1,"name":"Home","item":"https:\/\/netbakis.net\/"},{"@type":"ListItem","position":2,"name":"Tatar: AB egemenlik talebimizi dikkate almal\u0131"}]},{"@type":"WebSite","@id":"https:\/\/netbakis.net\/#website","url":"https:\/\/netbakis.net\/","name":"NETBAKIS","description":"SON DAKIKA","potentialAction":[{"@type":"SearchAction","target":{"@type":"EntryPoint","urlTemplate":"https:\/\/netbakis.net\/?s={search_term_string}"},"query-input":{"@type":"PropertyValueSpecification","valueRequired":true,"valueName":"search_term_string"}}],"inLanguage":"tr"},{"@type":"Person","@id":"https:\/\/netbakis.net\/#\/schema\/person\/5d9b5c3f48ca4a3c69967d619fc8c7f4","name":"netbakis.net","image":{"@type":"ImageObject","inLanguage":"tr","@id":"https:\/\/netbakis.net\/#\/schema\/person\/image\/","url":"https:\/\/secure.gravatar.com\/avatar\/4ddeae49d2d3e3568a8d5b0937642efdf0b72468dbe3f213bc1978faa47af0d1?s=96&d=wp_user_avatar&r=g","contentUrl":"https:\/\/secure.gravatar.com\/avatar\/4ddeae49d2d3e3568a8d5b0937642efdf0b72468dbe3f213bc1978faa47af0d1?s=96&d=wp_user_avatar&r=g","caption":"netbakis.net"},"sameAs":["https:\/\/netbakis.net"],"url":"https:\/\/netbakis.net\/tr\/author\/netbakis-net\/"}]}},"jetpack_publicize_connections":[],"_links":{"self":[{"href":"https:\/\/netbakis.net\/tr\/wp-json\/wp\/v2\/posts\/5612","targetHints":{"allow":["GET"]}}],"collection":[{"href":"https:\/\/netbakis.net\/tr\/wp-json\/wp\/v2\/posts"}],"about":[{"href":"https:\/\/netbakis.net\/tr\/wp-json\/wp\/v2\/types\/post"}],"author":[{"embeddable":true,"href":"https:\/\/netbakis.net\/tr\/wp-json\/wp\/v2\/users\/1"}],"replies":[{"embeddable":true,"href":"https:\/\/netbakis.net\/tr\/wp-json\/wp\/v2\/comments?post=5612"}],"version-history":[{"count":1,"href":"https:\/\/netbakis.net\/tr\/wp-json\/wp\/v2\/posts\/5612\/revisions"}],"predecessor-version":[{"id":5613,"href":"https:\/\/netbakis.net\/tr\/wp-json\/wp\/v2\/posts\/5612\/revisions\/5613"}],"wp:featuredmedia":[{"embeddable":true,"href":"https:\/\/netbakis.net\/tr\/wp-json\/wp\/v2\/media\/5375"}],"wp:attachment":[{"href":"https:\/\/netbakis.net\/tr\/wp-json\/wp\/v2\/media?parent=5612"}],"wp:term":[{"taxonomy":"category","embeddable":true,"href":"https:\/\/netbakis.net\/tr\/wp-json\/wp\/v2\/categories?post=5612"},{"taxonomy":"post_tag","embeddable":true,"href":"https:\/\/netbakis.net\/tr\/wp-json\/wp\/v2\/tags?post=5612"}],"curies":[{"name":"wp","href":"https:\/\/api.w.org\/{rel}","templated":true}]}}