{"id":5573,"date":"2021-05-08T12:48:00","date_gmt":"2021-05-08T12:48:00","guid":{"rendered":"https:\/\/netbakis.net\/?p=5573"},"modified":"2021-05-08T12:48:02","modified_gmt":"2021-05-08T12:48:02","slug":"ctp-milletvekilleri-cumhurbaskani-tatarin-bilgilendirme-toplantisina-katilmayacak","status":"publish","type":"post","link":"https:\/\/netbakis.net\/tr\/5573\/","title":{"rendered":"CTP milletvekilleri, Cumhurba\u015fkan\u0131 Tatar&#8217;\u0131n bilgilendirme toplant\u0131s\u0131na kat\u0131lmayacak"},"content":{"rendered":"<p>Cumhuriyet\u00e7i T\u00fcrk Partisi\u00a0Pazartesi g\u00fcn\u00fc Cumhuriyet Meclisinde\u00a0Cumhurba\u015fkan\u0131 Ersin Tatar&#8217;\u0131n yapaca\u011f\u0131 bilgilendirme toplant\u0131s\u0131n\u0131n g\u00f6stermelik oldu\u011funu iddia etti.<\/p>\n\n\n\n<p>umhuriyet\u00e7i T\u00fcrk Partisi&nbsp;(CTP), Pazartesi g\u00fcn\u00fc Cumhuriyet Meclisinde&nbsp;Cumhurba\u015fkan\u0131 Ersin Tatar&#8217;\u0131n bilgilendirme yapaca\u011f\u0131 toplant\u0131n\u0131n g\u00f6stermelik oldu\u011funu iddia ederek&nbsp;bu toplant\u0131ya kat\u0131lmayaca\u011f\u0131n\u0131 a\u00e7\u0131klad\u0131.<\/p>\n\n\n\n<p>CTP bas\u0131n b\u00fcrosu taraf\u0131ndan yap\u0131lan yaz\u0131l\u0131 a\u00e7\u0131klamada \u015fu ifadelere verildi:<\/p>\n\n\n\n<p>&#8220;Cumhurba\u015fkanl\u0131\u011f\u0131 se\u00e7imi s\u00fcrecinde, se\u00e7ilmesi halinde \u201culusal dan\u0131\u015fma konseyi\u201d kurulaca\u011f\u0131n\u0131 s\u00f6yleyen ve devir teslim t\u00f6reninde bunun \u201cmutlaka ya\u015fama ge\u00e7irilece\u011fini\u201d teyit eden Sn. Tatar, g\u00f6reve ba\u015flad\u0131ktan sonra bu s\u00f6z\u00fcn\u00fc yerine getirmemi\u015ftir. Sn. Tatar kendinden \u00f6nceki cumhurba\u015fkanlar\u0131 taraf\u0131ndan team\u00fcl haline getirilen Meclis\u2019i bilgilendirme ve Meclis\u2019te temsil edilen siyasi partilerle isti\u015fare toplant\u0131lar\u0131n\u0131 ger\u00e7ekle\u015ftirmekte de isteksiz davranm\u0131\u015f, isti\u015fare toplant\u0131lar\u0131 ancak Meclis\u2019teki muhalefet partilerinin \u0131srarl\u0131 \u00e7a\u011fr\u0131lar\u0131 \u00fczerine ger\u00e7ekle\u015ftirilebilmi\u015ftir.<\/p>\n\n\n\n<p>Bu tutum Cenevre toplant\u0131s\u0131 \u00f6ncesinde de devam etmi\u015f, K\u0131br\u0131s Rum siyasi partilerinin Cenevre\u2019de olaca\u011f\u0131 toplant\u0131n\u0131n \u00e7ok \u00f6ncesinde ilan edilmi\u015f olmas\u0131na kar\u015f\u0131n K\u0131br\u0131s T\u00fcrk siyasi partileriyle ilgili benzer a\u00e7\u0131klama Cenevre toplant\u0131s\u0131na \u00e7ok k\u0131sa bir s\u00fcre kala yap\u0131lm\u0131\u015ft\u0131r. Yine, Cenevre \u00f6ncesinde Meclis\u2019te bir bilgilendirme toplant\u0131s\u0131 yap\u0131laca\u011f\u0131 a\u00e7\u0131klanm\u0131\u015f olmas\u0131na kar\u015f\u0131n, pandemi gerek\u00e7esiyle bu toplant\u0131 iptal edilmi\u015ftir.&nbsp;<\/p>\n\n\n\n<p>B\u00fct\u00fcn bunlara kar\u015f\u0131n Cumhuriyet\u00e7i T\u00fcrk Partisi, genel ba\u015fkan ve d\u0131\u015f ili\u015fkiler sekreteri nezdinde Cenevre\u2019de bulunaca\u011f\u0131 ve oralardaki isti\u015farelerde g\u00f6r\u00fc\u015flerini payla\u015farak s\u00fcrece katk\u0131da bulunabilece\u011fi varsay\u0131m\u0131yla sorumlu tutumunu s\u00fcrd\u00fcrm\u00fc\u015ft\u00fcr.<\/p>\n\n\n\n<p>Ancak Cenevre\u2019de ya\u015fanan konuyla ilgili geli\u015fmeler Partimiz a\u00e7\u0131s\u0131ndan barda\u011f\u0131 ta\u015f\u0131rm\u0131\u015ft\u0131r. Sn. Tatar\u2019\u0131n siyasi parti temsilcileriyle ger\u00e7ekle\u015ftirdi\u011fi ilk toplant\u0131dan \u00f6nce, K\u0131br\u0131s T\u00fcrk taraf\u0131n\u0131n alt\u0131-yedi maddelik bir \u00f6neri sunmaya haz\u0131rland\u0131\u011f\u0131 bas\u0131nda haber olarak yer alm\u0131\u015ft\u0131r.&nbsp;<\/p>\n\n\n\n<p>Haberin yay\u0131mlanmas\u0131ndan sonra yap\u0131lan toplant\u0131da bunun do\u011fru olup olmad\u0131\u011f\u0131 siyasi parti temsilcileri taraf\u0131ndan sorulmu\u015f ancak Sn. Tatar bu haberin \u201casparagas\u201d oldu\u011fu \u201cbilgi\u201dsini vermi\u015ftir. Oysa toplant\u0131n\u0131n ertesi g\u00fcn\u00fc K\u0131br\u0131s T\u00fcrk taraf\u0131 masaya ger\u00e7ekten de alt\u0131 maddelik bir \u00f6neri sunmu\u015f, Cenevre\u2019de bulunan siyasi parti temsilcileri bu \u00f6nerileri de bas\u0131ndan \u00f6\u011frenmek zorunda b\u0131rak\u0131lm\u0131\u015ft\u0131r.&nbsp;<\/p>\n\n\n\n<p>Sunulan \u00f6nerilerin Cumhuriyet\u00e7i T\u00fcrk Partisi\u2019nin K\u0131br\u0131s sorununun kapsaml\u0131 \u00e7\u00f6z\u00fcm\u00fcne ili\u015fkin g\u00f6r\u00fc\u015flerine, K\u0131br\u0131s T\u00fcrk halk\u0131n\u0131n \u00e7\u00f6z\u00fcm iradesine tamamen ters ve ger\u00e7ek\u00e7i olmaktan uzak oldu\u011funa dair g\u00f6r\u00fc\u015flerimiz bas\u0131nla payla\u015f\u0131lm\u0131\u015ft\u0131r.&nbsp;<\/p>\n\n\n\n<p>Ancak Sn. Tatar bununla da yetinmemi\u015f, Anayasa\u2019n\u0131n 102. maddesinde yer alan \u201cDevletin ve toplumun birli\u011fini ve b\u00fct\u00fcnl\u00fc\u011f\u00fcn\u00fc temsil etme\u201d g\u00f6revinin gereklerini yerine getirmemi\u015f, K\u0131br\u0131s T\u00fcrk halk\u0131n\u0131n iradesine, Meclis\u2019e ve Meclis\u2019te temsil edilen siyasi partilere y\u00f6nelik, sayg\u0131 s\u0131n\u0131rlar\u0131n\u0131 a\u015fan bir tav\u0131r i\u00e7erisine girmekten \u00e7ekinmemi\u015ftir.<\/p>\n\n\n\n<p>B\u00fct\u00fcn bunlar ya\u015fand\u0131ktan sonra, Sn. Tatar, Cenevre\u2019deki geli\u015fmeleri payla\u015fmak \u00fczere 10 May\u0131s Pazartesi g\u00fcn\u00fc Meclis\u2019te bir toplant\u0131 d\u00fczenlenmesini talep etmi\u015ftir. Cumhuriyet\u00e7i T\u00fcrk Partisi bu toplant\u0131n\u0131n yap\u0131lmas\u0131na elbette kar\u015f\u0131 de\u011fildir ve kat\u0131lacak siyasi partilerin ve milletvekillerinin tercihlerine de sayg\u0131 duymaktad\u0131r.&nbsp;<\/p>\n\n\n\n<p>Ancak yukar\u0131da aktar\u0131lan geli\u015fmeler \u00e7er\u00e7evesinde, her \u015fey siyasi partilerle gerekli isti\u015fareler zaman\u0131nda yap\u0131lmaks\u0131z\u0131n ya\u015fand\u0131ktan sonra yap\u0131lacak bu toplant\u0131, bize g\u00f6re anlam\u0131n\u0131 tamamen yitirmi\u015f durumdad\u0131r. Milletvekillerimiz, bize g\u00f6re \u201cg\u00f6stermelik\u201d olman\u0131n \u00f6tesinde bir anlam ta\u015f\u0131mayan bu toplant\u0131ya kat\u0131lmayacakt\u0131r.&nbsp;<\/p>\n\n\n\n<p>Partimiz, bug\u00fcne kadar oldu\u011fu gibi, bundan sonra da, zaman\u0131nda yap\u0131lan, anlaml\u0131 ve do\u011fru bilgilerin ortaya konulaca\u011f\u0131 t\u00fcm isti\u015farelerde yerini al\u0131p g\u00f6r\u00fc\u015flerini payla\u015facak ancak halk\u0131m\u0131za, iradesine, temsilcilerine ve kurumsal yap\u0131s\u0131na y\u00f6nelik sayg\u0131 s\u0131n\u0131rlar\u0131n\u0131 a\u015fan tav\u0131rlar\u0131, hangi makam taraf\u0131ndan sergilenirse sergilensin, halk\u0131m\u0131za duydu\u011fumuz sorumlulu\u011fun gere\u011fi olarak hi\u00e7bir \u015fekilde sineye \u00e7ekmeyecektir&#8221;.<\/p>","protected":false},"excerpt":{"rendered":"<p>Cumhuriyet\u00e7i T\u00fcrk Partisi\u00a0Pazartesi g\u00fcn\u00fc Cumhuriyet Meclisinde\u00a0Cumhurba\u015fkan\u0131 Ersin Tatar&#8217;\u0131n yapaca\u011f\u0131 bilgilendirme toplant\u0131s\u0131n\u0131n g\u00f6stermelik oldu\u011funu iddia etti. umhuriyet\u00e7i T\u00fcrk Partisi&nbsp;(CTP), Pazartesi g\u00fcn\u00fc Cumhuriyet Meclisinde&nbsp;Cumhurba\u015fkan\u0131 Ersin Tatar&#8217;\u0131n bilgilendirme yapaca\u011f\u0131 toplant\u0131n\u0131n g\u00f6stermelik oldu\u011funu iddia ederek&nbsp;bu toplant\u0131ya kat\u0131lmayaca\u011f\u0131n\u0131 a\u00e7\u0131klad\u0131. CTP bas\u0131n b\u00fcrosu taraf\u0131ndan yap\u0131lan yaz\u0131l\u0131 a\u00e7\u0131klamada \u015fu ifadelere verildi: &#8220;Cumhurba\u015fkanl\u0131\u011f\u0131 se\u00e7imi s\u00fcrecinde, se\u00e7ilmesi halinde \u201culusal dan\u0131\u015fma konseyi\u201d kurulaca\u011f\u0131n\u0131 s\u00f6yleyen ve [&hellip;]<\/p>","protected":false},"author":1,"featured_media":5375,"comment_status":"open","ping_status":"open","sticky":false,"template":"","format":"standard","meta":{"om_disable_all_campaigns":false,"_monsterinsights_skip_tracking":false,"_monsterinsights_sitenote_active":false,"_monsterinsights_sitenote_note":"","_monsterinsights_sitenote_category":0,"_uf_show_specific_survey":0,"_uf_disable_surveys":false,"footnotes":"","jetpack_publicize_message":"","jetpack_publicize_feature_enabled":true,"jetpack_social_post_already_shared":false,"jetpack_social_options":{"image_generator_settings":{"template":"highway","default_image_id":0,"font":"","enabled":false},"version":2}},"categories":[81],"tags":[229],"class_list":{"0":"post-5573","1":"post","2":"type-post","3":"status-publish","4":"format-standard","5":"has-post-thumbnail","7":"category-gundem","8":"tag-tatar"},"yoast_head":"<!-- This site is optimized with the Yoast SEO plugin v23.8 - https:\/\/yoast.com\/wordpress\/plugins\/seo\/ -->\n<title>CTP milletvekilleri, Cumhurba\u015fkan\u0131 Tatar&#039;\u0131n bilgilendirme toplant\u0131s\u0131na kat\u0131lmayacak - NETBAKIS<\/title>\n<meta name=\"robots\" content=\"index, follow, max-snippet:-1, max-image-preview:large, max-video-preview:-1\" \/>\n<link rel=\"canonical\" href=\"https:\/\/netbakis.net\/tr\/5573\/\" \/>\n<meta property=\"og:locale\" content=\"tr_TR\" \/>\n<meta property=\"og:type\" content=\"article\" \/>\n<meta property=\"og:title\" content=\"CTP milletvekilleri, Cumhurba\u015fkan\u0131 Tatar&#039;\u0131n bilgilendirme toplant\u0131s\u0131na kat\u0131lmayacak - NETBAKIS\" \/>\n<meta property=\"og:description\" content=\"Cumhuriyet\u00e7i T\u00fcrk Partisi\u00a0Pazartesi g\u00fcn\u00fc Cumhuriyet Meclisinde\u00a0Cumhurba\u015fkan\u0131 Ersin Tatar&#8217;\u0131n yapaca\u011f\u0131 bilgilendirme toplant\u0131s\u0131n\u0131n g\u00f6stermelik oldu\u011funu iddia etti. umhuriyet\u00e7i T\u00fcrk Partisi&nbsp;(CTP), Pazartesi g\u00fcn\u00fc Cumhuriyet Meclisinde&nbsp;Cumhurba\u015fkan\u0131 Ersin Tatar&#8217;\u0131n bilgilendirme yapaca\u011f\u0131 toplant\u0131n\u0131n g\u00f6stermelik oldu\u011funu iddia ederek&nbsp;bu toplant\u0131ya kat\u0131lmayaca\u011f\u0131n\u0131 a\u00e7\u0131klad\u0131. CTP bas\u0131n b\u00fcrosu taraf\u0131ndan yap\u0131lan yaz\u0131l\u0131 a\u00e7\u0131klamada \u015fu ifadelere verildi: &#8220;Cumhurba\u015fkanl\u0131\u011f\u0131 se\u00e7imi s\u00fcrecinde, se\u00e7ilmesi halinde \u201culusal dan\u0131\u015fma konseyi\u201d kurulaca\u011f\u0131n\u0131 s\u00f6yleyen ve [&hellip;]\" \/>\n<meta property=\"og:url\" content=\"https:\/\/netbakis.net\/tr\/5573\/\" \/>\n<meta property=\"og:site_name\" content=\"NETBAKIS\" \/>\n<meta property=\"article:published_time\" content=\"2021-05-08T12:48:00+00:00\" \/>\n<meta property=\"article:modified_time\" content=\"2021-05-08T12:48:02+00:00\" \/>\n<meta property=\"og:image\" content=\"https:\/\/netbakis.net\/wp-content\/uploads\/2021\/05\/178842798_2878226682416705_7004422587477346673_n.jpg\" \/>\n\t<meta property=\"og:image:width\" content=\"960\" \/>\n\t<meta property=\"og:image:height\" content=\"638\" \/>\n\t<meta property=\"og:image:type\" content=\"image\/jpeg\" \/>\n<meta name=\"author\" content=\"netbakis.net\" \/>\n<meta name=\"twitter:card\" content=\"summary_large_image\" \/>\n<meta name=\"twitter:label1\" content=\"Yazan:\" \/>\n\t<meta name=\"twitter:data1\" content=\"netbakis.net\" \/>\n\t<meta name=\"twitter:label2\" content=\"Tahmini okuma s\u00fcresi\" \/>\n\t<meta name=\"twitter:data2\" content=\"3 dakika\" \/>\n<script type=\"application\/ld+json\" class=\"yoast-schema-graph\">{\"@context\":\"https:\/\/schema.org\",\"@graph\":[{\"@type\":\"WebPage\",\"@id\":\"https:\/\/netbakis.net\/5573\/\",\"url\":\"https:\/\/netbakis.net\/5573\/\",\"name\":\"CTP milletvekilleri, Cumhurba\u015fkan\u0131 Tatar'\u0131n bilgilendirme toplant\u0131s\u0131na kat\u0131lmayacak - NETBAKIS\",\"isPartOf\":{\"@id\":\"https:\/\/netbakis.net\/#website\"},\"primaryImageOfPage\":{\"@id\":\"https:\/\/netbakis.net\/5573\/#primaryimage\"},\"image\":{\"@id\":\"https:\/\/netbakis.net\/5573\/#primaryimage\"},\"thumbnailUrl\":\"https:\/\/netbakis.net\/wp-content\/uploads\/2021\/05\/178842798_2878226682416705_7004422587477346673_n.jpg\",\"datePublished\":\"2021-05-08T12:48:00+00:00\",\"dateModified\":\"2021-05-08T12:48:02+00:00\",\"author\":{\"@id\":\"https:\/\/netbakis.net\/#\/schema\/person\/5d9b5c3f48ca4a3c69967d619fc8c7f4\"},\"breadcrumb\":{\"@id\":\"https:\/\/netbakis.net\/5573\/#breadcrumb\"},\"inLanguage\":\"tr\",\"potentialAction\":[{\"@type\":\"ReadAction\",\"target\":[\"https:\/\/netbakis.net\/5573\/\"]}]},{\"@type\":\"ImageObject\",\"inLanguage\":\"tr\",\"@id\":\"https:\/\/netbakis.net\/5573\/#primaryimage\",\"url\":\"https:\/\/netbakis.net\/wp-content\/uploads\/2021\/05\/178842798_2878226682416705_7004422587477346673_n.jpg\",\"contentUrl\":\"https:\/\/netbakis.net\/wp-content\/uploads\/2021\/05\/178842798_2878226682416705_7004422587477346673_n.jpg\",\"width\":960,\"height\":638,\"caption\":\"Ersin Tatar\"},{\"@type\":\"BreadcrumbList\",\"@id\":\"https:\/\/netbakis.net\/5573\/#breadcrumb\",\"itemListElement\":[{\"@type\":\"ListItem\",\"position\":1,\"name\":\"Home\",\"item\":\"https:\/\/netbakis.net\/\"},{\"@type\":\"ListItem\",\"position\":2,\"name\":\"CTP milletvekilleri, Cumhurba\u015fkan\u0131 Tatar&#8217;\u0131n bilgilendirme toplant\u0131s\u0131na kat\u0131lmayacak\"}]},{\"@type\":\"WebSite\",\"@id\":\"https:\/\/netbakis.net\/#website\",\"url\":\"https:\/\/netbakis.net\/\",\"name\":\"NETBAKIS\",\"description\":\"SON DAKIKA\",\"potentialAction\":[{\"@type\":\"SearchAction\",\"target\":{\"@type\":\"EntryPoint\",\"urlTemplate\":\"https:\/\/netbakis.net\/?s={search_term_string}\"},\"query-input\":{\"@type\":\"PropertyValueSpecification\",\"valueRequired\":true,\"valueName\":\"search_term_string\"}}],\"inLanguage\":\"tr\"},{\"@type\":\"Person\",\"@id\":\"https:\/\/netbakis.net\/#\/schema\/person\/5d9b5c3f48ca4a3c69967d619fc8c7f4\",\"name\":\"netbakis.net\",\"image\":{\"@type\":\"ImageObject\",\"inLanguage\":\"tr\",\"@id\":\"https:\/\/netbakis.net\/#\/schema\/person\/image\/\",\"url\":\"https:\/\/secure.gravatar.com\/avatar\/4ddeae49d2d3e3568a8d5b0937642efdf0b72468dbe3f213bc1978faa47af0d1?s=96&d=wp_user_avatar&r=g\",\"contentUrl\":\"https:\/\/secure.gravatar.com\/avatar\/4ddeae49d2d3e3568a8d5b0937642efdf0b72468dbe3f213bc1978faa47af0d1?s=96&d=wp_user_avatar&r=g\",\"caption\":\"netbakis.net\"},\"sameAs\":[\"https:\/\/netbakis.net\"],\"url\":\"https:\/\/netbakis.net\/tr\/author\/netbakis-net\/\"}]}<\/script>\n<!-- \/ Yoast SEO plugin. -->","yoast_head_json":{"title":"CTP milletvekilleri, Cumhurba\u015fkan\u0131 Tatar'\u0131n bilgilendirme toplant\u0131s\u0131na kat\u0131lmayacak - NETBAKIS","robots":{"index":"index","follow":"follow","max-snippet":"max-snippet:-1","max-image-preview":"max-image-preview:large","max-video-preview":"max-video-preview:-1"},"canonical":"https:\/\/netbakis.net\/tr\/5573\/","og_locale":"tr_TR","og_type":"article","og_title":"CTP milletvekilleri, Cumhurba\u015fkan\u0131 Tatar'\u0131n bilgilendirme toplant\u0131s\u0131na kat\u0131lmayacak - NETBAKIS","og_description":"Cumhuriyet\u00e7i T\u00fcrk Partisi\u00a0Pazartesi g\u00fcn\u00fc Cumhuriyet Meclisinde\u00a0Cumhurba\u015fkan\u0131 Ersin Tatar&#8217;\u0131n yapaca\u011f\u0131 bilgilendirme toplant\u0131s\u0131n\u0131n g\u00f6stermelik oldu\u011funu iddia etti. umhuriyet\u00e7i T\u00fcrk Partisi&nbsp;(CTP), Pazartesi g\u00fcn\u00fc Cumhuriyet Meclisinde&nbsp;Cumhurba\u015fkan\u0131 Ersin Tatar&#8217;\u0131n bilgilendirme yapaca\u011f\u0131 toplant\u0131n\u0131n g\u00f6stermelik oldu\u011funu iddia ederek&nbsp;bu toplant\u0131ya kat\u0131lmayaca\u011f\u0131n\u0131 a\u00e7\u0131klad\u0131. CTP bas\u0131n b\u00fcrosu taraf\u0131ndan yap\u0131lan yaz\u0131l\u0131 a\u00e7\u0131klamada \u015fu ifadelere verildi: &#8220;Cumhurba\u015fkanl\u0131\u011f\u0131 se\u00e7imi s\u00fcrecinde, se\u00e7ilmesi halinde \u201culusal dan\u0131\u015fma konseyi\u201d kurulaca\u011f\u0131n\u0131 s\u00f6yleyen ve [&hellip;]","og_url":"https:\/\/netbakis.net\/tr\/5573\/","og_site_name":"NETBAKIS","article_published_time":"2021-05-08T12:48:00+00:00","article_modified_time":"2021-05-08T12:48:02+00:00","og_image":[{"width":960,"height":638,"url":"https:\/\/netbakis.net\/wp-content\/uploads\/2021\/05\/178842798_2878226682416705_7004422587477346673_n.jpg","type":"image\/jpeg"}],"author":"netbakis.net","twitter_card":"summary_large_image","twitter_misc":{"Yazan:":"netbakis.net","Tahmini okuma s\u00fcresi":"3 dakika"},"schema":{"@context":"https:\/\/schema.org","@graph":[{"@type":"WebPage","@id":"https:\/\/netbakis.net\/5573\/","url":"https:\/\/netbakis.net\/5573\/","name":"CTP milletvekilleri, Cumhurba\u015fkan\u0131 Tatar'\u0131n bilgilendirme toplant\u0131s\u0131na kat\u0131lmayacak - NETBAKIS","isPartOf":{"@id":"https:\/\/netbakis.net\/#website"},"primaryImageOfPage":{"@id":"https:\/\/netbakis.net\/5573\/#primaryimage"},"image":{"@id":"https:\/\/netbakis.net\/5573\/#primaryimage"},"thumbnailUrl":"https:\/\/netbakis.net\/wp-content\/uploads\/2021\/05\/178842798_2878226682416705_7004422587477346673_n.jpg","datePublished":"2021-05-08T12:48:00+00:00","dateModified":"2021-05-08T12:48:02+00:00","author":{"@id":"https:\/\/netbakis.net\/#\/schema\/person\/5d9b5c3f48ca4a3c69967d619fc8c7f4"},"breadcrumb":{"@id":"https:\/\/netbakis.net\/5573\/#breadcrumb"},"inLanguage":"tr","potentialAction":[{"@type":"ReadAction","target":["https:\/\/netbakis.net\/5573\/"]}]},{"@type":"ImageObject","inLanguage":"tr","@id":"https:\/\/netbakis.net\/5573\/#primaryimage","url":"https:\/\/netbakis.net\/wp-content\/uploads\/2021\/05\/178842798_2878226682416705_7004422587477346673_n.jpg","contentUrl":"https:\/\/netbakis.net\/wp-content\/uploads\/2021\/05\/178842798_2878226682416705_7004422587477346673_n.jpg","width":960,"height":638,"caption":"Ersin Tatar"},{"@type":"BreadcrumbList","@id":"https:\/\/netbakis.net\/5573\/#breadcrumb","itemListElement":[{"@type":"ListItem","position":1,"name":"Home","item":"https:\/\/netbakis.net\/"},{"@type":"ListItem","position":2,"name":"CTP milletvekilleri, Cumhurba\u015fkan\u0131 Tatar&#8217;\u0131n bilgilendirme toplant\u0131s\u0131na kat\u0131lmayacak"}]},{"@type":"WebSite","@id":"https:\/\/netbakis.net\/#website","url":"https:\/\/netbakis.net\/","name":"NETBAKIS","description":"SON DAKIKA","potentialAction":[{"@type":"SearchAction","target":{"@type":"EntryPoint","urlTemplate":"https:\/\/netbakis.net\/?s={search_term_string}"},"query-input":{"@type":"PropertyValueSpecification","valueRequired":true,"valueName":"search_term_string"}}],"inLanguage":"tr"},{"@type":"Person","@id":"https:\/\/netbakis.net\/#\/schema\/person\/5d9b5c3f48ca4a3c69967d619fc8c7f4","name":"netbakis.net","image":{"@type":"ImageObject","inLanguage":"tr","@id":"https:\/\/netbakis.net\/#\/schema\/person\/image\/","url":"https:\/\/secure.gravatar.com\/avatar\/4ddeae49d2d3e3568a8d5b0937642efdf0b72468dbe3f213bc1978faa47af0d1?s=96&d=wp_user_avatar&r=g","contentUrl":"https:\/\/secure.gravatar.com\/avatar\/4ddeae49d2d3e3568a8d5b0937642efdf0b72468dbe3f213bc1978faa47af0d1?s=96&d=wp_user_avatar&r=g","caption":"netbakis.net"},"sameAs":["https:\/\/netbakis.net"],"url":"https:\/\/netbakis.net\/tr\/author\/netbakis-net\/"}]}},"jetpack_publicize_connections":[],"_links":{"self":[{"href":"https:\/\/netbakis.net\/tr\/wp-json\/wp\/v2\/posts\/5573","targetHints":{"allow":["GET"]}}],"collection":[{"href":"https:\/\/netbakis.net\/tr\/wp-json\/wp\/v2\/posts"}],"about":[{"href":"https:\/\/netbakis.net\/tr\/wp-json\/wp\/v2\/types\/post"}],"author":[{"embeddable":true,"href":"https:\/\/netbakis.net\/tr\/wp-json\/wp\/v2\/users\/1"}],"replies":[{"embeddable":true,"href":"https:\/\/netbakis.net\/tr\/wp-json\/wp\/v2\/comments?post=5573"}],"version-history":[{"count":1,"href":"https:\/\/netbakis.net\/tr\/wp-json\/wp\/v2\/posts\/5573\/revisions"}],"predecessor-version":[{"id":5574,"href":"https:\/\/netbakis.net\/tr\/wp-json\/wp\/v2\/posts\/5573\/revisions\/5574"}],"wp:featuredmedia":[{"embeddable":true,"href":"https:\/\/netbakis.net\/tr\/wp-json\/wp\/v2\/media\/5375"}],"wp:attachment":[{"href":"https:\/\/netbakis.net\/tr\/wp-json\/wp\/v2\/media?parent=5573"}],"wp:term":[{"taxonomy":"category","embeddable":true,"href":"https:\/\/netbakis.net\/tr\/wp-json\/wp\/v2\/categories?post=5573"},{"taxonomy":"post_tag","embeddable":true,"href":"https:\/\/netbakis.net\/tr\/wp-json\/wp\/v2\/tags?post=5573"}],"curies":[{"name":"wp","href":"https:\/\/api.w.org\/{rel}","templated":true}]}}