{"id":5562,"date":"2021-05-07T16:33:35","date_gmt":"2021-05-07T16:33:35","guid":{"rendered":"https:\/\/netbakis.net\/?p=5562"},"modified":"2021-05-07T16:33:36","modified_gmt":"2021-05-07T16:33:36","slug":"erhurman-haklarimizi-arayamaz-noktasina-getiriliyoruz","status":"publish","type":"post","link":"https:\/\/netbakis.net\/tr\/5562\/","title":{"rendered":"Erh\u00fcrman: Haklar\u0131m\u0131z\u0131 arayamaz noktas\u0131na getiriliyoruz"},"content":{"rendered":"<p>Cumhuriyet\u00e7i T\u00fcrk Partisi (CTP) Genel Ba\u015fkan\u0131 Tufan Erh\u00fcrman, Cenevre\u2019de K\u0131br\u0131s T\u00fcrk liderli\u011finin sergiledi\u011fi tutumdan dolay\u0131 K\u0131br\u0131sl\u0131 T\u00fcrklerin \u00e7\u00f6z\u00fcm isteyen taraf pozisyonundan uzakla\u015ft\u0131\u011f\u0131n\u0131 ve d\u00fcnyayla ba\u011flant\u0131n\u0131n kopma noktas\u0131na ula\u015fabilece\u011fi konusunda endi\u015feli oldu\u011funu s\u00f6yledi.<\/p>\n\n\n\n<p>CTP, Cenevre\u2019de ger\u00e7ekle\u015ftirilen gayriresmi 5 + BM zirvesinin ard\u0131ndan&nbsp; sivil toplum \u00f6rg\u00fctleri, ekonomik \u00f6rg\u00fctler ve sendikalara isti\u015fare ziyaretleri ba\u015flatt\u0131.<\/p>\n\n\n\n<p>CTP\u2019nin gayriresmi 5+BM zirvesi ard\u0131ndan ba\u015flatt\u0131\u011f\u0131 isti\u015fare ziyaretleri \u00e7er\u00e7evesinde K\u0131br\u0131s T\u00fcrk Esnaf ve Zanaatkarlar Odas\u0131\u2019na (KTEZO) ger\u00e7ekle\u015fen ilk ziyarette, Erh\u00fcrman\u2019a Genel Sekreter Erdo\u011fan Sorak\u0131n e\u015flik etti ve Cenevre zirvesinde ya\u015fanan geli\u015fmeler ve bunun K\u0131br\u0131s T\u00fcrk toplumuna etkileri ele al\u0131nd\u0131.<\/p>\n\n\n\n<p><strong>ERH\u00dcRMAN \u201cKIBRIS T\u00dcRK TARAFININ TEZLER\u0130N\u0130N KABUL G\u00d6RMEYECE\u011e\u0130 ORTADAYDI\u201d<\/strong><\/p>\n\n\n\n<p>Cumhurba\u015fkan\u0131 Ersin Tatar\u2019\u0131n \u201cE\u015fit egemenlik ve iki devletli \u00e7\u00f6z\u00fcm\u201d \u00f6nerisiyle zirveye gitti\u011fini ancak bunun kabul g\u00f6rmeyece\u011finin a\u00e7\u0131k bir \u015fekilde ortada oldu\u011funu \u00f6ne s\u00fcren Erh\u00fcrman,&nbsp; zirveden \u00f6nce di\u011fer taraflar\u0131n K\u0131br\u0131s\u2019ta iki toplumlu, iki b\u00f6lgeli ve siyasi e\u015fitli\u011fe dayal\u0131 bir federasyondan yana tav\u0131r koyduklar\u0131n\u0131 vurgulad\u0131.<\/p>\n\n\n\n<p>Erh\u00fcrman, Cenevre\u2019ye gitmeden \u00f6nce pandemi gerek\u00e7e g\u00f6sterilerek Tatar\u2019\u0131n Meclis\u2019e gelip bilgilendirme yapmad\u0131\u011f\u0131n\u0131, Cenevre\u2019de bu bilgilendirmeyi beklediklerini s\u00f6yledi.<\/p>\n\n\n\n<p>Kendileri Cenevre\u2019deyken bas\u0131nda 6 maddelik bir \u00f6nerinin \u00e7\u0131kt\u0131\u011f\u0131n\u0131 ifade eden Erh\u00fcrman, heyetle yap\u0131lan toplant\u0131da \u201cBu maddeleri mi sunacaks\u0131n\u0131z?\u201d sorusunu sorduklar\u0131n\u0131 ancak Tatar\u2019\u0131n kendilerine \u201cB\u00f6yle bir belge yok. Bunlar asparagas haberlerdir\u201d dedi\u011fini, ancak ertesi g\u00fcn belgenin sunuldu\u011funu iddia etti.<\/p>\n\n\n\n<p><strong>\u201cBU BELGE M\u00dcZAKERELER\u0130N BA\u015eLAMAMASI \u0130\u00c7\u0130N SUNULDU\u201d<\/strong><\/p>\n\n\n\n<p>Tatar ve heyeti taraf\u0131ndan Birle\u015fmi\u015f Milletler Genel Sekreteri Antonio Guterres\u2019e sunulan belgenin ilk maddesinde iki kesimin stat\u00fclerinin e\u015fitlenmesi gerekti\u011finin yer ald\u0131\u011f\u0131n\u0131 vurgulayan Erh\u00fcrman, \u201cBMGK\u2019n\u0131n b\u00f6yle bir karar alamayaca\u011f\u0131 herkes taraf\u0131ndan bilindi\u011fine g\u00f6re sunulan belge, \u2018T\u00fcrk taraf\u0131 m\u00fczakerelere ba\u015flamak istemiyor\u2019 anlam\u0131na gelir\u201d dedi.<\/p>\n\n\n\n<p>\u201cBu sayede Annan Plan\u0131 referandumundan beri \u00e7\u00f6z\u00fcm istemeyen taraf stat\u00fcs\u00fcnde olan Rum taraf\u0131n\u0131n art\u0131k \u00e7\u00f6z\u00fcm\u00fc savunan taraf olarak g\u00f6r\u00fcld\u00fc\u011f\u00fcn\u00fc \u00f6ne s\u00fcren Erh\u00fcrman, K\u0131br\u0131s T\u00fcrk taraf\u0131n\u0131n \u00e7\u00f6z\u00fcm\u00fcn d\u0131\u015f\u0131na \u00e7\u0131kan ve ger\u00e7ek\u00e7i olmayan \u00f6neriler ortaya koyan taraf konumuna d\u00fc\u015f\u00fcr\u00fcld\u00fc\u011f\u00fcn\u00fc s\u00f6yledi ve bunun CTP taraf\u0131ndan kabul edilmeyece\u011fini vurgulad\u0131.<\/p>\n\n\n\n<p><strong>\u201cHAKLARIMIZI ARAYAMAZ NOKTASINA GET\u0130R\u0130L\u0130YORUZ\u201d<\/strong><\/p>\n\n\n\n<p>Erh\u00fcrman, yerli \u00fcreticilerin Ye\u015fil Hat T\u00fcz\u00fc\u011f\u00fc\u2019nden kaynaklanan ticaret haklar\u0131n\u0131n ve AB\u2019ye g\u00fcmr\u00fcks\u00fcz mal ithal edilmesinin \u00e7\u00f6z\u00fcm isteyen taraf olma zemininden kaynakland\u0131\u011f\u0131n\u0131 ve t\u00fcm bunlar\u0131n bu zeminden ger\u00e7ekle\u015ftirildi\u011fini belirtti.<\/p>\n\n\n\n<p>Pandemi d\u00f6neminde AB\u2019nin di\u011fer \u00fcye \u00fclkelere yard\u0131mlar yapt\u0131\u011f\u0131n\u0131 ve K\u0131br\u0131s T\u00fcrk taraf\u0131n\u0131n da bundan faydalanmas\u0131 gerekti\u011fini s\u00f6ylediklerini hat\u0131rlatan Erh\u00fcrman, \u201cBu taleplerimizi dile getirirken \u00e7\u00f6z\u00fcm iradesi zeminine basarak s\u00f6yl\u00fcyorduk.<\/p>\n\n\n\n<p>\u00c7\u00fcnk\u00fc \u2018Biz \u00e7\u00f6z\u00fcm istiyoruz ama Rum taraf\u0131 istemiyor diye bizi mi cezaland\u0131racaks\u0131n\u0131z?\u2019 sorusunu soruyorduk. \u015eimdi bu soruyu da soramaz hale geldik\u201d dedi.<\/p>\n\n\n\n<p>Erh\u00fcrman, burada ciddi bir problem ya\u015fanabilece\u011fini ve K\u0131br\u0131sl\u0131 T\u00fcrklerin d\u00fcnyayla olan ba\u011flant\u0131s\u0131n\u0131n kopma noktas\u0131na ula\u015fabilece\u011fini ifade etti.<\/p>\n\n\n\n<p><strong>\u201cKR\u0130ZDEN \u00c7IKI\u015e STRATEJ\u0130M\u0130Z YOK\u201d<\/strong><\/p>\n\n\n\n<p>Erh\u00fcrman, t\u00fcm \u00fclkelerin pandemiden kaynakl\u0131 ya\u015fad\u0131\u011f\u0131 krizden sonras\u0131 i\u00e7in stratejik planlar yapt\u0131\u011f\u0131n\u0131, Kuzey K\u0131br\u0131s\u2019ta b\u00f6yle bir ekonomik plan\u0131n olmad\u0131\u011f\u0131n\u0131 , uygulanan yanl\u0131\u015f y\u00f6ntemlerden dolay\u0131 daha da b\u00fcy\u00fck kriz i\u00e7ine girdi\u011fini dile getirdi.<\/p>\n\n\n\n<p>\u201cBiz CTP olarak uzun vadeli kalk\u0131nma plan\u0131 kavram\u0131n\u0131 tekrardan tart\u0131\u015fmaya a\u00e7\u0131yoruz\u201c diyen Erh\u00fcrman, bunun Anayasa\u2019da yeri oldu\u011funu, kalk\u0131nma plan\u0131n\u0131n Meclisten ge\u00e7mesi gerekti\u011fini, bunu istikrar konusundaki s\u0131k\u0131nt\u0131n\u0131n a\u015f\u0131lmas\u0131 noktas\u0131nda bir \u00e7\u00f6z\u00fcm \u00f6nerisi olarak g\u00f6rd\u00fcklerini kaydetti.<\/p>\n\n\n\n<p>Erh\u00fcrman \u201cG\u00fcn\u00fc kurtarmaktan \u00f6teye ge\u00e7emiyorduk, \u015fimdi g\u00fcn\u00fc bile kurtaram\u0131yoruz\u201d dedi.<\/p>\n\n\n\n<p>Cenevre\u2019deki geli\u015fmelerden sonra s\u0131n\u0131r kap\u0131lar\u0131n\u0131n ne zaman a\u00e7\u0131labilece\u011fine dair \u00f6ng\u00f6r\u00fcleri olmad\u0131\u011f\u0131n\u0131 ifade eden Erh\u00fcrman, AB \u00fczerinden g\u00f6nderilen a\u015f\u0131lar konusunda da K\u0131br\u0131s T\u00fcrk taraf\u0131n\u0131n bir giri\u015fimi olmad\u0131\u011f\u0131n\u0131 \u00f6ne s\u00fcrd\u00fc ve K\u0131br\u0131s\u2019a g\u00f6nderilen a\u015f\u0131lardan en az y\u00fczde 20\u2019sinin Kuzey\u2019e aktar\u0131lmas\u0131 gerekirken bu oran\u0131n y\u00fczde 6,2\u2019de kald\u0131\u011f\u0131n\u0131 s\u00f6yledi.<\/p>\n\n\n\n<p><strong>KANBER:&nbsp; \u201cFEDERAL \u00c7\u00d6Z\u00dcM\u00dc G\u00d6R\u00dc\u015eMEMEK MOT\u0130VASYONUMUZU D\u00dc\u015e\u00dcRD\u00dc\u201d<\/strong><\/p>\n\n\n\n<p>KTEZO Ba\u015fkan\u0131 Mahmut Kanber de, toplumun derin bir kayg\u0131 ya\u015fad\u0131\u011f\u0131n\u0131, ekonominin ve esnaf\u0131n g\u00fcnden g\u00fcne yok oldu\u011funu s\u00f6yledi.<\/p>\n\n\n\n<p>Bu ko\u015fullarda Cenevre\u2019de ger\u00e7ekle\u015ftirilen K\u0131br\u0131s m\u00fczakerelerinin \u00e7ok \u00f6nemli oldu\u011funu kaydeden Kanber, \u201cD\u00fcnyayla entegre olabilecek bir sistemin, federal temelde y\u00fcr\u00fct\u00fclen g\u00f6r\u00fc\u015fmeler bizim i\u00e7in de bir motivasyondu ancak K\u0131br\u0131s T\u00fcrk taraf\u0131n\u0131n bu \u00e7izgiden uzakla\u015fmas\u0131 motivasyonumuzu d\u00fc\u015f\u00fcrd\u00fc\u201d dedi.<\/p>\n\n\n\n<p>Cenevre\u2019deki g\u00f6r\u00fc\u015fmelerde neler olup bitti\u011fini bilmediklerini kaydeden Kanber, geli\u015fmeleri sadece bas\u0131ndan takip edebildiklerini ve bilgilendirilmediklerini belirtti.<\/p>\n\n\n\n<p>CTP\u2019nin 15 ayl\u0131k pandemi s\u00fcreci ve K\u0131br\u0131s m\u00fczakerelerine y\u00f6nelik s\u00f6ylemlerinin son derece \u00f6nemli oldu\u011funu vurgulayan Kanber, \u201cEsnaf\u0131n haklar\u0131n\u0131 hukuk \u00e7er\u00e7evesinde aramaya ve h\u00fck\u00fcmetin yanl\u0131\u015f y\u00f6netimlerinden dolay\u0131 ortaya \u00e7\u0131kan zarar\u0131n b\u00fcy\u00fcmesini daha fazla kald\u0131ramayaca\u011f\u0131z\u201d dedi.<\/p>","protected":false},"excerpt":{"rendered":"<p>Cumhuriyet\u00e7i T\u00fcrk Partisi (CTP) Genel Ba\u015fkan\u0131 Tufan Erh\u00fcrman, Cenevre\u2019de K\u0131br\u0131s T\u00fcrk liderli\u011finin sergiledi\u011fi tutumdan dolay\u0131 K\u0131br\u0131sl\u0131 T\u00fcrklerin \u00e7\u00f6z\u00fcm isteyen taraf pozisyonundan uzakla\u015ft\u0131\u011f\u0131n\u0131 ve d\u00fcnyayla ba\u011flant\u0131n\u0131n kopma noktas\u0131na ula\u015fabilece\u011fi konusunda endi\u015feli oldu\u011funu s\u00f6yledi. CTP, Cenevre\u2019de ger\u00e7ekle\u015ftirilen gayriresmi 5 + BM zirvesinin ard\u0131ndan&nbsp; sivil toplum \u00f6rg\u00fctleri, ekonomik \u00f6rg\u00fctler ve sendikalara isti\u015fare ziyaretleri ba\u015flatt\u0131. CTP\u2019nin gayriresmi 5+BM zirvesi [&hellip;]<\/p>","protected":false},"author":1,"featured_media":5238,"comment_status":"open","ping_status":"open","sticky":false,"template":"","format":"standard","meta":{"om_disable_all_campaigns":false,"_monsterinsights_skip_tracking":false,"_monsterinsights_sitenote_active":false,"_monsterinsights_sitenote_note":"","_monsterinsights_sitenote_category":0,"_uf_show_specific_survey":0,"_uf_disable_surveys":false,"footnotes":"","jetpack_publicize_message":"","jetpack_publicize_feature_enabled":true,"jetpack_social_post_already_shared":false,"jetpack_social_options":{"image_generator_settings":{"template":"highway","default_image_id":0,"font":"","enabled":false},"version":2}},"categories":[81],"tags":[104],"class_list":{"0":"post-5562","1":"post","2":"type-post","3":"status-publish","4":"format-standard","5":"has-post-thumbnail","7":"category-gundem","8":"tag-erhurman"},"yoast_head":"<!-- This site is optimized with the Yoast SEO plugin v23.8 - https:\/\/yoast.com\/wordpress\/plugins\/seo\/ -->\n<title>Erh\u00fcrman: Haklar\u0131m\u0131z\u0131 arayamaz noktas\u0131na getiriliyoruz - NETBAKIS<\/title>\n<meta name=\"robots\" content=\"index, follow, max-snippet:-1, max-image-preview:large, max-video-preview:-1\" \/>\n<link rel=\"canonical\" href=\"https:\/\/netbakis.net\/tr\/5562\/\" \/>\n<meta property=\"og:locale\" content=\"tr_TR\" \/>\n<meta property=\"og:type\" content=\"article\" \/>\n<meta property=\"og:title\" content=\"Erh\u00fcrman: Haklar\u0131m\u0131z\u0131 arayamaz noktas\u0131na getiriliyoruz - NETBAKIS\" \/>\n<meta property=\"og:description\" content=\"Cumhuriyet\u00e7i T\u00fcrk Partisi (CTP) Genel Ba\u015fkan\u0131 Tufan Erh\u00fcrman, Cenevre\u2019de K\u0131br\u0131s T\u00fcrk liderli\u011finin sergiledi\u011fi tutumdan dolay\u0131 K\u0131br\u0131sl\u0131 T\u00fcrklerin \u00e7\u00f6z\u00fcm isteyen taraf pozisyonundan uzakla\u015ft\u0131\u011f\u0131n\u0131 ve d\u00fcnyayla ba\u011flant\u0131n\u0131n kopma noktas\u0131na ula\u015fabilece\u011fi konusunda endi\u015feli oldu\u011funu s\u00f6yledi. CTP, Cenevre\u2019de ger\u00e7ekle\u015ftirilen gayriresmi 5 + BM zirvesinin ard\u0131ndan&nbsp; sivil toplum \u00f6rg\u00fctleri, ekonomik \u00f6rg\u00fctler ve sendikalara isti\u015fare ziyaretleri ba\u015flatt\u0131. CTP\u2019nin gayriresmi 5+BM zirvesi [&hellip;]\" \/>\n<meta property=\"og:url\" content=\"https:\/\/netbakis.net\/tr\/5562\/\" \/>\n<meta property=\"og:site_name\" content=\"NETBAKIS\" \/>\n<meta property=\"article:published_time\" content=\"2021-05-07T16:33:35+00:00\" \/>\n<meta property=\"article:modified_time\" content=\"2021-05-07T16:33:36+00:00\" \/>\n<meta property=\"og:image\" content=\"https:\/\/netbakis.net\/wp-content\/uploads\/2021\/04\/Untitled-1-44.gif\" \/>\n\t<meta property=\"og:image:width\" content=\"750\" \/>\n\t<meta property=\"og:image:height\" content=\"400\" \/>\n\t<meta property=\"og:image:type\" content=\"image\/gif\" \/>\n<meta name=\"author\" content=\"netbakis.net\" \/>\n<meta name=\"twitter:card\" content=\"summary_large_image\" \/>\n<meta name=\"twitter:label1\" content=\"Yazan:\" \/>\n\t<meta name=\"twitter:data1\" content=\"netbakis.net\" \/>\n\t<meta name=\"twitter:label2\" content=\"Tahmini okuma s\u00fcresi\" \/>\n\t<meta name=\"twitter:data2\" content=\"3 dakika\" \/>\n<script type=\"application\/ld+json\" class=\"yoast-schema-graph\">{\"@context\":\"https:\/\/schema.org\",\"@graph\":[{\"@type\":\"WebPage\",\"@id\":\"https:\/\/netbakis.net\/5562\/\",\"url\":\"https:\/\/netbakis.net\/5562\/\",\"name\":\"Erh\u00fcrman: Haklar\u0131m\u0131z\u0131 arayamaz noktas\u0131na getiriliyoruz - NETBAKIS\",\"isPartOf\":{\"@id\":\"https:\/\/netbakis.net\/#website\"},\"primaryImageOfPage\":{\"@id\":\"https:\/\/netbakis.net\/5562\/#primaryimage\"},\"image\":{\"@id\":\"https:\/\/netbakis.net\/5562\/#primaryimage\"},\"thumbnailUrl\":\"https:\/\/netbakis.net\/wp-content\/uploads\/2021\/04\/Untitled-1-44.gif\",\"datePublished\":\"2021-05-07T16:33:35+00:00\",\"dateModified\":\"2021-05-07T16:33:36+00:00\",\"author\":{\"@id\":\"https:\/\/netbakis.net\/#\/schema\/person\/5d9b5c3f48ca4a3c69967d619fc8c7f4\"},\"breadcrumb\":{\"@id\":\"https:\/\/netbakis.net\/5562\/#breadcrumb\"},\"inLanguage\":\"tr\",\"potentialAction\":[{\"@type\":\"ReadAction\",\"target\":[\"https:\/\/netbakis.net\/5562\/\"]}]},{\"@type\":\"ImageObject\",\"inLanguage\":\"tr\",\"@id\":\"https:\/\/netbakis.net\/5562\/#primaryimage\",\"url\":\"https:\/\/netbakis.net\/wp-content\/uploads\/2021\/04\/Untitled-1-44.gif\",\"contentUrl\":\"https:\/\/netbakis.net\/wp-content\/uploads\/2021\/04\/Untitled-1-44.gif\",\"width\":750,\"height\":400,\"caption\":\"Erh\u00fcrman\"},{\"@type\":\"BreadcrumbList\",\"@id\":\"https:\/\/netbakis.net\/5562\/#breadcrumb\",\"itemListElement\":[{\"@type\":\"ListItem\",\"position\":1,\"name\":\"Home\",\"item\":\"https:\/\/netbakis.net\/\"},{\"@type\":\"ListItem\",\"position\":2,\"name\":\"Erh\u00fcrman: Haklar\u0131m\u0131z\u0131 arayamaz noktas\u0131na getiriliyoruz\"}]},{\"@type\":\"WebSite\",\"@id\":\"https:\/\/netbakis.net\/#website\",\"url\":\"https:\/\/netbakis.net\/\",\"name\":\"NETBAKIS\",\"description\":\"SON DAKIKA\",\"potentialAction\":[{\"@type\":\"SearchAction\",\"target\":{\"@type\":\"EntryPoint\",\"urlTemplate\":\"https:\/\/netbakis.net\/?s={search_term_string}\"},\"query-input\":{\"@type\":\"PropertyValueSpecification\",\"valueRequired\":true,\"valueName\":\"search_term_string\"}}],\"inLanguage\":\"tr\"},{\"@type\":\"Person\",\"@id\":\"https:\/\/netbakis.net\/#\/schema\/person\/5d9b5c3f48ca4a3c69967d619fc8c7f4\",\"name\":\"netbakis.net\",\"image\":{\"@type\":\"ImageObject\",\"inLanguage\":\"tr\",\"@id\":\"https:\/\/netbakis.net\/#\/schema\/person\/image\/\",\"url\":\"https:\/\/secure.gravatar.com\/avatar\/4ddeae49d2d3e3568a8d5b0937642efdf0b72468dbe3f213bc1978faa47af0d1?s=96&d=wp_user_avatar&r=g\",\"contentUrl\":\"https:\/\/secure.gravatar.com\/avatar\/4ddeae49d2d3e3568a8d5b0937642efdf0b72468dbe3f213bc1978faa47af0d1?s=96&d=wp_user_avatar&r=g\",\"caption\":\"netbakis.net\"},\"sameAs\":[\"https:\/\/netbakis.net\"],\"url\":\"https:\/\/netbakis.net\/tr\/author\/netbakis-net\/\"}]}<\/script>\n<!-- \/ Yoast SEO plugin. -->","yoast_head_json":{"title":"Erh\u00fcrman: Haklar\u0131m\u0131z\u0131 arayamaz noktas\u0131na getiriliyoruz - NETBAKIS","robots":{"index":"index","follow":"follow","max-snippet":"max-snippet:-1","max-image-preview":"max-image-preview:large","max-video-preview":"max-video-preview:-1"},"canonical":"https:\/\/netbakis.net\/tr\/5562\/","og_locale":"tr_TR","og_type":"article","og_title":"Erh\u00fcrman: Haklar\u0131m\u0131z\u0131 arayamaz noktas\u0131na getiriliyoruz - NETBAKIS","og_description":"Cumhuriyet\u00e7i T\u00fcrk Partisi (CTP) Genel Ba\u015fkan\u0131 Tufan Erh\u00fcrman, Cenevre\u2019de K\u0131br\u0131s T\u00fcrk liderli\u011finin sergiledi\u011fi tutumdan dolay\u0131 K\u0131br\u0131sl\u0131 T\u00fcrklerin \u00e7\u00f6z\u00fcm isteyen taraf pozisyonundan uzakla\u015ft\u0131\u011f\u0131n\u0131 ve d\u00fcnyayla ba\u011flant\u0131n\u0131n kopma noktas\u0131na ula\u015fabilece\u011fi konusunda endi\u015feli oldu\u011funu s\u00f6yledi. CTP, Cenevre\u2019de ger\u00e7ekle\u015ftirilen gayriresmi 5 + BM zirvesinin ard\u0131ndan&nbsp; sivil toplum \u00f6rg\u00fctleri, ekonomik \u00f6rg\u00fctler ve sendikalara isti\u015fare ziyaretleri ba\u015flatt\u0131. CTP\u2019nin gayriresmi 5+BM zirvesi [&hellip;]","og_url":"https:\/\/netbakis.net\/tr\/5562\/","og_site_name":"NETBAKIS","article_published_time":"2021-05-07T16:33:35+00:00","article_modified_time":"2021-05-07T16:33:36+00:00","og_image":[{"width":750,"height":400,"url":"https:\/\/netbakis.net\/wp-content\/uploads\/2021\/04\/Untitled-1-44.gif","type":"image\/gif"}],"author":"netbakis.net","twitter_card":"summary_large_image","twitter_misc":{"Yazan:":"netbakis.net","Tahmini okuma s\u00fcresi":"3 dakika"},"schema":{"@context":"https:\/\/schema.org","@graph":[{"@type":"WebPage","@id":"https:\/\/netbakis.net\/5562\/","url":"https:\/\/netbakis.net\/5562\/","name":"Erh\u00fcrman: Haklar\u0131m\u0131z\u0131 arayamaz noktas\u0131na getiriliyoruz - NETBAKIS","isPartOf":{"@id":"https:\/\/netbakis.net\/#website"},"primaryImageOfPage":{"@id":"https:\/\/netbakis.net\/5562\/#primaryimage"},"image":{"@id":"https:\/\/netbakis.net\/5562\/#primaryimage"},"thumbnailUrl":"https:\/\/netbakis.net\/wp-content\/uploads\/2021\/04\/Untitled-1-44.gif","datePublished":"2021-05-07T16:33:35+00:00","dateModified":"2021-05-07T16:33:36+00:00","author":{"@id":"https:\/\/netbakis.net\/#\/schema\/person\/5d9b5c3f48ca4a3c69967d619fc8c7f4"},"breadcrumb":{"@id":"https:\/\/netbakis.net\/5562\/#breadcrumb"},"inLanguage":"tr","potentialAction":[{"@type":"ReadAction","target":["https:\/\/netbakis.net\/5562\/"]}]},{"@type":"ImageObject","inLanguage":"tr","@id":"https:\/\/netbakis.net\/5562\/#primaryimage","url":"https:\/\/netbakis.net\/wp-content\/uploads\/2021\/04\/Untitled-1-44.gif","contentUrl":"https:\/\/netbakis.net\/wp-content\/uploads\/2021\/04\/Untitled-1-44.gif","width":750,"height":400,"caption":"Erh\u00fcrman"},{"@type":"BreadcrumbList","@id":"https:\/\/netbakis.net\/5562\/#breadcrumb","itemListElement":[{"@type":"ListItem","position":1,"name":"Home","item":"https:\/\/netbakis.net\/"},{"@type":"ListItem","position":2,"name":"Erh\u00fcrman: Haklar\u0131m\u0131z\u0131 arayamaz noktas\u0131na getiriliyoruz"}]},{"@type":"WebSite","@id":"https:\/\/netbakis.net\/#website","url":"https:\/\/netbakis.net\/","name":"NETBAKIS","description":"SON DAKIKA","potentialAction":[{"@type":"SearchAction","target":{"@type":"EntryPoint","urlTemplate":"https:\/\/netbakis.net\/?s={search_term_string}"},"query-input":{"@type":"PropertyValueSpecification","valueRequired":true,"valueName":"search_term_string"}}],"inLanguage":"tr"},{"@type":"Person","@id":"https:\/\/netbakis.net\/#\/schema\/person\/5d9b5c3f48ca4a3c69967d619fc8c7f4","name":"netbakis.net","image":{"@type":"ImageObject","inLanguage":"tr","@id":"https:\/\/netbakis.net\/#\/schema\/person\/image\/","url":"https:\/\/secure.gravatar.com\/avatar\/4ddeae49d2d3e3568a8d5b0937642efdf0b72468dbe3f213bc1978faa47af0d1?s=96&d=wp_user_avatar&r=g","contentUrl":"https:\/\/secure.gravatar.com\/avatar\/4ddeae49d2d3e3568a8d5b0937642efdf0b72468dbe3f213bc1978faa47af0d1?s=96&d=wp_user_avatar&r=g","caption":"netbakis.net"},"sameAs":["https:\/\/netbakis.net"],"url":"https:\/\/netbakis.net\/tr\/author\/netbakis-net\/"}]}},"jetpack_publicize_connections":[],"_links":{"self":[{"href":"https:\/\/netbakis.net\/tr\/wp-json\/wp\/v2\/posts\/5562","targetHints":{"allow":["GET"]}}],"collection":[{"href":"https:\/\/netbakis.net\/tr\/wp-json\/wp\/v2\/posts"}],"about":[{"href":"https:\/\/netbakis.net\/tr\/wp-json\/wp\/v2\/types\/post"}],"author":[{"embeddable":true,"href":"https:\/\/netbakis.net\/tr\/wp-json\/wp\/v2\/users\/1"}],"replies":[{"embeddable":true,"href":"https:\/\/netbakis.net\/tr\/wp-json\/wp\/v2\/comments?post=5562"}],"version-history":[{"count":1,"href":"https:\/\/netbakis.net\/tr\/wp-json\/wp\/v2\/posts\/5562\/revisions"}],"predecessor-version":[{"id":5563,"href":"https:\/\/netbakis.net\/tr\/wp-json\/wp\/v2\/posts\/5562\/revisions\/5563"}],"wp:featuredmedia":[{"embeddable":true,"href":"https:\/\/netbakis.net\/tr\/wp-json\/wp\/v2\/media\/5238"}],"wp:attachment":[{"href":"https:\/\/netbakis.net\/tr\/wp-json\/wp\/v2\/media?parent=5562"}],"wp:term":[{"taxonomy":"category","embeddable":true,"href":"https:\/\/netbakis.net\/tr\/wp-json\/wp\/v2\/categories?post=5562"},{"taxonomy":"post_tag","embeddable":true,"href":"https:\/\/netbakis.net\/tr\/wp-json\/wp\/v2\/tags?post=5562"}],"curies":[{"name":"wp","href":"https:\/\/api.w.org\/{rel}","templated":true}]}}