{"id":5532,"date":"2021-05-07T15:18:37","date_gmt":"2021-05-07T15:18:37","guid":{"rendered":"https:\/\/netbakis.net\/?p=5532"},"modified":"2021-05-07T15:18:38","modified_gmt":"2021-05-07T15:18:38","slug":"tatar-rumlar-verilen-ab-uyeligini-cok-istismar-etti","status":"publish","type":"post","link":"https:\/\/netbakis.net\/tr\/5532\/","title":{"rendered":"Tatar: Rumlar, verilen AB \u00fcyeli\u011fini \u00e7ok istismar etti"},"content":{"rendered":"<p>Cumhurba\u015fkan\u0131 Ersin Tatar, \u0130zmir Ege \u00dcniversitesi Uluslararas\u0131 \u0130li\u015fkiler Toplulu\u011fu i\u015f birli\u011fiyle Uluslararas\u0131 \u0130li\u015fkiler B\u00f6l\u00fcm\u00fc taraf\u0131ndan d\u00fczenlenen \u201c5+BM Cenevre G\u00f6r\u00fc\u015fmeleri ve Egemen E\u015fitlik Temelinde \u0130ki Devletli \u00c7\u00f6z\u00fcm Vizyonu\u201d \u00e7evrim i\u00e7i kat\u0131ld\u0131\u011f\u0131 panelde, Rum taraf\u0131n\u0131n verilen AB \u00fcyeli\u011fini istismar etti\u011fine i\u015faret etti.<\/p>\n\n\n\n<p>Cumhurba\u015fkanl\u0131\u011f\u0131\u2019ndan yap\u0131la yaz\u0131l\u0131 a\u00e7\u0131klamaya g\u00f6re, moderat\u00f6rl\u00fc\u011f\u00fcn\u00fc Do\u00e7. Dr. Altu\u011f G\u00fcnal\u2019\u0131n yapt\u0131\u011f\u0131, \u00e7evrim i\u00e7i etkinli\u011fe Ege \u00dcniversitesi Rekt\u00f6r\u00fc Prof. Dr. Necdet Budak\u2019\u0131n yan\u0131 s\u0131ra Rekt\u00f6r Yard\u0131mc\u0131lar\u0131 Prof. Dr. Hakan At\u0131lgan, Prof. Dr. Mehmet Ersan, E\u00dc\u0130\u0130BF Dekan\u0131 Prof. Dr. Asiye \u00d6zlem \u00d6nder ve \u00e7ok say\u0131da akademisyen ve \u00f6\u011frenci kat\u0131ld\u0131.&nbsp;<\/p>\n\n\n\n<p>Cumhurba\u015fkan\u0131 Tatar yapt\u0131\u011f\u0131 konu\u015fmada, \u201cBen ulusalc\u0131 ekol\u00fcnden gelme bir siyaset\u00e7iyim. K\u0131br\u0131s\u2019ta iki ayr\u0131 devletin ancak bir i\u015f birli\u011fi ile bir araya gelebilece\u011fini, federasyon ve Birle\u015fik bir K\u0131br\u0131s fikri ile bir gelecek olmayaca\u011f\u0131n\u0131 savunuyoruz\u201d dedi.&nbsp;<\/p>\n\n\n\n<p>2004\u2019te Annan Plan\u0131 s\u00fcrecinden ge\u00e7ildi\u011fini, iyi niyetle bar\u0131\u015f, huzur ve d\u00fcnyayla ileti\u015fimi sa\u011flayabilmek ad\u0131na planda K\u0131br\u0131sl\u0131 T\u00fcrklerin evet dedi\u011fini ancak K\u0131br\u0131sl\u0131 Rumlar\u0131n plana hay\u0131r dedi\u011fini hat\u0131rlatan Cumhurba\u015fkan\u0131 Tatar, \u2018T\u00fcrkiye ve Yunanistan\u2019\u0131n birlikte \u00fcye olmad\u0131klar\u0131 bir kurulu\u015fa K\u0131br\u0131s Adas\u0131 \u00fcye olamaz\u2019 maddesine ra\u011fmen tek tarafl\u0131 olarak K\u0131br\u0131s Rum taraf\u0131n\u0131n Avrupa Birli\u011fi\u2019ne al\u0131nd\u0131\u011f\u0131n\u0131 kaydetti.<\/p>\n\n\n\n<p>\u201cO g\u00fcnden itibaren zaten kar\u0131\u015f\u0131k olan K\u0131br\u0131s meselesi daha da karma\u015f\u0131k hale geldi \u00e7\u00fcnk\u00fc Rumlar, verilen AB \u00fcyeli\u011fini \u00e7ok istismar etti\u201d diyen Cumhurba\u015fkan\u0131 Tatar, eski Yunanistan Ba\u015fbakan\u0131\u2019n\u0131n a\u00e7\u0131klamalar\u0131na at\u0131fta bulunarak o d\u00f6nemde K\u0131br\u0131s\u2019a gelerek esas hedefleri olan K\u0131br\u0131s\u2019\u0131n Yunanistan\u2019a ba\u011flanmas\u0131n\u0131 AB \u00fcyeli\u011fi ile dolayl\u0131 bir bi\u00e7imde ba\u015fard\u0131klar\u0131n\u0131 s\u00f6yledi\u011fini hat\u0131rlatt\u0131.&nbsp;<\/p>\n\n\n\n<p>Cumhurba\u015fkan\u0131 Tatar, burada hedeflenenin T\u00fcrkiye&#8217;nin aradan \u00e7\u0131kart\u0131lmas\u0131 ve T\u00fcrk varl\u0131\u011f\u0131n\u0131n gelece\u011fi bak\u0131m\u0131ndan fevkalade tehlikeli sonu\u00e7lar do\u011furabilecek bir yap\u0131n\u0131n onaylanmas\u0131 ile T\u00fcrkiye\u2019nin \u00e7ekilmesinin planland\u0131\u011f\u0131n\u0131 belirtti.<\/p>\n\n\n\n<p><strong>\u201cRUMLAR KIBRIS\u2019IN YUNAN ADASI OLMASINI HEDEFL\u0130YORLAR\u201d<\/strong><\/p>\n\n\n\n<p>K\u0131br\u0131s meselesinde hi\u00e7bir zaman federasyona inanmad\u0131klar\u0131n\u0131 vurgulayan Cumhurba\u015fkan\u0131 Tatar \u015funlar\u0131 belirtti:<\/p>\n\n\n\n<p>&#8220;Rumlar her zaman federal temelli bir anlay\u0131\u015f\u0131 kendilerine \u015fekillendirdiler. G\u00fcney K\u0131br\u0131s\u2019ta bulunan K\u0131br\u0131s Cumhuriyeti\u2019nin anayasa de\u011fi\u015fikli\u011fi ile K\u0131br\u0131s Federal Cumhuriyetine d\u00f6n\u00fc\u015ft\u00fcr\u00fclmesi ve bu Cumhuriyet i\u00e7erisinde eyalete d\u00f6n\u00fc\u015ft\u00fcr\u00fclecek T\u00fcrklerin bulundu\u011fu kuzeydeki devletlerinin zaman i\u00e7erisinde varl\u0131\u011f\u0131n\u0131n zafiyete u\u011frat\u0131lmas\u0131 ile buran\u0131n tamamen bir Yunan adas\u0131 olmas\u0131 noktas\u0131ndaki hedeflerini aynen s\u00fcrd\u00fcr\u00fcyorlar.&#8221;<\/p>\n\n\n\n<p><strong>&#8220;ORTAK ZEM\u0130N ARAYI\u015eI \u0130\u00c7ER\u0130S\u0130NDEY\u0130Z&#8221;<\/strong><\/p>\n\n\n\n<p>Cenevre&#8217;de yap\u0131lan konferansta da egemenlik meselesinin g\u00fcndeme geldi\u011fini kaydeden Cumhurba\u015fkan\u0131 Tatar, \u015fu anda bir ortak zeminin olmad\u0131\u011f\u0131n\u0131, 2-3 ay i\u00e7inde tekrar g\u00f6r\u00fc\u015fmelerin yap\u0131laca\u011f\u0131n\u0131 ve ortak zemin aray\u0131\u015f\u0131 i\u00e7erisinde olundu\u011funu belirtti.<\/p>\n\n\n\n<p><strong>&#8220;EGEMEN E\u015e\u0130TL\u0130K TEMEL\u0130NDE \u0130K\u0130 DEVLET\u0130N \u0130\u015e B\u0130RL\u0130\u011e\u0130N\u0130 TALEP ED\u0130YORUZ&#8221;<\/strong><\/p>\n\n\n\n<p>Cumhurba\u015fkan\u0131 Tatar, s\u00f6zlerine \u015f\u00f6yle devam etti:<\/p>\n\n\n\n<p>&#8220;Biz, KKTC halk\u0131 olarak egemen e\u015fitli\u011fimizi talep ediyoruz. Ayr\u0131 bir halk oldu\u011fumuzu, ayr\u0131 bir tarihimizin oldu\u011funu, T\u00fcrkiye ile ba\u011flar\u0131m\u0131zla ve enerji kaynaklar\u0131m\u0131zla bamba\u015fka bir d\u00fcnya oldu\u011fumuzu, 60 y\u0131ld\u0131r kendi kendimizi y\u00f6netmekte oldu\u011fumuzu dolay\u0131s\u0131yla egemenlik hakk\u0131m\u0131z\u0131n oldu\u011funu, bir anla\u015fma olacaksa iki taraf\u0131n da onay\u0131n\u0131n gerekti\u011fini Cenevre\u2019de ifade ettik. B\u00fct\u00fcn bu m\u00fccadelemizde T\u00fcrkiye&#8217;yi, T\u00fcrk kamuoyunu arkam\u0131zda g\u00f6rmek, sizlerle b\u00fct\u00fcn bu m\u00fccadeleyi payla\u015fabilmek, gen\u00e7 nesillere anlatabilmek ve milli \u015fuurun devam\u0131 i\u00e7in yap\u0131lacak olan \u00e7al\u0131\u015fmalar\u0131 \u00e7ok \u00f6nemsiyorum. Cenevre toplant\u0131lar\u0131nda garant\u00f6r devlet D\u0131\u015fi\u015fleri Bakan\u0131 olarak Say\u0131n Mevl\u00fct \u00c7avu\u015fo\u011flu&#8217;nun bana verdi\u011fi destek ve katk\u0131 \u00e7ok anlaml\u0131yd\u0131.&#8221;<\/p>\n\n\n\n<p>Cumhurba\u015fkan\u0131 Tatar ayr\u0131ca, teknolojinin geli\u015fmesiyle T\u00fcrkiye ile m\u00fcnasebetlerinin geli\u015fti\u011fini, T\u00fcrk milletinin kopmaz bir par\u00e7as\u0131 olan K\u0131br\u0131sl\u0131 T\u00fcrklerin her t\u00fcrl\u00fc ileti\u015fim platformuna bak\u0131ld\u0131\u011f\u0131nda T\u00fcrkiye ile y\u00fczde 100 entegre vaziyette oldu\u011funu ve her olay\u0131 birlikte hissedip ya\u015fad\u0131\u011f\u0131n\u0131 ifade etti.<\/p>","protected":false},"excerpt":{"rendered":"<p>Cumhurba\u015fkan\u0131 Ersin Tatar, \u0130zmir Ege \u00dcniversitesi Uluslararas\u0131 \u0130li\u015fkiler Toplulu\u011fu i\u015f birli\u011fiyle Uluslararas\u0131 \u0130li\u015fkiler B\u00f6l\u00fcm\u00fc taraf\u0131ndan d\u00fczenlenen \u201c5+BM Cenevre G\u00f6r\u00fc\u015fmeleri ve Egemen E\u015fitlik Temelinde \u0130ki Devletli \u00c7\u00f6z\u00fcm Vizyonu\u201d \u00e7evrim i\u00e7i kat\u0131ld\u0131\u011f\u0131 panelde, Rum taraf\u0131n\u0131n verilen AB \u00fcyeli\u011fini istismar etti\u011fine i\u015faret etti. Cumhurba\u015fkanl\u0131\u011f\u0131\u2019ndan yap\u0131la yaz\u0131l\u0131 a\u00e7\u0131klamaya g\u00f6re, moderat\u00f6rl\u00fc\u011f\u00fcn\u00fc Do\u00e7. Dr. Altu\u011f G\u00fcnal\u2019\u0131n yapt\u0131\u011f\u0131, \u00e7evrim i\u00e7i etkinli\u011fe Ege [&hellip;]<\/p>","protected":false},"author":1,"featured_media":5120,"comment_status":"open","ping_status":"open","sticky":false,"template":"","format":"standard","meta":{"om_disable_all_campaigns":false,"_monsterinsights_skip_tracking":false,"_monsterinsights_sitenote_active":false,"_monsterinsights_sitenote_note":"","_monsterinsights_sitenote_category":0,"_uf_show_specific_survey":0,"_uf_disable_surveys":false,"footnotes":"","jetpack_publicize_message":"","jetpack_publicize_feature_enabled":true,"jetpack_social_post_already_shared":false,"jetpack_social_options":{"image_generator_settings":{"template":"highway","default_image_id":0,"font":"","enabled":false},"version":2}},"categories":[81],"tags":[229],"class_list":{"0":"post-5532","1":"post","2":"type-post","3":"status-publish","4":"format-standard","5":"has-post-thumbnail","7":"category-gundem","8":"tag-tatar"},"yoast_head":"<!-- This site is optimized with the Yoast SEO plugin v23.8 - https:\/\/yoast.com\/wordpress\/plugins\/seo\/ -->\n<title>Tatar: Rumlar, verilen AB \u00fcyeli\u011fini \u00e7ok istismar etti - NETBAKIS<\/title>\n<meta name=\"robots\" content=\"index, follow, max-snippet:-1, max-image-preview:large, max-video-preview:-1\" \/>\n<link rel=\"canonical\" href=\"https:\/\/netbakis.net\/tr\/5532\/\" \/>\n<meta property=\"og:locale\" content=\"tr_TR\" \/>\n<meta property=\"og:type\" content=\"article\" \/>\n<meta property=\"og:title\" content=\"Tatar: Rumlar, verilen AB \u00fcyeli\u011fini \u00e7ok istismar etti - NETBAKIS\" \/>\n<meta property=\"og:description\" content=\"Cumhurba\u015fkan\u0131 Ersin Tatar, \u0130zmir Ege \u00dcniversitesi Uluslararas\u0131 \u0130li\u015fkiler Toplulu\u011fu i\u015f birli\u011fiyle Uluslararas\u0131 \u0130li\u015fkiler B\u00f6l\u00fcm\u00fc taraf\u0131ndan d\u00fczenlenen \u201c5+BM Cenevre G\u00f6r\u00fc\u015fmeleri ve Egemen E\u015fitlik Temelinde \u0130ki Devletli \u00c7\u00f6z\u00fcm Vizyonu\u201d \u00e7evrim i\u00e7i kat\u0131ld\u0131\u011f\u0131 panelde, Rum taraf\u0131n\u0131n verilen AB \u00fcyeli\u011fini istismar etti\u011fine i\u015faret etti. Cumhurba\u015fkanl\u0131\u011f\u0131\u2019ndan yap\u0131la yaz\u0131l\u0131 a\u00e7\u0131klamaya g\u00f6re, moderat\u00f6rl\u00fc\u011f\u00fcn\u00fc Do\u00e7. Dr. Altu\u011f G\u00fcnal\u2019\u0131n yapt\u0131\u011f\u0131, \u00e7evrim i\u00e7i etkinli\u011fe Ege [&hellip;]\" \/>\n<meta property=\"og:url\" content=\"https:\/\/netbakis.net\/tr\/5532\/\" \/>\n<meta property=\"og:site_name\" content=\"NETBAKIS\" \/>\n<meta property=\"article:published_time\" content=\"2021-05-07T15:18:37+00:00\" \/>\n<meta property=\"article:modified_time\" content=\"2021-05-07T15:18:38+00:00\" \/>\n<meta property=\"og:image\" content=\"https:\/\/netbakis.net\/wp-content\/uploads\/2021\/04\/thumbs_b_c_4eaf4ac6c5d0ca7cc179398d3f32e0f2.jpg\" \/>\n\t<meta property=\"og:image:width\" content=\"864\" \/>\n\t<meta property=\"og:image:height\" content=\"486\" \/>\n\t<meta property=\"og:image:type\" content=\"image\/jpeg\" \/>\n<meta name=\"author\" content=\"netbakis.net\" \/>\n<meta name=\"twitter:card\" content=\"summary_large_image\" \/>\n<meta name=\"twitter:label1\" content=\"Yazan:\" \/>\n\t<meta name=\"twitter:data1\" content=\"netbakis.net\" \/>\n\t<meta name=\"twitter:label2\" content=\"Tahmini okuma s\u00fcresi\" \/>\n\t<meta name=\"twitter:data2\" content=\"3 dakika\" \/>\n<script type=\"application\/ld+json\" class=\"yoast-schema-graph\">{\"@context\":\"https:\/\/schema.org\",\"@graph\":[{\"@type\":\"WebPage\",\"@id\":\"https:\/\/netbakis.net\/5532\/\",\"url\":\"https:\/\/netbakis.net\/5532\/\",\"name\":\"Tatar: Rumlar, verilen AB \u00fcyeli\u011fini \u00e7ok istismar etti - NETBAKIS\",\"isPartOf\":{\"@id\":\"https:\/\/netbakis.net\/#website\"},\"primaryImageOfPage\":{\"@id\":\"https:\/\/netbakis.net\/5532\/#primaryimage\"},\"image\":{\"@id\":\"https:\/\/netbakis.net\/5532\/#primaryimage\"},\"thumbnailUrl\":\"https:\/\/netbakis.net\/wp-content\/uploads\/2021\/04\/thumbs_b_c_4eaf4ac6c5d0ca7cc179398d3f32e0f2.jpg\",\"datePublished\":\"2021-05-07T15:18:37+00:00\",\"dateModified\":\"2021-05-07T15:18:38+00:00\",\"author\":{\"@id\":\"https:\/\/netbakis.net\/#\/schema\/person\/5d9b5c3f48ca4a3c69967d619fc8c7f4\"},\"breadcrumb\":{\"@id\":\"https:\/\/netbakis.net\/5532\/#breadcrumb\"},\"inLanguage\":\"tr\",\"potentialAction\":[{\"@type\":\"ReadAction\",\"target\":[\"https:\/\/netbakis.net\/5532\/\"]}]},{\"@type\":\"ImageObject\",\"inLanguage\":\"tr\",\"@id\":\"https:\/\/netbakis.net\/5532\/#primaryimage\",\"url\":\"https:\/\/netbakis.net\/wp-content\/uploads\/2021\/04\/thumbs_b_c_4eaf4ac6c5d0ca7cc179398d3f32e0f2.jpg\",\"contentUrl\":\"https:\/\/netbakis.net\/wp-content\/uploads\/2021\/04\/thumbs_b_c_4eaf4ac6c5d0ca7cc179398d3f32e0f2.jpg\",\"width\":864,\"height\":486,\"caption\":\"KKTC Cumhurba\u015fkan\u0131 Tatar\"},{\"@type\":\"BreadcrumbList\",\"@id\":\"https:\/\/netbakis.net\/5532\/#breadcrumb\",\"itemListElement\":[{\"@type\":\"ListItem\",\"position\":1,\"name\":\"Home\",\"item\":\"https:\/\/netbakis.net\/\"},{\"@type\":\"ListItem\",\"position\":2,\"name\":\"Tatar: Rumlar, verilen AB \u00fcyeli\u011fini \u00e7ok istismar etti\"}]},{\"@type\":\"WebSite\",\"@id\":\"https:\/\/netbakis.net\/#website\",\"url\":\"https:\/\/netbakis.net\/\",\"name\":\"NETBAKIS\",\"description\":\"SON DAKIKA\",\"potentialAction\":[{\"@type\":\"SearchAction\",\"target\":{\"@type\":\"EntryPoint\",\"urlTemplate\":\"https:\/\/netbakis.net\/?s={search_term_string}\"},\"query-input\":{\"@type\":\"PropertyValueSpecification\",\"valueRequired\":true,\"valueName\":\"search_term_string\"}}],\"inLanguage\":\"tr\"},{\"@type\":\"Person\",\"@id\":\"https:\/\/netbakis.net\/#\/schema\/person\/5d9b5c3f48ca4a3c69967d619fc8c7f4\",\"name\":\"netbakis.net\",\"image\":{\"@type\":\"ImageObject\",\"inLanguage\":\"tr\",\"@id\":\"https:\/\/netbakis.net\/#\/schema\/person\/image\/\",\"url\":\"https:\/\/secure.gravatar.com\/avatar\/4ddeae49d2d3e3568a8d5b0937642efdf0b72468dbe3f213bc1978faa47af0d1?s=96&d=wp_user_avatar&r=g\",\"contentUrl\":\"https:\/\/secure.gravatar.com\/avatar\/4ddeae49d2d3e3568a8d5b0937642efdf0b72468dbe3f213bc1978faa47af0d1?s=96&d=wp_user_avatar&r=g\",\"caption\":\"netbakis.net\"},\"sameAs\":[\"https:\/\/netbakis.net\"],\"url\":\"https:\/\/netbakis.net\/tr\/author\/netbakis-net\/\"}]}<\/script>\n<!-- \/ Yoast SEO plugin. -->","yoast_head_json":{"title":"Tatar: Rumlar, verilen AB \u00fcyeli\u011fini \u00e7ok istismar etti - NETBAKIS","robots":{"index":"index","follow":"follow","max-snippet":"max-snippet:-1","max-image-preview":"max-image-preview:large","max-video-preview":"max-video-preview:-1"},"canonical":"https:\/\/netbakis.net\/tr\/5532\/","og_locale":"tr_TR","og_type":"article","og_title":"Tatar: Rumlar, verilen AB \u00fcyeli\u011fini \u00e7ok istismar etti - NETBAKIS","og_description":"Cumhurba\u015fkan\u0131 Ersin Tatar, \u0130zmir Ege \u00dcniversitesi Uluslararas\u0131 \u0130li\u015fkiler Toplulu\u011fu i\u015f birli\u011fiyle Uluslararas\u0131 \u0130li\u015fkiler B\u00f6l\u00fcm\u00fc taraf\u0131ndan d\u00fczenlenen \u201c5+BM Cenevre G\u00f6r\u00fc\u015fmeleri ve Egemen E\u015fitlik Temelinde \u0130ki Devletli \u00c7\u00f6z\u00fcm Vizyonu\u201d \u00e7evrim i\u00e7i kat\u0131ld\u0131\u011f\u0131 panelde, Rum taraf\u0131n\u0131n verilen AB \u00fcyeli\u011fini istismar etti\u011fine i\u015faret etti. Cumhurba\u015fkanl\u0131\u011f\u0131\u2019ndan yap\u0131la yaz\u0131l\u0131 a\u00e7\u0131klamaya g\u00f6re, moderat\u00f6rl\u00fc\u011f\u00fcn\u00fc Do\u00e7. Dr. Altu\u011f G\u00fcnal\u2019\u0131n yapt\u0131\u011f\u0131, \u00e7evrim i\u00e7i etkinli\u011fe Ege [&hellip;]","og_url":"https:\/\/netbakis.net\/tr\/5532\/","og_site_name":"NETBAKIS","article_published_time":"2021-05-07T15:18:37+00:00","article_modified_time":"2021-05-07T15:18:38+00:00","og_image":[{"width":864,"height":486,"url":"https:\/\/netbakis.net\/wp-content\/uploads\/2021\/04\/thumbs_b_c_4eaf4ac6c5d0ca7cc179398d3f32e0f2.jpg","type":"image\/jpeg"}],"author":"netbakis.net","twitter_card":"summary_large_image","twitter_misc":{"Yazan:":"netbakis.net","Tahmini okuma s\u00fcresi":"3 dakika"},"schema":{"@context":"https:\/\/schema.org","@graph":[{"@type":"WebPage","@id":"https:\/\/netbakis.net\/5532\/","url":"https:\/\/netbakis.net\/5532\/","name":"Tatar: Rumlar, verilen AB \u00fcyeli\u011fini \u00e7ok istismar etti - NETBAKIS","isPartOf":{"@id":"https:\/\/netbakis.net\/#website"},"primaryImageOfPage":{"@id":"https:\/\/netbakis.net\/5532\/#primaryimage"},"image":{"@id":"https:\/\/netbakis.net\/5532\/#primaryimage"},"thumbnailUrl":"https:\/\/netbakis.net\/wp-content\/uploads\/2021\/04\/thumbs_b_c_4eaf4ac6c5d0ca7cc179398d3f32e0f2.jpg","datePublished":"2021-05-07T15:18:37+00:00","dateModified":"2021-05-07T15:18:38+00:00","author":{"@id":"https:\/\/netbakis.net\/#\/schema\/person\/5d9b5c3f48ca4a3c69967d619fc8c7f4"},"breadcrumb":{"@id":"https:\/\/netbakis.net\/5532\/#breadcrumb"},"inLanguage":"tr","potentialAction":[{"@type":"ReadAction","target":["https:\/\/netbakis.net\/5532\/"]}]},{"@type":"ImageObject","inLanguage":"tr","@id":"https:\/\/netbakis.net\/5532\/#primaryimage","url":"https:\/\/netbakis.net\/wp-content\/uploads\/2021\/04\/thumbs_b_c_4eaf4ac6c5d0ca7cc179398d3f32e0f2.jpg","contentUrl":"https:\/\/netbakis.net\/wp-content\/uploads\/2021\/04\/thumbs_b_c_4eaf4ac6c5d0ca7cc179398d3f32e0f2.jpg","width":864,"height":486,"caption":"KKTC Cumhurba\u015fkan\u0131 Tatar"},{"@type":"BreadcrumbList","@id":"https:\/\/netbakis.net\/5532\/#breadcrumb","itemListElement":[{"@type":"ListItem","position":1,"name":"Home","item":"https:\/\/netbakis.net\/"},{"@type":"ListItem","position":2,"name":"Tatar: Rumlar, verilen AB \u00fcyeli\u011fini \u00e7ok istismar etti"}]},{"@type":"WebSite","@id":"https:\/\/netbakis.net\/#website","url":"https:\/\/netbakis.net\/","name":"NETBAKIS","description":"SON DAKIKA","potentialAction":[{"@type":"SearchAction","target":{"@type":"EntryPoint","urlTemplate":"https:\/\/netbakis.net\/?s={search_term_string}"},"query-input":{"@type":"PropertyValueSpecification","valueRequired":true,"valueName":"search_term_string"}}],"inLanguage":"tr"},{"@type":"Person","@id":"https:\/\/netbakis.net\/#\/schema\/person\/5d9b5c3f48ca4a3c69967d619fc8c7f4","name":"netbakis.net","image":{"@type":"ImageObject","inLanguage":"tr","@id":"https:\/\/netbakis.net\/#\/schema\/person\/image\/","url":"https:\/\/secure.gravatar.com\/avatar\/4ddeae49d2d3e3568a8d5b0937642efdf0b72468dbe3f213bc1978faa47af0d1?s=96&d=wp_user_avatar&r=g","contentUrl":"https:\/\/secure.gravatar.com\/avatar\/4ddeae49d2d3e3568a8d5b0937642efdf0b72468dbe3f213bc1978faa47af0d1?s=96&d=wp_user_avatar&r=g","caption":"netbakis.net"},"sameAs":["https:\/\/netbakis.net"],"url":"https:\/\/netbakis.net\/tr\/author\/netbakis-net\/"}]}},"jetpack_publicize_connections":[],"_links":{"self":[{"href":"https:\/\/netbakis.net\/tr\/wp-json\/wp\/v2\/posts\/5532","targetHints":{"allow":["GET"]}}],"collection":[{"href":"https:\/\/netbakis.net\/tr\/wp-json\/wp\/v2\/posts"}],"about":[{"href":"https:\/\/netbakis.net\/tr\/wp-json\/wp\/v2\/types\/post"}],"author":[{"embeddable":true,"href":"https:\/\/netbakis.net\/tr\/wp-json\/wp\/v2\/users\/1"}],"replies":[{"embeddable":true,"href":"https:\/\/netbakis.net\/tr\/wp-json\/wp\/v2\/comments?post=5532"}],"version-history":[{"count":1,"href":"https:\/\/netbakis.net\/tr\/wp-json\/wp\/v2\/posts\/5532\/revisions"}],"predecessor-version":[{"id":5533,"href":"https:\/\/netbakis.net\/tr\/wp-json\/wp\/v2\/posts\/5532\/revisions\/5533"}],"wp:featuredmedia":[{"embeddable":true,"href":"https:\/\/netbakis.net\/tr\/wp-json\/wp\/v2\/media\/5120"}],"wp:attachment":[{"href":"https:\/\/netbakis.net\/tr\/wp-json\/wp\/v2\/media?parent=5532"}],"wp:term":[{"taxonomy":"category","embeddable":true,"href":"https:\/\/netbakis.net\/tr\/wp-json\/wp\/v2\/categories?post=5532"},{"taxonomy":"post_tag","embeddable":true,"href":"https:\/\/netbakis.net\/tr\/wp-json\/wp\/v2\/tags?post=5532"}],"curies":[{"name":"wp","href":"https:\/\/api.w.org\/{rel}","templated":true}]}}