{"id":5473,"date":"2021-05-05T17:12:50","date_gmt":"2021-05-05T17:12:50","guid":{"rendered":"https:\/\/netbakis.net\/?p=5473"},"modified":"2021-05-05T17:12:51","modified_gmt":"2021-05-05T17:12:51","slug":"saner-rum-tarafi-dunyaya-kibris-sorunu-1974ten-sonra-baslamis-gibi-aksettiriyor","status":"publish","type":"post","link":"https:\/\/netbakis.net\/tr\/5473\/","title":{"rendered":"Saner: Rum taraf\u0131 d\u00fcnyaya K\u0131br\u0131s sorunu 1974\u2019ten sonra ba\u015flam\u0131\u015f gibi aksettiriyor"},"content":{"rendered":"<p>Ba\u015fbakan Ersan Saner, Kay\u0131p \u015eah\u0131slar Komitesi K\u0131br\u0131sl\u0131 T\u00fcrk \u00dcyesi Hakk\u0131 M\u00fcft\u00fczade\u2019yi kabul etti.<\/p>\n\n\n\n<p>Kabulde konu\u015fan M\u00fcft\u00fczade, pandemi d\u00f6neminde \u00e7al\u0131\u015fmalarda baz\u0131 duraksamalar ya\u015fand\u0131\u011f\u0131n\u0131 ifade ederek, Mart ay\u0131 sonras\u0131 ise \u00e7al\u0131\u015fmalar\u0131n yeniden h\u0131z kazand\u0131\u011f\u0131n\u0131 kaydetti.<\/p>\n\n\n\n<p>M\u00fcft\u00fczade, komitenin iki toplumlu olmas\u0131 nedeniyle, kaz\u0131lar\u0131n Rum arkeologlarla birlikte s\u00fcrd\u00fcr\u00fcld\u00fc\u011f\u00fcn\u00fc an\u0131msatarak, \u015fu anda 7-8 yerde kaz\u0131lar\u0131n devam etti\u011fini ve 6 ki\u015fiye ait kal\u0131nt\u0131ya ula\u015f\u0131ld\u0131\u011f\u0131n\u0131 s\u00f6yledi.<\/p>\n\n\n\n<p>M\u00fcft\u00fczade, kaz\u0131lara h\u0131z vererek, daha fazla kal\u0131nt\u0131ya ula\u015f\u0131lmas\u0131 i\u00e7in \u00e7al\u0131\u015fmaya devam edeceklerini de dile getirdi.<\/p>\n\n\n\n<p>Ba\u015fbakan Ersan Saner de, M\u00fcft\u00fczade\u2019ye yeni g\u00f6revinde ba\u015far\u0131lar dileyerek, Kay\u0131p \u015eah\u0131slar Komitesi\u2019nin; K\u0131br\u0131s T\u00fcrk halk\u0131n\u0131n 1963-1974 y\u0131llar\u0131 aras\u0131nda ya\u015fad\u0131\u011f\u0131 s\u0131k\u0131nt\u0131lar\u0131n g\u00fcn y\u00fcz\u00fcne \u00e7\u0131kmas\u0131nda \u00e7ok b\u00fcy\u00fck bir g\u00f6rev \u00fcstlendi\u011fini s\u00f6yledi.<\/p>\n\n\n\n<p>Ba\u015fbakan Saner, Rum taraf\u0131n\u0131n, Cenevre g\u00f6r\u00fc\u015fmelerinde t\u00fcm d\u00fcnyaya K\u0131br\u0131s sorunu 1974\u2019ten sonra ba\u015flayan bir sorunmu\u015f gibi aksettirdi\u011fini vurgulayarak, \u201cAncak kay\u0131p \u015fah\u0131slar dedi\u011fimiz \u015fah\u0131slar K\u0131br\u0131s T\u00fcrk taraf\u0131nda \u00f6zellikle 1963 y\u0131l\u0131ndan sonra ve 1964 y\u0131l\u0131nda da Birle\u015fmi\u015f Milletler\u2019in tek tarafl\u0131 olarak K\u0131br\u0131sl\u0131 Rumlar\u0131, K\u0131br\u0131s Cumhuriyeti\u2019nin sahibi olarak ilan etmesi sonras\u0131nda ortaya \u00e7\u0131kan ve 1974\u2019e kadarki s\u00fcre\u00e7 i\u00e7erisinde kaybolan vatanda\u015flar\u0131m\u0131zd\u0131r. Rumlar\u0131n ise a\u011f\u0131rl\u0131kl\u0131 olarak kay\u0131plar\u0131 oldu\u011funu iddia ettikleri nokta, 1974 Mutlu Bar\u0131\u015f Harekat\u0131\u2019nda \u00e7arp\u0131\u015fma s\u0131ras\u0131nda hayatlar\u0131n\u0131 kaybeden insanlardan olu\u015fmaktad\u0131r\u201d dedi.<\/p>\n\n\n\n<p>M\u00fcft\u00fczade\u2019den, 1963-1974 y\u0131llar\u0131 aras\u0131nda hayat\u0131n\u0131 kaybeden K\u0131br\u0131sl\u0131 T\u00fcrklerin, Kay\u0131p \u015eah\u0131slar Komtesi\u2019ndeki raporlara g\u00f6re durumlar\u0131yla ilgili bilgi isteyen Saner, bunun yan\u0131 s\u0131ra komiteden ayr\u0131 talepleri daha oldu\u011funu s\u00f6yledi.<\/p>\n\n\n\n<p>Saner, K\u0131br\u0131sl\u0131 T\u00fcrk Milletvekili Cengiz Ratip\u2019in 1962\u2019de kayboldu\u011funu an\u0131msatarak, o g\u00fcnden bu yana hi\u00e7bir emaresine rastlanmad\u0131\u011f\u0131n\u0131 dile getirdi.<\/p>\n\n\n\n<p>Saner, \u201cParlamentoda olan bir K\u0131br\u0131sl\u0131 T\u00fcrk milletvekilinin kay\u0131p olmas\u0131, tabi ki hi\u00e7bir K\u0131br\u0131sl\u0131 T\u00fcrk vatanda\u015f\u0131m\u0131z\u0131n kay\u0131p olmas\u0131n\u0131n kabul edilmesi m\u00fcmk\u00fcn olmamakla birlikte, devletin kendisine vatanda\u015f\u0131n\u0131n haklar\u0131n\u0131 korumas\u0131, onlar\u0131n dertlerini parlamentoya ta\u015f\u0131mas\u0131 konusunda da dokunulmazl\u0131k z\u0131rh\u0131 vermi\u015f olmas\u0131na ra\u011fmen kabul edilebilir bir yakla\u015f\u0131m de\u011fildir. Bu \u00e7er\u00e7evede Kay\u0131p \u015eah\u0131slar Komitesi\u2019nin ivedi bir giri\u015fim yapmas\u0131n\u0131, \u00e7\u00fcnk\u00fc konu bilhassa \u015fahs\u0131m taraf\u0131ndan da AKPA toplant\u0131lar\u0131nda Avrupa \u0130nsan Haklar\u0131 Komiseri\u2019ne de, Genel Kurul\u2019da s\u00f6zl\u00fc olarak sormama ra\u011fmen, bu konuda taraf\u0131ma herhangi bir bilgi ula\u015fmam\u0131\u015ft\u0131r\u201d dedi.<\/p>\n\n\n\n<p>Kay\u0131p \u015eah\u0131slar Komitesi T\u00fcrk \u00fcyesinin, kay\u0131p milletvekili konusunda \u00f6zellikle giri\u015fim yapmas\u0131n\u0131 arzu etti\u011fini ifade eden Ba\u015fbakan Saner, \u201c\u0130nan\u0131yorum ki bu konudaki \u00e7al\u0131\u015fmalar\u0131n\u0131z\u0131n neticesini ileriki s\u00fcre\u00e7te bizlerle payla\u015farak durumun ne oldu\u011funu t\u00fcm halk\u0131m\u0131zla payla\u015fabilece\u011fiz\u201d dedi.<\/p>\n\n\n\n<p>Ba\u015fbakan Ersan Saner, kabul\u00fc s\u0131ras\u0131nda Rum lider Nikos Anastasiadis\u2019e de \u00e7a\u011fr\u0131da bulundu;<\/p>\n\n\n\n<p>\u201c1962 y\u0131l\u0131nda kaybolan T\u00fcrk milletvekilimiz i\u00e7in ne yapacaklar? Anastasidis\u2019ten bunu \u00f6zellikle duymak istiyorum\u201d<\/p>\n\n\n\n<p>M\u00fcft\u00fczade de \u015f\u00f6yle dedi:<\/p>\n\n\n\n<p>M\u00fcft\u00fczade, bu konunun g\u00fcndemde oldu\u011funu kaydederek, 2-3 kez kaz\u0131 yap\u0131ld\u0131\u011f\u0131n\u0131, ancak Ratip\u2019le ilgili kal\u0131nt\u0131ya ula\u015f\u0131lamad\u0131\u011f\u0131n\u0131 s\u00f6yledi.<\/p>\n\n\n\n<p>Bu konuyla ilgili bir giri\u015fimleri daha olaca\u011f\u0131n\u0131 belirten M\u00fcft\u00fczade, pandemiden dolay\u0131 G\u00fcney\u2019e ge\u00e7i\u015flerin olamamas\u0131 nedeniyle konunun bekletildi\u011fini, ancak bu konuda \u00e7aba harcamaya devam edeceklerini s\u00f6zlerine ekledi.<\/p>","protected":false},"excerpt":{"rendered":"<p>Ba\u015fbakan Ersan Saner, Kay\u0131p \u015eah\u0131slar Komitesi K\u0131br\u0131sl\u0131 T\u00fcrk \u00dcyesi Hakk\u0131 M\u00fcft\u00fczade\u2019yi kabul etti. Kabulde konu\u015fan M\u00fcft\u00fczade, pandemi d\u00f6neminde \u00e7al\u0131\u015fmalarda baz\u0131 duraksamalar ya\u015fand\u0131\u011f\u0131n\u0131 ifade ederek, Mart ay\u0131 sonras\u0131 ise \u00e7al\u0131\u015fmalar\u0131n yeniden h\u0131z kazand\u0131\u011f\u0131n\u0131 kaydetti. M\u00fcft\u00fczade, komitenin iki toplumlu olmas\u0131 nedeniyle, kaz\u0131lar\u0131n Rum arkeologlarla birlikte s\u00fcrd\u00fcr\u00fcld\u00fc\u011f\u00fcn\u00fc an\u0131msatarak, \u015fu anda 7-8 yerde kaz\u0131lar\u0131n devam etti\u011fini ve 6 ki\u015fiye [&hellip;]<\/p>","protected":false},"author":1,"featured_media":5117,"comment_status":"open","ping_status":"open","sticky":false,"template":"","format":"standard","meta":{"om_disable_all_campaigns":false,"_monsterinsights_skip_tracking":false,"_monsterinsights_sitenote_active":false,"_monsterinsights_sitenote_note":"","_monsterinsights_sitenote_category":0,"_uf_show_specific_survey":0,"_uf_disable_surveys":false,"footnotes":"","jetpack_publicize_message":"","jetpack_publicize_feature_enabled":true,"jetpack_social_post_already_shared":false,"jetpack_social_options":{"image_generator_settings":{"template":"highway","default_image_id":0,"font":"","enabled":false},"version":2}},"categories":[81],"tags":[108],"class_list":{"0":"post-5473","1":"post","2":"type-post","3":"status-publish","4":"format-standard","5":"has-post-thumbnail","7":"category-gundem","8":"tag-kktc-basbakani-saner"},"yoast_head":"<!-- This site is optimized with the Yoast SEO plugin v23.8 - https:\/\/yoast.com\/wordpress\/plugins\/seo\/ -->\n<title>Saner: Rum taraf\u0131 d\u00fcnyaya K\u0131br\u0131s sorunu 1974\u2019ten sonra ba\u015flam\u0131\u015f gibi aksettiriyor - NETBAKIS<\/title>\n<meta name=\"robots\" content=\"index, follow, max-snippet:-1, max-image-preview:large, max-video-preview:-1\" \/>\n<link rel=\"canonical\" href=\"https:\/\/netbakis.net\/tr\/5473\/\" \/>\n<meta property=\"og:locale\" content=\"tr_TR\" \/>\n<meta property=\"og:type\" content=\"article\" \/>\n<meta property=\"og:title\" content=\"Saner: Rum taraf\u0131 d\u00fcnyaya K\u0131br\u0131s sorunu 1974\u2019ten sonra ba\u015flam\u0131\u015f gibi aksettiriyor - NETBAKIS\" \/>\n<meta property=\"og:description\" content=\"Ba\u015fbakan Ersan Saner, Kay\u0131p \u015eah\u0131slar Komitesi K\u0131br\u0131sl\u0131 T\u00fcrk \u00dcyesi Hakk\u0131 M\u00fcft\u00fczade\u2019yi kabul etti. Kabulde konu\u015fan M\u00fcft\u00fczade, pandemi d\u00f6neminde \u00e7al\u0131\u015fmalarda baz\u0131 duraksamalar ya\u015fand\u0131\u011f\u0131n\u0131 ifade ederek, Mart ay\u0131 sonras\u0131 ise \u00e7al\u0131\u015fmalar\u0131n yeniden h\u0131z kazand\u0131\u011f\u0131n\u0131 kaydetti. M\u00fcft\u00fczade, komitenin iki toplumlu olmas\u0131 nedeniyle, kaz\u0131lar\u0131n Rum arkeologlarla birlikte s\u00fcrd\u00fcr\u00fcld\u00fc\u011f\u00fcn\u00fc an\u0131msatarak, \u015fu anda 7-8 yerde kaz\u0131lar\u0131n devam etti\u011fini ve 6 ki\u015fiye [&hellip;]\" \/>\n<meta property=\"og:url\" content=\"https:\/\/netbakis.net\/tr\/5473\/\" \/>\n<meta property=\"og:site_name\" content=\"NETBAKIS\" \/>\n<meta property=\"article:published_time\" content=\"2021-05-05T17:12:50+00:00\" \/>\n<meta property=\"article:modified_time\" content=\"2021-05-05T17:12:51+00:00\" \/>\n<meta property=\"og:image\" content=\"https:\/\/netbakis.net\/wp-content\/uploads\/2021\/04\/thumbs_b_c_a63a6e2024a8cbd4dac1904b08be50d3.jpg\" \/>\n\t<meta property=\"og:image:width\" content=\"864\" \/>\n\t<meta property=\"og:image:height\" content=\"486\" \/>\n\t<meta property=\"og:image:type\" content=\"image\/jpeg\" \/>\n<meta name=\"author\" content=\"netbakis.net\" \/>\n<meta name=\"twitter:card\" content=\"summary_large_image\" \/>\n<meta name=\"twitter:label1\" content=\"Yazan:\" \/>\n\t<meta name=\"twitter:data1\" content=\"netbakis.net\" \/>\n\t<meta name=\"twitter:label2\" content=\"Tahmini okuma s\u00fcresi\" \/>\n\t<meta name=\"twitter:data2\" content=\"2 dakika\" \/>\n<script type=\"application\/ld+json\" class=\"yoast-schema-graph\">{\"@context\":\"https:\/\/schema.org\",\"@graph\":[{\"@type\":\"WebPage\",\"@id\":\"https:\/\/netbakis.net\/5473\/\",\"url\":\"https:\/\/netbakis.net\/5473\/\",\"name\":\"Saner: Rum taraf\u0131 d\u00fcnyaya K\u0131br\u0131s sorunu 1974\u2019ten sonra ba\u015flam\u0131\u015f gibi aksettiriyor - NETBAKIS\",\"isPartOf\":{\"@id\":\"https:\/\/netbakis.net\/#website\"},\"primaryImageOfPage\":{\"@id\":\"https:\/\/netbakis.net\/5473\/#primaryimage\"},\"image\":{\"@id\":\"https:\/\/netbakis.net\/5473\/#primaryimage\"},\"thumbnailUrl\":\"https:\/\/netbakis.net\/wp-content\/uploads\/2021\/04\/thumbs_b_c_a63a6e2024a8cbd4dac1904b08be50d3.jpg\",\"datePublished\":\"2021-05-05T17:12:50+00:00\",\"dateModified\":\"2021-05-05T17:12:51+00:00\",\"author\":{\"@id\":\"https:\/\/netbakis.net\/#\/schema\/person\/5d9b5c3f48ca4a3c69967d619fc8c7f4\"},\"breadcrumb\":{\"@id\":\"https:\/\/netbakis.net\/5473\/#breadcrumb\"},\"inLanguage\":\"tr\",\"potentialAction\":[{\"@type\":\"ReadAction\",\"target\":[\"https:\/\/netbakis.net\/5473\/\"]}]},{\"@type\":\"ImageObject\",\"inLanguage\":\"tr\",\"@id\":\"https:\/\/netbakis.net\/5473\/#primaryimage\",\"url\":\"https:\/\/netbakis.net\/wp-content\/uploads\/2021\/04\/thumbs_b_c_a63a6e2024a8cbd4dac1904b08be50d3.jpg\",\"contentUrl\":\"https:\/\/netbakis.net\/wp-content\/uploads\/2021\/04\/thumbs_b_c_a63a6e2024a8cbd4dac1904b08be50d3.jpg\",\"width\":864,\"height\":486,\"caption\":\"KKTC Ba\u015fbakan\u0131 Saner\"},{\"@type\":\"BreadcrumbList\",\"@id\":\"https:\/\/netbakis.net\/5473\/#breadcrumb\",\"itemListElement\":[{\"@type\":\"ListItem\",\"position\":1,\"name\":\"Home\",\"item\":\"https:\/\/netbakis.net\/\"},{\"@type\":\"ListItem\",\"position\":2,\"name\":\"Saner: Rum taraf\u0131 d\u00fcnyaya K\u0131br\u0131s sorunu 1974\u2019ten sonra ba\u015flam\u0131\u015f gibi aksettiriyor\"}]},{\"@type\":\"WebSite\",\"@id\":\"https:\/\/netbakis.net\/#website\",\"url\":\"https:\/\/netbakis.net\/\",\"name\":\"NETBAKIS\",\"description\":\"SON DAKIKA\",\"potentialAction\":[{\"@type\":\"SearchAction\",\"target\":{\"@type\":\"EntryPoint\",\"urlTemplate\":\"https:\/\/netbakis.net\/?s={search_term_string}\"},\"query-input\":{\"@type\":\"PropertyValueSpecification\",\"valueRequired\":true,\"valueName\":\"search_term_string\"}}],\"inLanguage\":\"tr\"},{\"@type\":\"Person\",\"@id\":\"https:\/\/netbakis.net\/#\/schema\/person\/5d9b5c3f48ca4a3c69967d619fc8c7f4\",\"name\":\"netbakis.net\",\"image\":{\"@type\":\"ImageObject\",\"inLanguage\":\"tr\",\"@id\":\"https:\/\/netbakis.net\/#\/schema\/person\/image\/\",\"url\":\"https:\/\/secure.gravatar.com\/avatar\/4ddeae49d2d3e3568a8d5b0937642efdf0b72468dbe3f213bc1978faa47af0d1?s=96&d=wp_user_avatar&r=g\",\"contentUrl\":\"https:\/\/secure.gravatar.com\/avatar\/4ddeae49d2d3e3568a8d5b0937642efdf0b72468dbe3f213bc1978faa47af0d1?s=96&d=wp_user_avatar&r=g\",\"caption\":\"netbakis.net\"},\"sameAs\":[\"https:\/\/netbakis.net\"],\"url\":\"https:\/\/netbakis.net\/tr\/author\/netbakis-net\/\"}]}<\/script>\n<!-- \/ Yoast SEO plugin. -->","yoast_head_json":{"title":"Saner: Rum taraf\u0131 d\u00fcnyaya K\u0131br\u0131s sorunu 1974\u2019ten sonra ba\u015flam\u0131\u015f gibi aksettiriyor - NETBAKIS","robots":{"index":"index","follow":"follow","max-snippet":"max-snippet:-1","max-image-preview":"max-image-preview:large","max-video-preview":"max-video-preview:-1"},"canonical":"https:\/\/netbakis.net\/tr\/5473\/","og_locale":"tr_TR","og_type":"article","og_title":"Saner: Rum taraf\u0131 d\u00fcnyaya K\u0131br\u0131s sorunu 1974\u2019ten sonra ba\u015flam\u0131\u015f gibi aksettiriyor - NETBAKIS","og_description":"Ba\u015fbakan Ersan Saner, Kay\u0131p \u015eah\u0131slar Komitesi K\u0131br\u0131sl\u0131 T\u00fcrk \u00dcyesi Hakk\u0131 M\u00fcft\u00fczade\u2019yi kabul etti. Kabulde konu\u015fan M\u00fcft\u00fczade, pandemi d\u00f6neminde \u00e7al\u0131\u015fmalarda baz\u0131 duraksamalar ya\u015fand\u0131\u011f\u0131n\u0131 ifade ederek, Mart ay\u0131 sonras\u0131 ise \u00e7al\u0131\u015fmalar\u0131n yeniden h\u0131z kazand\u0131\u011f\u0131n\u0131 kaydetti. M\u00fcft\u00fczade, komitenin iki toplumlu olmas\u0131 nedeniyle, kaz\u0131lar\u0131n Rum arkeologlarla birlikte s\u00fcrd\u00fcr\u00fcld\u00fc\u011f\u00fcn\u00fc an\u0131msatarak, \u015fu anda 7-8 yerde kaz\u0131lar\u0131n devam etti\u011fini ve 6 ki\u015fiye [&hellip;]","og_url":"https:\/\/netbakis.net\/tr\/5473\/","og_site_name":"NETBAKIS","article_published_time":"2021-05-05T17:12:50+00:00","article_modified_time":"2021-05-05T17:12:51+00:00","og_image":[{"width":864,"height":486,"url":"https:\/\/netbakis.net\/wp-content\/uploads\/2021\/04\/thumbs_b_c_a63a6e2024a8cbd4dac1904b08be50d3.jpg","type":"image\/jpeg"}],"author":"netbakis.net","twitter_card":"summary_large_image","twitter_misc":{"Yazan:":"netbakis.net","Tahmini okuma s\u00fcresi":"2 dakika"},"schema":{"@context":"https:\/\/schema.org","@graph":[{"@type":"WebPage","@id":"https:\/\/netbakis.net\/5473\/","url":"https:\/\/netbakis.net\/5473\/","name":"Saner: Rum taraf\u0131 d\u00fcnyaya K\u0131br\u0131s sorunu 1974\u2019ten sonra ba\u015flam\u0131\u015f gibi aksettiriyor - NETBAKIS","isPartOf":{"@id":"https:\/\/netbakis.net\/#website"},"primaryImageOfPage":{"@id":"https:\/\/netbakis.net\/5473\/#primaryimage"},"image":{"@id":"https:\/\/netbakis.net\/5473\/#primaryimage"},"thumbnailUrl":"https:\/\/netbakis.net\/wp-content\/uploads\/2021\/04\/thumbs_b_c_a63a6e2024a8cbd4dac1904b08be50d3.jpg","datePublished":"2021-05-05T17:12:50+00:00","dateModified":"2021-05-05T17:12:51+00:00","author":{"@id":"https:\/\/netbakis.net\/#\/schema\/person\/5d9b5c3f48ca4a3c69967d619fc8c7f4"},"breadcrumb":{"@id":"https:\/\/netbakis.net\/5473\/#breadcrumb"},"inLanguage":"tr","potentialAction":[{"@type":"ReadAction","target":["https:\/\/netbakis.net\/5473\/"]}]},{"@type":"ImageObject","inLanguage":"tr","@id":"https:\/\/netbakis.net\/5473\/#primaryimage","url":"https:\/\/netbakis.net\/wp-content\/uploads\/2021\/04\/thumbs_b_c_a63a6e2024a8cbd4dac1904b08be50d3.jpg","contentUrl":"https:\/\/netbakis.net\/wp-content\/uploads\/2021\/04\/thumbs_b_c_a63a6e2024a8cbd4dac1904b08be50d3.jpg","width":864,"height":486,"caption":"KKTC Ba\u015fbakan\u0131 Saner"},{"@type":"BreadcrumbList","@id":"https:\/\/netbakis.net\/5473\/#breadcrumb","itemListElement":[{"@type":"ListItem","position":1,"name":"Home","item":"https:\/\/netbakis.net\/"},{"@type":"ListItem","position":2,"name":"Saner: Rum taraf\u0131 d\u00fcnyaya K\u0131br\u0131s sorunu 1974\u2019ten sonra ba\u015flam\u0131\u015f gibi aksettiriyor"}]},{"@type":"WebSite","@id":"https:\/\/netbakis.net\/#website","url":"https:\/\/netbakis.net\/","name":"NETBAKIS","description":"SON DAKIKA","potentialAction":[{"@type":"SearchAction","target":{"@type":"EntryPoint","urlTemplate":"https:\/\/netbakis.net\/?s={search_term_string}"},"query-input":{"@type":"PropertyValueSpecification","valueRequired":true,"valueName":"search_term_string"}}],"inLanguage":"tr"},{"@type":"Person","@id":"https:\/\/netbakis.net\/#\/schema\/person\/5d9b5c3f48ca4a3c69967d619fc8c7f4","name":"netbakis.net","image":{"@type":"ImageObject","inLanguage":"tr","@id":"https:\/\/netbakis.net\/#\/schema\/person\/image\/","url":"https:\/\/secure.gravatar.com\/avatar\/4ddeae49d2d3e3568a8d5b0937642efdf0b72468dbe3f213bc1978faa47af0d1?s=96&d=wp_user_avatar&r=g","contentUrl":"https:\/\/secure.gravatar.com\/avatar\/4ddeae49d2d3e3568a8d5b0937642efdf0b72468dbe3f213bc1978faa47af0d1?s=96&d=wp_user_avatar&r=g","caption":"netbakis.net"},"sameAs":["https:\/\/netbakis.net"],"url":"https:\/\/netbakis.net\/tr\/author\/netbakis-net\/"}]}},"jetpack_publicize_connections":[],"_links":{"self":[{"href":"https:\/\/netbakis.net\/tr\/wp-json\/wp\/v2\/posts\/5473","targetHints":{"allow":["GET"]}}],"collection":[{"href":"https:\/\/netbakis.net\/tr\/wp-json\/wp\/v2\/posts"}],"about":[{"href":"https:\/\/netbakis.net\/tr\/wp-json\/wp\/v2\/types\/post"}],"author":[{"embeddable":true,"href":"https:\/\/netbakis.net\/tr\/wp-json\/wp\/v2\/users\/1"}],"replies":[{"embeddable":true,"href":"https:\/\/netbakis.net\/tr\/wp-json\/wp\/v2\/comments?post=5473"}],"version-history":[{"count":1,"href":"https:\/\/netbakis.net\/tr\/wp-json\/wp\/v2\/posts\/5473\/revisions"}],"predecessor-version":[{"id":5474,"href":"https:\/\/netbakis.net\/tr\/wp-json\/wp\/v2\/posts\/5473\/revisions\/5474"}],"wp:featuredmedia":[{"embeddable":true,"href":"https:\/\/netbakis.net\/tr\/wp-json\/wp\/v2\/media\/5117"}],"wp:attachment":[{"href":"https:\/\/netbakis.net\/tr\/wp-json\/wp\/v2\/media?parent=5473"}],"wp:term":[{"taxonomy":"category","embeddable":true,"href":"https:\/\/netbakis.net\/tr\/wp-json\/wp\/v2\/categories?post=5473"},{"taxonomy":"post_tag","embeddable":true,"href":"https:\/\/netbakis.net\/tr\/wp-json\/wp\/v2\/tags?post=5473"}],"curies":[{"name":"wp","href":"https:\/\/api.w.org\/{rel}","templated":true}]}}