{"id":5419,"date":"2021-05-04T18:44:55","date_gmt":"2021-05-04T18:44:55","guid":{"rendered":"https:\/\/netbakis.net\/?p=5419"},"modified":"2021-05-04T18:44:56","modified_gmt":"2021-05-04T18:44:56","slug":"evrak-sahtelemekle-suclanan-aysu-inan-teminata-baglandi","status":"publish","type":"post","link":"https:\/\/netbakis.net\/tr\/5419\/","title":{"rendered":"Evrak sahtelemekle su\u00e7lanan Aysu \u0130nan teminata ba\u011fland\u0131!"},"content":{"rendered":"<p>Girne\u2019de meydana gelen resmi evrak sahteleme olay\u0131 ile ilgili olarak tutuklanan zanl\u0131 Aysu Emre \u0130nal yeniden mahkeme huzuruna \u00e7\u0131kar\u0131ld\u0131.<\/p>\n\n\n\n<p>Mahkemede mesele ile ilgili olarak \u015fahadet veren polis memuru Mustafa \u00d6zm\u00fcezzin olayla ilgili bulgular\u0131 aktard\u0131. \u00d6zm\u00fcezzin, 30 Nisan 2021 tarihinde Girne Vergi Dairesinden al\u0131nan bilgide Vergi dairesine Mete G\u00fcven Muhasebe ofisinden kendilerine sunulan kirac\u0131s\u0131 (Akana Medikal E\u011fitim Dan\u0131\u015fmanl\u0131k Tekstil \u00dcr\u00fcnleri ve Ticaret ltd) taraf\u0131ndan, mal sahibi Mustafa Bilgi\u00e7 olup 01.04.2021-01.05.2021 tarihlerini kapsayan kira s\u00f6zle\u015fmesi fotokopisi \u00fczerindeki mal sahibi Mustafa Bilgi\u00e7\u2019in imzas\u0131n\u0131n bulundu\u011fu yerdeki imza ile ellerindeki mevcut kira s\u00f6zle\u015fmesi \u00fczerindeki Mustafa Bilgi\u00e7&#8217;in imzas\u0131 aras\u0131nda fark oldu\u011fu ve s\u00f6zle\u015fmenin sahte ola bilece\u011fi bilgisi al\u0131narak konu s\u00f6zle\u015fme fotokopisi vergi dairesinden al\u0131narak ayni g\u00fcn Mustafa Bilgi\u00e7\u2019e g\u00f6sterildi\u011fi zaman imzan\u0131n kendisine ait olmad\u0131\u011f\u0131 beyan\u0131nda bulundu\u011funu s\u00f6yledi. Polis, Bilgi\u00e7\u2019in kendisinin s\u00f6zle\u015fmede gecen daire ile ilgili olarak mal sahibi Aysu Emre \u0130nal\u2019a ait olan \u201cAkana Yarat\u0131c\u0131 Drama ve Dan\u0131\u015fmanl\u0131k Merkezi\u201d ad\u0131na 01.11.2020-30.10.2021 tarihlerini kapsayan bir s\u00f6zle\u015fme yapt\u0131\u011f\u0131n\u0131n tespit edildi\u011fini aktard\u0131.<\/p>\n\n\n\n<p>Polis zanl\u0131 Aysu Emre \u0130nal&#8217;dan konu ile ilgili izahat istendi\u011fini ve yap\u0131lan soru\u015fturmada, Mustafa Bilge\u00e7\u2019in e\u015fi olan Pembe Bilgi\u00e7\u2019e \u00f6nceden yeni \u015firket kurdu\u011funu ve bu \u015firket ad\u0131na bir s\u00f6zle\u015fme yapmas\u0131 istedi\u011fini bildirdigini ve 29.04.2021 tarihinde s\u00f6zle\u015fmede ge\u00e7mekte olan daire ile ilgili yap\u0131lan yeni s\u00f6zle\u015fmenin site g\u00f6revlisi olan Ahmet Di\u015fik\u0131r\u0131k taraf\u0131ndan site i\u00e7erisinde \u00f6\u011fle saatlerinde kendisine ula\u015ft\u0131r\u0131ld\u0131\u011f\u0131n\u0131 beyan etmi\u015ftir. Polis, Pembe Bilgi\u00e7 ve Ahmet Di\u015fik\u0131r\u0131k&#8217;tan yap\u0131lan soru\u015fturmalarda ise herhangi bir yeni s\u00f6zle\u015fme haz\u0131rlanmad\u0131\u011f\u0131 ve zanl\u0131 ya b\u00f6yle bir s\u00f6zle\u015fme ula\u015ft\u0131r\u0131lmad\u0131\u011f\u0131n\u0131n tespit edildi\u011fini mahkemey aktard\u0131.konu ile ilgili Mete G\u00fcven Muhasebe Ofisinden yap\u0131lan soru\u015fturmada ise zanl\u0131n\u0131n T\u00fcrkiyede tescilli olan Akana Medikal Egitim Dan\u0131\u015fmanl\u0131k Tekstil \u00dcr\u00fcnleri ve Ticaret ltd \u015eti isimli i\u015f yerinin bir \u015fubesini KKTC\u2019de a\u00e7t\u0131\u011f\u0131,T\u00fcrkiye Ticaret Bakanl\u0131\u011f\u0131ndan Kira yard\u0131m\u0131 almas\u0131 i\u00e7in konu i\u015f yeri ad\u0131na yap\u0131lacak kira s\u00f6zle\u015fmesini, Gelir ve Vergi dairesinde onaylatmas\u0131 gerekti\u011finden zanl\u0131n\u0131n kendilerine 29.04.2021 tarihinde Vergi dairesinden al\u0131nan kira s\u00f6zle\u015fmesini g\u00f6t\u00fcrmesinin ard\u0131ndan, konu s\u00f6zle\u015fmeyi vergi dairesine g\u00f6t\u00fcr\u00fcp pullatt\u0131klar\u0131n\u0131n tespit edilip, s\u00f6zle\u015fmenin asl\u0131 emare olarak al\u0131nd\u0131\u011f\u0131n\u0131 s\u00f6yledi.<\/p>\n\n\n\n<p>Polis memuru, ayn g\u00fcn zanl\u0131n\u0131n Girne\u2019deki, ikametgah\u0131nda yap\u0131lan aramada 1adet Laptop, 1adet printer, Girne\u2019deki i\u015f yerinde yap\u0131lan aramada sahte oldu\u011funa inan\u0131lan 3 adet kira s\u00f6zle\u015fmesi, 1 adet harddsik printer ve PN 322 plakal\u0131 arabas\u0131 i\u00e7erisinde 1 adet daha Laptop ve Cep telefonu bulunarak emare ald\u0131\u011f\u0131n\u0131 mahkemeye aktard\u0131. Polis, zanl\u0131n\u0131n mahkemeye \u00e7\u0131kar\u0131larak, hakk\u0131nda 3 g\u00fcn tutukluluk emri al\u0131nd\u0131\u011f\u0131n\u0131, bu s\u00fcre i\u00e7erisinde soru\u015fturman\u0131n tamamland\u0131\u011f\u0131n\u0131, zanl\u0131n\u0131n TC vatanda\u015f\u0131 ve izinli olarak KKTC2de kald\u0131\u011f\u0131n\u0131 belirterek, teminat talep etti.<\/p>\n\n\n\n<p>Huzurunda verilen \u015fahadeti de\u011ferlendiren Yarg\u0131\u00e7 \u00d6zge U\u011fra\u015f\u0131n ,bir kefilin 100 bin TL kefalet senedi imzalamas\u0131, zanl\u0131n\u0131n 30 bin TL nakit teminat yat\u0131rmas\u0131, yurt d\u0131\u015f\u0131 \u00e7\u0131k\u0131\u015f yasa\u011f\u0131 ve iki haftada bir \u0131spat-\u0131 v\u00fccut yapmas\u0131 \u015fartlar\u0131yla tutuksuz yarg\u0131lanmas\u0131na emir verdi.<\/p>","protected":false},"excerpt":{"rendered":"<p>Girne\u2019de meydana gelen resmi evrak sahteleme olay\u0131 ile ilgili olarak tutuklanan zanl\u0131 Aysu Emre \u0130nal yeniden mahkeme huzuruna \u00e7\u0131kar\u0131ld\u0131. Mahkemede mesele ile ilgili olarak \u015fahadet veren polis memuru Mustafa \u00d6zm\u00fcezzin olayla ilgili bulgular\u0131 aktard\u0131. \u00d6zm\u00fcezzin, 30 Nisan 2021 tarihinde Girne Vergi Dairesinden al\u0131nan bilgide Vergi dairesine Mete G\u00fcven Muhasebe ofisinden kendilerine sunulan kirac\u0131s\u0131 (Akana Medikal [&hellip;]<\/p>","protected":false},"author":1,"featured_media":5420,"comment_status":"open","ping_status":"open","sticky":false,"template":"","format":"standard","meta":{"om_disable_all_campaigns":false,"_monsterinsights_skip_tracking":false,"_monsterinsights_sitenote_active":false,"_monsterinsights_sitenote_note":"","_monsterinsights_sitenote_category":0,"_uf_show_specific_survey":0,"_uf_disable_surveys":false,"footnotes":"","jetpack_publicize_message":"","jetpack_publicize_feature_enabled":true,"jetpack_social_post_already_shared":false,"jetpack_social_options":{"image_generator_settings":{"template":"highway","default_image_id":0,"font":"","enabled":false},"version":2}},"categories":[81],"tags":[201],"class_list":{"0":"post-5419","1":"post","2":"type-post","3":"status-publish","4":"format-standard","5":"has-post-thumbnail","7":"category-gundem","8":"tag-aysu-emre-inal"},"yoast_head":"<!-- This site is optimized with the Yoast SEO plugin v23.8 - https:\/\/yoast.com\/wordpress\/plugins\/seo\/ -->\n<title>Evrak sahtelemekle su\u00e7lanan Aysu \u0130nan teminata ba\u011fland\u0131! - NETBAKIS<\/title>\n<meta name=\"robots\" content=\"index, follow, max-snippet:-1, max-image-preview:large, max-video-preview:-1\" \/>\n<link rel=\"canonical\" href=\"https:\/\/netbakis.net\/tr\/5419\/\" \/>\n<meta property=\"og:locale\" content=\"tr_TR\" \/>\n<meta property=\"og:type\" content=\"article\" \/>\n<meta property=\"og:title\" content=\"Evrak sahtelemekle su\u00e7lanan Aysu \u0130nan teminata ba\u011fland\u0131! - NETBAKIS\" \/>\n<meta property=\"og:description\" content=\"Girne\u2019de meydana gelen resmi evrak sahteleme olay\u0131 ile ilgili olarak tutuklanan zanl\u0131 Aysu Emre \u0130nal yeniden mahkeme huzuruna \u00e7\u0131kar\u0131ld\u0131. Mahkemede mesele ile ilgili olarak \u015fahadet veren polis memuru Mustafa \u00d6zm\u00fcezzin olayla ilgili bulgular\u0131 aktard\u0131. \u00d6zm\u00fcezzin, 30 Nisan 2021 tarihinde Girne Vergi Dairesinden al\u0131nan bilgide Vergi dairesine Mete G\u00fcven Muhasebe ofisinden kendilerine sunulan kirac\u0131s\u0131 (Akana Medikal [&hellip;]\" \/>\n<meta property=\"og:url\" content=\"https:\/\/netbakis.net\/tr\/5419\/\" \/>\n<meta property=\"og:site_name\" content=\"NETBAKIS\" \/>\n<meta property=\"article:published_time\" content=\"2021-05-04T18:44:55+00:00\" \/>\n<meta property=\"article:modified_time\" content=\"2021-05-04T18:44:56+00:00\" \/>\n<meta property=\"og:image\" content=\"https:\/\/netbakis.net\/wp-content\/uploads\/2021\/05\/mahkeme-sahte-resmi-evrak-girne-3-1619972859-1.jpg\" \/>\n\t<meta property=\"og:image:width\" content=\"1280\" \/>\n\t<meta property=\"og:image:height\" content=\"792\" \/>\n\t<meta property=\"og:image:type\" content=\"image\/jpeg\" \/>\n<meta name=\"author\" content=\"netbakis.net\" \/>\n<meta name=\"twitter:card\" content=\"summary_large_image\" \/>\n<meta name=\"twitter:label1\" content=\"Yazan:\" \/>\n\t<meta name=\"twitter:data1\" content=\"netbakis.net\" \/>\n\t<meta name=\"twitter:label2\" content=\"Tahmini okuma s\u00fcresi\" \/>\n\t<meta name=\"twitter:data2\" content=\"2 dakika\" \/>\n<script type=\"application\/ld+json\" class=\"yoast-schema-graph\">{\"@context\":\"https:\/\/schema.org\",\"@graph\":[{\"@type\":\"WebPage\",\"@id\":\"https:\/\/netbakis.net\/5419\/\",\"url\":\"https:\/\/netbakis.net\/5419\/\",\"name\":\"Evrak sahtelemekle su\u00e7lanan Aysu \u0130nan teminata ba\u011fland\u0131! - NETBAKIS\",\"isPartOf\":{\"@id\":\"https:\/\/netbakis.net\/#website\"},\"primaryImageOfPage\":{\"@id\":\"https:\/\/netbakis.net\/5419\/#primaryimage\"},\"image\":{\"@id\":\"https:\/\/netbakis.net\/5419\/#primaryimage\"},\"thumbnailUrl\":\"https:\/\/netbakis.net\/wp-content\/uploads\/2021\/05\/mahkeme-sahte-resmi-evrak-girne-3-1619972859-1.jpg\",\"datePublished\":\"2021-05-04T18:44:55+00:00\",\"dateModified\":\"2021-05-04T18:44:56+00:00\",\"author\":{\"@id\":\"https:\/\/netbakis.net\/#\/schema\/person\/5d9b5c3f48ca4a3c69967d619fc8c7f4\"},\"breadcrumb\":{\"@id\":\"https:\/\/netbakis.net\/5419\/#breadcrumb\"},\"inLanguage\":\"tr\",\"potentialAction\":[{\"@type\":\"ReadAction\",\"target\":[\"https:\/\/netbakis.net\/5419\/\"]}]},{\"@type\":\"ImageObject\",\"inLanguage\":\"tr\",\"@id\":\"https:\/\/netbakis.net\/5419\/#primaryimage\",\"url\":\"https:\/\/netbakis.net\/wp-content\/uploads\/2021\/05\/mahkeme-sahte-resmi-evrak-girne-3-1619972859-1.jpg\",\"contentUrl\":\"https:\/\/netbakis.net\/wp-content\/uploads\/2021\/05\/mahkeme-sahte-resmi-evrak-girne-3-1619972859-1.jpg\",\"width\":1280,\"height\":792,\"caption\":\"Aysu Emre \u0130nal\"},{\"@type\":\"BreadcrumbList\",\"@id\":\"https:\/\/netbakis.net\/5419\/#breadcrumb\",\"itemListElement\":[{\"@type\":\"ListItem\",\"position\":1,\"name\":\"Home\",\"item\":\"https:\/\/netbakis.net\/\"},{\"@type\":\"ListItem\",\"position\":2,\"name\":\"Evrak sahtelemekle su\u00e7lanan Aysu \u0130nan teminata ba\u011fland\u0131!\"}]},{\"@type\":\"WebSite\",\"@id\":\"https:\/\/netbakis.net\/#website\",\"url\":\"https:\/\/netbakis.net\/\",\"name\":\"NETBAKIS\",\"description\":\"SON DAKIKA\",\"potentialAction\":[{\"@type\":\"SearchAction\",\"target\":{\"@type\":\"EntryPoint\",\"urlTemplate\":\"https:\/\/netbakis.net\/?s={search_term_string}\"},\"query-input\":{\"@type\":\"PropertyValueSpecification\",\"valueRequired\":true,\"valueName\":\"search_term_string\"}}],\"inLanguage\":\"tr\"},{\"@type\":\"Person\",\"@id\":\"https:\/\/netbakis.net\/#\/schema\/person\/5d9b5c3f48ca4a3c69967d619fc8c7f4\",\"name\":\"netbakis.net\",\"image\":{\"@type\":\"ImageObject\",\"inLanguage\":\"tr\",\"@id\":\"https:\/\/netbakis.net\/#\/schema\/person\/image\/\",\"url\":\"https:\/\/secure.gravatar.com\/avatar\/4ddeae49d2d3e3568a8d5b0937642efdf0b72468dbe3f213bc1978faa47af0d1?s=96&d=wp_user_avatar&r=g\",\"contentUrl\":\"https:\/\/secure.gravatar.com\/avatar\/4ddeae49d2d3e3568a8d5b0937642efdf0b72468dbe3f213bc1978faa47af0d1?s=96&d=wp_user_avatar&r=g\",\"caption\":\"netbakis.net\"},\"sameAs\":[\"https:\/\/netbakis.net\"],\"url\":\"https:\/\/netbakis.net\/tr\/author\/netbakis-net\/\"}]}<\/script>\n<!-- \/ Yoast SEO plugin. -->","yoast_head_json":{"title":"Evrak sahtelemekle su\u00e7lanan Aysu \u0130nan teminata ba\u011fland\u0131! - NETBAKIS","robots":{"index":"index","follow":"follow","max-snippet":"max-snippet:-1","max-image-preview":"max-image-preview:large","max-video-preview":"max-video-preview:-1"},"canonical":"https:\/\/netbakis.net\/tr\/5419\/","og_locale":"tr_TR","og_type":"article","og_title":"Evrak sahtelemekle su\u00e7lanan Aysu \u0130nan teminata ba\u011fland\u0131! - NETBAKIS","og_description":"Girne\u2019de meydana gelen resmi evrak sahteleme olay\u0131 ile ilgili olarak tutuklanan zanl\u0131 Aysu Emre \u0130nal yeniden mahkeme huzuruna \u00e7\u0131kar\u0131ld\u0131. Mahkemede mesele ile ilgili olarak \u015fahadet veren polis memuru Mustafa \u00d6zm\u00fcezzin olayla ilgili bulgular\u0131 aktard\u0131. \u00d6zm\u00fcezzin, 30 Nisan 2021 tarihinde Girne Vergi Dairesinden al\u0131nan bilgide Vergi dairesine Mete G\u00fcven Muhasebe ofisinden kendilerine sunulan kirac\u0131s\u0131 (Akana Medikal [&hellip;]","og_url":"https:\/\/netbakis.net\/tr\/5419\/","og_site_name":"NETBAKIS","article_published_time":"2021-05-04T18:44:55+00:00","article_modified_time":"2021-05-04T18:44:56+00:00","og_image":[{"width":1280,"height":792,"url":"https:\/\/netbakis.net\/wp-content\/uploads\/2021\/05\/mahkeme-sahte-resmi-evrak-girne-3-1619972859-1.jpg","type":"image\/jpeg"}],"author":"netbakis.net","twitter_card":"summary_large_image","twitter_misc":{"Yazan:":"netbakis.net","Tahmini okuma s\u00fcresi":"2 dakika"},"schema":{"@context":"https:\/\/schema.org","@graph":[{"@type":"WebPage","@id":"https:\/\/netbakis.net\/5419\/","url":"https:\/\/netbakis.net\/5419\/","name":"Evrak sahtelemekle su\u00e7lanan Aysu \u0130nan teminata ba\u011fland\u0131! - NETBAKIS","isPartOf":{"@id":"https:\/\/netbakis.net\/#website"},"primaryImageOfPage":{"@id":"https:\/\/netbakis.net\/5419\/#primaryimage"},"image":{"@id":"https:\/\/netbakis.net\/5419\/#primaryimage"},"thumbnailUrl":"https:\/\/netbakis.net\/wp-content\/uploads\/2021\/05\/mahkeme-sahte-resmi-evrak-girne-3-1619972859-1.jpg","datePublished":"2021-05-04T18:44:55+00:00","dateModified":"2021-05-04T18:44:56+00:00","author":{"@id":"https:\/\/netbakis.net\/#\/schema\/person\/5d9b5c3f48ca4a3c69967d619fc8c7f4"},"breadcrumb":{"@id":"https:\/\/netbakis.net\/5419\/#breadcrumb"},"inLanguage":"tr","potentialAction":[{"@type":"ReadAction","target":["https:\/\/netbakis.net\/5419\/"]}]},{"@type":"ImageObject","inLanguage":"tr","@id":"https:\/\/netbakis.net\/5419\/#primaryimage","url":"https:\/\/netbakis.net\/wp-content\/uploads\/2021\/05\/mahkeme-sahte-resmi-evrak-girne-3-1619972859-1.jpg","contentUrl":"https:\/\/netbakis.net\/wp-content\/uploads\/2021\/05\/mahkeme-sahte-resmi-evrak-girne-3-1619972859-1.jpg","width":1280,"height":792,"caption":"Aysu Emre \u0130nal"},{"@type":"BreadcrumbList","@id":"https:\/\/netbakis.net\/5419\/#breadcrumb","itemListElement":[{"@type":"ListItem","position":1,"name":"Home","item":"https:\/\/netbakis.net\/"},{"@type":"ListItem","position":2,"name":"Evrak sahtelemekle su\u00e7lanan Aysu \u0130nan teminata ba\u011fland\u0131!"}]},{"@type":"WebSite","@id":"https:\/\/netbakis.net\/#website","url":"https:\/\/netbakis.net\/","name":"NETBAKIS","description":"SON DAKIKA","potentialAction":[{"@type":"SearchAction","target":{"@type":"EntryPoint","urlTemplate":"https:\/\/netbakis.net\/?s={search_term_string}"},"query-input":{"@type":"PropertyValueSpecification","valueRequired":true,"valueName":"search_term_string"}}],"inLanguage":"tr"},{"@type":"Person","@id":"https:\/\/netbakis.net\/#\/schema\/person\/5d9b5c3f48ca4a3c69967d619fc8c7f4","name":"netbakis.net","image":{"@type":"ImageObject","inLanguage":"tr","@id":"https:\/\/netbakis.net\/#\/schema\/person\/image\/","url":"https:\/\/secure.gravatar.com\/avatar\/4ddeae49d2d3e3568a8d5b0937642efdf0b72468dbe3f213bc1978faa47af0d1?s=96&d=wp_user_avatar&r=g","contentUrl":"https:\/\/secure.gravatar.com\/avatar\/4ddeae49d2d3e3568a8d5b0937642efdf0b72468dbe3f213bc1978faa47af0d1?s=96&d=wp_user_avatar&r=g","caption":"netbakis.net"},"sameAs":["https:\/\/netbakis.net"],"url":"https:\/\/netbakis.net\/tr\/author\/netbakis-net\/"}]}},"jetpack_publicize_connections":[],"_links":{"self":[{"href":"https:\/\/netbakis.net\/tr\/wp-json\/wp\/v2\/posts\/5419","targetHints":{"allow":["GET"]}}],"collection":[{"href":"https:\/\/netbakis.net\/tr\/wp-json\/wp\/v2\/posts"}],"about":[{"href":"https:\/\/netbakis.net\/tr\/wp-json\/wp\/v2\/types\/post"}],"author":[{"embeddable":true,"href":"https:\/\/netbakis.net\/tr\/wp-json\/wp\/v2\/users\/1"}],"replies":[{"embeddable":true,"href":"https:\/\/netbakis.net\/tr\/wp-json\/wp\/v2\/comments?post=5419"}],"version-history":[{"count":1,"href":"https:\/\/netbakis.net\/tr\/wp-json\/wp\/v2\/posts\/5419\/revisions"}],"predecessor-version":[{"id":5421,"href":"https:\/\/netbakis.net\/tr\/wp-json\/wp\/v2\/posts\/5419\/revisions\/5421"}],"wp:featuredmedia":[{"embeddable":true,"href":"https:\/\/netbakis.net\/tr\/wp-json\/wp\/v2\/media\/5420"}],"wp:attachment":[{"href":"https:\/\/netbakis.net\/tr\/wp-json\/wp\/v2\/media?parent=5419"}],"wp:term":[{"taxonomy":"category","embeddable":true,"href":"https:\/\/netbakis.net\/tr\/wp-json\/wp\/v2\/categories?post=5419"},{"taxonomy":"post_tag","embeddable":true,"href":"https:\/\/netbakis.net\/tr\/wp-json\/wp\/v2\/tags?post=5419"}],"curies":[{"name":"wp","href":"https:\/\/api.w.org\/{rel}","templated":true}]}}