{"id":5416,"date":"2021-05-04T18:43:04","date_gmt":"2021-05-04T18:43:04","guid":{"rendered":"https:\/\/netbakis.net\/?p=5416"},"modified":"2021-05-04T18:43:04","modified_gmt":"2021-05-04T18:43:04","slug":"fransada-iklim-yasa-tasarisi-ulusal-mecliste-kabul-edildi","status":"publish","type":"post","link":"https:\/\/netbakis.net\/tr\/5416\/","title":{"rendered":"Fransa\u2019da iklim yasa tasar\u0131s\u0131 Ulusal Meclis\u2019te kabul edildi"},"content":{"rendered":"<p>Fransa\u2019da iklim de\u011fi\u015fikli\u011fini ve k\u00fcresel \u0131s\u0131nmay\u0131 \u00f6nlemeye y\u00f6nelik d\u00fczenlemeleri i\u00e7eren yasa tasar\u0131s\u0131 Ulusal Meclisten ge\u00e7ti.<\/p>\n\n\n\n<p>Ulusal Mecliste haftalard\u0131r tart\u0131\u015f\u0131lan iklim yasa tasar\u0131s\u0131, 77\u2019ye kar\u015f\u0131 332 oyla kabul edildi.<\/p>\n\n\n\n<p>Tasar\u0131, trenle 2,5 saatten az s\u00fcrede seyahat imkan\u0131 olan mesafeler i\u00e7in i\u00e7 hat u\u00e7u\u015flar\u0131n\u0131n kald\u0131r\u0131lmas\u0131 ve \u00e7evreyi tahrip edenlere y\u00f6nelik yeni d\u00fczenlemeler i\u00e7eriyor.<\/p>\n\n\n\n<p>\u0130klim krizi ile m\u00fccadelede Fransa\u2019da karbon emisyonlar\u0131n\u0131 2030\u2019da 1990 y\u0131l\u0131 seviyelerine g\u00f6re y\u00fczde 40 azaltmay\u0131 hedefleyen tasar\u0131n\u0131n haziran ay\u0131nda Senatoda ele al\u0131nmas\u0131 bekleniyor.<\/p>\n\n\n\n<p>Di\u011fer yandan \u00e7evreciler, yasa tasar\u0131s\u0131ndaki \u00f6nlemleri karbondioksit sal\u0131m\u0131nda k\u0131s\u0131tl\u0131 etkisi olaca\u011f\u0131 ve yeterli olmad\u0131\u011f\u0131 gerek\u00e7esiyle ele\u015ftiriyor.<\/p>","protected":false},"excerpt":{"rendered":"<p>Fransa\u2019da iklim de\u011fi\u015fikli\u011fini ve k\u00fcresel \u0131s\u0131nmay\u0131 \u00f6nlemeye y\u00f6nelik d\u00fczenlemeleri i\u00e7eren yasa tasar\u0131s\u0131 Ulusal Meclisten ge\u00e7ti. Ulusal Mecliste haftalard\u0131r tart\u0131\u015f\u0131lan iklim yasa tasar\u0131s\u0131, 77\u2019ye kar\u015f\u0131 332 oyla kabul edildi. Tasar\u0131, trenle 2,5 saatten az s\u00fcrede seyahat imkan\u0131 olan mesafeler i\u00e7in i\u00e7 hat u\u00e7u\u015flar\u0131n\u0131n kald\u0131r\u0131lmas\u0131 ve \u00e7evreyi tahrip edenlere y\u00f6nelik yeni d\u00fczenlemeler i\u00e7eriyor. \u0130klim krizi ile m\u00fccadelede [&hellip;]<\/p>","protected":false},"author":1,"featured_media":5417,"comment_status":"open","ping_status":"open","sticky":false,"template":"","format":"standard","meta":{"om_disable_all_campaigns":false,"_monsterinsights_skip_tracking":false,"_monsterinsights_sitenote_active":false,"_monsterinsights_sitenote_note":"","_monsterinsights_sitenote_category":0,"_uf_show_specific_survey":0,"_uf_disable_surveys":false,"footnotes":"","jetpack_publicize_message":"","jetpack_publicize_feature_enabled":true,"jetpack_social_post_already_shared":false,"jetpack_social_options":{"image_generator_settings":{"template":"highway","default_image_id":0,"font":"","enabled":false},"version":2}},"categories":[85],"tags":[160],"class_list":{"0":"post-5416","1":"post","2":"type-post","3":"status-publish","4":"format-standard","5":"has-post-thumbnail","7":"category-dunya","8":"tag-fransa"},"yoast_head":"<!-- This site is optimized with the Yoast SEO plugin v23.8 - https:\/\/yoast.com\/wordpress\/plugins\/seo\/ -->\n<title>Fransa\u2019da iklim yasa tasar\u0131s\u0131 Ulusal Meclis\u2019te kabul edildi - NETBAKIS<\/title>\n<meta name=\"robots\" content=\"index, follow, max-snippet:-1, max-image-preview:large, max-video-preview:-1\" \/>\n<link rel=\"canonical\" href=\"https:\/\/netbakis.net\/tr\/5416\/\" \/>\n<meta property=\"og:locale\" content=\"tr_TR\" \/>\n<meta property=\"og:type\" content=\"article\" \/>\n<meta property=\"og:title\" content=\"Fransa\u2019da iklim yasa tasar\u0131s\u0131 Ulusal Meclis\u2019te kabul edildi - NETBAKIS\" \/>\n<meta property=\"og:description\" content=\"Fransa\u2019da iklim de\u011fi\u015fikli\u011fini ve k\u00fcresel \u0131s\u0131nmay\u0131 \u00f6nlemeye y\u00f6nelik d\u00fczenlemeleri i\u00e7eren yasa tasar\u0131s\u0131 Ulusal Meclisten ge\u00e7ti. Ulusal Mecliste haftalard\u0131r tart\u0131\u015f\u0131lan iklim yasa tasar\u0131s\u0131, 77\u2019ye kar\u015f\u0131 332 oyla kabul edildi. Tasar\u0131, trenle 2,5 saatten az s\u00fcrede seyahat imkan\u0131 olan mesafeler i\u00e7in i\u00e7 hat u\u00e7u\u015flar\u0131n\u0131n kald\u0131r\u0131lmas\u0131 ve \u00e7evreyi tahrip edenlere y\u00f6nelik yeni d\u00fczenlemeler i\u00e7eriyor. \u0130klim krizi ile m\u00fccadelede [&hellip;]\" \/>\n<meta property=\"og:url\" content=\"https:\/\/netbakis.net\/tr\/5416\/\" \/>\n<meta property=\"og:site_name\" content=\"NETBAKIS\" \/>\n<meta property=\"article:published_time\" content=\"2021-05-04T18:43:04+00:00\" \/>\n<meta property=\"og:image\" content=\"https:\/\/netbakis.net\/wp-content\/uploads\/2021\/05\/thumbs_b_c_d681ea0fb5276cc283ff4dd925bffe2d.jpg\" \/>\n\t<meta property=\"og:image:width\" content=\"864\" \/>\n\t<meta property=\"og:image:height\" content=\"486\" \/>\n\t<meta property=\"og:image:type\" content=\"image\/jpeg\" \/>\n<meta name=\"author\" content=\"netbakis.net\" \/>\n<meta name=\"twitter:card\" content=\"summary_large_image\" \/>\n<meta name=\"twitter:label1\" content=\"Yazan:\" \/>\n\t<meta name=\"twitter:data1\" content=\"netbakis.net\" \/>\n\t<meta name=\"twitter:label2\" content=\"Tahmini okuma s\u00fcresi\" \/>\n\t<meta name=\"twitter:data2\" content=\"1 dakika\" \/>\n<script type=\"application\/ld+json\" class=\"yoast-schema-graph\">{\"@context\":\"https:\/\/schema.org\",\"@graph\":[{\"@type\":\"WebPage\",\"@id\":\"https:\/\/netbakis.net\/5416\/\",\"url\":\"https:\/\/netbakis.net\/5416\/\",\"name\":\"Fransa\u2019da iklim yasa tasar\u0131s\u0131 Ulusal Meclis\u2019te kabul edildi - NETBAKIS\",\"isPartOf\":{\"@id\":\"https:\/\/netbakis.net\/#website\"},\"primaryImageOfPage\":{\"@id\":\"https:\/\/netbakis.net\/5416\/#primaryimage\"},\"image\":{\"@id\":\"https:\/\/netbakis.net\/5416\/#primaryimage\"},\"thumbnailUrl\":\"https:\/\/netbakis.net\/wp-content\/uploads\/2021\/05\/thumbs_b_c_d681ea0fb5276cc283ff4dd925bffe2d.jpg\",\"datePublished\":\"2021-05-04T18:43:04+00:00\",\"dateModified\":\"2021-05-04T18:43:04+00:00\",\"author\":{\"@id\":\"https:\/\/netbakis.net\/#\/schema\/person\/5d9b5c3f48ca4a3c69967d619fc8c7f4\"},\"breadcrumb\":{\"@id\":\"https:\/\/netbakis.net\/5416\/#breadcrumb\"},\"inLanguage\":\"tr\",\"potentialAction\":[{\"@type\":\"ReadAction\",\"target\":[\"https:\/\/netbakis.net\/5416\/\"]}]},{\"@type\":\"ImageObject\",\"inLanguage\":\"tr\",\"@id\":\"https:\/\/netbakis.net\/5416\/#primaryimage\",\"url\":\"https:\/\/netbakis.net\/wp-content\/uploads\/2021\/05\/thumbs_b_c_d681ea0fb5276cc283ff4dd925bffe2d.jpg\",\"contentUrl\":\"https:\/\/netbakis.net\/wp-content\/uploads\/2021\/05\/thumbs_b_c_d681ea0fb5276cc283ff4dd925bffe2d.jpg\",\"width\":864,\"height\":486,\"caption\":\"Fransa\"},{\"@type\":\"BreadcrumbList\",\"@id\":\"https:\/\/netbakis.net\/5416\/#breadcrumb\",\"itemListElement\":[{\"@type\":\"ListItem\",\"position\":1,\"name\":\"Home\",\"item\":\"https:\/\/netbakis.net\/\"},{\"@type\":\"ListItem\",\"position\":2,\"name\":\"Fransa\u2019da iklim yasa tasar\u0131s\u0131 Ulusal Meclis\u2019te kabul edildi\"}]},{\"@type\":\"WebSite\",\"@id\":\"https:\/\/netbakis.net\/#website\",\"url\":\"https:\/\/netbakis.net\/\",\"name\":\"NETBAKIS\",\"description\":\"SON DAKIKA\",\"potentialAction\":[{\"@type\":\"SearchAction\",\"target\":{\"@type\":\"EntryPoint\",\"urlTemplate\":\"https:\/\/netbakis.net\/?s={search_term_string}\"},\"query-input\":{\"@type\":\"PropertyValueSpecification\",\"valueRequired\":true,\"valueName\":\"search_term_string\"}}],\"inLanguage\":\"tr\"},{\"@type\":\"Person\",\"@id\":\"https:\/\/netbakis.net\/#\/schema\/person\/5d9b5c3f48ca4a3c69967d619fc8c7f4\",\"name\":\"netbakis.net\",\"image\":{\"@type\":\"ImageObject\",\"inLanguage\":\"tr\",\"@id\":\"https:\/\/netbakis.net\/#\/schema\/person\/image\/\",\"url\":\"https:\/\/secure.gravatar.com\/avatar\/4ddeae49d2d3e3568a8d5b0937642efdf0b72468dbe3f213bc1978faa47af0d1?s=96&d=wp_user_avatar&r=g\",\"contentUrl\":\"https:\/\/secure.gravatar.com\/avatar\/4ddeae49d2d3e3568a8d5b0937642efdf0b72468dbe3f213bc1978faa47af0d1?s=96&d=wp_user_avatar&r=g\",\"caption\":\"netbakis.net\"},\"sameAs\":[\"https:\/\/netbakis.net\"],\"url\":\"https:\/\/netbakis.net\/tr\/author\/netbakis-net\/\"}]}<\/script>\n<!-- \/ Yoast SEO plugin. -->","yoast_head_json":{"title":"Fransa\u2019da iklim yasa tasar\u0131s\u0131 Ulusal Meclis\u2019te kabul edildi - NETBAKIS","robots":{"index":"index","follow":"follow","max-snippet":"max-snippet:-1","max-image-preview":"max-image-preview:large","max-video-preview":"max-video-preview:-1"},"canonical":"https:\/\/netbakis.net\/tr\/5416\/","og_locale":"tr_TR","og_type":"article","og_title":"Fransa\u2019da iklim yasa tasar\u0131s\u0131 Ulusal Meclis\u2019te kabul edildi - NETBAKIS","og_description":"Fransa\u2019da iklim de\u011fi\u015fikli\u011fini ve k\u00fcresel \u0131s\u0131nmay\u0131 \u00f6nlemeye y\u00f6nelik d\u00fczenlemeleri i\u00e7eren yasa tasar\u0131s\u0131 Ulusal Meclisten ge\u00e7ti. Ulusal Mecliste haftalard\u0131r tart\u0131\u015f\u0131lan iklim yasa tasar\u0131s\u0131, 77\u2019ye kar\u015f\u0131 332 oyla kabul edildi. Tasar\u0131, trenle 2,5 saatten az s\u00fcrede seyahat imkan\u0131 olan mesafeler i\u00e7in i\u00e7 hat u\u00e7u\u015flar\u0131n\u0131n kald\u0131r\u0131lmas\u0131 ve \u00e7evreyi tahrip edenlere y\u00f6nelik yeni d\u00fczenlemeler i\u00e7eriyor. \u0130klim krizi ile m\u00fccadelede [&hellip;]","og_url":"https:\/\/netbakis.net\/tr\/5416\/","og_site_name":"NETBAKIS","article_published_time":"2021-05-04T18:43:04+00:00","og_image":[{"width":864,"height":486,"url":"https:\/\/netbakis.net\/wp-content\/uploads\/2021\/05\/thumbs_b_c_d681ea0fb5276cc283ff4dd925bffe2d.jpg","type":"image\/jpeg"}],"author":"netbakis.net","twitter_card":"summary_large_image","twitter_misc":{"Yazan:":"netbakis.net","Tahmini okuma s\u00fcresi":"1 dakika"},"schema":{"@context":"https:\/\/schema.org","@graph":[{"@type":"WebPage","@id":"https:\/\/netbakis.net\/5416\/","url":"https:\/\/netbakis.net\/5416\/","name":"Fransa\u2019da iklim yasa tasar\u0131s\u0131 Ulusal Meclis\u2019te kabul edildi - NETBAKIS","isPartOf":{"@id":"https:\/\/netbakis.net\/#website"},"primaryImageOfPage":{"@id":"https:\/\/netbakis.net\/5416\/#primaryimage"},"image":{"@id":"https:\/\/netbakis.net\/5416\/#primaryimage"},"thumbnailUrl":"https:\/\/netbakis.net\/wp-content\/uploads\/2021\/05\/thumbs_b_c_d681ea0fb5276cc283ff4dd925bffe2d.jpg","datePublished":"2021-05-04T18:43:04+00:00","dateModified":"2021-05-04T18:43:04+00:00","author":{"@id":"https:\/\/netbakis.net\/#\/schema\/person\/5d9b5c3f48ca4a3c69967d619fc8c7f4"},"breadcrumb":{"@id":"https:\/\/netbakis.net\/5416\/#breadcrumb"},"inLanguage":"tr","potentialAction":[{"@type":"ReadAction","target":["https:\/\/netbakis.net\/5416\/"]}]},{"@type":"ImageObject","inLanguage":"tr","@id":"https:\/\/netbakis.net\/5416\/#primaryimage","url":"https:\/\/netbakis.net\/wp-content\/uploads\/2021\/05\/thumbs_b_c_d681ea0fb5276cc283ff4dd925bffe2d.jpg","contentUrl":"https:\/\/netbakis.net\/wp-content\/uploads\/2021\/05\/thumbs_b_c_d681ea0fb5276cc283ff4dd925bffe2d.jpg","width":864,"height":486,"caption":"Fransa"},{"@type":"BreadcrumbList","@id":"https:\/\/netbakis.net\/5416\/#breadcrumb","itemListElement":[{"@type":"ListItem","position":1,"name":"Home","item":"https:\/\/netbakis.net\/"},{"@type":"ListItem","position":2,"name":"Fransa\u2019da iklim yasa tasar\u0131s\u0131 Ulusal Meclis\u2019te kabul edildi"}]},{"@type":"WebSite","@id":"https:\/\/netbakis.net\/#website","url":"https:\/\/netbakis.net\/","name":"NETBAKIS","description":"SON DAKIKA","potentialAction":[{"@type":"SearchAction","target":{"@type":"EntryPoint","urlTemplate":"https:\/\/netbakis.net\/?s={search_term_string}"},"query-input":{"@type":"PropertyValueSpecification","valueRequired":true,"valueName":"search_term_string"}}],"inLanguage":"tr"},{"@type":"Person","@id":"https:\/\/netbakis.net\/#\/schema\/person\/5d9b5c3f48ca4a3c69967d619fc8c7f4","name":"netbakis.net","image":{"@type":"ImageObject","inLanguage":"tr","@id":"https:\/\/netbakis.net\/#\/schema\/person\/image\/","url":"https:\/\/secure.gravatar.com\/avatar\/4ddeae49d2d3e3568a8d5b0937642efdf0b72468dbe3f213bc1978faa47af0d1?s=96&d=wp_user_avatar&r=g","contentUrl":"https:\/\/secure.gravatar.com\/avatar\/4ddeae49d2d3e3568a8d5b0937642efdf0b72468dbe3f213bc1978faa47af0d1?s=96&d=wp_user_avatar&r=g","caption":"netbakis.net"},"sameAs":["https:\/\/netbakis.net"],"url":"https:\/\/netbakis.net\/tr\/author\/netbakis-net\/"}]}},"jetpack_publicize_connections":[],"_links":{"self":[{"href":"https:\/\/netbakis.net\/tr\/wp-json\/wp\/v2\/posts\/5416","targetHints":{"allow":["GET"]}}],"collection":[{"href":"https:\/\/netbakis.net\/tr\/wp-json\/wp\/v2\/posts"}],"about":[{"href":"https:\/\/netbakis.net\/tr\/wp-json\/wp\/v2\/types\/post"}],"author":[{"embeddable":true,"href":"https:\/\/netbakis.net\/tr\/wp-json\/wp\/v2\/users\/1"}],"replies":[{"embeddable":true,"href":"https:\/\/netbakis.net\/tr\/wp-json\/wp\/v2\/comments?post=5416"}],"version-history":[{"count":1,"href":"https:\/\/netbakis.net\/tr\/wp-json\/wp\/v2\/posts\/5416\/revisions"}],"predecessor-version":[{"id":5418,"href":"https:\/\/netbakis.net\/tr\/wp-json\/wp\/v2\/posts\/5416\/revisions\/5418"}],"wp:featuredmedia":[{"embeddable":true,"href":"https:\/\/netbakis.net\/tr\/wp-json\/wp\/v2\/media\/5417"}],"wp:attachment":[{"href":"https:\/\/netbakis.net\/tr\/wp-json\/wp\/v2\/media?parent=5416"}],"wp:term":[{"taxonomy":"category","embeddable":true,"href":"https:\/\/netbakis.net\/tr\/wp-json\/wp\/v2\/categories?post=5416"},{"taxonomy":"post_tag","embeddable":true,"href":"https:\/\/netbakis.net\/tr\/wp-json\/wp\/v2\/tags?post=5416"}],"curies":[{"name":"wp","href":"https:\/\/api.w.org\/{rel}","templated":true}]}}