{"id":5343,"date":"2021-05-02T11:37:04","date_gmt":"2021-05-02T11:37:04","guid":{"rendered":"https:\/\/netbakis.net\/?p=5343"},"modified":"2021-05-02T11:37:04","modified_gmt":"2021-05-02T11:37:04","slug":"3-yilda-trafige-90-can","status":"publish","type":"post","link":"https:\/\/netbakis.net\/tr\/5343\/","title":{"rendered":"3 y\u0131lda trafi\u011fe 90 can!"},"content":{"rendered":"<p>Mehmet Avc\u0131: Yollar\u0131m\u0131zda can ve mal g\u00fcvenli\u011fimiz yeterli de\u011fildir, yollar\u0131m\u0131zdaki can g\u00fcvenli\u011fimiz i\u00e7in devletin niyet ve kararl\u0131\u011f\u0131 olmal\u0131d\u0131r.<\/p>\n\n\n\n<p>Trafik Kazalar\u0131n\u0131 \u00d6nleme Derne\u011fi Ba\u015fkan\u0131 Mehmet Zeki Avc\u0131, yollardaki can ve mal g\u00fcvenli\u011finin yeterlili\u011finin tart\u0131\u015fmaya a\u00e7\u0131lmas\u0131 gerekti\u011fini s\u00f6yledi.<\/p>\n\n\n\n<p>Avc\u0131, yollarda can ve mal g\u00fcvenli\u011finin yeterli&nbsp; olmad\u0131\u011f\u0131na i\u015faret ederek, \u201cyollar\u0131m\u0131zdaki can g\u00fcvenli\u011fimiz i\u00e7in devletin niyet ve kararl\u0131\u011f\u0131 olmal\u0131d\u0131r\u201d dedi.<\/p>\n\n\n\n<p>Avc\u0131, Trafik Haftas\u0131 etkinlikleri \u00e7er\u00e7evesinde yapt\u0131\u011f\u0131 yaz\u0131l\u0131 a\u00e7\u0131klamada, 2018 y\u0131l\u0131nda&nbsp; 24 \u00f6l\u00fc, 1030 yaral\u0131, 4142 kay\u0131tl\u0131 kaza; 2019 y\u0131l\u0131nda&nbsp; 30 \u00f6l\u00fc, 1208 yaral\u0131, 3575 kay\u0131tl\u0131 kaza; 2020 y\u0131l\u0131nda&nbsp; 27 \u00f6l\u00fc,&nbsp;&nbsp; 754 yaral\u0131, 2268 kay\u0131tl\u0131 kazan\u0131n pandemi nedeni ile tam ve k\u0131smi kapanma, soka\u011fa \u00e7\u0131kma yasaklar\u0131na, n\u00fcfusun azalmas\u0131na ra\u011fmen oldu\u011funa i\u015faret ederek, 2021\u2019de ilk d\u00f6rt ayda dokuz ki\u015finin yollarda hayat\u0131n\u0131 kaybetti\u011fini an\u0131msatt\u0131.<\/p>\n\n\n\n<p>2019 ve 2020 y\u0131llar\u0131nda meydana gelen \u00f6l\u00fcml\u00fc kazalarda 28 a\u015f\u0131r\u0131 s\u00fcrat, 8 yolun solunu tutmama, 3&nbsp; de alkol neden olarak g\u00f6sterilmi\u015f olup, 20 kaza tek ba\u015f\u0131na, 22 kaza \u00e7arp\u0131\u015fma \u015feklinde ve 6 da yayaya \u00e7arpma olarak kay\u0131tlara ge\u00e7ti\u011fini ifade eden Avc\u0131, \u00f6lenlerin 33\u2019\u00fcn\u00fcn ara\u00e7 s\u00fcr\u00fcc\u00fcs\u00fc, 13\u2019\u00fc yolcu, 7\u2019sinin&nbsp; yaya ve 4\u2019\u00fcn\u00fcn de motosiklet s\u00fcr\u00fcc\u00fcs\u00fc oldu\u011funa dikkat \u00e7ekti.<\/p>\n\n\n\n<p>Avc\u0131 a\u00e7\u0131klamas\u0131nda \u015fu ifadelere yer verdi:<\/p>\n\n\n\n<p>\u201cBu tablo, yollar\u0131m\u0131z\u0131n can ve mal g\u00fcvenli\u011fi i\u00e7in yeterli olmad\u0131\u011f\u0131n\u0131 d\u00fc\u015f\u00fcnd\u00fcrmesi gerekmektedir.<\/p>\n\n\n\n<p>Yol g\u00fcvenli\u011fimiz bu \u00fclkede ya\u015fayan, \u00fclkeye \u00e7al\u0131\u015fmak veya gezmek i\u00e7in gelenleri de do\u011frudan etkilemektedir. Yollar\u0131m\u0131zdaki mevcut sistemde kurallara g\u00f6re d\u00fczeni kurmayanlar ve kurallara uymayanlar sayesinde kurallara uyanlar\u0131n da hayatlar\u0131 tehlikededir.<\/p>\n\n\n\n<p>Pandemi nedeni ile \u00f6\u011frenci, turist, \u00e7al\u0131\u015fanlar\u0131n \u00fclke i\u00e7indeki say\u0131lar\u0131n\u0131n azalmas\u0131, i\u015fyerlerinin kapal\u0131 olmas\u0131ndan dolay\u0131 yolda seyredenlerin azalmas\u0131, soka\u011fa \u00e7\u0131kma yasaklar\u0131 nedeni ile yollar\u0131n bo\u015falmas\u0131 bile \u00f6l\u00fc say\u0131s\u0131n\u0131 etkilememi\u015ftir.<\/p>\n\n\n\n<p>Yollar\u0131m\u0131za bakt\u0131\u011f\u0131m\u0131zda, ara\u00e7lar\u0131n tamamen ba\u011f\u0131ms\u0131z, devlet otoritesinden korkusuz ara\u00e7 s\u00fcr\u00fcc\u00fc say\u0131s\u0131n\u0131n dikkat \u00e7ekti\u011fi izlenimi do\u011fmaktad\u0131r.<\/p>\n\n\n\n<p>Meskun b\u00f6lgelerde insanlar\u0131n aras\u0131nda havada u\u00e7an ara\u00e7lar ve kan\u0131nda 100-300 promil alkol ile g\u00fcnd\u00fcz vakti trafikte dola\u015fanlar\u0131n say\u0131s\u0131ndaki art\u0131\u015f dikkat \u00e7ekmektedir.<\/p>\n\n\n\n<p>Alkol etkisi alt\u0131nda ara\u00e7 kullanmak, bilerek i\u015flenen bir su\u00e7 olup \u00f6ld\u00fcrmeye niyetli olarak de\u011ferlendirilmelidir, \u00f6l\u00fcme sebebiyet vermede aceleci veya dikkatsiz bir eylem olarak i\u015flem g\u00f6rmesi tart\u0131\u015fmaya a\u00e7\u0131lmal\u0131d\u0131r.\u201d<\/p>\n\n\n\n<p><strong>EMN\u0130YET KEMER\u0130 YASASINA UYULMUYOR<\/strong><\/p>\n\n\n\n<p>Kamuoyunda yollar\u0131n altyap\u0131s\u0131n\u0131n yeterli olmad\u0131\u011f\u0131n\u0131n genel bir kan\u0131 oldu\u011fu halde, s\u00fcr\u00fcc\u00fclerin bu yollarda tehlike yaratacak, havada u\u00e7acak, \u015fehir i\u00e7lerinde duvarlar\u0131 y\u0131kacak, a\u011fa\u00e7lar\u0131 devirecek s\u00fcratte ara\u00e7 kullanmalar\u0131n\u0131n da bilerek i\u015flenen su\u00e7lar kapsam\u0131nda de\u011ferlendirilmesi gerekti\u011fini vurgulayan Avc\u0131, sekiz y\u0131l \u00f6nce y\u00fcr\u00fcrl\u00fc\u011fe giren Emniyet Kemeri Yasas\u0131\u2019na geni\u015f bir kitle taraf\u0131ndan uyulmad\u0131\u011f\u0131na dikkat \u00e7ekti.<\/p>\n\n\n\n<p>Arka koltukta emniyet kemerinin yasaya ra\u011fmen kullan\u0131lmad\u0131\u011f\u0131n\u0131, \u00e7ocuklar\u0131n bile ayakta seyir ettiklerini ifade eden Avc\u0131, \u201c\u00c7ocu\u011funun emniyet kemerini ba\u011flaman\u0131n de\u011ferini bilmeyen anne babalar\u0131n olmas\u0131 \u00e7ocu\u011funun hayat\u0131n\u0131 tehlikeye atmas\u0131 ile e\u015fde\u011ferdir\u201d dedi.<\/p>\n\n\n\n<p>Yollarda yer \u00e7izgilerinin silinmi\u015f olmas\u0131n\u0131n Karayollar\u0131 ve belediyelerin sorumlulu\u011funda oldu\u011funu belirten Avc\u0131, gece yanmayan yol \u0131\u015f\u0131klar\u0131n\u0131n yaya \u00f6l\u00fcmlerinde etkisi bilindi\u011fi halde yollar\u0131n birka\u00e7 sebepten dolay\u0131 g\u00fcnlerce \u0131\u015f\u0131ks\u0131z b\u0131rak\u0131lmas\u0131n\u0131n sorgulanmas\u0131 gerekti\u011fini kaydetti.<\/p>\n\n\n\n<p>Avc\u0131 \u015f\u00f6yle devam etti:<\/p>\n\n\n\n<p>\u201cYollar\u0131m\u0131z T\u00fcrkiye Cumhuriyeti taraf\u0131nda finanse edilerek birka\u00e7 y\u0131l i\u00e7erisinde \u00e7ift \u015feritli \u00e7evre yollar\u0131n\u0131n devreye girecek bilgisi yol g\u00fcvenli\u011fi i\u00e7in de\u011ferli bir olgudur.<\/p>\n\n\n\n<p>\u00c7e\u015fitli mazeretlerle bu yollar\u0131n y\u0131llarca bekletilmesi de y\u00f6netim zafiyetimizin g\u00f6stergesiydi.<\/p>\n\n\n\n<p>Kaza olgular\u0131nda mahkemelerde alt yap\u0131 da birlikte yarg\u0131lanmad\u0131\u011f\u0131, eksik ve yanl\u0131\u015f olan altyap\u0131da sorumlular\u0131n da sorgulanmad\u0131\u011f\u0131 s\u00fcrece alt yap\u0131daki d\u00fczenlemelerde sorun ya\u015fanmaya devam edilece\u011fi d\u00fc\u015f\u00fcncesi vard\u0131r.<\/p>\n\n\n\n<p>Yol g\u00fcvenli\u011finde s\u00fcr\u00fcc\u00fclerin \u00f6nemli sorumlulu\u011fu yan\u0131nda esas olan devletin g\u00f6rev ve sorumluluklar\u0131 \u00f6nemlidir. Yollar\u0131m\u0131zdaki can g\u00fcvenli\u011fimiz i\u00e7in Devletin niyet ve kararl\u0131\u011f\u0131 olmal\u0131d\u0131r.<\/p>\n\n\n\n<p>Yollar\u0131m\u0131z\u0131n bak\u0131m ve onar\u0131m\u0131 i\u00e7in Maliye Bakanl\u0131\u011f\u0131, Karayollar\u0131 Dairesi ve ilgili Belediyeler b\u00fct\u00e7elerinde yol g\u00fcvenli\u011fine \u00f6ncelik vermelidirler. Eksikliklerinde de yarg\u0131 \u00f6n\u00fcnde sorgulanma sistemi getirilmelidir.\u201d<\/p>\n\n\n\n<p><strong>ALKOLL\u00dc S\u00dcR\u00dc\u015eTE 100 PROM\u0130L \u00dcZER\u0130NDEK\u0130 SU\u00c7LAR MAHKEMEYE SEVK ED\u0130LMEL\u0130<\/strong><\/p>\n\n\n\n<p>Polis denetim ve devriyelerinin etkin ve homojen olarak cayd\u0131r\u0131c\u0131 g\u00fc\u00e7 etkisini g\u00f6stermesi gerekti\u011fini belirten Mehmet Avc\u0131, a\u00e7\u0131klamas\u0131nda \u015fu ifadelere yer verdi:&nbsp;<\/p>\n\n\n\n<p>\u201cAlkoll\u00fc s\u00fcr\u00fc\u015fte 100 promil \u00fczerindeki su\u00e7lar Yol ve Trafik Su\u00e7lar\u0131n\u0131n Davas\u0131z Halli ve Ceza Puan\u0131 Yasas\u0131ndan \u00e7\u0131kar\u0131lmal\u0131, su\u00e7 sadece para ve puan ile olay kapat\u0131lmamal\u0131, mahkemeye sevk edilmelidir.<\/p>\n\n\n\n<p>Ehliyetsiz s\u00fcr\u00fc\u015flerde \u00e7ocuklar\u0131m\u0131z da s\u00fcr\u00fcc\u00fc veya yolcu olarak canlar\u0131n\u0131 kaybetmektedir, ehliyetsiz s\u00fcr\u00fc\u015f\u00fcn engellenmesi isteniyorsa mahkeme sonu\u00e7lanana dek araca emare olarak el konulmal\u0131d\u0131r.<\/p>\n\n\n\n<p>S\u00fcr\u00fcc\u00fclerde uyu\u015fturucu testi yap\u0131lmas\u0131 i\u00e7in y\u0131llar sonra Ula\u015ft\u0131rma Bakanl\u0131\u011f\u0131 taraf\u0131ndan haz\u0131rlanan yasa aylard\u0131r Meclis de hi\u00e7bir i\u015flem yap\u0131lmadan bekletilmektedir. Yani uyu\u015fturucu tesiri alt\u0131nda olanlar i\u00e7in rahat ara\u00e7 kullanabilme ortam\u0131 Meclis destekli devam etmektedir.<\/p>\n\n\n\n<p>Avrupa Birli\u011fi \u2013 Kuzey K\u0131br\u0131s Yol G\u00fcvenli\u011fi Komite taraf\u0131ndan haz\u0131rlanan Motorlu Ara\u00e7lar ve Yol Trafik (De\u011fi\u015fiklik) T\u00fcz\u00fc\u011f\u00fc, Ehliyet, S\u0131nav ve S\u00fcr\u00fc\u015f Ehliyetleri M\u00fcfetti\u015fleri ile \u0130lgili Usul ve Kurallar T\u00fcz\u00fc\u011f\u00fc, \u015eof\u00f6r Okullar\u0131 ve E\u011fitmenleri ile \u0130lgili Esas ve K\u0131staslar\u0131 D\u00fczenleme T\u00fcz\u00fc\u011f\u00fc ile S\u00fcr\u00fc\u015f E\u011fitim \u0130zni ve S\u00fcr\u00fc\u015f Ehliyetleri Sa\u011fl\u0131k T\u00fcz\u00fc\u011f\u00fc olarak d\u00f6rt t\u00fcz\u00fck 2015 y\u0131l\u0131nda haz\u0131rland\u0131, 2017 y\u0131l\u0131nda 24 ay sonra y\u00fcr\u00fcrl\u00fc\u011fe girmesi i\u00e7in Bakanlar Kurulu karar\u0131 al\u0131nd\u0131 ancak de\u011fi\u015fik gerek\u00e7elerle d\u00f6rt y\u0131ld\u0131r \u00f6telenmekte ve y\u00fcr\u00fcrl\u00fc\u011fe girmeleri sa\u011flanmam\u0131\u015ft\u0131r.<\/p>\n\n\n\n<p>Bu nedenle yol g\u00fcvenli\u011fimizi ilgilendiren de\u011ferli \u00f6nlemler ve y\u00f6ntemler eksik b\u0131rak\u0131lmaktad\u0131r. Ehliyet al\u0131n\u0131rken bir m\u00fcfredat yoktur, yasal bir e\u011fitim kitab\u0131 kullan\u0131lmamaktad\u0131r. Mevcut yasal e\u011fitim kitab\u0131, zamana uygun d\u00fczenlemeler yap\u0131lmad\u0131\u011f\u0131 i\u00e7in kullan\u0131lmamaktad\u0131r. Yeni bir kitap Ula\u015ft\u0131rma Bakanl\u0131\u011f\u0131nda haz\u0131rlanm\u0131\u015ft\u0131r ancak t\u00fcz\u00fckler devrede olmad\u0131\u011f\u0131ndan kullan\u0131lmamaktad\u0131r.\u201d<\/p>\n\n\n\n<p>\u015eof\u00f6r Okullar\u0131 ve e\u011fitmenlerin standartlar\u0131n\u0131n y\u00fckseltilmesinin yap\u0131lmad\u0131\u011f\u0131na dikkat \u00e7eken Avc\u0131, ehliyet al\u0131n\u0131rken yaz\u0131l\u0131 s\u0131nava ge\u00e7ilmemekte, s\u00f6zl\u00fc s\u0131navlar\u0131n devam etti\u011fini s\u00f6yledi.<\/p>\n\n\n\n<p>S\u00fcr\u00fcc\u00fclerde sa\u011fl\u0131k raporu al\u0131nmadan sadece sa\u011flam oldu\u011funa dair bir belge verildi\u011fini, belgeye dayan\u0131larak herkese ehliyet verilebildi\u011fini vurgulayan Avc\u0131, \u201cProfesyonel s\u00fcr\u00fcc\u00fclerden ise 60 ya\u015fta sa\u011fl\u0131k raporu istenmekte ancak sorunlu hastal\u0131klar\u0131n daha \u00f6nceden gelebilece\u011fi g\u00f6z ard\u0131 edilmektedir\u201d dedi.<\/p>\n\n\n\n<p>\u201cAra\u00e7 ve ehliyet s\u0131n\u0131flamalar\u0131n\u0131n d\u00fcnya ile ters d\u00fc\u015fmekte ve bizim \u00fclkeye has olmaktad\u0131r\u201d diyen Avc\u0131, a\u00e7\u0131klamas\u0131nda \u015fu ifadelere yer verdi:<\/p>\n\n\n\n<p>\u201cTrafikle ilgili bir\u00e7ok \u00fclkenin uygulamalar\u0131n\u0131 bu d\u00f6rt t\u00fcz\u00fckle biz de bekliyoruz. Yol g\u00fcvenli\u011fimizde g\u00fcncel ve \u00f6nemli kararlar alan, yasa, t\u00fcz\u00fck ve altyap\u0131 gibi sorunlara \u00e7\u00f6z\u00fcmler \u00fcreten Trafik ve Ula\u015ft\u0131rma Hizmetleri Komisyonu, ayda bir yasal olarak toplanmak zorunlu\u011fu yerine getirilmelidir.<\/p>\n\n\n\n<p>Yoldaki g\u00fcvenli\u011fimizden hepimiz sorumluyuz.\u201d<\/p>","protected":false},"excerpt":{"rendered":"<p>Mehmet Avc\u0131: Yollar\u0131m\u0131zda can ve mal g\u00fcvenli\u011fimiz yeterli de\u011fildir, yollar\u0131m\u0131zdaki can g\u00fcvenli\u011fimiz i\u00e7in devletin niyet ve kararl\u0131\u011f\u0131 olmal\u0131d\u0131r. Trafik Kazalar\u0131n\u0131 \u00d6nleme Derne\u011fi Ba\u015fkan\u0131 Mehmet Zeki Avc\u0131, yollardaki can ve mal g\u00fcvenli\u011finin yeterlili\u011finin tart\u0131\u015fmaya a\u00e7\u0131lmas\u0131 gerekti\u011fini s\u00f6yledi. Avc\u0131, yollarda can ve mal g\u00fcvenli\u011finin yeterli&nbsp; olmad\u0131\u011f\u0131na i\u015faret ederek, \u201cyollar\u0131m\u0131zdaki can g\u00fcvenli\u011fimiz i\u00e7in devletin niyet ve kararl\u0131\u011f\u0131 olmal\u0131d\u0131r\u201d [&hellip;]<\/p>","protected":false},"author":1,"featured_media":5344,"comment_status":"open","ping_status":"open","sticky":false,"template":"","format":"standard","meta":{"om_disable_all_campaigns":false,"_monsterinsights_skip_tracking":false,"_monsterinsights_sitenote_active":false,"_monsterinsights_sitenote_note":"","_monsterinsights_sitenote_category":0,"_uf_show_specific_survey":0,"_uf_disable_surveys":false,"footnotes":"","jetpack_publicize_message":"","jetpack_publicize_feature_enabled":true,"jetpack_social_post_already_shared":false,"jetpack_social_options":{"image_generator_settings":{"template":"highway","default_image_id":0,"font":"","enabled":false},"version":2}},"categories":[81],"tags":[182],"class_list":{"0":"post-5343","1":"post","2":"type-post","3":"status-publish","4":"format-standard","5":"has-post-thumbnail","7":"category-gundem","8":"tag-3-yilda-trafige-90-can"},"yoast_head":"<!-- This site is optimized with the Yoast SEO plugin v23.8 - https:\/\/yoast.com\/wordpress\/plugins\/seo\/ -->\n<title>3 y\u0131lda trafi\u011fe 90 can! - NETBAKIS<\/title>\n<meta name=\"robots\" content=\"index, follow, max-snippet:-1, max-image-preview:large, max-video-preview:-1\" \/>\n<link rel=\"canonical\" href=\"https:\/\/netbakis.net\/tr\/5343\/\" \/>\n<meta property=\"og:locale\" content=\"tr_TR\" \/>\n<meta property=\"og:type\" content=\"article\" \/>\n<meta property=\"og:title\" content=\"3 y\u0131lda trafi\u011fe 90 can! - NETBAKIS\" \/>\n<meta property=\"og:description\" content=\"Mehmet Avc\u0131: Yollar\u0131m\u0131zda can ve mal g\u00fcvenli\u011fimiz yeterli de\u011fildir, yollar\u0131m\u0131zdaki can g\u00fcvenli\u011fimiz i\u00e7in devletin niyet ve kararl\u0131\u011f\u0131 olmal\u0131d\u0131r. Trafik Kazalar\u0131n\u0131 \u00d6nleme Derne\u011fi Ba\u015fkan\u0131 Mehmet Zeki Avc\u0131, yollardaki can ve mal g\u00fcvenli\u011finin yeterlili\u011finin tart\u0131\u015fmaya a\u00e7\u0131lmas\u0131 gerekti\u011fini s\u00f6yledi. Avc\u0131, yollarda can ve mal g\u00fcvenli\u011finin yeterli&nbsp; olmad\u0131\u011f\u0131na i\u015faret ederek, \u201cyollar\u0131m\u0131zdaki can g\u00fcvenli\u011fimiz i\u00e7in devletin niyet ve kararl\u0131\u011f\u0131 olmal\u0131d\u0131r\u201d [&hellip;]\" \/>\n<meta property=\"og:url\" content=\"https:\/\/netbakis.net\/tr\/5343\/\" \/>\n<meta property=\"og:site_name\" content=\"NETBAKIS\" \/>\n<meta property=\"article:published_time\" content=\"2021-05-02T11:37:04+00:00\" \/>\n<meta property=\"og:image\" content=\"https:\/\/netbakis.net\/wp-content\/uploads\/2021\/05\/trafik-kazasi-guncel-kibris-728x410-1.jpg\" \/>\n\t<meta property=\"og:image:width\" content=\"728\" \/>\n\t<meta property=\"og:image:height\" content=\"410\" \/>\n\t<meta property=\"og:image:type\" content=\"image\/jpeg\" \/>\n<meta name=\"author\" content=\"netbakis.net\" \/>\n<meta name=\"twitter:card\" content=\"summary_large_image\" \/>\n<meta name=\"twitter:label1\" content=\"Yazan:\" \/>\n\t<meta name=\"twitter:data1\" content=\"netbakis.net\" \/>\n\t<meta name=\"twitter:label2\" content=\"Tahmini okuma s\u00fcresi\" \/>\n\t<meta name=\"twitter:data2\" content=\"4 dakika\" \/>\n<script type=\"application\/ld+json\" class=\"yoast-schema-graph\">{\"@context\":\"https:\/\/schema.org\",\"@graph\":[{\"@type\":\"WebPage\",\"@id\":\"https:\/\/netbakis.net\/5343\/\",\"url\":\"https:\/\/netbakis.net\/5343\/\",\"name\":\"3 y\u0131lda trafi\u011fe 90 can! - NETBAKIS\",\"isPartOf\":{\"@id\":\"https:\/\/netbakis.net\/#website\"},\"primaryImageOfPage\":{\"@id\":\"https:\/\/netbakis.net\/5343\/#primaryimage\"},\"image\":{\"@id\":\"https:\/\/netbakis.net\/5343\/#primaryimage\"},\"thumbnailUrl\":\"https:\/\/netbakis.net\/wp-content\/uploads\/2021\/05\/trafik-kazasi-guncel-kibris-728x410-1.jpg\",\"datePublished\":\"2021-05-02T11:37:04+00:00\",\"dateModified\":\"2021-05-02T11:37:04+00:00\",\"author\":{\"@id\":\"https:\/\/netbakis.net\/#\/schema\/person\/5d9b5c3f48ca4a3c69967d619fc8c7f4\"},\"breadcrumb\":{\"@id\":\"https:\/\/netbakis.net\/5343\/#breadcrumb\"},\"inLanguage\":\"tr\",\"potentialAction\":[{\"@type\":\"ReadAction\",\"target\":[\"https:\/\/netbakis.net\/5343\/\"]}]},{\"@type\":\"ImageObject\",\"inLanguage\":\"tr\",\"@id\":\"https:\/\/netbakis.net\/5343\/#primaryimage\",\"url\":\"https:\/\/netbakis.net\/wp-content\/uploads\/2021\/05\/trafik-kazasi-guncel-kibris-728x410-1.jpg\",\"contentUrl\":\"https:\/\/netbakis.net\/wp-content\/uploads\/2021\/05\/trafik-kazasi-guncel-kibris-728x410-1.jpg\",\"width\":728,\"height\":410,\"caption\":\"3 y\u0131lda trafi\u011fe 90 can!\"},{\"@type\":\"BreadcrumbList\",\"@id\":\"https:\/\/netbakis.net\/5343\/#breadcrumb\",\"itemListElement\":[{\"@type\":\"ListItem\",\"position\":1,\"name\":\"Home\",\"item\":\"https:\/\/netbakis.net\/\"},{\"@type\":\"ListItem\",\"position\":2,\"name\":\"3 y\u0131lda trafi\u011fe 90 can!\"}]},{\"@type\":\"WebSite\",\"@id\":\"https:\/\/netbakis.net\/#website\",\"url\":\"https:\/\/netbakis.net\/\",\"name\":\"NETBAKIS\",\"description\":\"SON DAKIKA\",\"potentialAction\":[{\"@type\":\"SearchAction\",\"target\":{\"@type\":\"EntryPoint\",\"urlTemplate\":\"https:\/\/netbakis.net\/?s={search_term_string}\"},\"query-input\":{\"@type\":\"PropertyValueSpecification\",\"valueRequired\":true,\"valueName\":\"search_term_string\"}}],\"inLanguage\":\"tr\"},{\"@type\":\"Person\",\"@id\":\"https:\/\/netbakis.net\/#\/schema\/person\/5d9b5c3f48ca4a3c69967d619fc8c7f4\",\"name\":\"netbakis.net\",\"image\":{\"@type\":\"ImageObject\",\"inLanguage\":\"tr\",\"@id\":\"https:\/\/netbakis.net\/#\/schema\/person\/image\/\",\"url\":\"https:\/\/secure.gravatar.com\/avatar\/4ddeae49d2d3e3568a8d5b0937642efdf0b72468dbe3f213bc1978faa47af0d1?s=96&d=wp_user_avatar&r=g\",\"contentUrl\":\"https:\/\/secure.gravatar.com\/avatar\/4ddeae49d2d3e3568a8d5b0937642efdf0b72468dbe3f213bc1978faa47af0d1?s=96&d=wp_user_avatar&r=g\",\"caption\":\"netbakis.net\"},\"sameAs\":[\"https:\/\/netbakis.net\"],\"url\":\"https:\/\/netbakis.net\/tr\/author\/netbakis-net\/\"}]}<\/script>\n<!-- \/ Yoast SEO plugin. -->","yoast_head_json":{"title":"3 y\u0131lda trafi\u011fe 90 can! - NETBAKIS","robots":{"index":"index","follow":"follow","max-snippet":"max-snippet:-1","max-image-preview":"max-image-preview:large","max-video-preview":"max-video-preview:-1"},"canonical":"https:\/\/netbakis.net\/tr\/5343\/","og_locale":"tr_TR","og_type":"article","og_title":"3 y\u0131lda trafi\u011fe 90 can! - NETBAKIS","og_description":"Mehmet Avc\u0131: Yollar\u0131m\u0131zda can ve mal g\u00fcvenli\u011fimiz yeterli de\u011fildir, yollar\u0131m\u0131zdaki can g\u00fcvenli\u011fimiz i\u00e7in devletin niyet ve kararl\u0131\u011f\u0131 olmal\u0131d\u0131r. Trafik Kazalar\u0131n\u0131 \u00d6nleme Derne\u011fi Ba\u015fkan\u0131 Mehmet Zeki Avc\u0131, yollardaki can ve mal g\u00fcvenli\u011finin yeterlili\u011finin tart\u0131\u015fmaya a\u00e7\u0131lmas\u0131 gerekti\u011fini s\u00f6yledi. Avc\u0131, yollarda can ve mal g\u00fcvenli\u011finin yeterli&nbsp; olmad\u0131\u011f\u0131na i\u015faret ederek, \u201cyollar\u0131m\u0131zdaki can g\u00fcvenli\u011fimiz i\u00e7in devletin niyet ve kararl\u0131\u011f\u0131 olmal\u0131d\u0131r\u201d [&hellip;]","og_url":"https:\/\/netbakis.net\/tr\/5343\/","og_site_name":"NETBAKIS","article_published_time":"2021-05-02T11:37:04+00:00","og_image":[{"width":728,"height":410,"url":"https:\/\/netbakis.net\/wp-content\/uploads\/2021\/05\/trafik-kazasi-guncel-kibris-728x410-1.jpg","type":"image\/jpeg"}],"author":"netbakis.net","twitter_card":"summary_large_image","twitter_misc":{"Yazan:":"netbakis.net","Tahmini okuma s\u00fcresi":"4 dakika"},"schema":{"@context":"https:\/\/schema.org","@graph":[{"@type":"WebPage","@id":"https:\/\/netbakis.net\/5343\/","url":"https:\/\/netbakis.net\/5343\/","name":"3 y\u0131lda trafi\u011fe 90 can! - NETBAKIS","isPartOf":{"@id":"https:\/\/netbakis.net\/#website"},"primaryImageOfPage":{"@id":"https:\/\/netbakis.net\/5343\/#primaryimage"},"image":{"@id":"https:\/\/netbakis.net\/5343\/#primaryimage"},"thumbnailUrl":"https:\/\/netbakis.net\/wp-content\/uploads\/2021\/05\/trafik-kazasi-guncel-kibris-728x410-1.jpg","datePublished":"2021-05-02T11:37:04+00:00","dateModified":"2021-05-02T11:37:04+00:00","author":{"@id":"https:\/\/netbakis.net\/#\/schema\/person\/5d9b5c3f48ca4a3c69967d619fc8c7f4"},"breadcrumb":{"@id":"https:\/\/netbakis.net\/5343\/#breadcrumb"},"inLanguage":"tr","potentialAction":[{"@type":"ReadAction","target":["https:\/\/netbakis.net\/5343\/"]}]},{"@type":"ImageObject","inLanguage":"tr","@id":"https:\/\/netbakis.net\/5343\/#primaryimage","url":"https:\/\/netbakis.net\/wp-content\/uploads\/2021\/05\/trafik-kazasi-guncel-kibris-728x410-1.jpg","contentUrl":"https:\/\/netbakis.net\/wp-content\/uploads\/2021\/05\/trafik-kazasi-guncel-kibris-728x410-1.jpg","width":728,"height":410,"caption":"3 y\u0131lda trafi\u011fe 90 can!"},{"@type":"BreadcrumbList","@id":"https:\/\/netbakis.net\/5343\/#breadcrumb","itemListElement":[{"@type":"ListItem","position":1,"name":"Home","item":"https:\/\/netbakis.net\/"},{"@type":"ListItem","position":2,"name":"3 y\u0131lda trafi\u011fe 90 can!"}]},{"@type":"WebSite","@id":"https:\/\/netbakis.net\/#website","url":"https:\/\/netbakis.net\/","name":"NETBAKIS","description":"SON DAKIKA","potentialAction":[{"@type":"SearchAction","target":{"@type":"EntryPoint","urlTemplate":"https:\/\/netbakis.net\/?s={search_term_string}"},"query-input":{"@type":"PropertyValueSpecification","valueRequired":true,"valueName":"search_term_string"}}],"inLanguage":"tr"},{"@type":"Person","@id":"https:\/\/netbakis.net\/#\/schema\/person\/5d9b5c3f48ca4a3c69967d619fc8c7f4","name":"netbakis.net","image":{"@type":"ImageObject","inLanguage":"tr","@id":"https:\/\/netbakis.net\/#\/schema\/person\/image\/","url":"https:\/\/secure.gravatar.com\/avatar\/4ddeae49d2d3e3568a8d5b0937642efdf0b72468dbe3f213bc1978faa47af0d1?s=96&d=wp_user_avatar&r=g","contentUrl":"https:\/\/secure.gravatar.com\/avatar\/4ddeae49d2d3e3568a8d5b0937642efdf0b72468dbe3f213bc1978faa47af0d1?s=96&d=wp_user_avatar&r=g","caption":"netbakis.net"},"sameAs":["https:\/\/netbakis.net"],"url":"https:\/\/netbakis.net\/tr\/author\/netbakis-net\/"}]}},"jetpack_publicize_connections":[],"_links":{"self":[{"href":"https:\/\/netbakis.net\/tr\/wp-json\/wp\/v2\/posts\/5343","targetHints":{"allow":["GET"]}}],"collection":[{"href":"https:\/\/netbakis.net\/tr\/wp-json\/wp\/v2\/posts"}],"about":[{"href":"https:\/\/netbakis.net\/tr\/wp-json\/wp\/v2\/types\/post"}],"author":[{"embeddable":true,"href":"https:\/\/netbakis.net\/tr\/wp-json\/wp\/v2\/users\/1"}],"replies":[{"embeddable":true,"href":"https:\/\/netbakis.net\/tr\/wp-json\/wp\/v2\/comments?post=5343"}],"version-history":[{"count":1,"href":"https:\/\/netbakis.net\/tr\/wp-json\/wp\/v2\/posts\/5343\/revisions"}],"predecessor-version":[{"id":5345,"href":"https:\/\/netbakis.net\/tr\/wp-json\/wp\/v2\/posts\/5343\/revisions\/5345"}],"wp:featuredmedia":[{"embeddable":true,"href":"https:\/\/netbakis.net\/tr\/wp-json\/wp\/v2\/media\/5344"}],"wp:attachment":[{"href":"https:\/\/netbakis.net\/tr\/wp-json\/wp\/v2\/media?parent=5343"}],"wp:term":[{"taxonomy":"category","embeddable":true,"href":"https:\/\/netbakis.net\/tr\/wp-json\/wp\/v2\/categories?post=5343"},{"taxonomy":"post_tag","embeddable":true,"href":"https:\/\/netbakis.net\/tr\/wp-json\/wp\/v2\/tags?post=5343"}],"curies":[{"name":"wp","href":"https:\/\/api.w.org\/{rel}","templated":true}]}}