{"id":5225,"date":"2021-04-28T04:07:14","date_gmt":"2021-04-28T04:07:14","guid":{"rendered":"https:\/\/netbakis.net\/?p=5225"},"modified":"2021-04-28T04:07:15","modified_gmt":"2021-04-28T04:07:15","slug":"fransada-renault-calisanlari-fabrikada-yoneticilerini-rehin-aldi","status":"publish","type":"post","link":"https:\/\/netbakis.net\/tr\/5225\/","title":{"rendered":"Fransa&#8217;da Renault \u00e7al\u0131\u015fanlar\u0131, fabrikada y\u00f6neticilerini rehin ald\u0131"},"content":{"rendered":"<p>Fransa&#8217;n\u0131n kuzey bat\u0131s\u0131ndaki Morbihan b\u00f6lgesinde, otomotiv devi Renault Group&#8217;a ait bir fabrikada \u00e7al\u0131\u015fanlar, fabrikay\u0131 ablukaya alarak, y\u00f6neticileri al\u0131koydu.<\/p>\n\n\n\n<p>En b\u00fcy\u00fck hissesi devlete ait&nbsp;<strong>Renault<\/strong>&nbsp;\u015firketi, Morbihan b\u00f6lgesine ba\u011fl\u0131 Caudan kentindeki Fonderie de Bretagne fabrikas\u0131n\u0131 satma karar\u0131 ald\u0131.<\/p>\n\n\n\n<p>Yakla\u015f\u0131k 350 \u00e7al\u0131\u015fan ve aileleri, fabrikan\u0131n sat\u0131lmas\u0131yla i\u015flerinden olacaklar\u0131 gerek\u00e7esiyle karara kar\u015f\u0131 \u00e7\u0131karak, sabahtan itibaren fabrika giri\u015f ve \u00e7\u0131k\u0131\u015flar\u0131n\u0131 kapatt\u0131.<\/p>\n\n\n\n<p><strong>\u0130\u015f\u00e7iler&nbsp;<\/strong>fabrika y\u00f6neticilerini rehin ald\u0131.<\/p>\n\n\n\n<p>Genel \u0130\u015f Konfederasyonu (<strong>CGT<\/strong>) i\u015f\u00e7i sendikas\u0131n\u0131n temsilcilerinden Mael Le Goff, bas\u0131na yapt\u0131\u011f\u0131 a\u00e7\u0131klamada, taleplerin kar\u015f\u0131lanana kadar kimseyi serbest b\u0131rakmayacaklar\u0131n\u0131 belirtti.<\/p>\n\n\n\n<p>Renault&#8217;dan yap\u0131lan a\u00e7\u0131klamada, \u00e7al\u0131\u015fanlar\u0131n eylemi ve 7 y\u00f6neticinin al\u0131konulmas\u0131 k\u0131nand\u0131.<\/p>\n\n\n\n<p>Fabrikaya y\u00f6nelik ablukan\u0131n bir an \u00f6nce kald\u0131r\u0131lmas\u0131, rehin tutulan y\u00f6neticilerin serbest b\u0131rak\u0131lmas\u0131 \u00e7a\u011fr\u0131s\u0131 yap\u0131lan a\u00e7\u0131klamada, \u00e7al\u0131\u015fmaya devam etmesi ve \u00e7al\u0131\u015fanlar\u0131n i\u015flerini kaybetmemesi i\u00e7in fabrikay\u0131 sat\u0131n alacak m\u00fc\u015fteri aray\u0131\u015f\u0131n\u0131n s\u00fcrd\u00fc\u011f\u00fc kaydedildi.<\/p>\n\n\n\n<p>\u015eirket, mart ay\u0131 sonlar\u0131na do\u011fru, tasarruf plan\u0131n\u0131n bir par\u00e7as\u0131 olarak satma karar\u0131n\u0131 duyurmu\u015ftu.<\/p>\n\n\n\n<p>Ekonomi, \u00c7al\u0131\u015fma ve Sanayi bakanl\u0131klar\u0131 ile \u015firket temsilcilerinin d\u00fcn yapt\u0131\u011f\u0131 toplant\u0131da, \u00e7al\u0131\u015fanlar\u0131n i\u015flerinin korunmas\u0131 i\u00e7in kurtarma fonu olu\u015fturulaca\u011f\u0131 bildirildi. Fabrika \u00e7al\u0131\u015fanlar\u0131, bu fonun \u00e7al\u0131\u015fanlar\u0131 yeniden s\u0131n\u0131fland\u0131rarak i\u015flerinden atmay\u0131 planlad\u0131\u011f\u0131n\u0131 savunuyor.<\/p>","protected":false},"excerpt":{"rendered":"<p>Fransa&#8217;n\u0131n kuzey bat\u0131s\u0131ndaki Morbihan b\u00f6lgesinde, otomotiv devi Renault Group&#8217;a ait bir fabrikada \u00e7al\u0131\u015fanlar, fabrikay\u0131 ablukaya alarak, y\u00f6neticileri al\u0131koydu. En b\u00fcy\u00fck hissesi devlete ait&nbsp;Renault&nbsp;\u015firketi, Morbihan b\u00f6lgesine ba\u011fl\u0131 Caudan kentindeki Fonderie de Bretagne fabrikas\u0131n\u0131 satma karar\u0131 ald\u0131. Yakla\u015f\u0131k 350 \u00e7al\u0131\u015fan ve aileleri, fabrikan\u0131n sat\u0131lmas\u0131yla i\u015flerinden olacaklar\u0131 gerek\u00e7esiyle karara kar\u015f\u0131 \u00e7\u0131karak, sabahtan itibaren fabrika giri\u015f ve \u00e7\u0131k\u0131\u015flar\u0131n\u0131 kapatt\u0131. [&hellip;]<\/p>","protected":false},"author":1,"featured_media":5226,"comment_status":"open","ping_status":"open","sticky":false,"template":"","format":"standard","meta":{"om_disable_all_campaigns":false,"_monsterinsights_skip_tracking":false,"_monsterinsights_sitenote_active":false,"_monsterinsights_sitenote_note":"","_monsterinsights_sitenote_category":0,"_uf_show_specific_survey":0,"_uf_disable_surveys":false,"footnotes":"","jetpack_publicize_message":"","jetpack_publicize_feature_enabled":true,"jetpack_social_post_already_shared":false,"jetpack_social_options":{"image_generator_settings":{"template":"highway","default_image_id":0,"font":"","enabled":false},"version":2}},"categories":[85],"tags":[160],"class_list":{"0":"post-5225","1":"post","2":"type-post","3":"status-publish","4":"format-standard","5":"has-post-thumbnail","7":"category-dunya","8":"tag-fransa"},"yoast_head":"<!-- This site is optimized with the Yoast SEO plugin v23.8 - https:\/\/yoast.com\/wordpress\/plugins\/seo\/ -->\n<title>Fransa&#039;da Renault \u00e7al\u0131\u015fanlar\u0131, fabrikada y\u00f6neticilerini rehin ald\u0131 - NETBAKIS<\/title>\n<meta name=\"robots\" content=\"index, follow, max-snippet:-1, max-image-preview:large, max-video-preview:-1\" \/>\n<link rel=\"canonical\" href=\"https:\/\/netbakis.net\/tr\/5225\/\" \/>\n<meta property=\"og:locale\" content=\"tr_TR\" \/>\n<meta property=\"og:type\" content=\"article\" \/>\n<meta property=\"og:title\" content=\"Fransa&#039;da Renault \u00e7al\u0131\u015fanlar\u0131, fabrikada y\u00f6neticilerini rehin ald\u0131 - NETBAKIS\" \/>\n<meta property=\"og:description\" content=\"Fransa&#8217;n\u0131n kuzey bat\u0131s\u0131ndaki Morbihan b\u00f6lgesinde, otomotiv devi Renault Group&#8217;a ait bir fabrikada \u00e7al\u0131\u015fanlar, fabrikay\u0131 ablukaya alarak, y\u00f6neticileri al\u0131koydu. En b\u00fcy\u00fck hissesi devlete ait&nbsp;Renault&nbsp;\u015firketi, Morbihan b\u00f6lgesine ba\u011fl\u0131 Caudan kentindeki Fonderie de Bretagne fabrikas\u0131n\u0131 satma karar\u0131 ald\u0131. Yakla\u015f\u0131k 350 \u00e7al\u0131\u015fan ve aileleri, fabrikan\u0131n sat\u0131lmas\u0131yla i\u015flerinden olacaklar\u0131 gerek\u00e7esiyle karara kar\u015f\u0131 \u00e7\u0131karak, sabahtan itibaren fabrika giri\u015f ve \u00e7\u0131k\u0131\u015flar\u0131n\u0131 kapatt\u0131. [&hellip;]\" \/>\n<meta property=\"og:url\" content=\"https:\/\/netbakis.net\/tr\/5225\/\" \/>\n<meta property=\"og:site_name\" content=\"NETBAKIS\" \/>\n<meta property=\"article:published_time\" content=\"2021-04-28T04:07:14+00:00\" \/>\n<meta property=\"article:modified_time\" content=\"2021-04-28T04:07:15+00:00\" \/>\n<meta property=\"og:image\" content=\"https:\/\/netbakis.net\/wp-content\/uploads\/2021\/04\/thumbs_b_c_971f0d5f5db14224f55c9e21b230043f.jpg\" \/>\n\t<meta property=\"og:image:width\" content=\"864\" \/>\n\t<meta property=\"og:image:height\" content=\"486\" \/>\n\t<meta property=\"og:image:type\" content=\"image\/jpeg\" \/>\n<meta name=\"author\" content=\"netbakis.net\" \/>\n<meta name=\"twitter:card\" content=\"summary_large_image\" \/>\n<meta name=\"twitter:label1\" content=\"Yazan:\" \/>\n\t<meta name=\"twitter:data1\" content=\"netbakis.net\" \/>\n\t<meta name=\"twitter:label2\" content=\"Tahmini okuma s\u00fcresi\" \/>\n\t<meta name=\"twitter:data2\" content=\"1 dakika\" \/>\n<script type=\"application\/ld+json\" class=\"yoast-schema-graph\">{\"@context\":\"https:\/\/schema.org\",\"@graph\":[{\"@type\":\"WebPage\",\"@id\":\"https:\/\/netbakis.net\/5225\/\",\"url\":\"https:\/\/netbakis.net\/5225\/\",\"name\":\"Fransa'da Renault \u00e7al\u0131\u015fanlar\u0131, fabrikada y\u00f6neticilerini rehin ald\u0131 - NETBAKIS\",\"isPartOf\":{\"@id\":\"https:\/\/netbakis.net\/#website\"},\"primaryImageOfPage\":{\"@id\":\"https:\/\/netbakis.net\/5225\/#primaryimage\"},\"image\":{\"@id\":\"https:\/\/netbakis.net\/5225\/#primaryimage\"},\"thumbnailUrl\":\"https:\/\/netbakis.net\/wp-content\/uploads\/2021\/04\/thumbs_b_c_971f0d5f5db14224f55c9e21b230043f.jpg\",\"datePublished\":\"2021-04-28T04:07:14+00:00\",\"dateModified\":\"2021-04-28T04:07:15+00:00\",\"author\":{\"@id\":\"https:\/\/netbakis.net\/#\/schema\/person\/5d9b5c3f48ca4a3c69967d619fc8c7f4\"},\"breadcrumb\":{\"@id\":\"https:\/\/netbakis.net\/5225\/#breadcrumb\"},\"inLanguage\":\"tr\",\"potentialAction\":[{\"@type\":\"ReadAction\",\"target\":[\"https:\/\/netbakis.net\/5225\/\"]}]},{\"@type\":\"ImageObject\",\"inLanguage\":\"tr\",\"@id\":\"https:\/\/netbakis.net\/5225\/#primaryimage\",\"url\":\"https:\/\/netbakis.net\/wp-content\/uploads\/2021\/04\/thumbs_b_c_971f0d5f5db14224f55c9e21b230043f.jpg\",\"contentUrl\":\"https:\/\/netbakis.net\/wp-content\/uploads\/2021\/04\/thumbs_b_c_971f0d5f5db14224f55c9e21b230043f.jpg\",\"width\":864,\"height\":486,\"caption\":\"Fransa\"},{\"@type\":\"BreadcrumbList\",\"@id\":\"https:\/\/netbakis.net\/5225\/#breadcrumb\",\"itemListElement\":[{\"@type\":\"ListItem\",\"position\":1,\"name\":\"Home\",\"item\":\"https:\/\/netbakis.net\/\"},{\"@type\":\"ListItem\",\"position\":2,\"name\":\"Fransa&#8217;da Renault \u00e7al\u0131\u015fanlar\u0131, fabrikada y\u00f6neticilerini rehin ald\u0131\"}]},{\"@type\":\"WebSite\",\"@id\":\"https:\/\/netbakis.net\/#website\",\"url\":\"https:\/\/netbakis.net\/\",\"name\":\"NETBAKIS\",\"description\":\"SON DAKIKA\",\"potentialAction\":[{\"@type\":\"SearchAction\",\"target\":{\"@type\":\"EntryPoint\",\"urlTemplate\":\"https:\/\/netbakis.net\/?s={search_term_string}\"},\"query-input\":{\"@type\":\"PropertyValueSpecification\",\"valueRequired\":true,\"valueName\":\"search_term_string\"}}],\"inLanguage\":\"tr\"},{\"@type\":\"Person\",\"@id\":\"https:\/\/netbakis.net\/#\/schema\/person\/5d9b5c3f48ca4a3c69967d619fc8c7f4\",\"name\":\"netbakis.net\",\"image\":{\"@type\":\"ImageObject\",\"inLanguage\":\"tr\",\"@id\":\"https:\/\/netbakis.net\/#\/schema\/person\/image\/\",\"url\":\"https:\/\/secure.gravatar.com\/avatar\/4ddeae49d2d3e3568a8d5b0937642efdf0b72468dbe3f213bc1978faa47af0d1?s=96&d=wp_user_avatar&r=g\",\"contentUrl\":\"https:\/\/secure.gravatar.com\/avatar\/4ddeae49d2d3e3568a8d5b0937642efdf0b72468dbe3f213bc1978faa47af0d1?s=96&d=wp_user_avatar&r=g\",\"caption\":\"netbakis.net\"},\"sameAs\":[\"https:\/\/netbakis.net\"],\"url\":\"https:\/\/netbakis.net\/tr\/author\/netbakis-net\/\"}]}<\/script>\n<!-- \/ Yoast SEO plugin. -->","yoast_head_json":{"title":"Fransa'da Renault \u00e7al\u0131\u015fanlar\u0131, fabrikada y\u00f6neticilerini rehin ald\u0131 - NETBAKIS","robots":{"index":"index","follow":"follow","max-snippet":"max-snippet:-1","max-image-preview":"max-image-preview:large","max-video-preview":"max-video-preview:-1"},"canonical":"https:\/\/netbakis.net\/tr\/5225\/","og_locale":"tr_TR","og_type":"article","og_title":"Fransa'da Renault \u00e7al\u0131\u015fanlar\u0131, fabrikada y\u00f6neticilerini rehin ald\u0131 - NETBAKIS","og_description":"Fransa&#8217;n\u0131n kuzey bat\u0131s\u0131ndaki Morbihan b\u00f6lgesinde, otomotiv devi Renault Group&#8217;a ait bir fabrikada \u00e7al\u0131\u015fanlar, fabrikay\u0131 ablukaya alarak, y\u00f6neticileri al\u0131koydu. En b\u00fcy\u00fck hissesi devlete ait&nbsp;Renault&nbsp;\u015firketi, Morbihan b\u00f6lgesine ba\u011fl\u0131 Caudan kentindeki Fonderie de Bretagne fabrikas\u0131n\u0131 satma karar\u0131 ald\u0131. Yakla\u015f\u0131k 350 \u00e7al\u0131\u015fan ve aileleri, fabrikan\u0131n sat\u0131lmas\u0131yla i\u015flerinden olacaklar\u0131 gerek\u00e7esiyle karara kar\u015f\u0131 \u00e7\u0131karak, sabahtan itibaren fabrika giri\u015f ve \u00e7\u0131k\u0131\u015flar\u0131n\u0131 kapatt\u0131. [&hellip;]","og_url":"https:\/\/netbakis.net\/tr\/5225\/","og_site_name":"NETBAKIS","article_published_time":"2021-04-28T04:07:14+00:00","article_modified_time":"2021-04-28T04:07:15+00:00","og_image":[{"width":864,"height":486,"url":"https:\/\/netbakis.net\/wp-content\/uploads\/2021\/04\/thumbs_b_c_971f0d5f5db14224f55c9e21b230043f.jpg","type":"image\/jpeg"}],"author":"netbakis.net","twitter_card":"summary_large_image","twitter_misc":{"Yazan:":"netbakis.net","Tahmini okuma s\u00fcresi":"1 dakika"},"schema":{"@context":"https:\/\/schema.org","@graph":[{"@type":"WebPage","@id":"https:\/\/netbakis.net\/5225\/","url":"https:\/\/netbakis.net\/5225\/","name":"Fransa'da Renault \u00e7al\u0131\u015fanlar\u0131, fabrikada y\u00f6neticilerini rehin ald\u0131 - NETBAKIS","isPartOf":{"@id":"https:\/\/netbakis.net\/#website"},"primaryImageOfPage":{"@id":"https:\/\/netbakis.net\/5225\/#primaryimage"},"image":{"@id":"https:\/\/netbakis.net\/5225\/#primaryimage"},"thumbnailUrl":"https:\/\/netbakis.net\/wp-content\/uploads\/2021\/04\/thumbs_b_c_971f0d5f5db14224f55c9e21b230043f.jpg","datePublished":"2021-04-28T04:07:14+00:00","dateModified":"2021-04-28T04:07:15+00:00","author":{"@id":"https:\/\/netbakis.net\/#\/schema\/person\/5d9b5c3f48ca4a3c69967d619fc8c7f4"},"breadcrumb":{"@id":"https:\/\/netbakis.net\/5225\/#breadcrumb"},"inLanguage":"tr","potentialAction":[{"@type":"ReadAction","target":["https:\/\/netbakis.net\/5225\/"]}]},{"@type":"ImageObject","inLanguage":"tr","@id":"https:\/\/netbakis.net\/5225\/#primaryimage","url":"https:\/\/netbakis.net\/wp-content\/uploads\/2021\/04\/thumbs_b_c_971f0d5f5db14224f55c9e21b230043f.jpg","contentUrl":"https:\/\/netbakis.net\/wp-content\/uploads\/2021\/04\/thumbs_b_c_971f0d5f5db14224f55c9e21b230043f.jpg","width":864,"height":486,"caption":"Fransa"},{"@type":"BreadcrumbList","@id":"https:\/\/netbakis.net\/5225\/#breadcrumb","itemListElement":[{"@type":"ListItem","position":1,"name":"Home","item":"https:\/\/netbakis.net\/"},{"@type":"ListItem","position":2,"name":"Fransa&#8217;da Renault \u00e7al\u0131\u015fanlar\u0131, fabrikada y\u00f6neticilerini rehin ald\u0131"}]},{"@type":"WebSite","@id":"https:\/\/netbakis.net\/#website","url":"https:\/\/netbakis.net\/","name":"NETBAKIS","description":"SON DAKIKA","potentialAction":[{"@type":"SearchAction","target":{"@type":"EntryPoint","urlTemplate":"https:\/\/netbakis.net\/?s={search_term_string}"},"query-input":{"@type":"PropertyValueSpecification","valueRequired":true,"valueName":"search_term_string"}}],"inLanguage":"tr"},{"@type":"Person","@id":"https:\/\/netbakis.net\/#\/schema\/person\/5d9b5c3f48ca4a3c69967d619fc8c7f4","name":"netbakis.net","image":{"@type":"ImageObject","inLanguage":"tr","@id":"https:\/\/netbakis.net\/#\/schema\/person\/image\/","url":"https:\/\/secure.gravatar.com\/avatar\/4ddeae49d2d3e3568a8d5b0937642efdf0b72468dbe3f213bc1978faa47af0d1?s=96&d=wp_user_avatar&r=g","contentUrl":"https:\/\/secure.gravatar.com\/avatar\/4ddeae49d2d3e3568a8d5b0937642efdf0b72468dbe3f213bc1978faa47af0d1?s=96&d=wp_user_avatar&r=g","caption":"netbakis.net"},"sameAs":["https:\/\/netbakis.net"],"url":"https:\/\/netbakis.net\/tr\/author\/netbakis-net\/"}]}},"jetpack_publicize_connections":[],"_links":{"self":[{"href":"https:\/\/netbakis.net\/tr\/wp-json\/wp\/v2\/posts\/5225","targetHints":{"allow":["GET"]}}],"collection":[{"href":"https:\/\/netbakis.net\/tr\/wp-json\/wp\/v2\/posts"}],"about":[{"href":"https:\/\/netbakis.net\/tr\/wp-json\/wp\/v2\/types\/post"}],"author":[{"embeddable":true,"href":"https:\/\/netbakis.net\/tr\/wp-json\/wp\/v2\/users\/1"}],"replies":[{"embeddable":true,"href":"https:\/\/netbakis.net\/tr\/wp-json\/wp\/v2\/comments?post=5225"}],"version-history":[{"count":1,"href":"https:\/\/netbakis.net\/tr\/wp-json\/wp\/v2\/posts\/5225\/revisions"}],"predecessor-version":[{"id":5227,"href":"https:\/\/netbakis.net\/tr\/wp-json\/wp\/v2\/posts\/5225\/revisions\/5227"}],"wp:featuredmedia":[{"embeddable":true,"href":"https:\/\/netbakis.net\/tr\/wp-json\/wp\/v2\/media\/5226"}],"wp:attachment":[{"href":"https:\/\/netbakis.net\/tr\/wp-json\/wp\/v2\/media?parent=5225"}],"wp:term":[{"taxonomy":"category","embeddable":true,"href":"https:\/\/netbakis.net\/tr\/wp-json\/wp\/v2\/categories?post=5225"},{"taxonomy":"post_tag","embeddable":true,"href":"https:\/\/netbakis.net\/tr\/wp-json\/wp\/v2\/tags?post=5225"}],"curies":[{"name":"wp","href":"https:\/\/api.w.org\/{rel}","templated":true}]}}