{"id":5216,"date":"2021-04-28T04:01:28","date_gmt":"2021-04-28T04:01:28","guid":{"rendered":"https:\/\/netbakis.net\/?p=5216"},"modified":"2021-04-28T04:01:29","modified_gmt":"2021-04-28T04:01:29","slug":"kovid-19-vaka-sayilari-yuksek-ulkelerden-gazzeye-gelenlere-zorunlu-karantina-uygulanacak","status":"publish","type":"post","link":"https:\/\/netbakis.net\/tr\/5216\/","title":{"rendered":"Kovid-19 vaka say\u0131lar\u0131 y\u00fcksek \u00fclkelerden Gazze&#8217;ye gelenlere zorunlu karantina uygulanacak"},"content":{"rendered":"<p>Gazze&#8217;de, yeni tip koronavir\u00fcse (Kovid-19) kar\u015f\u0131 \u00f6nlemler kapsam\u0131nda, baz\u0131 \u00fclkelerden gelenler i\u00e7in zorunlu karantina \u015fart\u0131 getirildi.<\/p>\n\n\n\n<p>\u0130\u00e7i\u015fleri Bakanl\u0131\u011f\u0131 S\u00f6zc\u00fcs\u00fc \u0130yad el-Bezm, &#8220;<strong>Gazze \u015eeridi<\/strong>&#8216;ne, vaka say\u0131lar\u0131 y\u00fcksek olan Hindistan ve Banglade\u015f gibi \u00fclkelerden giri\u015f yapanlara zorunlu karantina uygulanacak.&#8221; dedi.<\/p>\n\n\n\n<p>Per\u015fembe g\u00fcn\u00fc y\u00fcr\u00fcrl\u00fc\u011fe konulan ve ak\u015fam ezan\u0131 ile sabah namaz\u0131 aras\u0131nda tam kapanmay\u0131 \u00f6ng\u00f6ren uygulamay\u0131 hat\u0131rlatan Bezm,&nbsp;<strong>Kovid-19<\/strong>&#8216;la m\u00fccadele kapsam\u0131nda al\u0131nan \u00f6nlemlerin bir hafta daha uzat\u0131ld\u0131\u011f\u0131n\u0131 s\u00f6yledi.<\/p>\n\n\n\n<p>Gazze&#8217;de, mart ba\u015f\u0131ndan bu yana, Kovid-19 vaka say\u0131lar\u0131nda art\u0131\u015f g\u00f6zlenmeye ba\u015flanm\u0131\u015f ve g\u00fcnl\u00fck 1500&#8217;den fazla olan vaka say\u0131lar\u0131 nedeniyle ek tedbirler al\u0131nm\u0131\u015ft\u0131.<\/p>","protected":false},"excerpt":{"rendered":"<p>Gazze&#8217;de, yeni tip koronavir\u00fcse (Kovid-19) kar\u015f\u0131 \u00f6nlemler kapsam\u0131nda, baz\u0131 \u00fclkelerden gelenler i\u00e7in zorunlu karantina \u015fart\u0131 getirildi. \u0130\u00e7i\u015fleri Bakanl\u0131\u011f\u0131 S\u00f6zc\u00fcs\u00fc \u0130yad el-Bezm, &#8220;Gazze \u015eeridi&#8216;ne, vaka say\u0131lar\u0131 y\u00fcksek olan Hindistan ve Banglade\u015f gibi \u00fclkelerden giri\u015f yapanlara zorunlu karantina uygulanacak.&#8221; dedi. Per\u015fembe g\u00fcn\u00fc y\u00fcr\u00fcrl\u00fc\u011fe konulan ve ak\u015fam ezan\u0131 ile sabah namaz\u0131 aras\u0131nda tam kapanmay\u0131 \u00f6ng\u00f6ren uygulamay\u0131 hat\u0131rlatan Bezm,&nbsp;Kovid-19&#8216;la [&hellip;]<\/p>","protected":false},"author":1,"featured_media":5217,"comment_status":"open","ping_status":"open","sticky":false,"template":"","format":"standard","meta":{"om_disable_all_campaigns":false,"_monsterinsights_skip_tracking":false,"_monsterinsights_sitenote_active":false,"_monsterinsights_sitenote_note":"","_monsterinsights_sitenote_category":0,"_uf_show_specific_survey":0,"_uf_disable_surveys":false,"footnotes":"","jetpack_publicize_message":"","jetpack_publicize_feature_enabled":true,"jetpack_social_post_already_shared":false,"jetpack_social_options":{"image_generator_settings":{"template":"highway","default_image_id":0,"font":"","enabled":false},"version":2}},"categories":[85],"tags":[158],"class_list":{"0":"post-5216","1":"post","2":"type-post","3":"status-publish","4":"format-standard","5":"has-post-thumbnail","7":"category-dunya","8":"tag-kovid-19"},"yoast_head":"<!-- This site is optimized with the Yoast SEO plugin v23.8 - https:\/\/yoast.com\/wordpress\/plugins\/seo\/ -->\n<title>Kovid-19 vaka say\u0131lar\u0131 y\u00fcksek \u00fclkelerden Gazze&#039;ye gelenlere zorunlu karantina uygulanacak - NETBAKIS<\/title>\n<meta name=\"robots\" content=\"index, follow, max-snippet:-1, max-image-preview:large, max-video-preview:-1\" \/>\n<link rel=\"canonical\" href=\"https:\/\/netbakis.net\/tr\/5216\/\" \/>\n<meta property=\"og:locale\" content=\"tr_TR\" \/>\n<meta property=\"og:type\" content=\"article\" \/>\n<meta property=\"og:title\" content=\"Kovid-19 vaka say\u0131lar\u0131 y\u00fcksek \u00fclkelerden Gazze&#039;ye gelenlere zorunlu karantina uygulanacak - NETBAKIS\" \/>\n<meta property=\"og:description\" content=\"Gazze&#8217;de, yeni tip koronavir\u00fcse (Kovid-19) kar\u015f\u0131 \u00f6nlemler kapsam\u0131nda, baz\u0131 \u00fclkelerden gelenler i\u00e7in zorunlu karantina \u015fart\u0131 getirildi. \u0130\u00e7i\u015fleri Bakanl\u0131\u011f\u0131 S\u00f6zc\u00fcs\u00fc \u0130yad el-Bezm, &#8220;Gazze \u015eeridi&#8216;ne, vaka say\u0131lar\u0131 y\u00fcksek olan Hindistan ve Banglade\u015f gibi \u00fclkelerden giri\u015f yapanlara zorunlu karantina uygulanacak.&#8221; dedi. Per\u015fembe g\u00fcn\u00fc y\u00fcr\u00fcrl\u00fc\u011fe konulan ve ak\u015fam ezan\u0131 ile sabah namaz\u0131 aras\u0131nda tam kapanmay\u0131 \u00f6ng\u00f6ren uygulamay\u0131 hat\u0131rlatan Bezm,&nbsp;Kovid-19&#8216;la [&hellip;]\" \/>\n<meta property=\"og:url\" content=\"https:\/\/netbakis.net\/tr\/5216\/\" \/>\n<meta property=\"og:site_name\" content=\"NETBAKIS\" \/>\n<meta property=\"article:published_time\" content=\"2021-04-28T04:01:28+00:00\" \/>\n<meta property=\"article:modified_time\" content=\"2021-04-28T04:01:29+00:00\" \/>\n<meta property=\"og:image\" content=\"https:\/\/netbakis.net\/wp-content\/uploads\/2021\/04\/thumbs_b_c_582fbee18c6d5249d64f428ea86080dd.jpg\" \/>\n\t<meta property=\"og:image:width\" content=\"864\" \/>\n\t<meta property=\"og:image:height\" content=\"486\" \/>\n\t<meta property=\"og:image:type\" content=\"image\/jpeg\" \/>\n<meta name=\"author\" content=\"netbakis.net\" \/>\n<meta name=\"twitter:card\" content=\"summary_large_image\" \/>\n<meta name=\"twitter:label1\" content=\"Yazan:\" \/>\n\t<meta name=\"twitter:data1\" content=\"netbakis.net\" \/>\n\t<meta name=\"twitter:label2\" content=\"Tahmini okuma s\u00fcresi\" \/>\n\t<meta name=\"twitter:data2\" content=\"1 dakika\" \/>\n<script type=\"application\/ld+json\" class=\"yoast-schema-graph\">{\"@context\":\"https:\/\/schema.org\",\"@graph\":[{\"@type\":\"WebPage\",\"@id\":\"https:\/\/netbakis.net\/5216\/\",\"url\":\"https:\/\/netbakis.net\/5216\/\",\"name\":\"Kovid-19 vaka say\u0131lar\u0131 y\u00fcksek \u00fclkelerden Gazze'ye gelenlere zorunlu karantina uygulanacak - NETBAKIS\",\"isPartOf\":{\"@id\":\"https:\/\/netbakis.net\/#website\"},\"primaryImageOfPage\":{\"@id\":\"https:\/\/netbakis.net\/5216\/#primaryimage\"},\"image\":{\"@id\":\"https:\/\/netbakis.net\/5216\/#primaryimage\"},\"thumbnailUrl\":\"https:\/\/netbakis.net\/wp-content\/uploads\/2021\/04\/thumbs_b_c_582fbee18c6d5249d64f428ea86080dd.jpg\",\"datePublished\":\"2021-04-28T04:01:28+00:00\",\"dateModified\":\"2021-04-28T04:01:29+00:00\",\"author\":{\"@id\":\"https:\/\/netbakis.net\/#\/schema\/person\/5d9b5c3f48ca4a3c69967d619fc8c7f4\"},\"breadcrumb\":{\"@id\":\"https:\/\/netbakis.net\/5216\/#breadcrumb\"},\"inLanguage\":\"tr\",\"potentialAction\":[{\"@type\":\"ReadAction\",\"target\":[\"https:\/\/netbakis.net\/5216\/\"]}]},{\"@type\":\"ImageObject\",\"inLanguage\":\"tr\",\"@id\":\"https:\/\/netbakis.net\/5216\/#primaryimage\",\"url\":\"https:\/\/netbakis.net\/wp-content\/uploads\/2021\/04\/thumbs_b_c_582fbee18c6d5249d64f428ea86080dd.jpg\",\"contentUrl\":\"https:\/\/netbakis.net\/wp-content\/uploads\/2021\/04\/thumbs_b_c_582fbee18c6d5249d64f428ea86080dd.jpg\",\"width\":864,\"height\":486,\"caption\":\"Kovid-19\"},{\"@type\":\"BreadcrumbList\",\"@id\":\"https:\/\/netbakis.net\/5216\/#breadcrumb\",\"itemListElement\":[{\"@type\":\"ListItem\",\"position\":1,\"name\":\"Home\",\"item\":\"https:\/\/netbakis.net\/\"},{\"@type\":\"ListItem\",\"position\":2,\"name\":\"Kovid-19 vaka say\u0131lar\u0131 y\u00fcksek \u00fclkelerden Gazze&#8217;ye gelenlere zorunlu karantina uygulanacak\"}]},{\"@type\":\"WebSite\",\"@id\":\"https:\/\/netbakis.net\/#website\",\"url\":\"https:\/\/netbakis.net\/\",\"name\":\"NETBAKIS\",\"description\":\"SON DAKIKA\",\"potentialAction\":[{\"@type\":\"SearchAction\",\"target\":{\"@type\":\"EntryPoint\",\"urlTemplate\":\"https:\/\/netbakis.net\/?s={search_term_string}\"},\"query-input\":{\"@type\":\"PropertyValueSpecification\",\"valueRequired\":true,\"valueName\":\"search_term_string\"}}],\"inLanguage\":\"tr\"},{\"@type\":\"Person\",\"@id\":\"https:\/\/netbakis.net\/#\/schema\/person\/5d9b5c3f48ca4a3c69967d619fc8c7f4\",\"name\":\"netbakis.net\",\"image\":{\"@type\":\"ImageObject\",\"inLanguage\":\"tr\",\"@id\":\"https:\/\/netbakis.net\/#\/schema\/person\/image\/\",\"url\":\"https:\/\/secure.gravatar.com\/avatar\/4ddeae49d2d3e3568a8d5b0937642efdf0b72468dbe3f213bc1978faa47af0d1?s=96&d=wp_user_avatar&r=g\",\"contentUrl\":\"https:\/\/secure.gravatar.com\/avatar\/4ddeae49d2d3e3568a8d5b0937642efdf0b72468dbe3f213bc1978faa47af0d1?s=96&d=wp_user_avatar&r=g\",\"caption\":\"netbakis.net\"},\"sameAs\":[\"https:\/\/netbakis.net\"],\"url\":\"https:\/\/netbakis.net\/tr\/author\/netbakis-net\/\"}]}<\/script>\n<!-- \/ Yoast SEO plugin. -->","yoast_head_json":{"title":"Kovid-19 vaka say\u0131lar\u0131 y\u00fcksek \u00fclkelerden Gazze'ye gelenlere zorunlu karantina uygulanacak - NETBAKIS","robots":{"index":"index","follow":"follow","max-snippet":"max-snippet:-1","max-image-preview":"max-image-preview:large","max-video-preview":"max-video-preview:-1"},"canonical":"https:\/\/netbakis.net\/tr\/5216\/","og_locale":"tr_TR","og_type":"article","og_title":"Kovid-19 vaka say\u0131lar\u0131 y\u00fcksek \u00fclkelerden Gazze'ye gelenlere zorunlu karantina uygulanacak - NETBAKIS","og_description":"Gazze&#8217;de, yeni tip koronavir\u00fcse (Kovid-19) kar\u015f\u0131 \u00f6nlemler kapsam\u0131nda, baz\u0131 \u00fclkelerden gelenler i\u00e7in zorunlu karantina \u015fart\u0131 getirildi. \u0130\u00e7i\u015fleri Bakanl\u0131\u011f\u0131 S\u00f6zc\u00fcs\u00fc \u0130yad el-Bezm, &#8220;Gazze \u015eeridi&#8216;ne, vaka say\u0131lar\u0131 y\u00fcksek olan Hindistan ve Banglade\u015f gibi \u00fclkelerden giri\u015f yapanlara zorunlu karantina uygulanacak.&#8221; dedi. Per\u015fembe g\u00fcn\u00fc y\u00fcr\u00fcrl\u00fc\u011fe konulan ve ak\u015fam ezan\u0131 ile sabah namaz\u0131 aras\u0131nda tam kapanmay\u0131 \u00f6ng\u00f6ren uygulamay\u0131 hat\u0131rlatan Bezm,&nbsp;Kovid-19&#8216;la [&hellip;]","og_url":"https:\/\/netbakis.net\/tr\/5216\/","og_site_name":"NETBAKIS","article_published_time":"2021-04-28T04:01:28+00:00","article_modified_time":"2021-04-28T04:01:29+00:00","og_image":[{"width":864,"height":486,"url":"https:\/\/netbakis.net\/wp-content\/uploads\/2021\/04\/thumbs_b_c_582fbee18c6d5249d64f428ea86080dd.jpg","type":"image\/jpeg"}],"author":"netbakis.net","twitter_card":"summary_large_image","twitter_misc":{"Yazan:":"netbakis.net","Tahmini okuma s\u00fcresi":"1 dakika"},"schema":{"@context":"https:\/\/schema.org","@graph":[{"@type":"WebPage","@id":"https:\/\/netbakis.net\/5216\/","url":"https:\/\/netbakis.net\/5216\/","name":"Kovid-19 vaka say\u0131lar\u0131 y\u00fcksek \u00fclkelerden Gazze'ye gelenlere zorunlu karantina uygulanacak - NETBAKIS","isPartOf":{"@id":"https:\/\/netbakis.net\/#website"},"primaryImageOfPage":{"@id":"https:\/\/netbakis.net\/5216\/#primaryimage"},"image":{"@id":"https:\/\/netbakis.net\/5216\/#primaryimage"},"thumbnailUrl":"https:\/\/netbakis.net\/wp-content\/uploads\/2021\/04\/thumbs_b_c_582fbee18c6d5249d64f428ea86080dd.jpg","datePublished":"2021-04-28T04:01:28+00:00","dateModified":"2021-04-28T04:01:29+00:00","author":{"@id":"https:\/\/netbakis.net\/#\/schema\/person\/5d9b5c3f48ca4a3c69967d619fc8c7f4"},"breadcrumb":{"@id":"https:\/\/netbakis.net\/5216\/#breadcrumb"},"inLanguage":"tr","potentialAction":[{"@type":"ReadAction","target":["https:\/\/netbakis.net\/5216\/"]}]},{"@type":"ImageObject","inLanguage":"tr","@id":"https:\/\/netbakis.net\/5216\/#primaryimage","url":"https:\/\/netbakis.net\/wp-content\/uploads\/2021\/04\/thumbs_b_c_582fbee18c6d5249d64f428ea86080dd.jpg","contentUrl":"https:\/\/netbakis.net\/wp-content\/uploads\/2021\/04\/thumbs_b_c_582fbee18c6d5249d64f428ea86080dd.jpg","width":864,"height":486,"caption":"Kovid-19"},{"@type":"BreadcrumbList","@id":"https:\/\/netbakis.net\/5216\/#breadcrumb","itemListElement":[{"@type":"ListItem","position":1,"name":"Home","item":"https:\/\/netbakis.net\/"},{"@type":"ListItem","position":2,"name":"Kovid-19 vaka say\u0131lar\u0131 y\u00fcksek \u00fclkelerden Gazze&#8217;ye gelenlere zorunlu karantina uygulanacak"}]},{"@type":"WebSite","@id":"https:\/\/netbakis.net\/#website","url":"https:\/\/netbakis.net\/","name":"NETBAKIS","description":"SON DAKIKA","potentialAction":[{"@type":"SearchAction","target":{"@type":"EntryPoint","urlTemplate":"https:\/\/netbakis.net\/?s={search_term_string}"},"query-input":{"@type":"PropertyValueSpecification","valueRequired":true,"valueName":"search_term_string"}}],"inLanguage":"tr"},{"@type":"Person","@id":"https:\/\/netbakis.net\/#\/schema\/person\/5d9b5c3f48ca4a3c69967d619fc8c7f4","name":"netbakis.net","image":{"@type":"ImageObject","inLanguage":"tr","@id":"https:\/\/netbakis.net\/#\/schema\/person\/image\/","url":"https:\/\/secure.gravatar.com\/avatar\/4ddeae49d2d3e3568a8d5b0937642efdf0b72468dbe3f213bc1978faa47af0d1?s=96&d=wp_user_avatar&r=g","contentUrl":"https:\/\/secure.gravatar.com\/avatar\/4ddeae49d2d3e3568a8d5b0937642efdf0b72468dbe3f213bc1978faa47af0d1?s=96&d=wp_user_avatar&r=g","caption":"netbakis.net"},"sameAs":["https:\/\/netbakis.net"],"url":"https:\/\/netbakis.net\/tr\/author\/netbakis-net\/"}]}},"jetpack_publicize_connections":[],"_links":{"self":[{"href":"https:\/\/netbakis.net\/tr\/wp-json\/wp\/v2\/posts\/5216","targetHints":{"allow":["GET"]}}],"collection":[{"href":"https:\/\/netbakis.net\/tr\/wp-json\/wp\/v2\/posts"}],"about":[{"href":"https:\/\/netbakis.net\/tr\/wp-json\/wp\/v2\/types\/post"}],"author":[{"embeddable":true,"href":"https:\/\/netbakis.net\/tr\/wp-json\/wp\/v2\/users\/1"}],"replies":[{"embeddable":true,"href":"https:\/\/netbakis.net\/tr\/wp-json\/wp\/v2\/comments?post=5216"}],"version-history":[{"count":1,"href":"https:\/\/netbakis.net\/tr\/wp-json\/wp\/v2\/posts\/5216\/revisions"}],"predecessor-version":[{"id":5218,"href":"https:\/\/netbakis.net\/tr\/wp-json\/wp\/v2\/posts\/5216\/revisions\/5218"}],"wp:featuredmedia":[{"embeddable":true,"href":"https:\/\/netbakis.net\/tr\/wp-json\/wp\/v2\/media\/5217"}],"wp:attachment":[{"href":"https:\/\/netbakis.net\/tr\/wp-json\/wp\/v2\/media?parent=5216"}],"wp:term":[{"taxonomy":"category","embeddable":true,"href":"https:\/\/netbakis.net\/tr\/wp-json\/wp\/v2\/categories?post=5216"},{"taxonomy":"post_tag","embeddable":true,"href":"https:\/\/netbakis.net\/tr\/wp-json\/wp\/v2\/tags?post=5216"}],"curies":[{"name":"wp","href":"https:\/\/api.w.org\/{rel}","templated":true}]}}