{"id":5141,"date":"2021-04-26T15:38:38","date_gmt":"2021-04-26T15:38:38","guid":{"rendered":"https:\/\/netbakis.net\/?p=5141"},"modified":"2021-04-26T15:38:39","modified_gmt":"2021-04-26T15:38:39","slug":"zelenskiy-donbasin-cernobil-gibi-yasamin-olmadigi-bir-yasak-bolgeye-donusmesini-istemedigini-belirtti","status":"publish","type":"post","link":"https:\/\/netbakis.net\/tr\/5141\/","title":{"rendered":"Zelenskiy, Donbas&#8217;\u0131n \u00c7ernobil gibi ya\u015fam\u0131n olmad\u0131\u011f\u0131 bir &#8216;yasak b\u00f6lge&#8217;ye d\u00f6n\u00fc\u015fmesini istemedi\u011fini belirtti"},"content":{"rendered":"<p>Ukrayna Devlet Ba\u015fkan\u0131 Zelenskiy, Donbas&#8217;\u0131n \u00c7ernobil&#8217;deki trajedi gibi ya\u015fam\u0131n olmad\u0131\u011f\u0131 bir &#8220;yasak b\u00f6lge&#8221;ye d\u00f6n\u00fc\u015fmesini istemedi\u011fini ifade etti.<\/p>\n\n\n\n<p><strong>Ukrayna Devlet Ba\u015fkanl\u0131\u011f\u0131<\/strong>ndan yap\u0131lan a\u00e7\u0131klamaya g\u00f6re,<strong>&nbsp;Vladimir Zelenskiy,&nbsp;<\/strong>\u00c7ernobil facias\u0131n\u0131n 35. senesini anma etkinli\u011fine kat\u0131ld\u0131.<\/p>\n\n\n\n<p>Etkinlikte konu\u015fan Zelenskiy, gelecekte benzeri facialar\u0131n \u00f6nlenmesi i\u00e7in \u00c7ernobil&#8217;in tarihinin e\u011fitim ve bilim m\u00fcfredat\u0131na eklenmesi gerekti\u011fini belirtti.<\/p>\n\n\n\n<p>Facia ger\u00e7ekle\u015fti\u011fi zaman radyoaktif bulutun Ukrayna, Belarus, Rusya ve pek \u00e7ok \u00fclkeye ula\u015ft\u0131\u011f\u0131n\u0131 hat\u0131rlatan Zelenskiy, 600 bin ki\u015finin b\u00f6lgenin tasfiyesinde g\u00f6rev ald\u0131\u011f\u0131n\u0131 ve hayatlar\u0131 pahas\u0131na facian\u0131n b\u00fcy\u00fcmesini engellediklerine dikkati \u00e7ekti.<\/p>\n\n\n\n<p>Zelenskiy, \u00c7ernobil&#8217;deki trajedinin sonu\u00e7lar\u0131n\u0131n ortada oldu\u011funu ve ya\u015fam\u0131n olmad\u0131\u011f\u0131 &#8220;yasak b\u00f6lge&#8221; diye bir terim kulland\u0131klar\u0131n\u0131 belirterek, &#8220;Donbas&#8217;ta da ayn\u0131 trajedinin ya\u015fanmas\u0131n\u0131 istemiyorum. Donbas&#8217;\u0131n &#8216;yasak b\u00f6lge&#8217;ye d\u00f6n\u00fc\u015fmesini istemiyorum. Kimse zamanda geri gidip \u00c7ernobil facias\u0131n\u0131 engelleyemez ancak i\u015fgal alt\u0131ndaki Donbas&#8217;ta bu trajedinin olmas\u0131n\u0131 engellemek i\u00e7in elimizden geleni hala yapabiliriz.&#8221; de\u011ferlendirmelerinde bulundu.<\/p>","protected":false},"excerpt":{"rendered":"<p>Ukrayna Devlet Ba\u015fkan\u0131 Zelenskiy, Donbas&#8217;\u0131n \u00c7ernobil&#8217;deki trajedi gibi ya\u015fam\u0131n olmad\u0131\u011f\u0131 bir &#8220;yasak b\u00f6lge&#8221;ye d\u00f6n\u00fc\u015fmesini istemedi\u011fini ifade etti. Ukrayna Devlet Ba\u015fkanl\u0131\u011f\u0131ndan yap\u0131lan a\u00e7\u0131klamaya g\u00f6re,&nbsp;Vladimir Zelenskiy,&nbsp;\u00c7ernobil facias\u0131n\u0131n 35. senesini anma etkinli\u011fine kat\u0131ld\u0131. Etkinlikte konu\u015fan Zelenskiy, gelecekte benzeri facialar\u0131n \u00f6nlenmesi i\u00e7in \u00c7ernobil&#8217;in tarihinin e\u011fitim ve bilim m\u00fcfredat\u0131na eklenmesi gerekti\u011fini belirtti. Facia ger\u00e7ekle\u015fti\u011fi zaman radyoaktif bulutun Ukrayna, Belarus, Rusya [&hellip;]<\/p>","protected":false},"author":1,"featured_media":5142,"comment_status":"open","ping_status":"open","sticky":false,"template":"","format":"standard","meta":{"om_disable_all_campaigns":false,"_monsterinsights_skip_tracking":false,"_monsterinsights_sitenote_active":false,"_monsterinsights_sitenote_note":"","_monsterinsights_sitenote_category":0,"_uf_show_specific_survey":0,"_uf_disable_surveys":false,"footnotes":"","jetpack_publicize_message":"","jetpack_publicize_feature_enabled":true,"jetpack_social_post_already_shared":false,"jetpack_social_options":{"image_generator_settings":{"template":"highway","default_image_id":0,"font":"","enabled":false},"version":2}},"categories":[85],"tags":[141],"class_list":{"0":"post-5141","1":"post","2":"type-post","3":"status-publish","4":"format-standard","5":"has-post-thumbnail","7":"category-dunya","8":"tag-ukrayna-devlet-baskani-zelenskiy"},"yoast_head":"<!-- This site is optimized with the Yoast SEO plugin v23.8 - https:\/\/yoast.com\/wordpress\/plugins\/seo\/ -->\n<title>Zelenskiy, Donbas&#039;\u0131n \u00c7ernobil gibi ya\u015fam\u0131n olmad\u0131\u011f\u0131 bir &#039;yasak b\u00f6lge&#039;ye d\u00f6n\u00fc\u015fmesini istemedi\u011fini belirtti - NETBAKIS<\/title>\n<meta name=\"robots\" content=\"index, follow, max-snippet:-1, max-image-preview:large, max-video-preview:-1\" \/>\n<link rel=\"canonical\" href=\"https:\/\/netbakis.net\/tr\/5141\/\" \/>\n<meta property=\"og:locale\" content=\"tr_TR\" \/>\n<meta property=\"og:type\" content=\"article\" \/>\n<meta property=\"og:title\" content=\"Zelenskiy, Donbas&#039;\u0131n \u00c7ernobil gibi ya\u015fam\u0131n olmad\u0131\u011f\u0131 bir &#039;yasak b\u00f6lge&#039;ye d\u00f6n\u00fc\u015fmesini istemedi\u011fini belirtti - NETBAKIS\" \/>\n<meta property=\"og:description\" content=\"Ukrayna Devlet Ba\u015fkan\u0131 Zelenskiy, Donbas&#8217;\u0131n \u00c7ernobil&#8217;deki trajedi gibi ya\u015fam\u0131n olmad\u0131\u011f\u0131 bir &#8220;yasak b\u00f6lge&#8221;ye d\u00f6n\u00fc\u015fmesini istemedi\u011fini ifade etti. Ukrayna Devlet Ba\u015fkanl\u0131\u011f\u0131ndan yap\u0131lan a\u00e7\u0131klamaya g\u00f6re,&nbsp;Vladimir Zelenskiy,&nbsp;\u00c7ernobil facias\u0131n\u0131n 35. senesini anma etkinli\u011fine kat\u0131ld\u0131. Etkinlikte konu\u015fan Zelenskiy, gelecekte benzeri facialar\u0131n \u00f6nlenmesi i\u00e7in \u00c7ernobil&#8217;in tarihinin e\u011fitim ve bilim m\u00fcfredat\u0131na eklenmesi gerekti\u011fini belirtti. Facia ger\u00e7ekle\u015fti\u011fi zaman radyoaktif bulutun Ukrayna, Belarus, Rusya [&hellip;]\" \/>\n<meta property=\"og:url\" content=\"https:\/\/netbakis.net\/tr\/5141\/\" \/>\n<meta property=\"og:site_name\" content=\"NETBAKIS\" \/>\n<meta property=\"article:published_time\" content=\"2021-04-26T15:38:38+00:00\" \/>\n<meta property=\"article:modified_time\" content=\"2021-04-26T15:38:39+00:00\" \/>\n<meta property=\"og:image\" content=\"https:\/\/netbakis.net\/wp-content\/uploads\/2021\/04\/thumbs_b_c_5fbc33eb2dd1875d25b59bf2fd92a5a6.jpg\" \/>\n\t<meta property=\"og:image:width\" content=\"864\" \/>\n\t<meta property=\"og:image:height\" content=\"486\" \/>\n\t<meta property=\"og:image:type\" content=\"image\/jpeg\" \/>\n<meta name=\"author\" content=\"netbakis.net\" \/>\n<meta name=\"twitter:card\" content=\"summary_large_image\" \/>\n<meta name=\"twitter:label1\" content=\"Yazan:\" \/>\n\t<meta name=\"twitter:data1\" content=\"netbakis.net\" \/>\n\t<meta name=\"twitter:label2\" content=\"Tahmini okuma s\u00fcresi\" \/>\n\t<meta name=\"twitter:data2\" content=\"1 dakika\" \/>\n<script type=\"application\/ld+json\" class=\"yoast-schema-graph\">{\"@context\":\"https:\/\/schema.org\",\"@graph\":[{\"@type\":\"WebPage\",\"@id\":\"https:\/\/netbakis.net\/5141\/\",\"url\":\"https:\/\/netbakis.net\/5141\/\",\"name\":\"Zelenskiy, Donbas'\u0131n \u00c7ernobil gibi ya\u015fam\u0131n olmad\u0131\u011f\u0131 bir 'yasak b\u00f6lge'ye d\u00f6n\u00fc\u015fmesini istemedi\u011fini belirtti - NETBAKIS\",\"isPartOf\":{\"@id\":\"https:\/\/netbakis.net\/#website\"},\"primaryImageOfPage\":{\"@id\":\"https:\/\/netbakis.net\/5141\/#primaryimage\"},\"image\":{\"@id\":\"https:\/\/netbakis.net\/5141\/#primaryimage\"},\"thumbnailUrl\":\"https:\/\/netbakis.net\/wp-content\/uploads\/2021\/04\/thumbs_b_c_5fbc33eb2dd1875d25b59bf2fd92a5a6.jpg\",\"datePublished\":\"2021-04-26T15:38:38+00:00\",\"dateModified\":\"2021-04-26T15:38:39+00:00\",\"author\":{\"@id\":\"https:\/\/netbakis.net\/#\/schema\/person\/5d9b5c3f48ca4a3c69967d619fc8c7f4\"},\"breadcrumb\":{\"@id\":\"https:\/\/netbakis.net\/5141\/#breadcrumb\"},\"inLanguage\":\"tr\",\"potentialAction\":[{\"@type\":\"ReadAction\",\"target\":[\"https:\/\/netbakis.net\/5141\/\"]}]},{\"@type\":\"ImageObject\",\"inLanguage\":\"tr\",\"@id\":\"https:\/\/netbakis.net\/5141\/#primaryimage\",\"url\":\"https:\/\/netbakis.net\/wp-content\/uploads\/2021\/04\/thumbs_b_c_5fbc33eb2dd1875d25b59bf2fd92a5a6.jpg\",\"contentUrl\":\"https:\/\/netbakis.net\/wp-content\/uploads\/2021\/04\/thumbs_b_c_5fbc33eb2dd1875d25b59bf2fd92a5a6.jpg\",\"width\":864,\"height\":486,\"caption\":\"Ukrayna Devlet Ba\u015fkan\u0131 Zelenskiy\"},{\"@type\":\"BreadcrumbList\",\"@id\":\"https:\/\/netbakis.net\/5141\/#breadcrumb\",\"itemListElement\":[{\"@type\":\"ListItem\",\"position\":1,\"name\":\"Home\",\"item\":\"https:\/\/netbakis.net\/\"},{\"@type\":\"ListItem\",\"position\":2,\"name\":\"Zelenskiy, Donbas&#8217;\u0131n \u00c7ernobil gibi ya\u015fam\u0131n olmad\u0131\u011f\u0131 bir &#8216;yasak b\u00f6lge&#8217;ye d\u00f6n\u00fc\u015fmesini istemedi\u011fini belirtti\"}]},{\"@type\":\"WebSite\",\"@id\":\"https:\/\/netbakis.net\/#website\",\"url\":\"https:\/\/netbakis.net\/\",\"name\":\"NETBAKIS\",\"description\":\"SON DAKIKA\",\"potentialAction\":[{\"@type\":\"SearchAction\",\"target\":{\"@type\":\"EntryPoint\",\"urlTemplate\":\"https:\/\/netbakis.net\/?s={search_term_string}\"},\"query-input\":{\"@type\":\"PropertyValueSpecification\",\"valueRequired\":true,\"valueName\":\"search_term_string\"}}],\"inLanguage\":\"tr\"},{\"@type\":\"Person\",\"@id\":\"https:\/\/netbakis.net\/#\/schema\/person\/5d9b5c3f48ca4a3c69967d619fc8c7f4\",\"name\":\"netbakis.net\",\"image\":{\"@type\":\"ImageObject\",\"inLanguage\":\"tr\",\"@id\":\"https:\/\/netbakis.net\/#\/schema\/person\/image\/\",\"url\":\"https:\/\/secure.gravatar.com\/avatar\/4ddeae49d2d3e3568a8d5b0937642efdf0b72468dbe3f213bc1978faa47af0d1?s=96&d=wp_user_avatar&r=g\",\"contentUrl\":\"https:\/\/secure.gravatar.com\/avatar\/4ddeae49d2d3e3568a8d5b0937642efdf0b72468dbe3f213bc1978faa47af0d1?s=96&d=wp_user_avatar&r=g\",\"caption\":\"netbakis.net\"},\"sameAs\":[\"https:\/\/netbakis.net\"],\"url\":\"https:\/\/netbakis.net\/tr\/author\/netbakis-net\/\"}]}<\/script>\n<!-- \/ Yoast SEO plugin. -->","yoast_head_json":{"title":"Zelenskiy, Donbas'\u0131n \u00c7ernobil gibi ya\u015fam\u0131n olmad\u0131\u011f\u0131 bir 'yasak b\u00f6lge'ye d\u00f6n\u00fc\u015fmesini istemedi\u011fini belirtti - NETBAKIS","robots":{"index":"index","follow":"follow","max-snippet":"max-snippet:-1","max-image-preview":"max-image-preview:large","max-video-preview":"max-video-preview:-1"},"canonical":"https:\/\/netbakis.net\/tr\/5141\/","og_locale":"tr_TR","og_type":"article","og_title":"Zelenskiy, Donbas'\u0131n \u00c7ernobil gibi ya\u015fam\u0131n olmad\u0131\u011f\u0131 bir 'yasak b\u00f6lge'ye d\u00f6n\u00fc\u015fmesini istemedi\u011fini belirtti - NETBAKIS","og_description":"Ukrayna Devlet Ba\u015fkan\u0131 Zelenskiy, Donbas&#8217;\u0131n \u00c7ernobil&#8217;deki trajedi gibi ya\u015fam\u0131n olmad\u0131\u011f\u0131 bir &#8220;yasak b\u00f6lge&#8221;ye d\u00f6n\u00fc\u015fmesini istemedi\u011fini ifade etti. Ukrayna Devlet Ba\u015fkanl\u0131\u011f\u0131ndan yap\u0131lan a\u00e7\u0131klamaya g\u00f6re,&nbsp;Vladimir Zelenskiy,&nbsp;\u00c7ernobil facias\u0131n\u0131n 35. senesini anma etkinli\u011fine kat\u0131ld\u0131. Etkinlikte konu\u015fan Zelenskiy, gelecekte benzeri facialar\u0131n \u00f6nlenmesi i\u00e7in \u00c7ernobil&#8217;in tarihinin e\u011fitim ve bilim m\u00fcfredat\u0131na eklenmesi gerekti\u011fini belirtti. Facia ger\u00e7ekle\u015fti\u011fi zaman radyoaktif bulutun Ukrayna, Belarus, Rusya [&hellip;]","og_url":"https:\/\/netbakis.net\/tr\/5141\/","og_site_name":"NETBAKIS","article_published_time":"2021-04-26T15:38:38+00:00","article_modified_time":"2021-04-26T15:38:39+00:00","og_image":[{"width":864,"height":486,"url":"https:\/\/netbakis.net\/wp-content\/uploads\/2021\/04\/thumbs_b_c_5fbc33eb2dd1875d25b59bf2fd92a5a6.jpg","type":"image\/jpeg"}],"author":"netbakis.net","twitter_card":"summary_large_image","twitter_misc":{"Yazan:":"netbakis.net","Tahmini okuma s\u00fcresi":"1 dakika"},"schema":{"@context":"https:\/\/schema.org","@graph":[{"@type":"WebPage","@id":"https:\/\/netbakis.net\/5141\/","url":"https:\/\/netbakis.net\/5141\/","name":"Zelenskiy, Donbas'\u0131n \u00c7ernobil gibi ya\u015fam\u0131n olmad\u0131\u011f\u0131 bir 'yasak b\u00f6lge'ye d\u00f6n\u00fc\u015fmesini istemedi\u011fini belirtti - NETBAKIS","isPartOf":{"@id":"https:\/\/netbakis.net\/#website"},"primaryImageOfPage":{"@id":"https:\/\/netbakis.net\/5141\/#primaryimage"},"image":{"@id":"https:\/\/netbakis.net\/5141\/#primaryimage"},"thumbnailUrl":"https:\/\/netbakis.net\/wp-content\/uploads\/2021\/04\/thumbs_b_c_5fbc33eb2dd1875d25b59bf2fd92a5a6.jpg","datePublished":"2021-04-26T15:38:38+00:00","dateModified":"2021-04-26T15:38:39+00:00","author":{"@id":"https:\/\/netbakis.net\/#\/schema\/person\/5d9b5c3f48ca4a3c69967d619fc8c7f4"},"breadcrumb":{"@id":"https:\/\/netbakis.net\/5141\/#breadcrumb"},"inLanguage":"tr","potentialAction":[{"@type":"ReadAction","target":["https:\/\/netbakis.net\/5141\/"]}]},{"@type":"ImageObject","inLanguage":"tr","@id":"https:\/\/netbakis.net\/5141\/#primaryimage","url":"https:\/\/netbakis.net\/wp-content\/uploads\/2021\/04\/thumbs_b_c_5fbc33eb2dd1875d25b59bf2fd92a5a6.jpg","contentUrl":"https:\/\/netbakis.net\/wp-content\/uploads\/2021\/04\/thumbs_b_c_5fbc33eb2dd1875d25b59bf2fd92a5a6.jpg","width":864,"height":486,"caption":"Ukrayna Devlet Ba\u015fkan\u0131 Zelenskiy"},{"@type":"BreadcrumbList","@id":"https:\/\/netbakis.net\/5141\/#breadcrumb","itemListElement":[{"@type":"ListItem","position":1,"name":"Home","item":"https:\/\/netbakis.net\/"},{"@type":"ListItem","position":2,"name":"Zelenskiy, Donbas&#8217;\u0131n \u00c7ernobil gibi ya\u015fam\u0131n olmad\u0131\u011f\u0131 bir &#8216;yasak b\u00f6lge&#8217;ye d\u00f6n\u00fc\u015fmesini istemedi\u011fini belirtti"}]},{"@type":"WebSite","@id":"https:\/\/netbakis.net\/#website","url":"https:\/\/netbakis.net\/","name":"NETBAKIS","description":"SON DAKIKA","potentialAction":[{"@type":"SearchAction","target":{"@type":"EntryPoint","urlTemplate":"https:\/\/netbakis.net\/?s={search_term_string}"},"query-input":{"@type":"PropertyValueSpecification","valueRequired":true,"valueName":"search_term_string"}}],"inLanguage":"tr"},{"@type":"Person","@id":"https:\/\/netbakis.net\/#\/schema\/person\/5d9b5c3f48ca4a3c69967d619fc8c7f4","name":"netbakis.net","image":{"@type":"ImageObject","inLanguage":"tr","@id":"https:\/\/netbakis.net\/#\/schema\/person\/image\/","url":"https:\/\/secure.gravatar.com\/avatar\/4ddeae49d2d3e3568a8d5b0937642efdf0b72468dbe3f213bc1978faa47af0d1?s=96&d=wp_user_avatar&r=g","contentUrl":"https:\/\/secure.gravatar.com\/avatar\/4ddeae49d2d3e3568a8d5b0937642efdf0b72468dbe3f213bc1978faa47af0d1?s=96&d=wp_user_avatar&r=g","caption":"netbakis.net"},"sameAs":["https:\/\/netbakis.net"],"url":"https:\/\/netbakis.net\/tr\/author\/netbakis-net\/"}]}},"jetpack_publicize_connections":[],"_links":{"self":[{"href":"https:\/\/netbakis.net\/tr\/wp-json\/wp\/v2\/posts\/5141","targetHints":{"allow":["GET"]}}],"collection":[{"href":"https:\/\/netbakis.net\/tr\/wp-json\/wp\/v2\/posts"}],"about":[{"href":"https:\/\/netbakis.net\/tr\/wp-json\/wp\/v2\/types\/post"}],"author":[{"embeddable":true,"href":"https:\/\/netbakis.net\/tr\/wp-json\/wp\/v2\/users\/1"}],"replies":[{"embeddable":true,"href":"https:\/\/netbakis.net\/tr\/wp-json\/wp\/v2\/comments?post=5141"}],"version-history":[{"count":1,"href":"https:\/\/netbakis.net\/tr\/wp-json\/wp\/v2\/posts\/5141\/revisions"}],"predecessor-version":[{"id":5143,"href":"https:\/\/netbakis.net\/tr\/wp-json\/wp\/v2\/posts\/5141\/revisions\/5143"}],"wp:featuredmedia":[{"embeddable":true,"href":"https:\/\/netbakis.net\/tr\/wp-json\/wp\/v2\/media\/5142"}],"wp:attachment":[{"href":"https:\/\/netbakis.net\/tr\/wp-json\/wp\/v2\/media?parent=5141"}],"wp:term":[{"taxonomy":"category","embeddable":true,"href":"https:\/\/netbakis.net\/tr\/wp-json\/wp\/v2\/categories?post=5141"},{"taxonomy":"post_tag","embeddable":true,"href":"https:\/\/netbakis.net\/tr\/wp-json\/wp\/v2\/tags?post=5141"}],"curies":[{"name":"wp","href":"https:\/\/api.w.org\/{rel}","templated":true}]}}