{"id":5072,"date":"2021-04-24T13:13:33","date_gmt":"2021-04-24T13:13:33","guid":{"rendered":"https:\/\/netbakis.net\/?p=5072"},"modified":"2021-04-24T13:13:34","modified_gmt":"2021-04-24T13:13:34","slug":"anastasiadis-tatara-taziyelerini-iletti","status":"publish","type":"post","link":"https:\/\/netbakis.net\/tr\/5072\/","title":{"rendered":"Anastasiadis, Tatar&#8217;a taziyelerini iletti"},"content":{"rendered":"<p>K\u0131br\u0131sl\u0131 Rum lider Nikos Anastasiadis, babas\u0131n\u0131 kaybeden K\u0131br\u0131sl\u0131 T\u00fcrk lider Ersin Tatar\u2019\u0131 arayarak taziyelerini iletti. Kaynak: Anastasiadis, Tatar&#8217;a taziyelerini iletti<\/p>\n\n\n\n<p>K\u0131br\u0131sl\u0131 Rum lider Nikos Anastasiadis, babas\u0131n\u0131 kaybeden K\u0131br\u0131sl\u0131 T\u00fcrk lider Ersin Tatar\u2019\u0131 arayarak taziyelerini iletti.G\u00fcneydeki haber kaynaklar\u0131na g\u00f6re, H\u00fck\u00fcmet S\u00f6zc\u00fcs\u00fc Kiriakos Kusios, yaz\u0131l\u0131 a\u00e7\u0131klama yaparak Anastasiadis\u2019in bug\u00fcn Tatar\u2019\u0131 arad\u0131\u011f\u0131n\u0131 ve ba\u015fsa\u011fl\u0131\u011f\u0131 diledi\u011fini kaydetti.Kusios, Anastasiadis ile Tatar\u2019\u0131n Cenevre\u2019deki gayr\u0131 resmi konferans \u00e7er\u00e7evesinde ba\u015f ba\u015fa g\u00f6r\u00fc\u015fme yapma konusunda anla\u015ft\u0131klar\u0131n\u0131 da belirtti. Kaynak: Anastasiadis, Tatar&#8217;a taziyelerini iletti<\/p>","protected":false},"excerpt":{"rendered":"<p>K\u0131br\u0131sl\u0131 Rum lider Nikos Anastasiadis, babas\u0131n\u0131 kaybeden K\u0131br\u0131sl\u0131 T\u00fcrk lider Ersin Tatar\u2019\u0131 arayarak taziyelerini iletti. Kaynak: Anastasiadis, Tatar&#8217;a taziyelerini iletti K\u0131br\u0131sl\u0131 Rum lider Nikos Anastasiadis, babas\u0131n\u0131 kaybeden K\u0131br\u0131sl\u0131 T\u00fcrk lider Ersin Tatar\u2019\u0131 arayarak taziyelerini iletti.G\u00fcneydeki haber kaynaklar\u0131na g\u00f6re, H\u00fck\u00fcmet S\u00f6zc\u00fcs\u00fc Kiriakos Kusios, yaz\u0131l\u0131 a\u00e7\u0131klama yaparak Anastasiadis\u2019in bug\u00fcn Tatar\u2019\u0131 arad\u0131\u011f\u0131n\u0131 ve ba\u015fsa\u011fl\u0131\u011f\u0131 diledi\u011fini kaydetti.Kusios, Anastasiadis ile [&hellip;]<\/p>","protected":false},"author":1,"featured_media":5073,"comment_status":"open","ping_status":"open","sticky":false,"template":"","format":"standard","meta":{"om_disable_all_campaigns":false,"_monsterinsights_skip_tracking":false,"_monsterinsights_sitenote_active":false,"_monsterinsights_sitenote_note":"","_monsterinsights_sitenote_category":0,"_uf_show_specific_survey":0,"_uf_disable_surveys":false,"footnotes":"","jetpack_publicize_message":"","jetpack_publicize_feature_enabled":true,"jetpack_social_post_already_shared":false,"jetpack_social_options":{"image_generator_settings":{"template":"highway","default_image_id":0,"font":"","enabled":false},"version":2}},"categories":[85],"tags":[105],"class_list":{"0":"post-5072","1":"post","2":"type-post","3":"status-publish","4":"format-standard","5":"has-post-thumbnail","7":"category-dunya","8":"tag-anastasiadis"},"yoast_head":"<!-- This site is optimized with the Yoast SEO plugin v23.8 - https:\/\/yoast.com\/wordpress\/plugins\/seo\/ -->\n<title>Anastasiadis, Tatar&#039;a taziyelerini iletti - NETBAKIS<\/title>\n<meta name=\"robots\" content=\"index, follow, max-snippet:-1, max-image-preview:large, max-video-preview:-1\" \/>\n<link rel=\"canonical\" href=\"https:\/\/netbakis.net\/tr\/5072\/\" \/>\n<meta property=\"og:locale\" content=\"tr_TR\" \/>\n<meta property=\"og:type\" content=\"article\" \/>\n<meta property=\"og:title\" content=\"Anastasiadis, Tatar&#039;a taziyelerini iletti - NETBAKIS\" \/>\n<meta property=\"og:description\" content=\"K\u0131br\u0131sl\u0131 Rum lider Nikos Anastasiadis, babas\u0131n\u0131 kaybeden K\u0131br\u0131sl\u0131 T\u00fcrk lider Ersin Tatar\u2019\u0131 arayarak taziyelerini iletti. Kaynak: Anastasiadis, Tatar&#8217;a taziyelerini iletti K\u0131br\u0131sl\u0131 Rum lider Nikos Anastasiadis, babas\u0131n\u0131 kaybeden K\u0131br\u0131sl\u0131 T\u00fcrk lider Ersin Tatar\u2019\u0131 arayarak taziyelerini iletti.G\u00fcneydeki haber kaynaklar\u0131na g\u00f6re, H\u00fck\u00fcmet S\u00f6zc\u00fcs\u00fc Kiriakos Kusios, yaz\u0131l\u0131 a\u00e7\u0131klama yaparak Anastasiadis\u2019in bug\u00fcn Tatar\u2019\u0131 arad\u0131\u011f\u0131n\u0131 ve ba\u015fsa\u011fl\u0131\u011f\u0131 diledi\u011fini kaydetti.Kusios, Anastasiadis ile [&hellip;]\" \/>\n<meta property=\"og:url\" content=\"https:\/\/netbakis.net\/tr\/5072\/\" \/>\n<meta property=\"og:site_name\" content=\"NETBAKIS\" \/>\n<meta property=\"article:published_time\" content=\"2021-04-24T13:13:33+00:00\" \/>\n<meta property=\"article:modified_time\" content=\"2021-04-24T13:13:34+00:00\" \/>\n<meta property=\"og:image\" content=\"https:\/\/netbakis.net\/wp-content\/uploads\/2021\/04\/Anastasiadis-meets-with-the-UN-special-envoy-for-the-Cyprus.jpg\" \/>\n\t<meta property=\"og:image:width\" content=\"868\" \/>\n\t<meta property=\"og:image:height\" content=\"538\" \/>\n\t<meta property=\"og:image:type\" content=\"image\/jpeg\" \/>\n<meta name=\"author\" content=\"netbakis.net\" \/>\n<meta name=\"twitter:card\" content=\"summary_large_image\" \/>\n<meta name=\"twitter:label1\" content=\"Yazan:\" \/>\n\t<meta name=\"twitter:data1\" content=\"netbakis.net\" \/>\n\t<meta name=\"twitter:label2\" content=\"Tahmini okuma s\u00fcresi\" \/>\n\t<meta name=\"twitter:data2\" content=\"1 dakika\" \/>\n<script type=\"application\/ld+json\" class=\"yoast-schema-graph\">{\"@context\":\"https:\/\/schema.org\",\"@graph\":[{\"@type\":\"WebPage\",\"@id\":\"https:\/\/netbakis.net\/5072\/\",\"url\":\"https:\/\/netbakis.net\/5072\/\",\"name\":\"Anastasiadis, Tatar'a taziyelerini iletti - NETBAKIS\",\"isPartOf\":{\"@id\":\"https:\/\/netbakis.net\/#website\"},\"primaryImageOfPage\":{\"@id\":\"https:\/\/netbakis.net\/5072\/#primaryimage\"},\"image\":{\"@id\":\"https:\/\/netbakis.net\/5072\/#primaryimage\"},\"thumbnailUrl\":\"https:\/\/netbakis.net\/wp-content\/uploads\/2021\/04\/Anastasiadis-meets-with-the-UN-special-envoy-for-the-Cyprus.jpg\",\"datePublished\":\"2021-04-24T13:13:33+00:00\",\"dateModified\":\"2021-04-24T13:13:34+00:00\",\"author\":{\"@id\":\"https:\/\/netbakis.net\/#\/schema\/person\/5d9b5c3f48ca4a3c69967d619fc8c7f4\"},\"breadcrumb\":{\"@id\":\"https:\/\/netbakis.net\/5072\/#breadcrumb\"},\"inLanguage\":\"tr\",\"potentialAction\":[{\"@type\":\"ReadAction\",\"target\":[\"https:\/\/netbakis.net\/5072\/\"]}]},{\"@type\":\"ImageObject\",\"inLanguage\":\"tr\",\"@id\":\"https:\/\/netbakis.net\/5072\/#primaryimage\",\"url\":\"https:\/\/netbakis.net\/wp-content\/uploads\/2021\/04\/Anastasiadis-meets-with-the-UN-special-envoy-for-the-Cyprus.jpg\",\"contentUrl\":\"https:\/\/netbakis.net\/wp-content\/uploads\/2021\/04\/Anastasiadis-meets-with-the-UN-special-envoy-for-the-Cyprus.jpg\",\"width\":868,\"height\":538,\"caption\":\"Anastasiadis\"},{\"@type\":\"BreadcrumbList\",\"@id\":\"https:\/\/netbakis.net\/5072\/#breadcrumb\",\"itemListElement\":[{\"@type\":\"ListItem\",\"position\":1,\"name\":\"Home\",\"item\":\"https:\/\/netbakis.net\/\"},{\"@type\":\"ListItem\",\"position\":2,\"name\":\"Anastasiadis, Tatar&#8217;a taziyelerini iletti\"}]},{\"@type\":\"WebSite\",\"@id\":\"https:\/\/netbakis.net\/#website\",\"url\":\"https:\/\/netbakis.net\/\",\"name\":\"NETBAKIS\",\"description\":\"SON DAKIKA\",\"potentialAction\":[{\"@type\":\"SearchAction\",\"target\":{\"@type\":\"EntryPoint\",\"urlTemplate\":\"https:\/\/netbakis.net\/?s={search_term_string}\"},\"query-input\":{\"@type\":\"PropertyValueSpecification\",\"valueRequired\":true,\"valueName\":\"search_term_string\"}}],\"inLanguage\":\"tr\"},{\"@type\":\"Person\",\"@id\":\"https:\/\/netbakis.net\/#\/schema\/person\/5d9b5c3f48ca4a3c69967d619fc8c7f4\",\"name\":\"netbakis.net\",\"image\":{\"@type\":\"ImageObject\",\"inLanguage\":\"tr\",\"@id\":\"https:\/\/netbakis.net\/#\/schema\/person\/image\/\",\"url\":\"https:\/\/secure.gravatar.com\/avatar\/4ddeae49d2d3e3568a8d5b0937642efdf0b72468dbe3f213bc1978faa47af0d1?s=96&d=wp_user_avatar&r=g\",\"contentUrl\":\"https:\/\/secure.gravatar.com\/avatar\/4ddeae49d2d3e3568a8d5b0937642efdf0b72468dbe3f213bc1978faa47af0d1?s=96&d=wp_user_avatar&r=g\",\"caption\":\"netbakis.net\"},\"sameAs\":[\"https:\/\/netbakis.net\"],\"url\":\"https:\/\/netbakis.net\/tr\/author\/netbakis-net\/\"}]}<\/script>\n<!-- \/ Yoast SEO plugin. -->","yoast_head_json":{"title":"Anastasiadis, Tatar'a taziyelerini iletti - NETBAKIS","robots":{"index":"index","follow":"follow","max-snippet":"max-snippet:-1","max-image-preview":"max-image-preview:large","max-video-preview":"max-video-preview:-1"},"canonical":"https:\/\/netbakis.net\/tr\/5072\/","og_locale":"tr_TR","og_type":"article","og_title":"Anastasiadis, Tatar'a taziyelerini iletti - NETBAKIS","og_description":"K\u0131br\u0131sl\u0131 Rum lider Nikos Anastasiadis, babas\u0131n\u0131 kaybeden K\u0131br\u0131sl\u0131 T\u00fcrk lider Ersin Tatar\u2019\u0131 arayarak taziyelerini iletti. Kaynak: Anastasiadis, Tatar&#8217;a taziyelerini iletti K\u0131br\u0131sl\u0131 Rum lider Nikos Anastasiadis, babas\u0131n\u0131 kaybeden K\u0131br\u0131sl\u0131 T\u00fcrk lider Ersin Tatar\u2019\u0131 arayarak taziyelerini iletti.G\u00fcneydeki haber kaynaklar\u0131na g\u00f6re, H\u00fck\u00fcmet S\u00f6zc\u00fcs\u00fc Kiriakos Kusios, yaz\u0131l\u0131 a\u00e7\u0131klama yaparak Anastasiadis\u2019in bug\u00fcn Tatar\u2019\u0131 arad\u0131\u011f\u0131n\u0131 ve ba\u015fsa\u011fl\u0131\u011f\u0131 diledi\u011fini kaydetti.Kusios, Anastasiadis ile [&hellip;]","og_url":"https:\/\/netbakis.net\/tr\/5072\/","og_site_name":"NETBAKIS","article_published_time":"2021-04-24T13:13:33+00:00","article_modified_time":"2021-04-24T13:13:34+00:00","og_image":[{"width":868,"height":538,"url":"https:\/\/netbakis.net\/wp-content\/uploads\/2021\/04\/Anastasiadis-meets-with-the-UN-special-envoy-for-the-Cyprus.jpg","type":"image\/jpeg"}],"author":"netbakis.net","twitter_card":"summary_large_image","twitter_misc":{"Yazan:":"netbakis.net","Tahmini okuma s\u00fcresi":"1 dakika"},"schema":{"@context":"https:\/\/schema.org","@graph":[{"@type":"WebPage","@id":"https:\/\/netbakis.net\/5072\/","url":"https:\/\/netbakis.net\/5072\/","name":"Anastasiadis, Tatar'a taziyelerini iletti - NETBAKIS","isPartOf":{"@id":"https:\/\/netbakis.net\/#website"},"primaryImageOfPage":{"@id":"https:\/\/netbakis.net\/5072\/#primaryimage"},"image":{"@id":"https:\/\/netbakis.net\/5072\/#primaryimage"},"thumbnailUrl":"https:\/\/netbakis.net\/wp-content\/uploads\/2021\/04\/Anastasiadis-meets-with-the-UN-special-envoy-for-the-Cyprus.jpg","datePublished":"2021-04-24T13:13:33+00:00","dateModified":"2021-04-24T13:13:34+00:00","author":{"@id":"https:\/\/netbakis.net\/#\/schema\/person\/5d9b5c3f48ca4a3c69967d619fc8c7f4"},"breadcrumb":{"@id":"https:\/\/netbakis.net\/5072\/#breadcrumb"},"inLanguage":"tr","potentialAction":[{"@type":"ReadAction","target":["https:\/\/netbakis.net\/5072\/"]}]},{"@type":"ImageObject","inLanguage":"tr","@id":"https:\/\/netbakis.net\/5072\/#primaryimage","url":"https:\/\/netbakis.net\/wp-content\/uploads\/2021\/04\/Anastasiadis-meets-with-the-UN-special-envoy-for-the-Cyprus.jpg","contentUrl":"https:\/\/netbakis.net\/wp-content\/uploads\/2021\/04\/Anastasiadis-meets-with-the-UN-special-envoy-for-the-Cyprus.jpg","width":868,"height":538,"caption":"Anastasiadis"},{"@type":"BreadcrumbList","@id":"https:\/\/netbakis.net\/5072\/#breadcrumb","itemListElement":[{"@type":"ListItem","position":1,"name":"Home","item":"https:\/\/netbakis.net\/"},{"@type":"ListItem","position":2,"name":"Anastasiadis, Tatar&#8217;a taziyelerini iletti"}]},{"@type":"WebSite","@id":"https:\/\/netbakis.net\/#website","url":"https:\/\/netbakis.net\/","name":"NETBAKIS","description":"SON DAKIKA","potentialAction":[{"@type":"SearchAction","target":{"@type":"EntryPoint","urlTemplate":"https:\/\/netbakis.net\/?s={search_term_string}"},"query-input":{"@type":"PropertyValueSpecification","valueRequired":true,"valueName":"search_term_string"}}],"inLanguage":"tr"},{"@type":"Person","@id":"https:\/\/netbakis.net\/#\/schema\/person\/5d9b5c3f48ca4a3c69967d619fc8c7f4","name":"netbakis.net","image":{"@type":"ImageObject","inLanguage":"tr","@id":"https:\/\/netbakis.net\/#\/schema\/person\/image\/","url":"https:\/\/secure.gravatar.com\/avatar\/4ddeae49d2d3e3568a8d5b0937642efdf0b72468dbe3f213bc1978faa47af0d1?s=96&d=wp_user_avatar&r=g","contentUrl":"https:\/\/secure.gravatar.com\/avatar\/4ddeae49d2d3e3568a8d5b0937642efdf0b72468dbe3f213bc1978faa47af0d1?s=96&d=wp_user_avatar&r=g","caption":"netbakis.net"},"sameAs":["https:\/\/netbakis.net"],"url":"https:\/\/netbakis.net\/tr\/author\/netbakis-net\/"}]}},"jetpack_publicize_connections":[],"_links":{"self":[{"href":"https:\/\/netbakis.net\/tr\/wp-json\/wp\/v2\/posts\/5072","targetHints":{"allow":["GET"]}}],"collection":[{"href":"https:\/\/netbakis.net\/tr\/wp-json\/wp\/v2\/posts"}],"about":[{"href":"https:\/\/netbakis.net\/tr\/wp-json\/wp\/v2\/types\/post"}],"author":[{"embeddable":true,"href":"https:\/\/netbakis.net\/tr\/wp-json\/wp\/v2\/users\/1"}],"replies":[{"embeddable":true,"href":"https:\/\/netbakis.net\/tr\/wp-json\/wp\/v2\/comments?post=5072"}],"version-history":[{"count":1,"href":"https:\/\/netbakis.net\/tr\/wp-json\/wp\/v2\/posts\/5072\/revisions"}],"predecessor-version":[{"id":5074,"href":"https:\/\/netbakis.net\/tr\/wp-json\/wp\/v2\/posts\/5072\/revisions\/5074"}],"wp:featuredmedia":[{"embeddable":true,"href":"https:\/\/netbakis.net\/tr\/wp-json\/wp\/v2\/media\/5073"}],"wp:attachment":[{"href":"https:\/\/netbakis.net\/tr\/wp-json\/wp\/v2\/media?parent=5072"}],"wp:term":[{"taxonomy":"category","embeddable":true,"href":"https:\/\/netbakis.net\/tr\/wp-json\/wp\/v2\/categories?post=5072"},{"taxonomy":"post_tag","embeddable":true,"href":"https:\/\/netbakis.net\/tr\/wp-json\/wp\/v2\/tags?post=5072"}],"curies":[{"name":"wp","href":"https:\/\/api.w.org\/{rel}","templated":true}]}}