{"id":5066,"date":"2021-04-24T13:10:29","date_gmt":"2021-04-24T13:10:29","guid":{"rendered":"https:\/\/netbakis.net\/?p=5066"},"modified":"2021-04-24T13:10:30","modified_gmt":"2021-04-24T13:10:30","slug":"federal-bir-cozum-icin-guclerimizi-birlestiriyoruz","status":"publish","type":"post","link":"https:\/\/netbakis.net\/tr\/5066\/","title":{"rendered":"\u201cFederal bir \u00e7\u00f6z\u00fcm i\u00e7in g\u00fc\u00e7lerimizi birle\u015ftiriyoruz\u201d"},"content":{"rendered":"<p>K\u0131br\u0131s i\u00e7in ger\u00e7ekle\u015ftirilecek olan gayri resmi 5 + BM toplant\u0131s\u0131na haz\u0131rlan\u0131rken, siyasi partilerimiz ve gruplar\u0131m\u0131z \u00fclkemizin yeniden birle\u015fmesi i\u00e7in g\u00fc\u00e7lerini birle\u015ftiriyorlar. Kaynak: \u201cFederal bir \u00e7\u00f6z\u00fcm i\u00e7in g\u00fc\u00e7lerimizi birle\u015ftiriyoruz\u201d<\/p>\n\n\n\n<p>Baz\u0131 K\u0131br\u0131sl\u0131 T\u00fcrk ve Rum siyasi parti ve gruplar\u0131, yapt\u0131klar\u0131 ortak yaz\u0131l\u0131 a\u00e7\u0131klamada, federal bir \u00e7\u00f6z\u00fcm i\u00e7in g\u00fc\u00e7lerini birle\u015ftirdiklerini a\u00e7\u0131klad\u0131.<\/p>\n\n\n\n<p>Kuzeyden CTP, TDP, BKP, YKP ve Sol Hareket ile g\u00fcneyden de AKEL, \u0130\u015f\u00e7i Demokrasisi, Sol Kanat, OPEK imzas\u0131yla yap\u0131lan a\u00e7\u0131klamada, K\u0131br\u0131s i\u00e7in ger\u00e7ekle\u015ftirilecek olan gayri resmi 5+BM toplant\u0131s\u0131na haz\u0131rlan\u0131rken, siyasi partiler ve gruplar\u0131n \u00fclkenin yeniden birle\u015fmesi i\u00e7in g\u00fc\u00e7lerini birle\u015ftirdi\u011fine i\u015faret edilerek, bu ba\u011flamda, Cenevre&#8217;de yap\u0131lacak gayri resmi 5+BM toplant\u0131s\u0131 \u00f6ncesinde liderlerin atmalar\u0131 gereken acil siyasi ad\u0131mlar i\u00e7in seslerini y\u00fckselttikleri kaydedildi.<\/p>\n\n\n\n<p>K\u0131br\u0131sl\u0131 Rum ve K\u0131br\u0131sl\u0131 T\u00fcrk siyasi parti ve gruplar\u0131n ortak a\u00e7\u0131klamas\u0131:<\/p>\n\n\n\n<p>K\u0131br\u0131s i\u00e7in ger\u00e7ekle\u015ftirilecek olan gayri resmi 5 + BM toplant\u0131s\u0131na haz\u0131rlan\u0131rken, siyasi partilerimiz ve gruplar\u0131m\u0131z \u00fclkemizin yeniden birle\u015fmesi i\u00e7in g\u00fc\u00e7lerini birle\u015ftiriyorlar. Bu ba\u011flamda, Cenevre&#8217;de yap\u0131lacak gayri resmi 5+BM toplant\u0131s\u0131 \u00f6ncesinde liderlerin atmalar\u0131 gereken acil siyasi ad\u0131mlar i\u00e7in sesimizi y\u00fckseltiyoruz. Ayn\u0131 zamanda, vizyonumuzu kucaklamalar\u0131 y\u00f6n\u00fcnde daha fazla K\u0131br\u0131sl\u0131ya ilham vermek i\u00e7in toplum i\u00e7erisinde daha yo\u011fun \u00e7al\u0131\u015faca\u011f\u0131m\u0131z\u0131 taahh\u00fct ederiz.Cenevre toplant\u0131s\u0131 \u00f6ncesinde, iki liderin ve ilgili t\u00fcm taraflar\u0131n, \u00fclkemizin yeniden birle\u015fmesi nihai amac\u0131na y\u00f6nelik bir vizyon ve ba\u011fl\u0131l\u0131kla yap\u0131c\u0131 bir diyalo\u011fa girmeleri gerekti\u011fine olan inanc\u0131m\u0131z tamd\u0131r. Buna ek olarak, taraflar K\u0131br\u0131s sorununun \u00fczerinde anla\u015fmaya var\u0131lm\u0131\u015f olan zeminde kapsaml\u0131 \u00e7\u00f6z\u00fcm\u00fc i\u00e7in resmi m\u00fczakereleri m\u00fcmk\u00fcn olan en h\u0131zl\u0131 bir bi\u00e7imde yeniden ba\u015flatma hedefiyle samimi bir diyalo\u011fa girmelidirler. M\u00fczakereler anlaml\u0131 ve aciliyet duygusu i\u00e7erisinde sonu\u00e7 odakl\u0131 olmal\u0131d\u0131r.<\/p>\n\n\n\n<p>25 Kas\u0131m 2019&#8217;da Berlin&#8217;deki gayri resmi toplant\u0131dan sonra yap\u0131lan BM a\u00e7\u0131klamas\u0131nda belirtildi\u011fi gibi, her iki taraf\u0131n vard\u0131\u011f\u0131 yak\u0131nla\u015fmalara, iki liderin 11 \u015eubat 2014 tarihli Ortak A\u00e7\u0131klamas\u0131\u2019na ve 30 Haziran 2017 tarihli Guterres \u00c7er\u00e7evesi\u2019ne ger\u00e7ek anlamda ba\u011fl\u0131 kal\u0131nmas\u0131 ko\u015fuluyla bu hedefe ula\u015f\u0131labilir. Halihaz\u0131rda \u00fczerinde anla\u015fmaya var\u0131lm\u0131\u015f olan konular\u0131n yeniden a\u00e7\u0131lmas\u0131 sadece diyalo\u011fu karma\u015f\u0131kla\u015ft\u0131racak ve geciktirecektir.<\/p>\n\n\n\n<p>Nihai hedef, BM\u2019nin ilgili t\u00fcm kararlar\u0131 ve parametrelerine ba\u011fl\u0131 kalarak, siyasi e\u015fitli\u011fin olaca\u011f\u0131 iki b\u00f6lgeli ve iki toplumlu bir federal \u00e7\u00f6z\u00fcm i\u00e7in stratejik bir siyasi anla\u015fmaya var\u0131lmas\u0131 olmal\u0131d\u0131r.<\/p>\n\n\n\n<p>Birle\u015fmi\u015f Milletler Genel Sekreteri&#8217;nin stat\u00fckonun dura\u011fan olmad\u0131\u011f\u0131 ve s\u00fcrd\u00fcr\u00fclmesinin K\u0131br\u0131s&#8217;ta kal\u0131c\u0131 bar\u0131\u015f, g\u00fcvenlik ve refah\u0131n sa\u011flanmas\u0131na zarar veren kavramsal etkilerinin artmas\u0131na yol a\u00e7t\u0131\u011f\u0131 de\u011ferlendirmesini payla\u015f\u0131yoruz. K\u0131br\u0131s sorununun kapsaml\u0131 \u00e7\u00f6z\u00fcm\u00fcn\u00fcn istikrar ve g\u00fcvenlik a\u00e7\u0131s\u0131ndan t\u00fcm b\u00f6lgenin de yarar\u0131na olaca\u011f\u0131na inan\u0131yoruz.<\/p>\n\n\n\n<p>Bu vesileyle, liderlere birlikte gerekli \u00f6nlemleri almalar\u0131 ve ge\u00e7i\u015f noktalar\u0131nda ilgili sa\u011fl\u0131k tedbirlerini alarak ge\u00e7i\u015fleri normalle\u015ftirmeleri \u00e7a\u011fr\u0131m\u0131z\u0131 tekrarl\u0131yoruz. Bu y\u00f6nde iki taraf, pandemiyle ilgili t\u00fcm ortak zorluklara i\u015fbirli\u011fi ve dayan\u0131\u015fma \u00e7er\u00e7evesinde kar\u015f\u0131 koymak i\u00e7in daha fazla \u00e7al\u0131\u015fmal\u0131d\u0131r.<\/p>\n\n\n\n<p>Partilerimiz ve gruplar\u0131m\u0131z, her iki toplumda da federal \u00e7\u00f6z\u00fcme haz\u0131rl\u0131\u011f\u0131 hedefleyen t\u00fcm \u00e7abalar\u0131 desteklemeye ba\u011fl\u0131 kalmaya devam etmektedirler. Bu y\u00f6nde, halk\u0131m\u0131z\u0131 ve sivil toplumu Adan\u0131n yeniden birle\u015fmesi ihtiyac\u0131n\u0131 vurgulamak hedefiyle bug\u00fcn Lefko\u015fa&#8217;n\u0131n merkezinde yap\u0131lacak ortak eyleme kat\u0131larak destek vermeye \u00e7a\u011f\u0131r\u0131yoruz.<\/p>\n\n\n\n<p>Destekleyen siyasi partiler\/gruplar:<\/p>\n\n\n\n<p>CTP \u2013 Cumhuriyet\u00e7i T\u00fcrk Partisi<br>AKEL \u2013 Emek\u00e7i Halk\u0131n \u0130lerici Partisi<br>TDP \u2013 Toplumcu Demokrasi Partisi<br>BKP \u2013 Birle\u015fik K\u0131br\u0131s Partisi<br>YKP \u2013 Yeni K\u0131br\u0131s Partisi<br>Sol Hareket \u2013 \u0391\u03c1\u03b9\u03c3\u03c4\u03b5\u03c1\u03cc \u039a\u03af\u03bd\u03b7\u03bc\u03b1<br>\u0395\u03c1\u03b3\u03b1\u03c4\u03b9\u03ba\u03ae \u0394\u03b7\u03bc\u03bf\u03ba\u03c1\u03b1\u03c4\u03af\u03b1 \u2013 \u0130\u015f\u00e7i Demokrasisi<br>\u0391\u03c1\u03b9\u03c3\u03c4\u03b5\u03c1\u03ae \u03a0\u03c4\u03ad\u03c1\u03c5\u03b3\u03b1 \u2013 Sol Kanat<br>OPEK \u2013 Sosyal Reform Derne\u011fi<\/p>\n\n\n\n<p><\/p>","protected":false},"excerpt":{"rendered":"<p>K\u0131br\u0131s i\u00e7in ger\u00e7ekle\u015ftirilecek olan gayri resmi 5 + BM toplant\u0131s\u0131na haz\u0131rlan\u0131rken, siyasi partilerimiz ve gruplar\u0131m\u0131z \u00fclkemizin yeniden birle\u015fmesi i\u00e7in g\u00fc\u00e7lerini birle\u015ftiriyorlar. Kaynak: \u201cFederal bir \u00e7\u00f6z\u00fcm i\u00e7in g\u00fc\u00e7lerimizi birle\u015ftiriyoruz\u201d Baz\u0131 K\u0131br\u0131sl\u0131 T\u00fcrk ve Rum siyasi parti ve gruplar\u0131, yapt\u0131klar\u0131 ortak yaz\u0131l\u0131 a\u00e7\u0131klamada, federal bir \u00e7\u00f6z\u00fcm i\u00e7in g\u00fc\u00e7lerini birle\u015ftirdiklerini a\u00e7\u0131klad\u0131. Kuzeyden CTP, TDP, BKP, YKP ve Sol [&hellip;]<\/p>","protected":false},"author":1,"featured_media":5067,"comment_status":"open","ping_status":"open","sticky":false,"template":"","format":"standard","meta":{"om_disable_all_campaigns":false,"_monsterinsights_skip_tracking":false,"_monsterinsights_sitenote_active":false,"_monsterinsights_sitenote_note":"","_monsterinsights_sitenote_category":0,"_uf_show_specific_survey":0,"_uf_disable_surveys":false,"footnotes":"","jetpack_publicize_message":"","jetpack_publicize_feature_enabled":true,"jetpack_social_post_already_shared":false,"jetpack_social_options":{"image_generator_settings":{"template":"highway","default_image_id":0,"font":"","enabled":false},"version":2}},"categories":[85],"tags":[103],"class_list":{"0":"post-5066","1":"post","2":"type-post","3":"status-publish","4":"format-standard","5":"has-post-thumbnail","7":"category-dunya","8":"tag-federal"},"yoast_head":"<!-- This site is optimized with the Yoast SEO plugin v23.8 - https:\/\/yoast.com\/wordpress\/plugins\/seo\/ -->\n<title>\u201cFederal bir \u00e7\u00f6z\u00fcm i\u00e7in g\u00fc\u00e7lerimizi birle\u015ftiriyoruz\u201d - NETBAKIS<\/title>\n<meta name=\"robots\" content=\"index, follow, max-snippet:-1, max-image-preview:large, max-video-preview:-1\" \/>\n<link rel=\"canonical\" href=\"https:\/\/netbakis.net\/tr\/5066\/\" \/>\n<meta property=\"og:locale\" content=\"tr_TR\" \/>\n<meta property=\"og:type\" content=\"article\" \/>\n<meta property=\"og:title\" content=\"\u201cFederal bir \u00e7\u00f6z\u00fcm i\u00e7in g\u00fc\u00e7lerimizi birle\u015ftiriyoruz\u201d - NETBAKIS\" \/>\n<meta property=\"og:description\" content=\"K\u0131br\u0131s i\u00e7in ger\u00e7ekle\u015ftirilecek olan gayri resmi 5 + BM toplant\u0131s\u0131na haz\u0131rlan\u0131rken, siyasi partilerimiz ve gruplar\u0131m\u0131z \u00fclkemizin yeniden birle\u015fmesi i\u00e7in g\u00fc\u00e7lerini birle\u015ftiriyorlar. Kaynak: \u201cFederal bir \u00e7\u00f6z\u00fcm i\u00e7in g\u00fc\u00e7lerimizi birle\u015ftiriyoruz\u201d Baz\u0131 K\u0131br\u0131sl\u0131 T\u00fcrk ve Rum siyasi parti ve gruplar\u0131, yapt\u0131klar\u0131 ortak yaz\u0131l\u0131 a\u00e7\u0131klamada, federal bir \u00e7\u00f6z\u00fcm i\u00e7in g\u00fc\u00e7lerini birle\u015ftirdiklerini a\u00e7\u0131klad\u0131. Kuzeyden CTP, TDP, BKP, YKP ve Sol [&hellip;]\" \/>\n<meta property=\"og:url\" content=\"https:\/\/netbakis.net\/tr\/5066\/\" \/>\n<meta property=\"og:site_name\" content=\"NETBAKIS\" \/>\n<meta property=\"article:published_time\" content=\"2021-04-24T13:10:29+00:00\" \/>\n<meta property=\"article:modified_time\" content=\"2021-04-24T13:10:30+00:00\" \/>\n<meta property=\"og:image\" content=\"https:\/\/netbakis.net\/wp-content\/uploads\/2021\/04\/PEACE_GENERATION.jpg\" \/>\n\t<meta property=\"og:image:width\" content=\"508\" \/>\n\t<meta property=\"og:image:height\" content=\"340\" \/>\n\t<meta property=\"og:image:type\" content=\"image\/jpeg\" \/>\n<meta name=\"author\" content=\"netbakis.net\" \/>\n<meta name=\"twitter:card\" content=\"summary_large_image\" \/>\n<meta name=\"twitter:label1\" content=\"Yazan:\" \/>\n\t<meta name=\"twitter:data1\" content=\"netbakis.net\" \/>\n\t<meta name=\"twitter:label2\" content=\"Tahmini okuma s\u00fcresi\" \/>\n\t<meta name=\"twitter:data2\" content=\"3 dakika\" \/>\n<script type=\"application\/ld+json\" class=\"yoast-schema-graph\">{\"@context\":\"https:\/\/schema.org\",\"@graph\":[{\"@type\":\"WebPage\",\"@id\":\"https:\/\/netbakis.net\/5066\/\",\"url\":\"https:\/\/netbakis.net\/5066\/\",\"name\":\"\u201cFederal bir \u00e7\u00f6z\u00fcm i\u00e7in g\u00fc\u00e7lerimizi birle\u015ftiriyoruz\u201d - NETBAKIS\",\"isPartOf\":{\"@id\":\"https:\/\/netbakis.net\/#website\"},\"primaryImageOfPage\":{\"@id\":\"https:\/\/netbakis.net\/5066\/#primaryimage\"},\"image\":{\"@id\":\"https:\/\/netbakis.net\/5066\/#primaryimage\"},\"thumbnailUrl\":\"https:\/\/netbakis.net\/wp-content\/uploads\/2021\/04\/PEACE_GENERATION.jpg\",\"datePublished\":\"2021-04-24T13:10:29+00:00\",\"dateModified\":\"2021-04-24T13:10:30+00:00\",\"author\":{\"@id\":\"https:\/\/netbakis.net\/#\/schema\/person\/5d9b5c3f48ca4a3c69967d619fc8c7f4\"},\"breadcrumb\":{\"@id\":\"https:\/\/netbakis.net\/5066\/#breadcrumb\"},\"inLanguage\":\"tr\",\"potentialAction\":[{\"@type\":\"ReadAction\",\"target\":[\"https:\/\/netbakis.net\/5066\/\"]}]},{\"@type\":\"ImageObject\",\"inLanguage\":\"tr\",\"@id\":\"https:\/\/netbakis.net\/5066\/#primaryimage\",\"url\":\"https:\/\/netbakis.net\/wp-content\/uploads\/2021\/04\/PEACE_GENERATION.jpg\",\"contentUrl\":\"https:\/\/netbakis.net\/wp-content\/uploads\/2021\/04\/PEACE_GENERATION.jpg\",\"width\":508,\"height\":340,\"caption\":\"Federal\"},{\"@type\":\"BreadcrumbList\",\"@id\":\"https:\/\/netbakis.net\/5066\/#breadcrumb\",\"itemListElement\":[{\"@type\":\"ListItem\",\"position\":1,\"name\":\"Home\",\"item\":\"https:\/\/netbakis.net\/\"},{\"@type\":\"ListItem\",\"position\":2,\"name\":\"\u201cFederal bir \u00e7\u00f6z\u00fcm i\u00e7in g\u00fc\u00e7lerimizi birle\u015ftiriyoruz\u201d\"}]},{\"@type\":\"WebSite\",\"@id\":\"https:\/\/netbakis.net\/#website\",\"url\":\"https:\/\/netbakis.net\/\",\"name\":\"NETBAKIS\",\"description\":\"SON DAKIKA\",\"potentialAction\":[{\"@type\":\"SearchAction\",\"target\":{\"@type\":\"EntryPoint\",\"urlTemplate\":\"https:\/\/netbakis.net\/?s={search_term_string}\"},\"query-input\":{\"@type\":\"PropertyValueSpecification\",\"valueRequired\":true,\"valueName\":\"search_term_string\"}}],\"inLanguage\":\"tr\"},{\"@type\":\"Person\",\"@id\":\"https:\/\/netbakis.net\/#\/schema\/person\/5d9b5c3f48ca4a3c69967d619fc8c7f4\",\"name\":\"netbakis.net\",\"image\":{\"@type\":\"ImageObject\",\"inLanguage\":\"tr\",\"@id\":\"https:\/\/netbakis.net\/#\/schema\/person\/image\/\",\"url\":\"https:\/\/secure.gravatar.com\/avatar\/4ddeae49d2d3e3568a8d5b0937642efdf0b72468dbe3f213bc1978faa47af0d1?s=96&d=wp_user_avatar&r=g\",\"contentUrl\":\"https:\/\/secure.gravatar.com\/avatar\/4ddeae49d2d3e3568a8d5b0937642efdf0b72468dbe3f213bc1978faa47af0d1?s=96&d=wp_user_avatar&r=g\",\"caption\":\"netbakis.net\"},\"sameAs\":[\"https:\/\/netbakis.net\"],\"url\":\"https:\/\/netbakis.net\/tr\/author\/netbakis-net\/\"}]}<\/script>\n<!-- \/ Yoast SEO plugin. -->","yoast_head_json":{"title":"\u201cFederal bir \u00e7\u00f6z\u00fcm i\u00e7in g\u00fc\u00e7lerimizi birle\u015ftiriyoruz\u201d - NETBAKIS","robots":{"index":"index","follow":"follow","max-snippet":"max-snippet:-1","max-image-preview":"max-image-preview:large","max-video-preview":"max-video-preview:-1"},"canonical":"https:\/\/netbakis.net\/tr\/5066\/","og_locale":"tr_TR","og_type":"article","og_title":"\u201cFederal bir \u00e7\u00f6z\u00fcm i\u00e7in g\u00fc\u00e7lerimizi birle\u015ftiriyoruz\u201d - NETBAKIS","og_description":"K\u0131br\u0131s i\u00e7in ger\u00e7ekle\u015ftirilecek olan gayri resmi 5 + BM toplant\u0131s\u0131na haz\u0131rlan\u0131rken, siyasi partilerimiz ve gruplar\u0131m\u0131z \u00fclkemizin yeniden birle\u015fmesi i\u00e7in g\u00fc\u00e7lerini birle\u015ftiriyorlar. Kaynak: \u201cFederal bir \u00e7\u00f6z\u00fcm i\u00e7in g\u00fc\u00e7lerimizi birle\u015ftiriyoruz\u201d Baz\u0131 K\u0131br\u0131sl\u0131 T\u00fcrk ve Rum siyasi parti ve gruplar\u0131, yapt\u0131klar\u0131 ortak yaz\u0131l\u0131 a\u00e7\u0131klamada, federal bir \u00e7\u00f6z\u00fcm i\u00e7in g\u00fc\u00e7lerini birle\u015ftirdiklerini a\u00e7\u0131klad\u0131. Kuzeyden CTP, TDP, BKP, YKP ve Sol [&hellip;]","og_url":"https:\/\/netbakis.net\/tr\/5066\/","og_site_name":"NETBAKIS","article_published_time":"2021-04-24T13:10:29+00:00","article_modified_time":"2021-04-24T13:10:30+00:00","og_image":[{"width":508,"height":340,"url":"https:\/\/netbakis.net\/wp-content\/uploads\/2021\/04\/PEACE_GENERATION.jpg","type":"image\/jpeg"}],"author":"netbakis.net","twitter_card":"summary_large_image","twitter_misc":{"Yazan:":"netbakis.net","Tahmini okuma s\u00fcresi":"3 dakika"},"schema":{"@context":"https:\/\/schema.org","@graph":[{"@type":"WebPage","@id":"https:\/\/netbakis.net\/5066\/","url":"https:\/\/netbakis.net\/5066\/","name":"\u201cFederal bir \u00e7\u00f6z\u00fcm i\u00e7in g\u00fc\u00e7lerimizi birle\u015ftiriyoruz\u201d - NETBAKIS","isPartOf":{"@id":"https:\/\/netbakis.net\/#website"},"primaryImageOfPage":{"@id":"https:\/\/netbakis.net\/5066\/#primaryimage"},"image":{"@id":"https:\/\/netbakis.net\/5066\/#primaryimage"},"thumbnailUrl":"https:\/\/netbakis.net\/wp-content\/uploads\/2021\/04\/PEACE_GENERATION.jpg","datePublished":"2021-04-24T13:10:29+00:00","dateModified":"2021-04-24T13:10:30+00:00","author":{"@id":"https:\/\/netbakis.net\/#\/schema\/person\/5d9b5c3f48ca4a3c69967d619fc8c7f4"},"breadcrumb":{"@id":"https:\/\/netbakis.net\/5066\/#breadcrumb"},"inLanguage":"tr","potentialAction":[{"@type":"ReadAction","target":["https:\/\/netbakis.net\/5066\/"]}]},{"@type":"ImageObject","inLanguage":"tr","@id":"https:\/\/netbakis.net\/5066\/#primaryimage","url":"https:\/\/netbakis.net\/wp-content\/uploads\/2021\/04\/PEACE_GENERATION.jpg","contentUrl":"https:\/\/netbakis.net\/wp-content\/uploads\/2021\/04\/PEACE_GENERATION.jpg","width":508,"height":340,"caption":"Federal"},{"@type":"BreadcrumbList","@id":"https:\/\/netbakis.net\/5066\/#breadcrumb","itemListElement":[{"@type":"ListItem","position":1,"name":"Home","item":"https:\/\/netbakis.net\/"},{"@type":"ListItem","position":2,"name":"\u201cFederal bir \u00e7\u00f6z\u00fcm i\u00e7in g\u00fc\u00e7lerimizi birle\u015ftiriyoruz\u201d"}]},{"@type":"WebSite","@id":"https:\/\/netbakis.net\/#website","url":"https:\/\/netbakis.net\/","name":"NETBAKIS","description":"SON DAKIKA","potentialAction":[{"@type":"SearchAction","target":{"@type":"EntryPoint","urlTemplate":"https:\/\/netbakis.net\/?s={search_term_string}"},"query-input":{"@type":"PropertyValueSpecification","valueRequired":true,"valueName":"search_term_string"}}],"inLanguage":"tr"},{"@type":"Person","@id":"https:\/\/netbakis.net\/#\/schema\/person\/5d9b5c3f48ca4a3c69967d619fc8c7f4","name":"netbakis.net","image":{"@type":"ImageObject","inLanguage":"tr","@id":"https:\/\/netbakis.net\/#\/schema\/person\/image\/","url":"https:\/\/secure.gravatar.com\/avatar\/4ddeae49d2d3e3568a8d5b0937642efdf0b72468dbe3f213bc1978faa47af0d1?s=96&d=wp_user_avatar&r=g","contentUrl":"https:\/\/secure.gravatar.com\/avatar\/4ddeae49d2d3e3568a8d5b0937642efdf0b72468dbe3f213bc1978faa47af0d1?s=96&d=wp_user_avatar&r=g","caption":"netbakis.net"},"sameAs":["https:\/\/netbakis.net"],"url":"https:\/\/netbakis.net\/tr\/author\/netbakis-net\/"}]}},"jetpack_publicize_connections":[],"_links":{"self":[{"href":"https:\/\/netbakis.net\/tr\/wp-json\/wp\/v2\/posts\/5066","targetHints":{"allow":["GET"]}}],"collection":[{"href":"https:\/\/netbakis.net\/tr\/wp-json\/wp\/v2\/posts"}],"about":[{"href":"https:\/\/netbakis.net\/tr\/wp-json\/wp\/v2\/types\/post"}],"author":[{"embeddable":true,"href":"https:\/\/netbakis.net\/tr\/wp-json\/wp\/v2\/users\/1"}],"replies":[{"embeddable":true,"href":"https:\/\/netbakis.net\/tr\/wp-json\/wp\/v2\/comments?post=5066"}],"version-history":[{"count":1,"href":"https:\/\/netbakis.net\/tr\/wp-json\/wp\/v2\/posts\/5066\/revisions"}],"predecessor-version":[{"id":5068,"href":"https:\/\/netbakis.net\/tr\/wp-json\/wp\/v2\/posts\/5066\/revisions\/5068"}],"wp:featuredmedia":[{"embeddable":true,"href":"https:\/\/netbakis.net\/tr\/wp-json\/wp\/v2\/media\/5067"}],"wp:attachment":[{"href":"https:\/\/netbakis.net\/tr\/wp-json\/wp\/v2\/media?parent=5066"}],"wp:term":[{"taxonomy":"category","embeddable":true,"href":"https:\/\/netbakis.net\/tr\/wp-json\/wp\/v2\/categories?post=5066"},{"taxonomy":"post_tag","embeddable":true,"href":"https:\/\/netbakis.net\/tr\/wp-json\/wp\/v2\/tags?post=5066"}],"curies":[{"name":"wp","href":"https:\/\/api.w.org\/{rel}","templated":true}]}}