{"id":5029,"date":"2021-04-23T14:59:15","date_gmt":"2021-04-23T14:59:15","guid":{"rendered":"https:\/\/netbakis.net\/?p=5029"},"modified":"2021-04-23T14:59:16","modified_gmt":"2021-04-23T14:59:16","slug":"super-ligde-antalyaspor-goztepe-macinin-gunu-degisti","status":"publish","type":"post","link":"https:\/\/netbakis.net\/tr\/5029\/","title":{"rendered":"S\u00fcper Lig&#8217;de Antalyaspor-G\u00f6ztepe ma\u00e7\u0131n\u0131n g\u00fcn\u00fc de\u011fi\u015fti `"},"content":{"rendered":"<p>S\u00fcper Lig&#8217;de daha \u00f6nce 1 May\u0131s Cumartesi g\u00fcn\u00fc yap\u0131laca\u011f\u0131 a\u00e7\u0131klanan Fraport TAV Antalyaspor-G\u00f6ztepe ma\u00e7\u0131n\u0131n 1 g\u00fcn sonra oynanaca\u011f\u0131 bildirildi.<\/p>\n\n\n\n<p><strong>G\u00f6ztepe<\/strong>&nbsp;Kul\u00fcb\u00fcnden yap\u0131lan a\u00e7\u0131klamada, S\u00fcper Lig&#8217;in 39. haftas\u0131nda deplasmanda oynayacaklar\u0131&nbsp;<strong>Fraport TAV Antalyaspor<\/strong>&nbsp;ma\u00e7\u0131n\u0131n tarihinin 2 May\u0131s Pazar g\u00fcn\u00fc olarak de\u011fi\u015ftirildi\u011fi belirtildi.<\/p>\n\n\n\n<p>Kar\u015f\u0131la\u015fman\u0131n saat 16.00&#8217;da Antalya Stad\u0131&#8217;nda yap\u0131laca\u011f\u0131 kaydedildi.<\/p>","protected":false},"excerpt":{"rendered":"<p>S\u00fcper Lig&#8217;de daha \u00f6nce 1 May\u0131s Cumartesi g\u00fcn\u00fc yap\u0131laca\u011f\u0131 a\u00e7\u0131klanan Fraport TAV Antalyaspor-G\u00f6ztepe ma\u00e7\u0131n\u0131n 1 g\u00fcn sonra oynanaca\u011f\u0131 bildirildi. G\u00f6ztepe&nbsp;Kul\u00fcb\u00fcnden yap\u0131lan a\u00e7\u0131klamada, S\u00fcper Lig&#8217;in 39. haftas\u0131nda deplasmanda oynayacaklar\u0131&nbsp;Fraport TAV Antalyaspor&nbsp;ma\u00e7\u0131n\u0131n tarihinin 2 May\u0131s Pazar g\u00fcn\u00fc olarak de\u011fi\u015ftirildi\u011fi belirtildi. Kar\u015f\u0131la\u015fman\u0131n saat 16.00&#8217;da Antalya Stad\u0131&#8217;nda yap\u0131laca\u011f\u0131 kaydedildi.<\/p>","protected":false},"author":1,"featured_media":5030,"comment_status":"open","ping_status":"open","sticky":false,"template":"","format":"standard","meta":{"om_disable_all_campaigns":false,"_monsterinsights_skip_tracking":false,"_monsterinsights_sitenote_active":false,"_monsterinsights_sitenote_note":"","_monsterinsights_sitenote_category":0,"_uf_show_specific_survey":0,"_uf_disable_surveys":false,"footnotes":"","jetpack_publicize_message":"","jetpack_publicize_feature_enabled":true,"jetpack_social_post_already_shared":false,"jetpack_social_options":{"image_generator_settings":{"template":"highway","default_image_id":0,"font":"","enabled":false},"version":2}},"categories":[94],"tags":[99],"class_list":{"0":"post-5029","1":"post","2":"type-post","3":"status-publish","4":"format-standard","5":"has-post-thumbnail","7":"category-spor","8":"tag-super-lig-antalyaspor-goztepe"},"yoast_head":"<!-- This site is optimized with the Yoast SEO plugin v23.8 - https:\/\/yoast.com\/wordpress\/plugins\/seo\/ -->\n<title>S\u00fcper Lig&#039;de Antalyaspor-G\u00f6ztepe ma\u00e7\u0131n\u0131n g\u00fcn\u00fc de\u011fi\u015fti ` - NETBAKIS<\/title>\n<meta name=\"robots\" content=\"index, follow, max-snippet:-1, max-image-preview:large, max-video-preview:-1\" \/>\n<link rel=\"canonical\" href=\"https:\/\/netbakis.net\/tr\/5029\/\" \/>\n<meta property=\"og:locale\" content=\"tr_TR\" \/>\n<meta property=\"og:type\" content=\"article\" \/>\n<meta property=\"og:title\" content=\"S\u00fcper Lig&#039;de Antalyaspor-G\u00f6ztepe ma\u00e7\u0131n\u0131n g\u00fcn\u00fc de\u011fi\u015fti ` - NETBAKIS\" \/>\n<meta property=\"og:description\" content=\"S\u00fcper Lig&#8217;de daha \u00f6nce 1 May\u0131s Cumartesi g\u00fcn\u00fc yap\u0131laca\u011f\u0131 a\u00e7\u0131klanan Fraport TAV Antalyaspor-G\u00f6ztepe ma\u00e7\u0131n\u0131n 1 g\u00fcn sonra oynanaca\u011f\u0131 bildirildi. G\u00f6ztepe&nbsp;Kul\u00fcb\u00fcnden yap\u0131lan a\u00e7\u0131klamada, S\u00fcper Lig&#8217;in 39. haftas\u0131nda deplasmanda oynayacaklar\u0131&nbsp;Fraport TAV Antalyaspor&nbsp;ma\u00e7\u0131n\u0131n tarihinin 2 May\u0131s Pazar g\u00fcn\u00fc olarak de\u011fi\u015ftirildi\u011fi belirtildi. Kar\u015f\u0131la\u015fman\u0131n saat 16.00&#8217;da Antalya Stad\u0131&#8217;nda yap\u0131laca\u011f\u0131 kaydedildi.\" \/>\n<meta property=\"og:url\" content=\"https:\/\/netbakis.net\/tr\/5029\/\" \/>\n<meta property=\"og:site_name\" content=\"NETBAKIS\" \/>\n<meta property=\"article:published_time\" content=\"2021-04-23T14:59:15+00:00\" \/>\n<meta property=\"article:modified_time\" content=\"2021-04-23T14:59:16+00:00\" \/>\n<meta property=\"og:image\" content=\"https:\/\/netbakis.net\/wp-content\/uploads\/2021\/04\/thumbs_b_c_64bd79eb062855fa0222f43b5ed17d6f.jpg\" \/>\n\t<meta property=\"og:image:width\" content=\"864\" \/>\n\t<meta property=\"og:image:height\" content=\"486\" \/>\n\t<meta property=\"og:image:type\" content=\"image\/jpeg\" \/>\n<meta name=\"author\" content=\"netbakis.net\" \/>\n<meta name=\"twitter:card\" content=\"summary_large_image\" \/>\n<meta name=\"twitter:label1\" content=\"Yazan:\" \/>\n\t<meta name=\"twitter:data1\" content=\"netbakis.net\" \/>\n\t<meta name=\"twitter:label2\" content=\"Tahmini okuma s\u00fcresi\" \/>\n\t<meta name=\"twitter:data2\" content=\"1 dakika\" \/>\n<script type=\"application\/ld+json\" class=\"yoast-schema-graph\">{\"@context\":\"https:\/\/schema.org\",\"@graph\":[{\"@type\":\"WebPage\",\"@id\":\"https:\/\/netbakis.net\/5029\/\",\"url\":\"https:\/\/netbakis.net\/5029\/\",\"name\":\"S\u00fcper Lig'de Antalyaspor-G\u00f6ztepe ma\u00e7\u0131n\u0131n g\u00fcn\u00fc de\u011fi\u015fti ` - NETBAKIS\",\"isPartOf\":{\"@id\":\"https:\/\/netbakis.net\/#website\"},\"primaryImageOfPage\":{\"@id\":\"https:\/\/netbakis.net\/5029\/#primaryimage\"},\"image\":{\"@id\":\"https:\/\/netbakis.net\/5029\/#primaryimage\"},\"thumbnailUrl\":\"https:\/\/netbakis.net\/wp-content\/uploads\/2021\/04\/thumbs_b_c_64bd79eb062855fa0222f43b5ed17d6f.jpg\",\"datePublished\":\"2021-04-23T14:59:15+00:00\",\"dateModified\":\"2021-04-23T14:59:16+00:00\",\"author\":{\"@id\":\"https:\/\/netbakis.net\/#\/schema\/person\/5d9b5c3f48ca4a3c69967d619fc8c7f4\"},\"breadcrumb\":{\"@id\":\"https:\/\/netbakis.net\/5029\/#breadcrumb\"},\"inLanguage\":\"tr\",\"potentialAction\":[{\"@type\":\"ReadAction\",\"target\":[\"https:\/\/netbakis.net\/5029\/\"]}]},{\"@type\":\"ImageObject\",\"inLanguage\":\"tr\",\"@id\":\"https:\/\/netbakis.net\/5029\/#primaryimage\",\"url\":\"https:\/\/netbakis.net\/wp-content\/uploads\/2021\/04\/thumbs_b_c_64bd79eb062855fa0222f43b5ed17d6f.jpg\",\"contentUrl\":\"https:\/\/netbakis.net\/wp-content\/uploads\/2021\/04\/thumbs_b_c_64bd79eb062855fa0222f43b5ed17d6f.jpg\",\"width\":864,\"height\":486,\"caption\":\"S\u00fcper Lig Antalyaspor-G\u00f6ztepe\"},{\"@type\":\"BreadcrumbList\",\"@id\":\"https:\/\/netbakis.net\/5029\/#breadcrumb\",\"itemListElement\":[{\"@type\":\"ListItem\",\"position\":1,\"name\":\"Home\",\"item\":\"https:\/\/netbakis.net\/\"},{\"@type\":\"ListItem\",\"position\":2,\"name\":\"S\u00fcper Lig&#8217;de Antalyaspor-G\u00f6ztepe ma\u00e7\u0131n\u0131n g\u00fcn\u00fc de\u011fi\u015fti `\"}]},{\"@type\":\"WebSite\",\"@id\":\"https:\/\/netbakis.net\/#website\",\"url\":\"https:\/\/netbakis.net\/\",\"name\":\"NETBAKIS\",\"description\":\"SON DAKIKA\",\"potentialAction\":[{\"@type\":\"SearchAction\",\"target\":{\"@type\":\"EntryPoint\",\"urlTemplate\":\"https:\/\/netbakis.net\/?s={search_term_string}\"},\"query-input\":{\"@type\":\"PropertyValueSpecification\",\"valueRequired\":true,\"valueName\":\"search_term_string\"}}],\"inLanguage\":\"tr\"},{\"@type\":\"Person\",\"@id\":\"https:\/\/netbakis.net\/#\/schema\/person\/5d9b5c3f48ca4a3c69967d619fc8c7f4\",\"name\":\"netbakis.net\",\"image\":{\"@type\":\"ImageObject\",\"inLanguage\":\"tr\",\"@id\":\"https:\/\/netbakis.net\/#\/schema\/person\/image\/\",\"url\":\"https:\/\/secure.gravatar.com\/avatar\/4ddeae49d2d3e3568a8d5b0937642efdf0b72468dbe3f213bc1978faa47af0d1?s=96&d=wp_user_avatar&r=g\",\"contentUrl\":\"https:\/\/secure.gravatar.com\/avatar\/4ddeae49d2d3e3568a8d5b0937642efdf0b72468dbe3f213bc1978faa47af0d1?s=96&d=wp_user_avatar&r=g\",\"caption\":\"netbakis.net\"},\"sameAs\":[\"https:\/\/netbakis.net\"],\"url\":\"https:\/\/netbakis.net\/tr\/author\/netbakis-net\/\"}]}<\/script>\n<!-- \/ Yoast SEO plugin. -->","yoast_head_json":{"title":"S\u00fcper Lig'de Antalyaspor-G\u00f6ztepe ma\u00e7\u0131n\u0131n g\u00fcn\u00fc de\u011fi\u015fti ` - NETBAKIS","robots":{"index":"index","follow":"follow","max-snippet":"max-snippet:-1","max-image-preview":"max-image-preview:large","max-video-preview":"max-video-preview:-1"},"canonical":"https:\/\/netbakis.net\/tr\/5029\/","og_locale":"tr_TR","og_type":"article","og_title":"S\u00fcper Lig'de Antalyaspor-G\u00f6ztepe ma\u00e7\u0131n\u0131n g\u00fcn\u00fc de\u011fi\u015fti ` - NETBAKIS","og_description":"S\u00fcper Lig&#8217;de daha \u00f6nce 1 May\u0131s Cumartesi g\u00fcn\u00fc yap\u0131laca\u011f\u0131 a\u00e7\u0131klanan Fraport TAV Antalyaspor-G\u00f6ztepe ma\u00e7\u0131n\u0131n 1 g\u00fcn sonra oynanaca\u011f\u0131 bildirildi. G\u00f6ztepe&nbsp;Kul\u00fcb\u00fcnden yap\u0131lan a\u00e7\u0131klamada, S\u00fcper Lig&#8217;in 39. haftas\u0131nda deplasmanda oynayacaklar\u0131&nbsp;Fraport TAV Antalyaspor&nbsp;ma\u00e7\u0131n\u0131n tarihinin 2 May\u0131s Pazar g\u00fcn\u00fc olarak de\u011fi\u015ftirildi\u011fi belirtildi. Kar\u015f\u0131la\u015fman\u0131n saat 16.00&#8217;da Antalya Stad\u0131&#8217;nda yap\u0131laca\u011f\u0131 kaydedildi.","og_url":"https:\/\/netbakis.net\/tr\/5029\/","og_site_name":"NETBAKIS","article_published_time":"2021-04-23T14:59:15+00:00","article_modified_time":"2021-04-23T14:59:16+00:00","og_image":[{"width":864,"height":486,"url":"https:\/\/netbakis.net\/wp-content\/uploads\/2021\/04\/thumbs_b_c_64bd79eb062855fa0222f43b5ed17d6f.jpg","type":"image\/jpeg"}],"author":"netbakis.net","twitter_card":"summary_large_image","twitter_misc":{"Yazan:":"netbakis.net","Tahmini okuma s\u00fcresi":"1 dakika"},"schema":{"@context":"https:\/\/schema.org","@graph":[{"@type":"WebPage","@id":"https:\/\/netbakis.net\/5029\/","url":"https:\/\/netbakis.net\/5029\/","name":"S\u00fcper Lig'de Antalyaspor-G\u00f6ztepe ma\u00e7\u0131n\u0131n g\u00fcn\u00fc de\u011fi\u015fti ` - NETBAKIS","isPartOf":{"@id":"https:\/\/netbakis.net\/#website"},"primaryImageOfPage":{"@id":"https:\/\/netbakis.net\/5029\/#primaryimage"},"image":{"@id":"https:\/\/netbakis.net\/5029\/#primaryimage"},"thumbnailUrl":"https:\/\/netbakis.net\/wp-content\/uploads\/2021\/04\/thumbs_b_c_64bd79eb062855fa0222f43b5ed17d6f.jpg","datePublished":"2021-04-23T14:59:15+00:00","dateModified":"2021-04-23T14:59:16+00:00","author":{"@id":"https:\/\/netbakis.net\/#\/schema\/person\/5d9b5c3f48ca4a3c69967d619fc8c7f4"},"breadcrumb":{"@id":"https:\/\/netbakis.net\/5029\/#breadcrumb"},"inLanguage":"tr","potentialAction":[{"@type":"ReadAction","target":["https:\/\/netbakis.net\/5029\/"]}]},{"@type":"ImageObject","inLanguage":"tr","@id":"https:\/\/netbakis.net\/5029\/#primaryimage","url":"https:\/\/netbakis.net\/wp-content\/uploads\/2021\/04\/thumbs_b_c_64bd79eb062855fa0222f43b5ed17d6f.jpg","contentUrl":"https:\/\/netbakis.net\/wp-content\/uploads\/2021\/04\/thumbs_b_c_64bd79eb062855fa0222f43b5ed17d6f.jpg","width":864,"height":486,"caption":"S\u00fcper Lig Antalyaspor-G\u00f6ztepe"},{"@type":"BreadcrumbList","@id":"https:\/\/netbakis.net\/5029\/#breadcrumb","itemListElement":[{"@type":"ListItem","position":1,"name":"Home","item":"https:\/\/netbakis.net\/"},{"@type":"ListItem","position":2,"name":"S\u00fcper Lig&#8217;de Antalyaspor-G\u00f6ztepe ma\u00e7\u0131n\u0131n g\u00fcn\u00fc de\u011fi\u015fti `"}]},{"@type":"WebSite","@id":"https:\/\/netbakis.net\/#website","url":"https:\/\/netbakis.net\/","name":"NETBAKIS","description":"SON DAKIKA","potentialAction":[{"@type":"SearchAction","target":{"@type":"EntryPoint","urlTemplate":"https:\/\/netbakis.net\/?s={search_term_string}"},"query-input":{"@type":"PropertyValueSpecification","valueRequired":true,"valueName":"search_term_string"}}],"inLanguage":"tr"},{"@type":"Person","@id":"https:\/\/netbakis.net\/#\/schema\/person\/5d9b5c3f48ca4a3c69967d619fc8c7f4","name":"netbakis.net","image":{"@type":"ImageObject","inLanguage":"tr","@id":"https:\/\/netbakis.net\/#\/schema\/person\/image\/","url":"https:\/\/secure.gravatar.com\/avatar\/4ddeae49d2d3e3568a8d5b0937642efdf0b72468dbe3f213bc1978faa47af0d1?s=96&d=wp_user_avatar&r=g","contentUrl":"https:\/\/secure.gravatar.com\/avatar\/4ddeae49d2d3e3568a8d5b0937642efdf0b72468dbe3f213bc1978faa47af0d1?s=96&d=wp_user_avatar&r=g","caption":"netbakis.net"},"sameAs":["https:\/\/netbakis.net"],"url":"https:\/\/netbakis.net\/tr\/author\/netbakis-net\/"}]}},"jetpack_publicize_connections":[],"_links":{"self":[{"href":"https:\/\/netbakis.net\/tr\/wp-json\/wp\/v2\/posts\/5029","targetHints":{"allow":["GET"]}}],"collection":[{"href":"https:\/\/netbakis.net\/tr\/wp-json\/wp\/v2\/posts"}],"about":[{"href":"https:\/\/netbakis.net\/tr\/wp-json\/wp\/v2\/types\/post"}],"author":[{"embeddable":true,"href":"https:\/\/netbakis.net\/tr\/wp-json\/wp\/v2\/users\/1"}],"replies":[{"embeddable":true,"href":"https:\/\/netbakis.net\/tr\/wp-json\/wp\/v2\/comments?post=5029"}],"version-history":[{"count":1,"href":"https:\/\/netbakis.net\/tr\/wp-json\/wp\/v2\/posts\/5029\/revisions"}],"predecessor-version":[{"id":5031,"href":"https:\/\/netbakis.net\/tr\/wp-json\/wp\/v2\/posts\/5029\/revisions\/5031"}],"wp:featuredmedia":[{"embeddable":true,"href":"https:\/\/netbakis.net\/tr\/wp-json\/wp\/v2\/media\/5030"}],"wp:attachment":[{"href":"https:\/\/netbakis.net\/tr\/wp-json\/wp\/v2\/media?parent=5029"}],"wp:term":[{"taxonomy":"category","embeddable":true,"href":"https:\/\/netbakis.net\/tr\/wp-json\/wp\/v2\/categories?post=5029"},{"taxonomy":"post_tag","embeddable":true,"href":"https:\/\/netbakis.net\/tr\/wp-json\/wp\/v2\/tags?post=5029"}],"curies":[{"name":"wp","href":"https:\/\/api.w.org\/{rel}","templated":true}]}}