{"id":41798,"date":"2026-09-04T17:41:49","date_gmt":"2026-09-04T17:41:49","guid":{"rendered":"https:\/\/netbakis.net\/?p=41798"},"modified":"2026-09-04T17:41:52","modified_gmt":"2026-09-04T17:41:52","slug":"erhan-arikli-koalisyondan-cekilme-yazisini-dun-saat-11de-gonderdim","status":"publish","type":"post","link":"https:\/\/netbakis.net\/tr\/41798\/","title":{"rendered":"Erhan Ar\u0131kl\u0131: Koalisyondan \u00e7ekilme yaz\u0131s\u0131n\u0131 d\u00fcn saat 11\u2019de g\u00f6nderdim"},"content":{"rendered":"<p class=\"wp-block-paragraph\">S\u00f6z konusu yaz\u0131n\u0131n Meclis&#8217;te ve Cumhurba\u015fkanl\u0131\u011f\u0131&#8217;nda hen\u00fcz bulunmad\u0131\u011f\u0131, Ba\u015fbakanl\u0131k vas\u0131tas\u0131yla ula\u015fmas\u0131 gerekti\u011fi ifade ediliyordu.<br><br>Yeniden Do\u011fu\u015f Partisi (YDP) Genel Ba\u015fkan\u0131 Erhan Ar\u0131kl\u0131, YDP\u2019nin h\u00fck\u00fcmetten \u00e7ekilme karar\u0131n\u0131 i\u015fleme sokacak yaz\u0131n\u0131n d\u00fcn saat 11\u2019de UBP\u2019ye g\u00f6nderdi\u011fini a\u00e7\u0131klad\u0131.<\/p>\n\n\n\n<p class=\"wp-block-paragraph\">S\u00f6z konusu yaz\u0131n\u0131n Meclis&#8217;te ve Cumhurba\u015fkanl\u0131\u011f\u0131&#8217;nda hen\u00fcz bulunmad\u0131\u011f\u0131, Ba\u015fbakanl\u0131k vas\u0131tas\u0131yla ula\u015fmas\u0131 gerekti\u011fi ifade ediliyordu.<\/p>\n\n\n\n<p class=\"wp-block-paragraph\">Kanal T ekranlar\u0131nda Ar\u0131kl\u0131, \u201cYaz\u0131y\u0131 saat 11\u2019de d\u00fcn g\u00f6nderdim. Ahmet Sava\u015fan\u2019a sorabilirsiniz. Muhatab\u0131m UBP.\u201d dedi.<\/p>\n\n\n\n<p class=\"wp-block-paragraph\">YDP, Filo Jet facias\u0131n\u0131n ard\u0131ndan Ba\u015fbakan \u00dcnal \u00dcstel&#8217;in Ar\u0131kl\u0131&#8217;y\u0131 Bay\u0131nd\u0131rl\u0131k ve Ula\u015ft\u0131rma Bakanl\u0131\u011f\u0131 g\u00f6revinden almas\u0131n\u0131n ard\u0131ndan partisinin h\u00fck\u00fcmetten \u00e7ekilme karar\u0131 ald\u0131\u011f\u0131n\u0131 bas\u0131n toplant\u0131s\u0131 ile duyurmu\u015ftu.<\/p>","protected":false},"excerpt":{"rendered":"<p>S\u00f6z konusu yaz\u0131n\u0131n Meclis&#8217;te ve Cumhurba\u015fkanl\u0131\u011f\u0131&#8217;nda hen\u00fcz bulunmad\u0131\u011f\u0131, Ba\u015fbakanl\u0131k vas\u0131tas\u0131yla ula\u015fmas\u0131 gerekti\u011fi ifade ediliyordu. Yeniden Do\u011fu\u015f Partisi (YDP) Genel Ba\u015fkan\u0131 Erhan Ar\u0131kl\u0131, YDP\u2019nin h\u00fck\u00fcmetten \u00e7ekilme karar\u0131n\u0131 i\u015fleme sokacak yaz\u0131n\u0131n d\u00fcn saat 11\u2019de UBP\u2019ye g\u00f6nderdi\u011fini a\u00e7\u0131klad\u0131. S\u00f6z konusu yaz\u0131n\u0131n Meclis&#8217;te ve Cumhurba\u015fkanl\u0131\u011f\u0131&#8217;nda hen\u00fcz bulunmad\u0131\u011f\u0131, Ba\u015fbakanl\u0131k vas\u0131tas\u0131yla ula\u015fmas\u0131 gerekti\u011fi ifade ediliyordu. Kanal T ekranlar\u0131nda Ar\u0131kl\u0131, \u201cYaz\u0131y\u0131 saat [&hellip;]<\/p>","protected":false},"author":1,"featured_media":5356,"comment_status":"open","ping_status":"open","sticky":false,"template":"","format":"standard","meta":{"om_disable_all_campaigns":false,"_monsterinsights_skip_tracking":false,"_monsterinsights_sitenote_active":false,"_monsterinsights_sitenote_note":"","_monsterinsights_sitenote_category":0,"_uf_show_specific_survey":0,"_uf_disable_surveys":false,"footnotes":"","jetpack_publicize_message":"","jetpack_publicize_feature_enabled":true,"jetpack_social_post_already_shared":true,"jetpack_social_options":{"image_generator_settings":{"template":"highway","default_image_id":0,"font":"","enabled":false},"version":2}},"categories":[81],"tags":[],"class_list":["post-41798","post","type-post","status-publish","format-standard","has-post-thumbnail","category-gundem"],"yoast_head":"<!-- This site is optimized with the Yoast SEO plugin v23.8 - https:\/\/yoast.com\/wordpress\/plugins\/seo\/ -->\n<title>Erhan Ar\u0131kl\u0131: Koalisyondan \u00e7ekilme yaz\u0131s\u0131n\u0131 d\u00fcn saat 11\u2019de g\u00f6nderdim - NETBAKIS<\/title>\n<meta name=\"robots\" content=\"index, follow, max-snippet:-1, max-image-preview:large, max-video-preview:-1\" \/>\n<link rel=\"canonical\" href=\"https:\/\/netbakis.net\/tr\/41798\/\" \/>\n<meta property=\"og:locale\" content=\"tr_TR\" \/>\n<meta property=\"og:type\" content=\"article\" \/>\n<meta property=\"og:title\" content=\"Erhan Ar\u0131kl\u0131: Koalisyondan \u00e7ekilme yaz\u0131s\u0131n\u0131 d\u00fcn saat 11\u2019de g\u00f6nderdim - NETBAKIS\" \/>\n<meta property=\"og:description\" content=\"S\u00f6z konusu yaz\u0131n\u0131n Meclis&#8217;te ve Cumhurba\u015fkanl\u0131\u011f\u0131&#8217;nda hen\u00fcz bulunmad\u0131\u011f\u0131, Ba\u015fbakanl\u0131k vas\u0131tas\u0131yla ula\u015fmas\u0131 gerekti\u011fi ifade ediliyordu. Yeniden Do\u011fu\u015f Partisi (YDP) Genel Ba\u015fkan\u0131 Erhan Ar\u0131kl\u0131, YDP\u2019nin h\u00fck\u00fcmetten \u00e7ekilme karar\u0131n\u0131 i\u015fleme sokacak yaz\u0131n\u0131n d\u00fcn saat 11\u2019de UBP\u2019ye g\u00f6nderdi\u011fini a\u00e7\u0131klad\u0131. S\u00f6z konusu yaz\u0131n\u0131n Meclis&#8217;te ve Cumhurba\u015fkanl\u0131\u011f\u0131&#8217;nda hen\u00fcz bulunmad\u0131\u011f\u0131, Ba\u015fbakanl\u0131k vas\u0131tas\u0131yla ula\u015fmas\u0131 gerekti\u011fi ifade ediliyordu. Kanal T ekranlar\u0131nda Ar\u0131kl\u0131, \u201cYaz\u0131y\u0131 saat [&hellip;]\" \/>\n<meta property=\"og:url\" content=\"https:\/\/netbakis.net\/tr\/41798\/\" \/>\n<meta property=\"og:site_name\" content=\"NETBAKIS\" \/>\n<meta property=\"article:published_time\" content=\"2026-09-04T17:41:49+00:00\" \/>\n<meta property=\"article:modified_time\" content=\"2026-09-04T17:41:52+00:00\" \/>\n<meta property=\"og:image\" content=\"https:\/\/netbakis.net\/wp-content\/uploads\/2021\/05\/erhan_arikli_akaryakitta_100_milyon_ile_300_milyon_tl_arasinda_vurgun_oldugu_iddia_ediliyor_h103468_174d1.jpg\" \/>\n\t<meta property=\"og:image:width\" content=\"707\" \/>\n\t<meta property=\"og:image:height\" content=\"431\" \/>\n\t<meta property=\"og:image:type\" content=\"image\/jpeg\" \/>\n<meta name=\"author\" content=\"netbakis.net\" \/>\n<meta name=\"twitter:card\" content=\"summary_large_image\" \/>\n<meta name=\"twitter:label1\" content=\"Yazan:\" \/>\n\t<meta name=\"twitter:data1\" content=\"netbakis.net\" \/>\n\t<meta name=\"twitter:label2\" content=\"Tahmini okuma s\u00fcresi\" \/>\n\t<meta name=\"twitter:data2\" content=\"1 dakika\" \/>\n<script type=\"application\/ld+json\" class=\"yoast-schema-graph\">{\"@context\":\"https:\/\/schema.org\",\"@graph\":[{\"@type\":\"WebPage\",\"@id\":\"https:\/\/netbakis.net\/41798\/\",\"url\":\"https:\/\/netbakis.net\/41798\/\",\"name\":\"Erhan Ar\u0131kl\u0131: Koalisyondan \u00e7ekilme yaz\u0131s\u0131n\u0131 d\u00fcn saat 11\u2019de g\u00f6nderdim - NETBAKIS\",\"isPartOf\":{\"@id\":\"https:\/\/netbakis.net\/#website\"},\"primaryImageOfPage\":{\"@id\":\"https:\/\/netbakis.net\/41798\/#primaryimage\"},\"image\":{\"@id\":\"https:\/\/netbakis.net\/41798\/#primaryimage\"},\"thumbnailUrl\":\"https:\/\/netbakis.net\/wp-content\/uploads\/2021\/05\/erhan_arikli_akaryakitta_100_milyon_ile_300_milyon_tl_arasinda_vurgun_oldugu_iddia_ediliyor_h103468_174d1.jpg\",\"datePublished\":\"2026-09-04T17:41:49+00:00\",\"dateModified\":\"2026-09-04T17:41:52+00:00\",\"author\":{\"@id\":\"https:\/\/netbakis.net\/#\/schema\/person\/5d9b5c3f48ca4a3c69967d619fc8c7f4\"},\"breadcrumb\":{\"@id\":\"https:\/\/netbakis.net\/41798\/#breadcrumb\"},\"inLanguage\":\"tr\",\"potentialAction\":[{\"@type\":\"ReadAction\",\"target\":[\"https:\/\/netbakis.net\/41798\/\"]}]},{\"@type\":\"ImageObject\",\"inLanguage\":\"tr\",\"@id\":\"https:\/\/netbakis.net\/41798\/#primaryimage\",\"url\":\"https:\/\/netbakis.net\/wp-content\/uploads\/2021\/05\/erhan_arikli_akaryakitta_100_milyon_ile_300_milyon_tl_arasinda_vurgun_oldugu_iddia_ediliyor_h103468_174d1.jpg\",\"contentUrl\":\"https:\/\/netbakis.net\/wp-content\/uploads\/2021\/05\/erhan_arikli_akaryakitta_100_milyon_ile_300_milyon_tl_arasinda_vurgun_oldugu_iddia_ediliyor_h103468_174d1.jpg\",\"width\":707,\"height\":431,\"caption\":\"Erhan Ar\u0131kl\u0131\"},{\"@type\":\"BreadcrumbList\",\"@id\":\"https:\/\/netbakis.net\/41798\/#breadcrumb\",\"itemListElement\":[{\"@type\":\"ListItem\",\"position\":1,\"name\":\"Home\",\"item\":\"https:\/\/netbakis.net\/\"},{\"@type\":\"ListItem\",\"position\":2,\"name\":\"Erhan Ar\u0131kl\u0131: Koalisyondan \u00e7ekilme yaz\u0131s\u0131n\u0131 d\u00fcn saat 11\u2019de g\u00f6nderdim\"}]},{\"@type\":\"WebSite\",\"@id\":\"https:\/\/netbakis.net\/#website\",\"url\":\"https:\/\/netbakis.net\/\",\"name\":\"NETBAKIS\",\"description\":\"SON DAKIKA\",\"potentialAction\":[{\"@type\":\"SearchAction\",\"target\":{\"@type\":\"EntryPoint\",\"urlTemplate\":\"https:\/\/netbakis.net\/?s={search_term_string}\"},\"query-input\":{\"@type\":\"PropertyValueSpecification\",\"valueRequired\":true,\"valueName\":\"search_term_string\"}}],\"inLanguage\":\"tr\"},{\"@type\":\"Person\",\"@id\":\"https:\/\/netbakis.net\/#\/schema\/person\/5d9b5c3f48ca4a3c69967d619fc8c7f4\",\"name\":\"netbakis.net\",\"image\":{\"@type\":\"ImageObject\",\"inLanguage\":\"tr\",\"@id\":\"https:\/\/netbakis.net\/#\/schema\/person\/image\/\",\"url\":\"https:\/\/secure.gravatar.com\/avatar\/4ddeae49d2d3e3568a8d5b0937642efdf0b72468dbe3f213bc1978faa47af0d1?s=96&d=wp_user_avatar&r=g\",\"contentUrl\":\"https:\/\/secure.gravatar.com\/avatar\/4ddeae49d2d3e3568a8d5b0937642efdf0b72468dbe3f213bc1978faa47af0d1?s=96&d=wp_user_avatar&r=g\",\"caption\":\"netbakis.net\"},\"sameAs\":[\"https:\/\/netbakis.net\"],\"url\":\"https:\/\/netbakis.net\/tr\/author\/netbakis-net\/\"}]}<\/script>\n<!-- \/ Yoast SEO plugin. -->","yoast_head_json":{"title":"Erhan Ar\u0131kl\u0131: Koalisyondan \u00e7ekilme yaz\u0131s\u0131n\u0131 d\u00fcn saat 11\u2019de g\u00f6nderdim - NETBAKIS","robots":{"index":"index","follow":"follow","max-snippet":"max-snippet:-1","max-image-preview":"max-image-preview:large","max-video-preview":"max-video-preview:-1"},"canonical":"https:\/\/netbakis.net\/tr\/41798\/","og_locale":"tr_TR","og_type":"article","og_title":"Erhan Ar\u0131kl\u0131: Koalisyondan \u00e7ekilme yaz\u0131s\u0131n\u0131 d\u00fcn saat 11\u2019de g\u00f6nderdim - NETBAKIS","og_description":"S\u00f6z konusu yaz\u0131n\u0131n Meclis&#8217;te ve Cumhurba\u015fkanl\u0131\u011f\u0131&#8217;nda hen\u00fcz bulunmad\u0131\u011f\u0131, Ba\u015fbakanl\u0131k vas\u0131tas\u0131yla ula\u015fmas\u0131 gerekti\u011fi ifade ediliyordu. Yeniden Do\u011fu\u015f Partisi (YDP) Genel Ba\u015fkan\u0131 Erhan Ar\u0131kl\u0131, YDP\u2019nin h\u00fck\u00fcmetten \u00e7ekilme karar\u0131n\u0131 i\u015fleme sokacak yaz\u0131n\u0131n d\u00fcn saat 11\u2019de UBP\u2019ye g\u00f6nderdi\u011fini a\u00e7\u0131klad\u0131. S\u00f6z konusu yaz\u0131n\u0131n Meclis&#8217;te ve Cumhurba\u015fkanl\u0131\u011f\u0131&#8217;nda hen\u00fcz bulunmad\u0131\u011f\u0131, Ba\u015fbakanl\u0131k vas\u0131tas\u0131yla ula\u015fmas\u0131 gerekti\u011fi ifade ediliyordu. Kanal T ekranlar\u0131nda Ar\u0131kl\u0131, \u201cYaz\u0131y\u0131 saat [&hellip;]","og_url":"https:\/\/netbakis.net\/tr\/41798\/","og_site_name":"NETBAKIS","article_published_time":"2026-09-04T17:41:49+00:00","article_modified_time":"2026-09-04T17:41:52+00:00","og_image":[{"width":707,"height":431,"url":"https:\/\/netbakis.net\/wp-content\/uploads\/2021\/05\/erhan_arikli_akaryakitta_100_milyon_ile_300_milyon_tl_arasinda_vurgun_oldugu_iddia_ediliyor_h103468_174d1.jpg","type":"image\/jpeg"}],"author":"netbakis.net","twitter_card":"summary_large_image","twitter_misc":{"Yazan:":"netbakis.net","Tahmini okuma s\u00fcresi":"1 dakika"},"schema":{"@context":"https:\/\/schema.org","@graph":[{"@type":"WebPage","@id":"https:\/\/netbakis.net\/41798\/","url":"https:\/\/netbakis.net\/41798\/","name":"Erhan Ar\u0131kl\u0131: Koalisyondan \u00e7ekilme yaz\u0131s\u0131n\u0131 d\u00fcn saat 11\u2019de g\u00f6nderdim - NETBAKIS","isPartOf":{"@id":"https:\/\/netbakis.net\/#website"},"primaryImageOfPage":{"@id":"https:\/\/netbakis.net\/41798\/#primaryimage"},"image":{"@id":"https:\/\/netbakis.net\/41798\/#primaryimage"},"thumbnailUrl":"https:\/\/netbakis.net\/wp-content\/uploads\/2021\/05\/erhan_arikli_akaryakitta_100_milyon_ile_300_milyon_tl_arasinda_vurgun_oldugu_iddia_ediliyor_h103468_174d1.jpg","datePublished":"2026-09-04T17:41:49+00:00","dateModified":"2026-09-04T17:41:52+00:00","author":{"@id":"https:\/\/netbakis.net\/#\/schema\/person\/5d9b5c3f48ca4a3c69967d619fc8c7f4"},"breadcrumb":{"@id":"https:\/\/netbakis.net\/41798\/#breadcrumb"},"inLanguage":"tr","potentialAction":[{"@type":"ReadAction","target":["https:\/\/netbakis.net\/41798\/"]}]},{"@type":"ImageObject","inLanguage":"tr","@id":"https:\/\/netbakis.net\/41798\/#primaryimage","url":"https:\/\/netbakis.net\/wp-content\/uploads\/2021\/05\/erhan_arikli_akaryakitta_100_milyon_ile_300_milyon_tl_arasinda_vurgun_oldugu_iddia_ediliyor_h103468_174d1.jpg","contentUrl":"https:\/\/netbakis.net\/wp-content\/uploads\/2021\/05\/erhan_arikli_akaryakitta_100_milyon_ile_300_milyon_tl_arasinda_vurgun_oldugu_iddia_ediliyor_h103468_174d1.jpg","width":707,"height":431,"caption":"Erhan Ar\u0131kl\u0131"},{"@type":"BreadcrumbList","@id":"https:\/\/netbakis.net\/41798\/#breadcrumb","itemListElement":[{"@type":"ListItem","position":1,"name":"Home","item":"https:\/\/netbakis.net\/"},{"@type":"ListItem","position":2,"name":"Erhan Ar\u0131kl\u0131: Koalisyondan \u00e7ekilme yaz\u0131s\u0131n\u0131 d\u00fcn saat 11\u2019de g\u00f6nderdim"}]},{"@type":"WebSite","@id":"https:\/\/netbakis.net\/#website","url":"https:\/\/netbakis.net\/","name":"NETBAKIS","description":"SON DAKIKA","potentialAction":[{"@type":"SearchAction","target":{"@type":"EntryPoint","urlTemplate":"https:\/\/netbakis.net\/?s={search_term_string}"},"query-input":{"@type":"PropertyValueSpecification","valueRequired":true,"valueName":"search_term_string"}}],"inLanguage":"tr"},{"@type":"Person","@id":"https:\/\/netbakis.net\/#\/schema\/person\/5d9b5c3f48ca4a3c69967d619fc8c7f4","name":"netbakis.net","image":{"@type":"ImageObject","inLanguage":"tr","@id":"https:\/\/netbakis.net\/#\/schema\/person\/image\/","url":"https:\/\/secure.gravatar.com\/avatar\/4ddeae49d2d3e3568a8d5b0937642efdf0b72468dbe3f213bc1978faa47af0d1?s=96&d=wp_user_avatar&r=g","contentUrl":"https:\/\/secure.gravatar.com\/avatar\/4ddeae49d2d3e3568a8d5b0937642efdf0b72468dbe3f213bc1978faa47af0d1?s=96&d=wp_user_avatar&r=g","caption":"netbakis.net"},"sameAs":["https:\/\/netbakis.net"],"url":"https:\/\/netbakis.net\/tr\/author\/netbakis-net\/"}]}},"jetpack_publicize_connections":[],"_links":{"self":[{"href":"https:\/\/netbakis.net\/tr\/wp-json\/wp\/v2\/posts\/41798","targetHints":{"allow":["GET"]}}],"collection":[{"href":"https:\/\/netbakis.net\/tr\/wp-json\/wp\/v2\/posts"}],"about":[{"href":"https:\/\/netbakis.net\/tr\/wp-json\/wp\/v2\/types\/post"}],"author":[{"embeddable":true,"href":"https:\/\/netbakis.net\/tr\/wp-json\/wp\/v2\/users\/1"}],"replies":[{"embeddable":true,"href":"https:\/\/netbakis.net\/tr\/wp-json\/wp\/v2\/comments?post=41798"}],"version-history":[{"count":1,"href":"https:\/\/netbakis.net\/tr\/wp-json\/wp\/v2\/posts\/41798\/revisions"}],"predecessor-version":[{"id":41799,"href":"https:\/\/netbakis.net\/tr\/wp-json\/wp\/v2\/posts\/41798\/revisions\/41799"}],"wp:featuredmedia":[{"embeddable":true,"href":"https:\/\/netbakis.net\/tr\/wp-json\/wp\/v2\/media\/5356"}],"wp:attachment":[{"href":"https:\/\/netbakis.net\/tr\/wp-json\/wp\/v2\/media?parent=41798"}],"wp:term":[{"taxonomy":"category","embeddable":true,"href":"https:\/\/netbakis.net\/tr\/wp-json\/wp\/v2\/categories?post=41798"},{"taxonomy":"post_tag","embeddable":true,"href":"https:\/\/netbakis.net\/tr\/wp-json\/wp\/v2\/tags?post=41798"}],"curies":[{"name":"wp","href":"https:\/\/api.w.org\/{rel}","templated":true}]}}