{"id":41795,"date":"2026-09-04T17:41:14","date_gmt":"2026-09-04T17:41:14","guid":{"rendered":"https:\/\/netbakis.net\/?p=41795"},"modified":"2026-09-04T17:41:16","modified_gmt":"2026-09-04T17:41:16","slug":"alaykoyde-gece-kulubune-silahli-saldiri-zanlilarindan-biri-cezaevinde-digeri-teminatla-serbest","status":"publish","type":"post","link":"https:\/\/netbakis.net\/tr\/41795\/","title":{"rendered":"Alayk\u00f6y\u2019de gece kul\u00fcb\u00fcne silahl\u0131 sald\u0131r\u0131 zanl\u0131lar\u0131ndan biri cezaevinde di\u011feri teminatla serbest"},"content":{"rendered":"<p class=\"wp-block-paragraph\">Alayk\u00f6y\u2019de bir gece kul\u00fcb\u00fcn\u00fcn tabelas\u0131na iki el ate\u015f edilmesiyle ilgili K.B. ve D.D. yeniden mahkemeye \u00e7\u0131kar\u0131ld\u0131. K.B. 3 ay\u0131 a\u015fmayan s\u00fcreyle cezaevine g\u00f6nderilirken, D.D. teminata ba\u011fland\u0131.<br><br><\/p>\n\n\n\n<p class=\"wp-block-paragraph\">Alayk\u00f6y\u2019de faaliyet g\u00f6steren bir gece kul\u00fcb\u00fcne silahl\u0131 sald\u0131r\u0131 d\u00fczenlemekle itham edilen K.B. ve D.D. yeniden mahkemeye \u00e7\u0131kar\u0131ld\u0131.<\/p>\n\n\n\n<p class=\"wp-block-paragraph\">Mahkemede mesele ile ilgili olarak \u015fahadet veren polis memuru Nurettin \u00d6zgenler, olayla ilgili bulgular\u0131 aktard\u0131.<\/p>\n\n\n\n<p class=\"wp-block-paragraph\">Polis memuru \u00d6zgenler, huzurunuzda bulunan K.B. ve D.D.\u2019in 28.08.2026 tarihinde Alayk\u00f6y\u2019de meydana gelen \u201cKanunsuz Ate\u015fli Silah Ta\u015f\u0131ma, Tasarruf Kullanma, Kanunsuz Patlay\u0131c\u0131 Madde Ta\u015f\u0131ma, Tasarruf Kullanma ve Mesk\u00fbn Mahalde Ate\u015f A\u00e7ma\u201d su\u00e7lar\u0131ndan methaldar olduklar\u0131n\u0131 s\u00f6yledi.<\/p>\n\n\n\n<p class=\"wp-block-paragraph\">Polis, 28 A\u011fustos 2026 tarihinde saat 00.30 raddelerinde Alayk\u00f6y\u2019de faaliyet g\u00f6steren bir gece kul\u00fcb\u00fcnde kendilerine konsomatris k\u0131z vermedikleri gerek\u00e7esiyle K.B. ve D.D.\u2019in tasarruflar\u0131nda kanunsuz olarak bulunan&nbsp; bindirikli av t\u00fcfe\u011fi ile gece kul\u00fcb\u00fc tabelas\u0131na iki el ate\u015f ederek mesk\u00fbn mahalde ate\u015f etme su\u00e7unu i\u015flediklerini s\u00f6yledi.<\/p>\n\n\n\n<p class=\"wp-block-paragraph\">Polis, zanl\u0131lar\u0131n Girne\u2019de LD 558 plakal\u0131 ara\u00e7 i\u00e7erisinde tespit edildiklerini, arac\u0131n i\u00e7erisinde yap\u0131lan aramada av t\u00fcfe\u011fi ve arac\u0131n sol \u00f6n koltu\u011fu alt\u0131nda beyaz renk po\u015fet i\u00e7erisinde 15 adet av fi\u015fe\u011fi bulunarak emare olarak al\u0131nd\u0131\u011f\u0131n\u0131 a\u00e7\u0131klad\u0131.<\/p>\n\n\n\n<p class=\"wp-block-paragraph\">Polis memuru, zanl\u0131lar\u0131n su\u00e7\u00fcst\u00fc tutuklanarak soru\u015fturma ba\u015flat\u0131ld\u0131\u011f\u0131n\u0131 ifade etti.<\/p>\n\n\n\n<p class=\"wp-block-paragraph\">Polis, zanl\u0131lar\u0131n 3 kez mahkemeye \u00e7\u0131kar\u0131larak 10 g\u00fcn ek s\u00fcre al\u0131nd\u0131\u011f\u0131n\u0131, bu s\u00fcre i\u00e7erisinde t\u00fcfe\u011fin balistik incelemeye g\u00f6nderildi\u011fini s\u00f6yledi.<\/p>\n\n\n\n<p class=\"wp-block-paragraph\">Polis, ayr\u0131ca yap\u0131lan ara\u015ft\u0131rmada t\u00fcfe\u011fin Y.F ad\u0131na kay\u0131tl\u0131 oldu\u011funu tespit ettiklerini aktard\u0131.<\/p>\n\n\n\n<p class=\"wp-block-paragraph\">Soru\u015fturman\u0131n zanl\u0131lar\u0131n etki edebilece\u011fi k\u0131sm\u0131n\u0131n tamamland\u0131\u011f\u0131n\u0131 kaydeden polis, K.B.\u2019\u0131n benzer su\u00e7lardan sab\u0131kas\u0131 oldu\u011funu belirterek tutuklu yarg\u0131lanmas\u0131n\u0131, D.D.\u2019in ise teminata ba\u011flanmas\u0131n\u0131 talep etti.<\/p>\n\n\n\n<p class=\"wp-block-paragraph\">Huzurundaki \u015fahadeti de\u011ferlendiren Yarg\u0131\u00e7 Zehra Yalkut Bilge\u00e7, K.B.\u2019\u0131n 3 ay\u0131 a\u015fmayan s\u00fcreyle cezaevine g\u00f6nderilmesine karar verdi.<\/p>\n\n\n\n<p class=\"wp-block-paragraph\">Yarg\u0131\u00e7, zanl\u0131 D.D&#8217;in yurt d\u0131\u015f\u0131na \u00e7\u0131k\u0131\u015f\u0131n\u0131n yasaklanmas\u0131na, haftada bir g\u00fcn ispat-\u0131 v\u00fccut yapmas\u0131na, 50 bin TL nakit teminat yat\u0131rmas\u0131na ve iki kefilin 500\u2019er bin TL kefalet senedi imzalamas\u0131na karar verdi.<\/p>","protected":false},"excerpt":{"rendered":"<p>Alayk\u00f6y\u2019de bir gece kul\u00fcb\u00fcn\u00fcn tabelas\u0131na iki el ate\u015f edilmesiyle ilgili K.B. ve D.D. yeniden mahkemeye \u00e7\u0131kar\u0131ld\u0131. K.B. 3 ay\u0131 a\u015fmayan s\u00fcreyle cezaevine g\u00f6nderilirken, D.D. teminata ba\u011fland\u0131. Alayk\u00f6y\u2019de faaliyet g\u00f6steren bir gece kul\u00fcb\u00fcne silahl\u0131 sald\u0131r\u0131 d\u00fczenlemekle itham edilen K.B. ve D.D. yeniden mahkemeye \u00e7\u0131kar\u0131ld\u0131. Mahkemede mesele ile ilgili olarak \u015fahadet veren polis memuru Nurettin \u00d6zgenler, olayla [&hellip;]<\/p>","protected":false},"author":1,"featured_media":41796,"comment_status":"open","ping_status":"open","sticky":false,"template":"","format":"standard","meta":{"om_disable_all_campaigns":false,"_monsterinsights_skip_tracking":false,"_monsterinsights_sitenote_active":false,"_monsterinsights_sitenote_note":"","_monsterinsights_sitenote_category":0,"_uf_show_specific_survey":0,"_uf_disable_surveys":false,"footnotes":"","jetpack_publicize_message":"","jetpack_publicize_feature_enabled":true,"jetpack_social_post_already_shared":true,"jetpack_social_options":{"image_generator_settings":{"template":"highway","default_image_id":0,"font":"","enabled":false},"version":2}},"categories":[81],"tags":[],"class_list":["post-41795","post","type-post","status-publish","format-standard","has-post-thumbnail","category-gundem"],"yoast_head":"<!-- This site is optimized with the Yoast SEO plugin v23.8 - https:\/\/yoast.com\/wordpress\/plugins\/seo\/ -->\n<title>Alayk\u00f6y\u2019de gece kul\u00fcb\u00fcne silahl\u0131 sald\u0131r\u0131 zanl\u0131lar\u0131ndan biri cezaevinde di\u011feri teminatla serbest - NETBAKIS<\/title>\n<meta name=\"robots\" content=\"index, follow, max-snippet:-1, max-image-preview:large, max-video-preview:-1\" \/>\n<link rel=\"canonical\" href=\"https:\/\/netbakis.net\/tr\/41795\/\" \/>\n<meta property=\"og:locale\" content=\"tr_TR\" \/>\n<meta property=\"og:type\" content=\"article\" \/>\n<meta property=\"og:title\" content=\"Alayk\u00f6y\u2019de gece kul\u00fcb\u00fcne silahl\u0131 sald\u0131r\u0131 zanl\u0131lar\u0131ndan biri cezaevinde di\u011feri teminatla serbest - NETBAKIS\" \/>\n<meta property=\"og:description\" content=\"Alayk\u00f6y\u2019de bir gece kul\u00fcb\u00fcn\u00fcn tabelas\u0131na iki el ate\u015f edilmesiyle ilgili K.B. ve D.D. yeniden mahkemeye \u00e7\u0131kar\u0131ld\u0131. K.B. 3 ay\u0131 a\u015fmayan s\u00fcreyle cezaevine g\u00f6nderilirken, D.D. teminata ba\u011fland\u0131. Alayk\u00f6y\u2019de faaliyet g\u00f6steren bir gece kul\u00fcb\u00fcne silahl\u0131 sald\u0131r\u0131 d\u00fczenlemekle itham edilen K.B. ve D.D. yeniden mahkemeye \u00e7\u0131kar\u0131ld\u0131. Mahkemede mesele ile ilgili olarak \u015fahadet veren polis memuru Nurettin \u00d6zgenler, olayla [&hellip;]\" \/>\n<meta property=\"og:url\" content=\"https:\/\/netbakis.net\/tr\/41795\/\" \/>\n<meta property=\"og:site_name\" content=\"NETBAKIS\" \/>\n<meta property=\"article:published_time\" content=\"2026-09-04T17:41:14+00:00\" \/>\n<meta property=\"article:modified_time\" content=\"2026-09-04T17:41:16+00:00\" \/>\n<meta property=\"og:image\" content=\"https:\/\/netbakis.net\/wp-content\/uploads\/2026\/09\/v2normalhaberboyutuablonsuzkopyas-2026-09-04t145825070_1788523661.webp\" \/>\n\t<meta property=\"og:image:width\" content=\"971\" \/>\n\t<meta property=\"og:image:height\" content=\"551\" \/>\n\t<meta property=\"og:image:type\" content=\"image\/webp\" \/>\n<meta name=\"author\" content=\"netbakis.net\" \/>\n<meta name=\"twitter:card\" content=\"summary_large_image\" \/>\n<meta name=\"twitter:label1\" content=\"Yazan:\" \/>\n\t<meta name=\"twitter:data1\" content=\"netbakis.net\" \/>\n\t<meta name=\"twitter:label2\" content=\"Tahmini okuma s\u00fcresi\" \/>\n\t<meta name=\"twitter:data2\" content=\"2 dakika\" \/>\n<script type=\"application\/ld+json\" class=\"yoast-schema-graph\">{\"@context\":\"https:\/\/schema.org\",\"@graph\":[{\"@type\":\"WebPage\",\"@id\":\"https:\/\/netbakis.net\/41795\/\",\"url\":\"https:\/\/netbakis.net\/41795\/\",\"name\":\"Alayk\u00f6y\u2019de gece kul\u00fcb\u00fcne silahl\u0131 sald\u0131r\u0131 zanl\u0131lar\u0131ndan biri cezaevinde di\u011feri teminatla serbest - NETBAKIS\",\"isPartOf\":{\"@id\":\"https:\/\/netbakis.net\/#website\"},\"primaryImageOfPage\":{\"@id\":\"https:\/\/netbakis.net\/41795\/#primaryimage\"},\"image\":{\"@id\":\"https:\/\/netbakis.net\/41795\/#primaryimage\"},\"thumbnailUrl\":\"https:\/\/netbakis.net\/wp-content\/uploads\/2026\/09\/v2normalhaberboyutuablonsuzkopyas-2026-09-04t145825070_1788523661.webp\",\"datePublished\":\"2026-09-04T17:41:14+00:00\",\"dateModified\":\"2026-09-04T17:41:16+00:00\",\"author\":{\"@id\":\"https:\/\/netbakis.net\/#\/schema\/person\/5d9b5c3f48ca4a3c69967d619fc8c7f4\"},\"breadcrumb\":{\"@id\":\"https:\/\/netbakis.net\/41795\/#breadcrumb\"},\"inLanguage\":\"tr\",\"potentialAction\":[{\"@type\":\"ReadAction\",\"target\":[\"https:\/\/netbakis.net\/41795\/\"]}]},{\"@type\":\"ImageObject\",\"inLanguage\":\"tr\",\"@id\":\"https:\/\/netbakis.net\/41795\/#primaryimage\",\"url\":\"https:\/\/netbakis.net\/wp-content\/uploads\/2026\/09\/v2normalhaberboyutuablonsuzkopyas-2026-09-04t145825070_1788523661.webp\",\"contentUrl\":\"https:\/\/netbakis.net\/wp-content\/uploads\/2026\/09\/v2normalhaberboyutuablonsuzkopyas-2026-09-04t145825070_1788523661.webp\",\"width\":971,\"height\":551},{\"@type\":\"BreadcrumbList\",\"@id\":\"https:\/\/netbakis.net\/41795\/#breadcrumb\",\"itemListElement\":[{\"@type\":\"ListItem\",\"position\":1,\"name\":\"Home\",\"item\":\"https:\/\/netbakis.net\/\"},{\"@type\":\"ListItem\",\"position\":2,\"name\":\"Alayk\u00f6y\u2019de gece kul\u00fcb\u00fcne silahl\u0131 sald\u0131r\u0131 zanl\u0131lar\u0131ndan biri cezaevinde di\u011feri teminatla serbest\"}]},{\"@type\":\"WebSite\",\"@id\":\"https:\/\/netbakis.net\/#website\",\"url\":\"https:\/\/netbakis.net\/\",\"name\":\"NETBAKIS\",\"description\":\"SON DAKIKA\",\"potentialAction\":[{\"@type\":\"SearchAction\",\"target\":{\"@type\":\"EntryPoint\",\"urlTemplate\":\"https:\/\/netbakis.net\/?s={search_term_string}\"},\"query-input\":{\"@type\":\"PropertyValueSpecification\",\"valueRequired\":true,\"valueName\":\"search_term_string\"}}],\"inLanguage\":\"tr\"},{\"@type\":\"Person\",\"@id\":\"https:\/\/netbakis.net\/#\/schema\/person\/5d9b5c3f48ca4a3c69967d619fc8c7f4\",\"name\":\"netbakis.net\",\"image\":{\"@type\":\"ImageObject\",\"inLanguage\":\"tr\",\"@id\":\"https:\/\/netbakis.net\/#\/schema\/person\/image\/\",\"url\":\"https:\/\/secure.gravatar.com\/avatar\/4ddeae49d2d3e3568a8d5b0937642efdf0b72468dbe3f213bc1978faa47af0d1?s=96&d=wp_user_avatar&r=g\",\"contentUrl\":\"https:\/\/secure.gravatar.com\/avatar\/4ddeae49d2d3e3568a8d5b0937642efdf0b72468dbe3f213bc1978faa47af0d1?s=96&d=wp_user_avatar&r=g\",\"caption\":\"netbakis.net\"},\"sameAs\":[\"https:\/\/netbakis.net\"],\"url\":\"https:\/\/netbakis.net\/tr\/author\/netbakis-net\/\"}]}<\/script>\n<!-- \/ Yoast SEO plugin. -->","yoast_head_json":{"title":"Alayk\u00f6y\u2019de gece kul\u00fcb\u00fcne silahl\u0131 sald\u0131r\u0131 zanl\u0131lar\u0131ndan biri cezaevinde di\u011feri teminatla serbest - NETBAKIS","robots":{"index":"index","follow":"follow","max-snippet":"max-snippet:-1","max-image-preview":"max-image-preview:large","max-video-preview":"max-video-preview:-1"},"canonical":"https:\/\/netbakis.net\/tr\/41795\/","og_locale":"tr_TR","og_type":"article","og_title":"Alayk\u00f6y\u2019de gece kul\u00fcb\u00fcne silahl\u0131 sald\u0131r\u0131 zanl\u0131lar\u0131ndan biri cezaevinde di\u011feri teminatla serbest - NETBAKIS","og_description":"Alayk\u00f6y\u2019de bir gece kul\u00fcb\u00fcn\u00fcn tabelas\u0131na iki el ate\u015f edilmesiyle ilgili K.B. ve D.D. yeniden mahkemeye \u00e7\u0131kar\u0131ld\u0131. K.B. 3 ay\u0131 a\u015fmayan s\u00fcreyle cezaevine g\u00f6nderilirken, D.D. teminata ba\u011fland\u0131. Alayk\u00f6y\u2019de faaliyet g\u00f6steren bir gece kul\u00fcb\u00fcne silahl\u0131 sald\u0131r\u0131 d\u00fczenlemekle itham edilen K.B. ve D.D. yeniden mahkemeye \u00e7\u0131kar\u0131ld\u0131. Mahkemede mesele ile ilgili olarak \u015fahadet veren polis memuru Nurettin \u00d6zgenler, olayla [&hellip;]","og_url":"https:\/\/netbakis.net\/tr\/41795\/","og_site_name":"NETBAKIS","article_published_time":"2026-09-04T17:41:14+00:00","article_modified_time":"2026-09-04T17:41:16+00:00","og_image":[{"width":971,"height":551,"url":"https:\/\/netbakis.net\/wp-content\/uploads\/2026\/09\/v2normalhaberboyutuablonsuzkopyas-2026-09-04t145825070_1788523661.webp","type":"image\/webp"}],"author":"netbakis.net","twitter_card":"summary_large_image","twitter_misc":{"Yazan:":"netbakis.net","Tahmini okuma s\u00fcresi":"2 dakika"},"schema":{"@context":"https:\/\/schema.org","@graph":[{"@type":"WebPage","@id":"https:\/\/netbakis.net\/41795\/","url":"https:\/\/netbakis.net\/41795\/","name":"Alayk\u00f6y\u2019de gece kul\u00fcb\u00fcne silahl\u0131 sald\u0131r\u0131 zanl\u0131lar\u0131ndan biri cezaevinde di\u011feri teminatla serbest - NETBAKIS","isPartOf":{"@id":"https:\/\/netbakis.net\/#website"},"primaryImageOfPage":{"@id":"https:\/\/netbakis.net\/41795\/#primaryimage"},"image":{"@id":"https:\/\/netbakis.net\/41795\/#primaryimage"},"thumbnailUrl":"https:\/\/netbakis.net\/wp-content\/uploads\/2026\/09\/v2normalhaberboyutuablonsuzkopyas-2026-09-04t145825070_1788523661.webp","datePublished":"2026-09-04T17:41:14+00:00","dateModified":"2026-09-04T17:41:16+00:00","author":{"@id":"https:\/\/netbakis.net\/#\/schema\/person\/5d9b5c3f48ca4a3c69967d619fc8c7f4"},"breadcrumb":{"@id":"https:\/\/netbakis.net\/41795\/#breadcrumb"},"inLanguage":"tr","potentialAction":[{"@type":"ReadAction","target":["https:\/\/netbakis.net\/41795\/"]}]},{"@type":"ImageObject","inLanguage":"tr","@id":"https:\/\/netbakis.net\/41795\/#primaryimage","url":"https:\/\/netbakis.net\/wp-content\/uploads\/2026\/09\/v2normalhaberboyutuablonsuzkopyas-2026-09-04t145825070_1788523661.webp","contentUrl":"https:\/\/netbakis.net\/wp-content\/uploads\/2026\/09\/v2normalhaberboyutuablonsuzkopyas-2026-09-04t145825070_1788523661.webp","width":971,"height":551},{"@type":"BreadcrumbList","@id":"https:\/\/netbakis.net\/41795\/#breadcrumb","itemListElement":[{"@type":"ListItem","position":1,"name":"Home","item":"https:\/\/netbakis.net\/"},{"@type":"ListItem","position":2,"name":"Alayk\u00f6y\u2019de gece kul\u00fcb\u00fcne silahl\u0131 sald\u0131r\u0131 zanl\u0131lar\u0131ndan biri cezaevinde di\u011feri teminatla serbest"}]},{"@type":"WebSite","@id":"https:\/\/netbakis.net\/#website","url":"https:\/\/netbakis.net\/","name":"NETBAKIS","description":"SON DAKIKA","potentialAction":[{"@type":"SearchAction","target":{"@type":"EntryPoint","urlTemplate":"https:\/\/netbakis.net\/?s={search_term_string}"},"query-input":{"@type":"PropertyValueSpecification","valueRequired":true,"valueName":"search_term_string"}}],"inLanguage":"tr"},{"@type":"Person","@id":"https:\/\/netbakis.net\/#\/schema\/person\/5d9b5c3f48ca4a3c69967d619fc8c7f4","name":"netbakis.net","image":{"@type":"ImageObject","inLanguage":"tr","@id":"https:\/\/netbakis.net\/#\/schema\/person\/image\/","url":"https:\/\/secure.gravatar.com\/avatar\/4ddeae49d2d3e3568a8d5b0937642efdf0b72468dbe3f213bc1978faa47af0d1?s=96&d=wp_user_avatar&r=g","contentUrl":"https:\/\/secure.gravatar.com\/avatar\/4ddeae49d2d3e3568a8d5b0937642efdf0b72468dbe3f213bc1978faa47af0d1?s=96&d=wp_user_avatar&r=g","caption":"netbakis.net"},"sameAs":["https:\/\/netbakis.net"],"url":"https:\/\/netbakis.net\/tr\/author\/netbakis-net\/"}]}},"jetpack_publicize_connections":[],"_links":{"self":[{"href":"https:\/\/netbakis.net\/tr\/wp-json\/wp\/v2\/posts\/41795","targetHints":{"allow":["GET"]}}],"collection":[{"href":"https:\/\/netbakis.net\/tr\/wp-json\/wp\/v2\/posts"}],"about":[{"href":"https:\/\/netbakis.net\/tr\/wp-json\/wp\/v2\/types\/post"}],"author":[{"embeddable":true,"href":"https:\/\/netbakis.net\/tr\/wp-json\/wp\/v2\/users\/1"}],"replies":[{"embeddable":true,"href":"https:\/\/netbakis.net\/tr\/wp-json\/wp\/v2\/comments?post=41795"}],"version-history":[{"count":1,"href":"https:\/\/netbakis.net\/tr\/wp-json\/wp\/v2\/posts\/41795\/revisions"}],"predecessor-version":[{"id":41797,"href":"https:\/\/netbakis.net\/tr\/wp-json\/wp\/v2\/posts\/41795\/revisions\/41797"}],"wp:featuredmedia":[{"embeddable":true,"href":"https:\/\/netbakis.net\/tr\/wp-json\/wp\/v2\/media\/41796"}],"wp:attachment":[{"href":"https:\/\/netbakis.net\/tr\/wp-json\/wp\/v2\/media?parent=41795"}],"wp:term":[{"taxonomy":"category","embeddable":true,"href":"https:\/\/netbakis.net\/tr\/wp-json\/wp\/v2\/categories?post=41795"},{"taxonomy":"post_tag","embeddable":true,"href":"https:\/\/netbakis.net\/tr\/wp-json\/wp\/v2\/tags?post=41795"}],"curies":[{"name":"wp","href":"https:\/\/api.w.org\/{rel}","templated":true}]}}