{"id":41792,"date":"2026-09-04T17:39:59","date_gmt":"2026-09-04T17:39:59","guid":{"rendered":"https:\/\/netbakis.net\/?p=41792"},"modified":"2026-09-04T17:40:01","modified_gmt":"2026-09-04T17:40:01","slug":"tosunoglu-bakanlik-ustlenmeyecegim-nisap-krizi-yaratmayacagim","status":"publish","type":"post","link":"https:\/\/netbakis.net\/tr\/41792\/","title":{"rendered":"Tosuno\u011flu: Bakanl\u0131k \u00fcstlenmeyece\u011fim, nisap krizi yaratmayaca\u011f\u0131m"},"content":{"rendered":"<p class=\"wp-block-paragraph\">Milletvekili Hasan Tosuno\u011flu, deniz facias\u0131n\u0131n ard\u0131ndan g\u00fcndeme gelen \u201ckilit milletvekili\u201d ve olas\u0131 bakanl\u0131k iddialar\u0131n\u0131 reddederek, Meclis\u2019te nisap krizi yaratmayaca\u011f\u0131n\u0131 ve bu d\u00f6nemde bakanl\u0131k \u00fcstlenmeyece\u011fini a\u00e7\u0131klad\u0131.<br><br>Milletvekili Hasan Tosuno\u011flu, deniz facias\u0131n\u0131n ard\u0131ndan Meclis\u2019te olu\u015fabilecek yeni siyasi dengeler \u00fczerinden ad\u0131n\u0131n \u201ckilit milletvekili\u201d ve olas\u0131 bakanl\u0131k senaryolar\u0131yla an\u0131lmas\u0131na tepki g\u00f6sterdi. Tosuno\u011flu, \u201cBu d\u00f6nemde bakanl\u0131k \u00fcstlenme gibi bir tercihim kesinlikle olmayacakt\u0131r. Meclis\u2019te \u2018kilit\u2019 kaprisiyle hareket etmem, nisap krizleri yaratmam da asla s\u00f6z konusu olmayacakt\u0131r\u201d dedi.<\/p>\n\n\n\n<p class=\"wp-block-paragraph\">Milletvekili Hasan Tosuno\u011flu, Girne a\u00e7\u0131klar\u0131nda meydana gelen deniz facias\u0131n\u0131n ard\u0131ndan yapt\u0131\u011f\u0131 a\u00e7\u0131klamada, \u00fclkenin g\u00fcndeminin Meclis aritmeti\u011fi ve olas\u0131 h\u00fck\u00fcmet senaryolar\u0131 yerine facian\u0131n t\u00fcm y\u00f6nleriyle ayd\u0131nlat\u0131lmas\u0131 ve kay\u0131plar\u0131n bulunmas\u0131na odaklanmas\u0131 gerekti\u011fini s\u00f6yledi.<\/p>\n\n\n\n<p class=\"wp-block-paragraph\">Facian\u0131n \u00fclkenin i\u015f yapma bi\u00e7iminin yeniden sorgulanmas\u0131n\u0131 zorunlu hale getirdi\u011fini belirten Tosuno\u011flu, kurall\u0131 ve disiplinli bir y\u00f6netim anlay\u0131\u015f\u0131n\u0131n, \u00f6zellikle insan hayat\u0131n\u0131 ilgilendiren konularda tavizsiz bi\u00e7imde uygulanmas\u0131 gerekti\u011fini vurgulad\u0131.<\/p>\n\n\n\n<p class=\"wp-block-paragraph\">Tosuno\u011flu, \u201cDevletimizdeki her kurum bu olaydan pay\u0131na d\u00fc\u015fen dersi \u00e7\u0131karmal\u0131d\u0131r\u201d diyerek, siyasetin g\u00f6revinin polemiklerle vakit ge\u00e7irmek de\u011fil, benzer ac\u0131lar\u0131n yeniden ya\u015fanmamas\u0131 i\u00e7in gerekli ad\u0131mlar\u0131 atmak oldu\u011funu kaydetti.<\/p>\n\n\n\n<p class=\"wp-block-paragraph\">Deniz facias\u0131n\u0131n b\u00fct\u00fcn boyutlar\u0131yla ara\u015ft\u0131r\u0131lmas\u0131 ve soru\u015fturulmas\u0131n\u0131n b\u00fcy\u00fck \u00f6nem ta\u015f\u0131d\u0131\u011f\u0131n\u0131 ifade eden Tosuno\u011flu, iktidar ve muhalefetin ac\u0131l\u0131 ailelerin yaralar\u0131n\u0131n sar\u0131lmas\u0131 ve olay\u0131n ayd\u0131nlat\u0131lmas\u0131 konusunda birlikte hareket etmesi gerekti\u011fini belirtti.<\/p>\n\n\n\n<p class=\"wp-block-paragraph\">Yakla\u015fan se\u00e7imlere de i\u015faret eden Tosuno\u011flu, siyasi hesapla\u015fman\u0131n zaman\u0131n\u0131n se\u00e7im oldu\u011funu belirterek, \u201cZaten yak\u0131n bir zamanda se\u00e7im vard\u0131r. Kozlar orada payla\u015f\u0131l\u0131r\u201d ifadelerini kulland\u0131.<\/p>\n\n\n\n<p class=\"wp-block-paragraph\">\u201cK\u0130L\u0130T M\u0130LLETVEK\u0130L\u0130\u201d TARTI\u015eMALARINA YANIT<\/p>\n\n\n\n<p class=\"wp-block-paragraph\">Tosuno\u011flu, medyada kendisiyle ilgili \u201cHasan Tosuno\u011flu kilit milletvekili\u201d, \u201cH\u00fck\u00fcmeti d\u00fc\u015f\u00fcrecek mi?\u201d ve \u201cYeni bakan Tosuno\u011flu mu?\u201d \u015feklindeki yay\u0131nlar\u0131 da de\u011ferlendirdi.<\/p>\n\n\n\n<p class=\"wp-block-paragraph\">Meclis\u2019te b\u00f6ylesi bir d\u00f6nemde siyasi avantaj elde etmeye \u00e7al\u0131\u015facak bir milletvekili oldu\u011funu d\u00fc\u015f\u00fcnmedi\u011fini ifade eden Tosuno\u011flu, yak\u0131n zamanda se\u00e7im yap\u0131lacakken Meclis dengeleri \u00fczerinden y\u00fcr\u00fct\u00fclecek giri\u015fimleri \u201csa\u00e7ma, yarars\u0131z ve ahlaki olmayan\u201d \u00e7abalar olarak nitelendirdi.<\/p>\n\n\n\n<p class=\"wp-block-paragraph\">Meclis\u2019in \u00fclkeyi se\u00e7ime g\u00f6t\u00fcrecek olgunlukla hareket etmesi gerekti\u011fini kaydeden Tosuno\u011flu, zamans\u0131z siyasi \u00e7eki\u015fmelerden uzak durulmas\u0131 \u00e7a\u011fr\u0131s\u0131nda bulundu.<\/p>\n\n\n\n<p class=\"wp-block-paragraph\">Hakk\u0131ndaki spek\u00fclasyonlara son vermek amac\u0131yla tutumunu a\u00e7\u0131k\u00e7a ortaya koydu\u011funu belirten Tosuno\u011flu \u015f\u00f6yle devam etti:<\/p>\n\n\n\n<p class=\"wp-block-paragraph\">\u201cBu d\u00f6nemde bakanl\u0131k \u00fcstlenme gibi bir tercihim kesinlikle olmayacakt\u0131r. Meclis\u2019te \u2018kilit\u2019 kaprisiyle hareket etmem, nisap krizleri yaratmam da asla s\u00f6z konusu olmayacakt\u0131r. Ben siyaset\u00e7inin \u2018kilit\u2019 de\u011fil \u2018anahtar\u2019 olmas\u0131 gerekti\u011fine inan\u0131yorum.\u201d<\/p>\n\n\n\n<p class=\"wp-block-paragraph\">Tosuno\u011flu, kamuoyunun g\u00fcndeminin bu tart\u0131\u015fmalarla daha fazla me\u015fgul edilmemesi gerekti\u011fini belirterek a\u00e7\u0131klamas\u0131n\u0131, \u201cL\u00fctfen hepimiz esas g\u00fcndeme odaklanal\u0131m\u201d \u00e7a\u011fr\u0131s\u0131yla tamamlad\u0131.<\/p>","protected":false},"excerpt":{"rendered":"<p>Milletvekili Hasan Tosuno\u011flu, deniz facias\u0131n\u0131n ard\u0131ndan g\u00fcndeme gelen \u201ckilit milletvekili\u201d ve olas\u0131 bakanl\u0131k iddialar\u0131n\u0131 reddederek, Meclis\u2019te nisap krizi yaratmayaca\u011f\u0131n\u0131 ve bu d\u00f6nemde bakanl\u0131k \u00fcstlenmeyece\u011fini a\u00e7\u0131klad\u0131. Milletvekili Hasan Tosuno\u011flu, deniz facias\u0131n\u0131n ard\u0131ndan Meclis\u2019te olu\u015fabilecek yeni siyasi dengeler \u00fczerinden ad\u0131n\u0131n \u201ckilit milletvekili\u201d ve olas\u0131 bakanl\u0131k senaryolar\u0131yla an\u0131lmas\u0131na tepki g\u00f6sterdi. Tosuno\u011flu, \u201cBu d\u00f6nemde bakanl\u0131k \u00fcstlenme gibi bir tercihim [&hellip;]<\/p>","protected":false},"author":1,"featured_media":41793,"comment_status":"open","ping_status":"open","sticky":false,"template":"","format":"standard","meta":{"om_disable_all_campaigns":false,"_monsterinsights_skip_tracking":false,"_monsterinsights_sitenote_active":false,"_monsterinsights_sitenote_note":"","_monsterinsights_sitenote_category":0,"_uf_show_specific_survey":0,"_uf_disable_surveys":false,"footnotes":"","jetpack_publicize_message":"","jetpack_publicize_feature_enabled":true,"jetpack_social_post_already_shared":true,"jetpack_social_options":{"image_generator_settings":{"template":"highway","default_image_id":0,"font":"","enabled":false},"version":2}},"categories":[81],"tags":[],"class_list":["post-41792","post","type-post","status-publish","format-standard","has-post-thumbnail","category-gundem"],"yoast_head":"<!-- This site is optimized with the Yoast SEO plugin v23.8 - https:\/\/yoast.com\/wordpress\/plugins\/seo\/ -->\n<title>Tosuno\u011flu: Bakanl\u0131k \u00fcstlenmeyece\u011fim, nisap krizi yaratmayaca\u011f\u0131m - NETBAKIS<\/title>\n<meta name=\"robots\" content=\"index, follow, max-snippet:-1, max-image-preview:large, max-video-preview:-1\" \/>\n<link rel=\"canonical\" href=\"https:\/\/netbakis.net\/tr\/41792\/\" \/>\n<meta property=\"og:locale\" content=\"tr_TR\" \/>\n<meta property=\"og:type\" content=\"article\" \/>\n<meta property=\"og:title\" content=\"Tosuno\u011flu: Bakanl\u0131k \u00fcstlenmeyece\u011fim, nisap krizi yaratmayaca\u011f\u0131m - NETBAKIS\" \/>\n<meta property=\"og:description\" content=\"Milletvekili Hasan Tosuno\u011flu, deniz facias\u0131n\u0131n ard\u0131ndan g\u00fcndeme gelen \u201ckilit milletvekili\u201d ve olas\u0131 bakanl\u0131k iddialar\u0131n\u0131 reddederek, Meclis\u2019te nisap krizi yaratmayaca\u011f\u0131n\u0131 ve bu d\u00f6nemde bakanl\u0131k \u00fcstlenmeyece\u011fini a\u00e7\u0131klad\u0131. Milletvekili Hasan Tosuno\u011flu, deniz facias\u0131n\u0131n ard\u0131ndan Meclis\u2019te olu\u015fabilecek yeni siyasi dengeler \u00fczerinden ad\u0131n\u0131n \u201ckilit milletvekili\u201d ve olas\u0131 bakanl\u0131k senaryolar\u0131yla an\u0131lmas\u0131na tepki g\u00f6sterdi. Tosuno\u011flu, \u201cBu d\u00f6nemde bakanl\u0131k \u00fcstlenme gibi bir tercihim [&hellip;]\" \/>\n<meta property=\"og:url\" content=\"https:\/\/netbakis.net\/tr\/41792\/\" \/>\n<meta property=\"og:site_name\" content=\"NETBAKIS\" \/>\n<meta property=\"article:published_time\" content=\"2026-09-04T17:39:59+00:00\" \/>\n<meta property=\"article:modified_time\" content=\"2026-09-04T17:40:01+00:00\" \/>\n<meta property=\"og:image\" content=\"https:\/\/netbakis.net\/wp-content\/uploads\/2026\/09\/v2yeniproje4_1774465663.webp\" \/>\n\t<meta property=\"og:image:width\" content=\"971\" \/>\n\t<meta property=\"og:image:height\" content=\"551\" \/>\n\t<meta property=\"og:image:type\" content=\"image\/webp\" \/>\n<meta name=\"author\" content=\"netbakis.net\" \/>\n<meta name=\"twitter:card\" content=\"summary_large_image\" \/>\n<meta name=\"twitter:label1\" content=\"Yazan:\" \/>\n\t<meta name=\"twitter:data1\" content=\"netbakis.net\" \/>\n\t<meta name=\"twitter:label2\" content=\"Tahmini okuma s\u00fcresi\" \/>\n\t<meta name=\"twitter:data2\" content=\"2 dakika\" \/>\n<script type=\"application\/ld+json\" class=\"yoast-schema-graph\">{\"@context\":\"https:\/\/schema.org\",\"@graph\":[{\"@type\":\"WebPage\",\"@id\":\"https:\/\/netbakis.net\/41792\/\",\"url\":\"https:\/\/netbakis.net\/41792\/\",\"name\":\"Tosuno\u011flu: Bakanl\u0131k \u00fcstlenmeyece\u011fim, nisap krizi yaratmayaca\u011f\u0131m - NETBAKIS\",\"isPartOf\":{\"@id\":\"https:\/\/netbakis.net\/#website\"},\"primaryImageOfPage\":{\"@id\":\"https:\/\/netbakis.net\/41792\/#primaryimage\"},\"image\":{\"@id\":\"https:\/\/netbakis.net\/41792\/#primaryimage\"},\"thumbnailUrl\":\"https:\/\/netbakis.net\/wp-content\/uploads\/2026\/09\/v2yeniproje4_1774465663.webp\",\"datePublished\":\"2026-09-04T17:39:59+00:00\",\"dateModified\":\"2026-09-04T17:40:01+00:00\",\"author\":{\"@id\":\"https:\/\/netbakis.net\/#\/schema\/person\/5d9b5c3f48ca4a3c69967d619fc8c7f4\"},\"breadcrumb\":{\"@id\":\"https:\/\/netbakis.net\/41792\/#breadcrumb\"},\"inLanguage\":\"tr\",\"potentialAction\":[{\"@type\":\"ReadAction\",\"target\":[\"https:\/\/netbakis.net\/41792\/\"]}]},{\"@type\":\"ImageObject\",\"inLanguage\":\"tr\",\"@id\":\"https:\/\/netbakis.net\/41792\/#primaryimage\",\"url\":\"https:\/\/netbakis.net\/wp-content\/uploads\/2026\/09\/v2yeniproje4_1774465663.webp\",\"contentUrl\":\"https:\/\/netbakis.net\/wp-content\/uploads\/2026\/09\/v2yeniproje4_1774465663.webp\",\"width\":971,\"height\":551},{\"@type\":\"BreadcrumbList\",\"@id\":\"https:\/\/netbakis.net\/41792\/#breadcrumb\",\"itemListElement\":[{\"@type\":\"ListItem\",\"position\":1,\"name\":\"Home\",\"item\":\"https:\/\/netbakis.net\/\"},{\"@type\":\"ListItem\",\"position\":2,\"name\":\"Tosuno\u011flu: Bakanl\u0131k \u00fcstlenmeyece\u011fim, nisap krizi yaratmayaca\u011f\u0131m\"}]},{\"@type\":\"WebSite\",\"@id\":\"https:\/\/netbakis.net\/#website\",\"url\":\"https:\/\/netbakis.net\/\",\"name\":\"NETBAKIS\",\"description\":\"SON DAKIKA\",\"potentialAction\":[{\"@type\":\"SearchAction\",\"target\":{\"@type\":\"EntryPoint\",\"urlTemplate\":\"https:\/\/netbakis.net\/?s={search_term_string}\"},\"query-input\":{\"@type\":\"PropertyValueSpecification\",\"valueRequired\":true,\"valueName\":\"search_term_string\"}}],\"inLanguage\":\"tr\"},{\"@type\":\"Person\",\"@id\":\"https:\/\/netbakis.net\/#\/schema\/person\/5d9b5c3f48ca4a3c69967d619fc8c7f4\",\"name\":\"netbakis.net\",\"image\":{\"@type\":\"ImageObject\",\"inLanguage\":\"tr\",\"@id\":\"https:\/\/netbakis.net\/#\/schema\/person\/image\/\",\"url\":\"https:\/\/secure.gravatar.com\/avatar\/4ddeae49d2d3e3568a8d5b0937642efdf0b72468dbe3f213bc1978faa47af0d1?s=96&d=wp_user_avatar&r=g\",\"contentUrl\":\"https:\/\/secure.gravatar.com\/avatar\/4ddeae49d2d3e3568a8d5b0937642efdf0b72468dbe3f213bc1978faa47af0d1?s=96&d=wp_user_avatar&r=g\",\"caption\":\"netbakis.net\"},\"sameAs\":[\"https:\/\/netbakis.net\"],\"url\":\"https:\/\/netbakis.net\/tr\/author\/netbakis-net\/\"}]}<\/script>\n<!-- \/ Yoast SEO plugin. -->","yoast_head_json":{"title":"Tosuno\u011flu: Bakanl\u0131k \u00fcstlenmeyece\u011fim, nisap krizi yaratmayaca\u011f\u0131m - NETBAKIS","robots":{"index":"index","follow":"follow","max-snippet":"max-snippet:-1","max-image-preview":"max-image-preview:large","max-video-preview":"max-video-preview:-1"},"canonical":"https:\/\/netbakis.net\/tr\/41792\/","og_locale":"tr_TR","og_type":"article","og_title":"Tosuno\u011flu: Bakanl\u0131k \u00fcstlenmeyece\u011fim, nisap krizi yaratmayaca\u011f\u0131m - NETBAKIS","og_description":"Milletvekili Hasan Tosuno\u011flu, deniz facias\u0131n\u0131n ard\u0131ndan g\u00fcndeme gelen \u201ckilit milletvekili\u201d ve olas\u0131 bakanl\u0131k iddialar\u0131n\u0131 reddederek, Meclis\u2019te nisap krizi yaratmayaca\u011f\u0131n\u0131 ve bu d\u00f6nemde bakanl\u0131k \u00fcstlenmeyece\u011fini a\u00e7\u0131klad\u0131. Milletvekili Hasan Tosuno\u011flu, deniz facias\u0131n\u0131n ard\u0131ndan Meclis\u2019te olu\u015fabilecek yeni siyasi dengeler \u00fczerinden ad\u0131n\u0131n \u201ckilit milletvekili\u201d ve olas\u0131 bakanl\u0131k senaryolar\u0131yla an\u0131lmas\u0131na tepki g\u00f6sterdi. Tosuno\u011flu, \u201cBu d\u00f6nemde bakanl\u0131k \u00fcstlenme gibi bir tercihim [&hellip;]","og_url":"https:\/\/netbakis.net\/tr\/41792\/","og_site_name":"NETBAKIS","article_published_time":"2026-09-04T17:39:59+00:00","article_modified_time":"2026-09-04T17:40:01+00:00","og_image":[{"width":971,"height":551,"url":"https:\/\/netbakis.net\/wp-content\/uploads\/2026\/09\/v2yeniproje4_1774465663.webp","type":"image\/webp"}],"author":"netbakis.net","twitter_card":"summary_large_image","twitter_misc":{"Yazan:":"netbakis.net","Tahmini okuma s\u00fcresi":"2 dakika"},"schema":{"@context":"https:\/\/schema.org","@graph":[{"@type":"WebPage","@id":"https:\/\/netbakis.net\/41792\/","url":"https:\/\/netbakis.net\/41792\/","name":"Tosuno\u011flu: Bakanl\u0131k \u00fcstlenmeyece\u011fim, nisap krizi yaratmayaca\u011f\u0131m - NETBAKIS","isPartOf":{"@id":"https:\/\/netbakis.net\/#website"},"primaryImageOfPage":{"@id":"https:\/\/netbakis.net\/41792\/#primaryimage"},"image":{"@id":"https:\/\/netbakis.net\/41792\/#primaryimage"},"thumbnailUrl":"https:\/\/netbakis.net\/wp-content\/uploads\/2026\/09\/v2yeniproje4_1774465663.webp","datePublished":"2026-09-04T17:39:59+00:00","dateModified":"2026-09-04T17:40:01+00:00","author":{"@id":"https:\/\/netbakis.net\/#\/schema\/person\/5d9b5c3f48ca4a3c69967d619fc8c7f4"},"breadcrumb":{"@id":"https:\/\/netbakis.net\/41792\/#breadcrumb"},"inLanguage":"tr","potentialAction":[{"@type":"ReadAction","target":["https:\/\/netbakis.net\/41792\/"]}]},{"@type":"ImageObject","inLanguage":"tr","@id":"https:\/\/netbakis.net\/41792\/#primaryimage","url":"https:\/\/netbakis.net\/wp-content\/uploads\/2026\/09\/v2yeniproje4_1774465663.webp","contentUrl":"https:\/\/netbakis.net\/wp-content\/uploads\/2026\/09\/v2yeniproje4_1774465663.webp","width":971,"height":551},{"@type":"BreadcrumbList","@id":"https:\/\/netbakis.net\/41792\/#breadcrumb","itemListElement":[{"@type":"ListItem","position":1,"name":"Home","item":"https:\/\/netbakis.net\/"},{"@type":"ListItem","position":2,"name":"Tosuno\u011flu: Bakanl\u0131k \u00fcstlenmeyece\u011fim, nisap krizi yaratmayaca\u011f\u0131m"}]},{"@type":"WebSite","@id":"https:\/\/netbakis.net\/#website","url":"https:\/\/netbakis.net\/","name":"NETBAKIS","description":"SON DAKIKA","potentialAction":[{"@type":"SearchAction","target":{"@type":"EntryPoint","urlTemplate":"https:\/\/netbakis.net\/?s={search_term_string}"},"query-input":{"@type":"PropertyValueSpecification","valueRequired":true,"valueName":"search_term_string"}}],"inLanguage":"tr"},{"@type":"Person","@id":"https:\/\/netbakis.net\/#\/schema\/person\/5d9b5c3f48ca4a3c69967d619fc8c7f4","name":"netbakis.net","image":{"@type":"ImageObject","inLanguage":"tr","@id":"https:\/\/netbakis.net\/#\/schema\/person\/image\/","url":"https:\/\/secure.gravatar.com\/avatar\/4ddeae49d2d3e3568a8d5b0937642efdf0b72468dbe3f213bc1978faa47af0d1?s=96&d=wp_user_avatar&r=g","contentUrl":"https:\/\/secure.gravatar.com\/avatar\/4ddeae49d2d3e3568a8d5b0937642efdf0b72468dbe3f213bc1978faa47af0d1?s=96&d=wp_user_avatar&r=g","caption":"netbakis.net"},"sameAs":["https:\/\/netbakis.net"],"url":"https:\/\/netbakis.net\/tr\/author\/netbakis-net\/"}]}},"jetpack_publicize_connections":[],"_links":{"self":[{"href":"https:\/\/netbakis.net\/tr\/wp-json\/wp\/v2\/posts\/41792","targetHints":{"allow":["GET"]}}],"collection":[{"href":"https:\/\/netbakis.net\/tr\/wp-json\/wp\/v2\/posts"}],"about":[{"href":"https:\/\/netbakis.net\/tr\/wp-json\/wp\/v2\/types\/post"}],"author":[{"embeddable":true,"href":"https:\/\/netbakis.net\/tr\/wp-json\/wp\/v2\/users\/1"}],"replies":[{"embeddable":true,"href":"https:\/\/netbakis.net\/tr\/wp-json\/wp\/v2\/comments?post=41792"}],"version-history":[{"count":1,"href":"https:\/\/netbakis.net\/tr\/wp-json\/wp\/v2\/posts\/41792\/revisions"}],"predecessor-version":[{"id":41794,"href":"https:\/\/netbakis.net\/tr\/wp-json\/wp\/v2\/posts\/41792\/revisions\/41794"}],"wp:featuredmedia":[{"embeddable":true,"href":"https:\/\/netbakis.net\/tr\/wp-json\/wp\/v2\/media\/41793"}],"wp:attachment":[{"href":"https:\/\/netbakis.net\/tr\/wp-json\/wp\/v2\/media?parent=41792"}],"wp:term":[{"taxonomy":"category","embeddable":true,"href":"https:\/\/netbakis.net\/tr\/wp-json\/wp\/v2\/categories?post=41792"},{"taxonomy":"post_tag","embeddable":true,"href":"https:\/\/netbakis.net\/tr\/wp-json\/wp\/v2\/tags?post=41792"}],"curies":[{"name":"wp","href":"https:\/\/api.w.org\/{rel}","templated":true}]}}