{"id":41789,"date":"2026-09-04T17:39:14","date_gmt":"2026-09-04T17:39:14","guid":{"rendered":"https:\/\/netbakis.net\/?p=41789"},"modified":"2026-09-04T17:39:17","modified_gmt":"2026-09-04T17:39:17","slug":"gemi-faciasinda-hayatini-kaybeden-ismail-kurt-son-yolculuguna-ugurlandi","status":"publish","type":"post","link":"https:\/\/netbakis.net\/tr\/41789\/","title":{"rendered":"Gemi facias\u0131nda hayat\u0131n\u0131 kaybeden \u0130smail Kurt son yolculu\u011funa u\u011furland\u0131"},"content":{"rendered":"<p class=\"wp-block-paragraph\">Girne a\u00e7\u0131klar\u0131ndaki alabora olarak batan Filo Jet facias\u0131nda hayat\u0131n\u0131 kaybeden \u0130smail Kurt, \u0130smail Safa Camii\u2019nde k\u0131l\u0131nan cenaze namaz\u0131n\u0131n ard\u0131ndan Lefko\u015fa Mezarl\u0131\u011f\u0131\u2019nda topra\u011fa verildi. Cenaze t\u00f6renine \u00e7ok say\u0131da siyaset\u00e7i, ailesi ve sevenleri kat\u0131ld\u0131.<br><br>Girne a\u00e7\u0131klar\u0131ndaki alabora olarak batan Filo Jet facias\u0131nda hayat\u0131n\u0131 kaybeden \u0130smail Kurt son yolculu\u011funa u\u011furland\u0131.<\/p>\n\n\n\n<p class=\"wp-block-paragraph\">Kurt&#8217;un naa\u015f\u0131 saat 13.00&#8217;te \u0130smail Safa camiinde k\u0131l\u0131nan cenaze namaz\u0131n\u0131n ard\u0131ndan Lefko\u015fa Mezarl\u0131\u011f\u0131&#8217;nda topra\u011fa verildi. Cenaze t\u00f6reni s\u0131ras\u0131nda Kurt&#8217;un ailesi ve yak\u0131nlar\u0131ndan fenala\u015fanlara sa\u011fl\u0131k ekipleri m\u00fcdahale etti.<\/p>\n\n\n\n<p class=\"wp-block-paragraph\">T\u00f6rene, Cumhurba\u015fkan\u0131 Tufan Erh\u00fcrman&#8217;\u0131n yan\u0131 s\u0131ra, Ba\u015fbakan \u00dcnal \u00dcstel, Ana Muhalefet CTP Genel Ba\u015fkan\u0131 S\u0131la Usar \u0130ncirli, baz\u0131 bakanlar, milletvekilleri, belediye ba\u015fkanlar\u0131 ile Kurt&#8217;un ailesi ve sevenleri kat\u0131ld\u0131.<\/p>","protected":false},"excerpt":{"rendered":"<p>Girne a\u00e7\u0131klar\u0131ndaki alabora olarak batan Filo Jet facias\u0131nda hayat\u0131n\u0131 kaybeden \u0130smail Kurt, \u0130smail Safa Camii\u2019nde k\u0131l\u0131nan cenaze namaz\u0131n\u0131n ard\u0131ndan Lefko\u015fa Mezarl\u0131\u011f\u0131\u2019nda topra\u011fa verildi. Cenaze t\u00f6renine \u00e7ok say\u0131da siyaset\u00e7i, ailesi ve sevenleri kat\u0131ld\u0131. Girne a\u00e7\u0131klar\u0131ndaki alabora olarak batan Filo Jet facias\u0131nda hayat\u0131n\u0131 kaybeden \u0130smail Kurt son yolculu\u011funa u\u011furland\u0131. Kurt&#8217;un naa\u015f\u0131 saat 13.00&#8217;te \u0130smail Safa camiinde k\u0131l\u0131nan [&hellip;]<\/p>","protected":false},"author":1,"featured_media":41790,"comment_status":"open","ping_status":"open","sticky":false,"template":"","format":"standard","meta":{"om_disable_all_campaigns":false,"_monsterinsights_skip_tracking":false,"_monsterinsights_sitenote_active":false,"_monsterinsights_sitenote_note":"","_monsterinsights_sitenote_category":0,"_uf_show_specific_survey":0,"_uf_disable_surveys":false,"footnotes":"","jetpack_publicize_message":"","jetpack_publicize_feature_enabled":true,"jetpack_social_post_already_shared":true,"jetpack_social_options":{"image_generator_settings":{"template":"highway","default_image_id":0,"font":"","enabled":false},"version":2}},"categories":[81],"tags":[],"class_list":["post-41789","post","type-post","status-publish","format-standard","has-post-thumbnail","category-gundem"],"yoast_head":"<!-- This site is optimized with the Yoast SEO plugin v23.8 - https:\/\/yoast.com\/wordpress\/plugins\/seo\/ -->\n<title>Gemi facias\u0131nda hayat\u0131n\u0131 kaybeden \u0130smail Kurt son yolculu\u011funa u\u011furland\u0131 - NETBAKIS<\/title>\n<meta name=\"robots\" content=\"index, follow, max-snippet:-1, max-image-preview:large, max-video-preview:-1\" \/>\n<link rel=\"canonical\" href=\"https:\/\/netbakis.net\/tr\/41789\/\" \/>\n<meta property=\"og:locale\" content=\"tr_TR\" \/>\n<meta property=\"og:type\" content=\"article\" \/>\n<meta property=\"og:title\" content=\"Gemi facias\u0131nda hayat\u0131n\u0131 kaybeden \u0130smail Kurt son yolculu\u011funa u\u011furland\u0131 - NETBAKIS\" \/>\n<meta property=\"og:description\" content=\"Girne a\u00e7\u0131klar\u0131ndaki alabora olarak batan Filo Jet facias\u0131nda hayat\u0131n\u0131 kaybeden \u0130smail Kurt, \u0130smail Safa Camii\u2019nde k\u0131l\u0131nan cenaze namaz\u0131n\u0131n ard\u0131ndan Lefko\u015fa Mezarl\u0131\u011f\u0131\u2019nda topra\u011fa verildi. Cenaze t\u00f6renine \u00e7ok say\u0131da siyaset\u00e7i, ailesi ve sevenleri kat\u0131ld\u0131. Girne a\u00e7\u0131klar\u0131ndaki alabora olarak batan Filo Jet facias\u0131nda hayat\u0131n\u0131 kaybeden \u0130smail Kurt son yolculu\u011funa u\u011furland\u0131. Kurt&#8217;un naa\u015f\u0131 saat 13.00&#8217;te \u0130smail Safa camiinde k\u0131l\u0131nan [&hellip;]\" \/>\n<meta property=\"og:url\" content=\"https:\/\/netbakis.net\/tr\/41789\/\" \/>\n<meta property=\"og:site_name\" content=\"NETBAKIS\" \/>\n<meta property=\"article:published_time\" content=\"2026-09-04T17:39:14+00:00\" \/>\n<meta property=\"article:modified_time\" content=\"2026-09-04T17:39:17+00:00\" \/>\n<meta property=\"og:image\" content=\"https:\/\/netbakis.net\/wp-content\/uploads\/2026\/09\/v2normalhaberboyutuablonsuzkopyas-2026-09-04t150839110_1788524258.webp\" \/>\n\t<meta property=\"og:image:width\" content=\"971\" \/>\n\t<meta property=\"og:image:height\" content=\"551\" \/>\n\t<meta property=\"og:image:type\" content=\"image\/webp\" \/>\n<meta name=\"author\" content=\"netbakis.net\" \/>\n<meta name=\"twitter:card\" content=\"summary_large_image\" \/>\n<meta name=\"twitter:label1\" content=\"Yazan:\" \/>\n\t<meta name=\"twitter:data1\" content=\"netbakis.net\" \/>\n\t<meta name=\"twitter:label2\" content=\"Tahmini okuma s\u00fcresi\" \/>\n\t<meta name=\"twitter:data2\" content=\"1 dakika\" \/>\n<script type=\"application\/ld+json\" class=\"yoast-schema-graph\">{\"@context\":\"https:\/\/schema.org\",\"@graph\":[{\"@type\":\"WebPage\",\"@id\":\"https:\/\/netbakis.net\/41789\/\",\"url\":\"https:\/\/netbakis.net\/41789\/\",\"name\":\"Gemi facias\u0131nda hayat\u0131n\u0131 kaybeden \u0130smail Kurt son yolculu\u011funa u\u011furland\u0131 - NETBAKIS\",\"isPartOf\":{\"@id\":\"https:\/\/netbakis.net\/#website\"},\"primaryImageOfPage\":{\"@id\":\"https:\/\/netbakis.net\/41789\/#primaryimage\"},\"image\":{\"@id\":\"https:\/\/netbakis.net\/41789\/#primaryimage\"},\"thumbnailUrl\":\"https:\/\/netbakis.net\/wp-content\/uploads\/2026\/09\/v2normalhaberboyutuablonsuzkopyas-2026-09-04t150839110_1788524258.webp\",\"datePublished\":\"2026-09-04T17:39:14+00:00\",\"dateModified\":\"2026-09-04T17:39:17+00:00\",\"author\":{\"@id\":\"https:\/\/netbakis.net\/#\/schema\/person\/5d9b5c3f48ca4a3c69967d619fc8c7f4\"},\"breadcrumb\":{\"@id\":\"https:\/\/netbakis.net\/41789\/#breadcrumb\"},\"inLanguage\":\"tr\",\"potentialAction\":[{\"@type\":\"ReadAction\",\"target\":[\"https:\/\/netbakis.net\/41789\/\"]}]},{\"@type\":\"ImageObject\",\"inLanguage\":\"tr\",\"@id\":\"https:\/\/netbakis.net\/41789\/#primaryimage\",\"url\":\"https:\/\/netbakis.net\/wp-content\/uploads\/2026\/09\/v2normalhaberboyutuablonsuzkopyas-2026-09-04t150839110_1788524258.webp\",\"contentUrl\":\"https:\/\/netbakis.net\/wp-content\/uploads\/2026\/09\/v2normalhaberboyutuablonsuzkopyas-2026-09-04t150839110_1788524258.webp\",\"width\":971,\"height\":551},{\"@type\":\"BreadcrumbList\",\"@id\":\"https:\/\/netbakis.net\/41789\/#breadcrumb\",\"itemListElement\":[{\"@type\":\"ListItem\",\"position\":1,\"name\":\"Home\",\"item\":\"https:\/\/netbakis.net\/\"},{\"@type\":\"ListItem\",\"position\":2,\"name\":\"Gemi facias\u0131nda hayat\u0131n\u0131 kaybeden \u0130smail Kurt son yolculu\u011funa u\u011furland\u0131\"}]},{\"@type\":\"WebSite\",\"@id\":\"https:\/\/netbakis.net\/#website\",\"url\":\"https:\/\/netbakis.net\/\",\"name\":\"NETBAKIS\",\"description\":\"SON DAKIKA\",\"potentialAction\":[{\"@type\":\"SearchAction\",\"target\":{\"@type\":\"EntryPoint\",\"urlTemplate\":\"https:\/\/netbakis.net\/?s={search_term_string}\"},\"query-input\":{\"@type\":\"PropertyValueSpecification\",\"valueRequired\":true,\"valueName\":\"search_term_string\"}}],\"inLanguage\":\"tr\"},{\"@type\":\"Person\",\"@id\":\"https:\/\/netbakis.net\/#\/schema\/person\/5d9b5c3f48ca4a3c69967d619fc8c7f4\",\"name\":\"netbakis.net\",\"image\":{\"@type\":\"ImageObject\",\"inLanguage\":\"tr\",\"@id\":\"https:\/\/netbakis.net\/#\/schema\/person\/image\/\",\"url\":\"https:\/\/secure.gravatar.com\/avatar\/4ddeae49d2d3e3568a8d5b0937642efdf0b72468dbe3f213bc1978faa47af0d1?s=96&d=wp_user_avatar&r=g\",\"contentUrl\":\"https:\/\/secure.gravatar.com\/avatar\/4ddeae49d2d3e3568a8d5b0937642efdf0b72468dbe3f213bc1978faa47af0d1?s=96&d=wp_user_avatar&r=g\",\"caption\":\"netbakis.net\"},\"sameAs\":[\"https:\/\/netbakis.net\"],\"url\":\"https:\/\/netbakis.net\/tr\/author\/netbakis-net\/\"}]}<\/script>\n<!-- \/ Yoast SEO plugin. -->","yoast_head_json":{"title":"Gemi facias\u0131nda hayat\u0131n\u0131 kaybeden \u0130smail Kurt son yolculu\u011funa u\u011furland\u0131 - NETBAKIS","robots":{"index":"index","follow":"follow","max-snippet":"max-snippet:-1","max-image-preview":"max-image-preview:large","max-video-preview":"max-video-preview:-1"},"canonical":"https:\/\/netbakis.net\/tr\/41789\/","og_locale":"tr_TR","og_type":"article","og_title":"Gemi facias\u0131nda hayat\u0131n\u0131 kaybeden \u0130smail Kurt son yolculu\u011funa u\u011furland\u0131 - NETBAKIS","og_description":"Girne a\u00e7\u0131klar\u0131ndaki alabora olarak batan Filo Jet facias\u0131nda hayat\u0131n\u0131 kaybeden \u0130smail Kurt, \u0130smail Safa Camii\u2019nde k\u0131l\u0131nan cenaze namaz\u0131n\u0131n ard\u0131ndan Lefko\u015fa Mezarl\u0131\u011f\u0131\u2019nda topra\u011fa verildi. Cenaze t\u00f6renine \u00e7ok say\u0131da siyaset\u00e7i, ailesi ve sevenleri kat\u0131ld\u0131. Girne a\u00e7\u0131klar\u0131ndaki alabora olarak batan Filo Jet facias\u0131nda hayat\u0131n\u0131 kaybeden \u0130smail Kurt son yolculu\u011funa u\u011furland\u0131. Kurt&#8217;un naa\u015f\u0131 saat 13.00&#8217;te \u0130smail Safa camiinde k\u0131l\u0131nan [&hellip;]","og_url":"https:\/\/netbakis.net\/tr\/41789\/","og_site_name":"NETBAKIS","article_published_time":"2026-09-04T17:39:14+00:00","article_modified_time":"2026-09-04T17:39:17+00:00","og_image":[{"width":971,"height":551,"url":"https:\/\/netbakis.net\/wp-content\/uploads\/2026\/09\/v2normalhaberboyutuablonsuzkopyas-2026-09-04t150839110_1788524258.webp","type":"image\/webp"}],"author":"netbakis.net","twitter_card":"summary_large_image","twitter_misc":{"Yazan:":"netbakis.net","Tahmini okuma s\u00fcresi":"1 dakika"},"schema":{"@context":"https:\/\/schema.org","@graph":[{"@type":"WebPage","@id":"https:\/\/netbakis.net\/41789\/","url":"https:\/\/netbakis.net\/41789\/","name":"Gemi facias\u0131nda hayat\u0131n\u0131 kaybeden \u0130smail Kurt son yolculu\u011funa u\u011furland\u0131 - NETBAKIS","isPartOf":{"@id":"https:\/\/netbakis.net\/#website"},"primaryImageOfPage":{"@id":"https:\/\/netbakis.net\/41789\/#primaryimage"},"image":{"@id":"https:\/\/netbakis.net\/41789\/#primaryimage"},"thumbnailUrl":"https:\/\/netbakis.net\/wp-content\/uploads\/2026\/09\/v2normalhaberboyutuablonsuzkopyas-2026-09-04t150839110_1788524258.webp","datePublished":"2026-09-04T17:39:14+00:00","dateModified":"2026-09-04T17:39:17+00:00","author":{"@id":"https:\/\/netbakis.net\/#\/schema\/person\/5d9b5c3f48ca4a3c69967d619fc8c7f4"},"breadcrumb":{"@id":"https:\/\/netbakis.net\/41789\/#breadcrumb"},"inLanguage":"tr","potentialAction":[{"@type":"ReadAction","target":["https:\/\/netbakis.net\/41789\/"]}]},{"@type":"ImageObject","inLanguage":"tr","@id":"https:\/\/netbakis.net\/41789\/#primaryimage","url":"https:\/\/netbakis.net\/wp-content\/uploads\/2026\/09\/v2normalhaberboyutuablonsuzkopyas-2026-09-04t150839110_1788524258.webp","contentUrl":"https:\/\/netbakis.net\/wp-content\/uploads\/2026\/09\/v2normalhaberboyutuablonsuzkopyas-2026-09-04t150839110_1788524258.webp","width":971,"height":551},{"@type":"BreadcrumbList","@id":"https:\/\/netbakis.net\/41789\/#breadcrumb","itemListElement":[{"@type":"ListItem","position":1,"name":"Home","item":"https:\/\/netbakis.net\/"},{"@type":"ListItem","position":2,"name":"Gemi facias\u0131nda hayat\u0131n\u0131 kaybeden \u0130smail Kurt son yolculu\u011funa u\u011furland\u0131"}]},{"@type":"WebSite","@id":"https:\/\/netbakis.net\/#website","url":"https:\/\/netbakis.net\/","name":"NETBAKIS","description":"SON DAKIKA","potentialAction":[{"@type":"SearchAction","target":{"@type":"EntryPoint","urlTemplate":"https:\/\/netbakis.net\/?s={search_term_string}"},"query-input":{"@type":"PropertyValueSpecification","valueRequired":true,"valueName":"search_term_string"}}],"inLanguage":"tr"},{"@type":"Person","@id":"https:\/\/netbakis.net\/#\/schema\/person\/5d9b5c3f48ca4a3c69967d619fc8c7f4","name":"netbakis.net","image":{"@type":"ImageObject","inLanguage":"tr","@id":"https:\/\/netbakis.net\/#\/schema\/person\/image\/","url":"https:\/\/secure.gravatar.com\/avatar\/4ddeae49d2d3e3568a8d5b0937642efdf0b72468dbe3f213bc1978faa47af0d1?s=96&d=wp_user_avatar&r=g","contentUrl":"https:\/\/secure.gravatar.com\/avatar\/4ddeae49d2d3e3568a8d5b0937642efdf0b72468dbe3f213bc1978faa47af0d1?s=96&d=wp_user_avatar&r=g","caption":"netbakis.net"},"sameAs":["https:\/\/netbakis.net"],"url":"https:\/\/netbakis.net\/tr\/author\/netbakis-net\/"}]}},"jetpack_publicize_connections":[],"_links":{"self":[{"href":"https:\/\/netbakis.net\/tr\/wp-json\/wp\/v2\/posts\/41789","targetHints":{"allow":["GET"]}}],"collection":[{"href":"https:\/\/netbakis.net\/tr\/wp-json\/wp\/v2\/posts"}],"about":[{"href":"https:\/\/netbakis.net\/tr\/wp-json\/wp\/v2\/types\/post"}],"author":[{"embeddable":true,"href":"https:\/\/netbakis.net\/tr\/wp-json\/wp\/v2\/users\/1"}],"replies":[{"embeddable":true,"href":"https:\/\/netbakis.net\/tr\/wp-json\/wp\/v2\/comments?post=41789"}],"version-history":[{"count":1,"href":"https:\/\/netbakis.net\/tr\/wp-json\/wp\/v2\/posts\/41789\/revisions"}],"predecessor-version":[{"id":41791,"href":"https:\/\/netbakis.net\/tr\/wp-json\/wp\/v2\/posts\/41789\/revisions\/41791"}],"wp:featuredmedia":[{"embeddable":true,"href":"https:\/\/netbakis.net\/tr\/wp-json\/wp\/v2\/media\/41790"}],"wp:attachment":[{"href":"https:\/\/netbakis.net\/tr\/wp-json\/wp\/v2\/media?parent=41789"}],"wp:term":[{"taxonomy":"category","embeddable":true,"href":"https:\/\/netbakis.net\/tr\/wp-json\/wp\/v2\/categories?post=41789"},{"taxonomy":"post_tag","embeddable":true,"href":"https:\/\/netbakis.net\/tr\/wp-json\/wp\/v2\/tags?post=41789"}],"curies":[{"name":"wp","href":"https:\/\/api.w.org\/{rel}","templated":true}]}}