{"id":41784,"date":"2026-09-04T17:37:47","date_gmt":"2026-09-04T17:37:47","guid":{"rendered":"https:\/\/netbakis.net\/?p=41784"},"modified":"2026-09-04T17:37:50","modified_gmt":"2026-09-04T17:37:50","slug":"sila-usar-incirli-irade-ortak-olduguna-gore-genel-kurul-olaganustu-toplanmali","status":"publish","type":"post","link":"https:\/\/netbakis.net\/tr\/41784\/","title":{"rendered":"S\u0131la Usar \u0130ncirli: \u0130rade ortak oldu\u011funa g\u00f6re genel kurul ola\u011fan\u00fcst\u00fc toplanmal\u0131"},"content":{"rendered":"<p class=\"wp-block-paragraph\">CTP Genel Ba\u015fkan\u0131 S\u0131la Usar \u0130ncirli, Girne a\u00e7\u0131klar\u0131nda meydana gelen ve can kay\u0131plar\u0131na yol a\u00e7an tekne kazas\u0131n\u0131n t\u00fcm y\u00f6nleriyle ara\u015ft\u0131r\u0131lmas\u0131 amac\u0131yla Meclis Ara\u015ft\u0131rma Komitesi kurulmas\u0131 i\u00e7in \u00f6nerge sunduklar\u0131n\u0131 belirtti. \u0130ncirli, &#8220;Genel Kurul en k\u0131sa s\u00fcrede ola\u011fan\u00fcst\u00fc toplanmal\u0131&#8221; dedi.<br><br>Cumhuriyet\u00e7i T\u00fcrk Partisi (CTP), Girne a\u00e7\u0131klar\u0131nda meydana gelen ve can kay\u0131plar\u0131na yol a\u00e7an tekne kazas\u0131n\u0131n t\u00fcm y\u00f6nleriyle ara\u015ft\u0131r\u0131lmas\u0131, olas\u0131 ihmallerin ve idari sorumluluklar\u0131n ortaya \u00e7\u0131kar\u0131lmas\u0131 amac\u0131yla Meclis Ara\u015ft\u0131rma Komitesi kurulmas\u0131 i\u00e7in \u00f6nerge sundu.<\/p>\n\n\n\n<p class=\"wp-block-paragraph\">CTP Genel Ba\u015fkan\u0131 S\u0131la Usar \u0130ncirli, konuya ili\u015fkin payla\u015f\u0131m\u0131nda, \u00f6nergenin d\u00fcn Meclis Ba\u015fkanl\u0131\u011f\u0131na sunuldu\u011funu ve bug\u00fcn milletvekillerinin bilgisine getirildi\u011fini a\u00e7\u0131klad\u0131.<\/p>\n\n\n\n<p class=\"wp-block-paragraph\">\u0130ncirli, kazan\u0131n t\u00fcm y\u00f6nleriyle ara\u015ft\u0131r\u0131lmas\u0131 gerekti\u011fini belirterek, ya\u015fanan olayda herhangi bir ihmal bulunup bulunmad\u0131\u011f\u0131n\u0131n ve varsa idari sorumluluklar\u0131n ortaya \u00e7\u0131kar\u0131lmas\u0131n\u0131n \u00f6nemine dikkat \u00e7ekti.<\/p>\n\n\n\n<p class=\"wp-block-paragraph\">Ba\u015fbakan \u00dcnal \u00dcstel\u2019in de bug\u00fcn h\u00fck\u00fcmet olarak ayn\u0131 konuda Meclis Ara\u015ft\u0131rma Komitesi kurulmas\u0131 i\u00e7in m\u00fcracaatta bulunduklar\u0131n\u0131 a\u00e7\u0131klad\u0131\u011f\u0131n\u0131 aktaran \u0130ncirli, bu noktada Meclis&#8217;te ortak bir iradenin ortaya \u00e7\u0131kt\u0131\u011f\u0131n\u0131 ifade etti.<\/p>\n\n\n\n<p class=\"wp-block-paragraph\">\u0130ncirli, payla\u015f\u0131m\u0131nda \u015fu ifadelere yer verdi:<\/p>\n\n\n\n<p class=\"wp-block-paragraph\">\u201cCumhuriyet\u00e7i T\u00fcrk Partisi olarak, Girne a\u00e7\u0131klar\u0131nda meydana gelen ve can kay\u0131plar\u0131na yol a\u00e7an tekne kazas\u0131n\u0131n t\u00fcm y\u00f6nleriyle ara\u015ft\u0131r\u0131lmas\u0131, ihmallerin ve idari sorumluluklar\u0131n ortaya \u00e7\u0131kar\u0131lmas\u0131 amac\u0131yla Meclis Ara\u015ft\u0131rma Komitesi kurulmas\u0131 i\u00e7in \u00f6nergemizi d\u00fcn Meclis Ba\u015fkanl\u0131\u011f\u0131na sunduk. \u00d6nergemiz bug\u00fcn milletvekillerinin bilgisine getirildi.<\/p>\n\n\n\n<p class=\"wp-block-paragraph\">Ba\u015fbakan \u00dcnal \u00dcstel de bug\u00fcn h\u00fck\u00fcmet olarak ayn\u0131 konuda Meclis Ara\u015ft\u0131rma Komitesi kurulmas\u0131 i\u00e7in m\u00fcracaatta bulunduklar\u0131n\u0131 a\u00e7\u0131klad\u0131. Bu konudaki irade ortak oldu\u011funa g\u00f6re, art\u0131k herhangi bir ilave giri\u015fime gerek kalmaks\u0131z\u0131n Meclis Ba\u015fkanl\u0131\u011f\u0131n\u0131n yetkisini kullanarak Genel Kurulu en k\u0131sa s\u00fcrede ola\u011fan\u00fcst\u00fc toplant\u0131ya \u00e7a\u011f\u0131rmas\u0131 gerekmektedir.\u201d<\/p>\n\n\n\n<p class=\"wp-block-paragraph\">\u0130ncirli, b\u00f6ylece kazaya ili\u015fkin Meclis Ara\u015ft\u0131rma Komitesi kurulmas\u0131 konusunda siyasi iradenin ortakla\u015ft\u0131\u011f\u0131n\u0131 belirterek, s\u00fcrecin daha fazla gecikmeden ba\u015flat\u0131lmas\u0131 gerekti\u011fi mesaj\u0131n\u0131 verdi.<\/p>","protected":false},"excerpt":{"rendered":"<p>CTP Genel Ba\u015fkan\u0131 S\u0131la Usar \u0130ncirli, Girne a\u00e7\u0131klar\u0131nda meydana gelen ve can kay\u0131plar\u0131na yol a\u00e7an tekne kazas\u0131n\u0131n t\u00fcm y\u00f6nleriyle ara\u015ft\u0131r\u0131lmas\u0131 amac\u0131yla Meclis Ara\u015ft\u0131rma Komitesi kurulmas\u0131 i\u00e7in \u00f6nerge sunduklar\u0131n\u0131 belirtti. \u0130ncirli, &#8220;Genel Kurul en k\u0131sa s\u00fcrede ola\u011fan\u00fcst\u00fc toplanmal\u0131&#8221; dedi. Cumhuriyet\u00e7i T\u00fcrk Partisi (CTP), Girne a\u00e7\u0131klar\u0131nda meydana gelen ve can kay\u0131plar\u0131na yol a\u00e7an tekne kazas\u0131n\u0131n t\u00fcm y\u00f6nleriyle [&hellip;]<\/p>","protected":false},"author":1,"featured_media":34378,"comment_status":"open","ping_status":"open","sticky":false,"template":"","format":"standard","meta":{"om_disable_all_campaigns":false,"_monsterinsights_skip_tracking":false,"_monsterinsights_sitenote_active":false,"_monsterinsights_sitenote_note":"","_monsterinsights_sitenote_category":0,"_uf_show_specific_survey":0,"_uf_disable_surveys":false,"footnotes":"","jetpack_publicize_message":"","jetpack_publicize_feature_enabled":true,"jetpack_social_post_already_shared":true,"jetpack_social_options":{"image_generator_settings":{"template":"highway","default_image_id":0,"font":"","enabled":false},"version":2}},"categories":[81],"tags":[],"class_list":["post-41784","post","type-post","status-publish","format-standard","has-post-thumbnail","category-gundem"],"yoast_head":"<!-- This site is optimized with the Yoast SEO plugin v23.8 - https:\/\/yoast.com\/wordpress\/plugins\/seo\/ -->\n<title>S\u0131la Usar \u0130ncirli: \u0130rade ortak oldu\u011funa g\u00f6re genel kurul ola\u011fan\u00fcst\u00fc toplanmal\u0131 - NETBAKIS<\/title>\n<meta name=\"robots\" content=\"index, follow, max-snippet:-1, max-image-preview:large, max-video-preview:-1\" \/>\n<link rel=\"canonical\" href=\"https:\/\/netbakis.net\/tr\/41784\/\" \/>\n<meta property=\"og:locale\" content=\"tr_TR\" \/>\n<meta property=\"og:type\" content=\"article\" \/>\n<meta property=\"og:title\" content=\"S\u0131la Usar \u0130ncirli: \u0130rade ortak oldu\u011funa g\u00f6re genel kurul ola\u011fan\u00fcst\u00fc toplanmal\u0131 - NETBAKIS\" \/>\n<meta property=\"og:description\" content=\"CTP Genel Ba\u015fkan\u0131 S\u0131la Usar \u0130ncirli, Girne a\u00e7\u0131klar\u0131nda meydana gelen ve can kay\u0131plar\u0131na yol a\u00e7an tekne kazas\u0131n\u0131n t\u00fcm y\u00f6nleriyle ara\u015ft\u0131r\u0131lmas\u0131 amac\u0131yla Meclis Ara\u015ft\u0131rma Komitesi kurulmas\u0131 i\u00e7in \u00f6nerge sunduklar\u0131n\u0131 belirtti. \u0130ncirli, &#8220;Genel Kurul en k\u0131sa s\u00fcrede ola\u011fan\u00fcst\u00fc toplanmal\u0131&#8221; dedi. Cumhuriyet\u00e7i T\u00fcrk Partisi (CTP), Girne a\u00e7\u0131klar\u0131nda meydana gelen ve can kay\u0131plar\u0131na yol a\u00e7an tekne kazas\u0131n\u0131n t\u00fcm y\u00f6nleriyle [&hellip;]\" \/>\n<meta property=\"og:url\" content=\"https:\/\/netbakis.net\/tr\/41784\/\" \/>\n<meta property=\"og:site_name\" content=\"NETBAKIS\" \/>\n<meta property=\"article:published_time\" content=\"2026-09-04T17:37:47+00:00\" \/>\n<meta property=\"article:modified_time\" content=\"2026-09-04T17:37:50+00:00\" \/>\n<meta property=\"og:image\" content=\"https:\/\/netbakis.net\/wp-content\/uploads\/2025\/12\/v2normalhaberboyutuablonsuzkopyas-2025-11-30t215302910_1764528838.webp\" \/>\n\t<meta property=\"og:image:width\" content=\"971\" \/>\n\t<meta property=\"og:image:height\" content=\"551\" \/>\n\t<meta property=\"og:image:type\" content=\"image\/webp\" \/>\n<meta name=\"author\" content=\"netbakis.net\" \/>\n<meta name=\"twitter:card\" content=\"summary_large_image\" \/>\n<meta name=\"twitter:label1\" content=\"Yazan:\" \/>\n\t<meta name=\"twitter:data1\" content=\"netbakis.net\" \/>\n\t<meta name=\"twitter:label2\" content=\"Tahmini okuma s\u00fcresi\" \/>\n\t<meta name=\"twitter:data2\" content=\"2 dakika\" \/>\n<script type=\"application\/ld+json\" class=\"yoast-schema-graph\">{\"@context\":\"https:\/\/schema.org\",\"@graph\":[{\"@type\":\"WebPage\",\"@id\":\"https:\/\/netbakis.net\/41784\/\",\"url\":\"https:\/\/netbakis.net\/41784\/\",\"name\":\"S\u0131la Usar \u0130ncirli: \u0130rade ortak oldu\u011funa g\u00f6re genel kurul ola\u011fan\u00fcst\u00fc toplanmal\u0131 - NETBAKIS\",\"isPartOf\":{\"@id\":\"https:\/\/netbakis.net\/#website\"},\"primaryImageOfPage\":{\"@id\":\"https:\/\/netbakis.net\/41784\/#primaryimage\"},\"image\":{\"@id\":\"https:\/\/netbakis.net\/41784\/#primaryimage\"},\"thumbnailUrl\":\"https:\/\/netbakis.net\/wp-content\/uploads\/2025\/12\/v2normalhaberboyutuablonsuzkopyas-2025-11-30t215302910_1764528838.webp\",\"datePublished\":\"2026-09-04T17:37:47+00:00\",\"dateModified\":\"2026-09-04T17:37:50+00:00\",\"author\":{\"@id\":\"https:\/\/netbakis.net\/#\/schema\/person\/5d9b5c3f48ca4a3c69967d619fc8c7f4\"},\"breadcrumb\":{\"@id\":\"https:\/\/netbakis.net\/41784\/#breadcrumb\"},\"inLanguage\":\"tr\",\"potentialAction\":[{\"@type\":\"ReadAction\",\"target\":[\"https:\/\/netbakis.net\/41784\/\"]}]},{\"@type\":\"ImageObject\",\"inLanguage\":\"tr\",\"@id\":\"https:\/\/netbakis.net\/41784\/#primaryimage\",\"url\":\"https:\/\/netbakis.net\/wp-content\/uploads\/2025\/12\/v2normalhaberboyutuablonsuzkopyas-2025-11-30t215302910_1764528838.webp\",\"contentUrl\":\"https:\/\/netbakis.net\/wp-content\/uploads\/2025\/12\/v2normalhaberboyutuablonsuzkopyas-2025-11-30t215302910_1764528838.webp\",\"width\":971,\"height\":551},{\"@type\":\"BreadcrumbList\",\"@id\":\"https:\/\/netbakis.net\/41784\/#breadcrumb\",\"itemListElement\":[{\"@type\":\"ListItem\",\"position\":1,\"name\":\"Home\",\"item\":\"https:\/\/netbakis.net\/\"},{\"@type\":\"ListItem\",\"position\":2,\"name\":\"S\u0131la Usar \u0130ncirli: \u0130rade ortak oldu\u011funa g\u00f6re genel kurul ola\u011fan\u00fcst\u00fc toplanmal\u0131\"}]},{\"@type\":\"WebSite\",\"@id\":\"https:\/\/netbakis.net\/#website\",\"url\":\"https:\/\/netbakis.net\/\",\"name\":\"NETBAKIS\",\"description\":\"SON DAKIKA\",\"potentialAction\":[{\"@type\":\"SearchAction\",\"target\":{\"@type\":\"EntryPoint\",\"urlTemplate\":\"https:\/\/netbakis.net\/?s={search_term_string}\"},\"query-input\":{\"@type\":\"PropertyValueSpecification\",\"valueRequired\":true,\"valueName\":\"search_term_string\"}}],\"inLanguage\":\"tr\"},{\"@type\":\"Person\",\"@id\":\"https:\/\/netbakis.net\/#\/schema\/person\/5d9b5c3f48ca4a3c69967d619fc8c7f4\",\"name\":\"netbakis.net\",\"image\":{\"@type\":\"ImageObject\",\"inLanguage\":\"tr\",\"@id\":\"https:\/\/netbakis.net\/#\/schema\/person\/image\/\",\"url\":\"https:\/\/secure.gravatar.com\/avatar\/4ddeae49d2d3e3568a8d5b0937642efdf0b72468dbe3f213bc1978faa47af0d1?s=96&d=wp_user_avatar&r=g\",\"contentUrl\":\"https:\/\/secure.gravatar.com\/avatar\/4ddeae49d2d3e3568a8d5b0937642efdf0b72468dbe3f213bc1978faa47af0d1?s=96&d=wp_user_avatar&r=g\",\"caption\":\"netbakis.net\"},\"sameAs\":[\"https:\/\/netbakis.net\"],\"url\":\"https:\/\/netbakis.net\/tr\/author\/netbakis-net\/\"}]}<\/script>\n<!-- \/ Yoast SEO plugin. -->","yoast_head_json":{"title":"S\u0131la Usar \u0130ncirli: \u0130rade ortak oldu\u011funa g\u00f6re genel kurul ola\u011fan\u00fcst\u00fc toplanmal\u0131 - NETBAKIS","robots":{"index":"index","follow":"follow","max-snippet":"max-snippet:-1","max-image-preview":"max-image-preview:large","max-video-preview":"max-video-preview:-1"},"canonical":"https:\/\/netbakis.net\/tr\/41784\/","og_locale":"tr_TR","og_type":"article","og_title":"S\u0131la Usar \u0130ncirli: \u0130rade ortak oldu\u011funa g\u00f6re genel kurul ola\u011fan\u00fcst\u00fc toplanmal\u0131 - NETBAKIS","og_description":"CTP Genel Ba\u015fkan\u0131 S\u0131la Usar \u0130ncirli, Girne a\u00e7\u0131klar\u0131nda meydana gelen ve can kay\u0131plar\u0131na yol a\u00e7an tekne kazas\u0131n\u0131n t\u00fcm y\u00f6nleriyle ara\u015ft\u0131r\u0131lmas\u0131 amac\u0131yla Meclis Ara\u015ft\u0131rma Komitesi kurulmas\u0131 i\u00e7in \u00f6nerge sunduklar\u0131n\u0131 belirtti. \u0130ncirli, &#8220;Genel Kurul en k\u0131sa s\u00fcrede ola\u011fan\u00fcst\u00fc toplanmal\u0131&#8221; dedi. Cumhuriyet\u00e7i T\u00fcrk Partisi (CTP), Girne a\u00e7\u0131klar\u0131nda meydana gelen ve can kay\u0131plar\u0131na yol a\u00e7an tekne kazas\u0131n\u0131n t\u00fcm y\u00f6nleriyle [&hellip;]","og_url":"https:\/\/netbakis.net\/tr\/41784\/","og_site_name":"NETBAKIS","article_published_time":"2026-09-04T17:37:47+00:00","article_modified_time":"2026-09-04T17:37:50+00:00","og_image":[{"width":971,"height":551,"url":"https:\/\/netbakis.net\/wp-content\/uploads\/2025\/12\/v2normalhaberboyutuablonsuzkopyas-2025-11-30t215302910_1764528838.webp","type":"image\/webp"}],"author":"netbakis.net","twitter_card":"summary_large_image","twitter_misc":{"Yazan:":"netbakis.net","Tahmini okuma s\u00fcresi":"2 dakika"},"schema":{"@context":"https:\/\/schema.org","@graph":[{"@type":"WebPage","@id":"https:\/\/netbakis.net\/41784\/","url":"https:\/\/netbakis.net\/41784\/","name":"S\u0131la Usar \u0130ncirli: \u0130rade ortak oldu\u011funa g\u00f6re genel kurul ola\u011fan\u00fcst\u00fc toplanmal\u0131 - NETBAKIS","isPartOf":{"@id":"https:\/\/netbakis.net\/#website"},"primaryImageOfPage":{"@id":"https:\/\/netbakis.net\/41784\/#primaryimage"},"image":{"@id":"https:\/\/netbakis.net\/41784\/#primaryimage"},"thumbnailUrl":"https:\/\/netbakis.net\/wp-content\/uploads\/2025\/12\/v2normalhaberboyutuablonsuzkopyas-2025-11-30t215302910_1764528838.webp","datePublished":"2026-09-04T17:37:47+00:00","dateModified":"2026-09-04T17:37:50+00:00","author":{"@id":"https:\/\/netbakis.net\/#\/schema\/person\/5d9b5c3f48ca4a3c69967d619fc8c7f4"},"breadcrumb":{"@id":"https:\/\/netbakis.net\/41784\/#breadcrumb"},"inLanguage":"tr","potentialAction":[{"@type":"ReadAction","target":["https:\/\/netbakis.net\/41784\/"]}]},{"@type":"ImageObject","inLanguage":"tr","@id":"https:\/\/netbakis.net\/41784\/#primaryimage","url":"https:\/\/netbakis.net\/wp-content\/uploads\/2025\/12\/v2normalhaberboyutuablonsuzkopyas-2025-11-30t215302910_1764528838.webp","contentUrl":"https:\/\/netbakis.net\/wp-content\/uploads\/2025\/12\/v2normalhaberboyutuablonsuzkopyas-2025-11-30t215302910_1764528838.webp","width":971,"height":551},{"@type":"BreadcrumbList","@id":"https:\/\/netbakis.net\/41784\/#breadcrumb","itemListElement":[{"@type":"ListItem","position":1,"name":"Home","item":"https:\/\/netbakis.net\/"},{"@type":"ListItem","position":2,"name":"S\u0131la Usar \u0130ncirli: \u0130rade ortak oldu\u011funa g\u00f6re genel kurul ola\u011fan\u00fcst\u00fc toplanmal\u0131"}]},{"@type":"WebSite","@id":"https:\/\/netbakis.net\/#website","url":"https:\/\/netbakis.net\/","name":"NETBAKIS","description":"SON DAKIKA","potentialAction":[{"@type":"SearchAction","target":{"@type":"EntryPoint","urlTemplate":"https:\/\/netbakis.net\/?s={search_term_string}"},"query-input":{"@type":"PropertyValueSpecification","valueRequired":true,"valueName":"search_term_string"}}],"inLanguage":"tr"},{"@type":"Person","@id":"https:\/\/netbakis.net\/#\/schema\/person\/5d9b5c3f48ca4a3c69967d619fc8c7f4","name":"netbakis.net","image":{"@type":"ImageObject","inLanguage":"tr","@id":"https:\/\/netbakis.net\/#\/schema\/person\/image\/","url":"https:\/\/secure.gravatar.com\/avatar\/4ddeae49d2d3e3568a8d5b0937642efdf0b72468dbe3f213bc1978faa47af0d1?s=96&d=wp_user_avatar&r=g","contentUrl":"https:\/\/secure.gravatar.com\/avatar\/4ddeae49d2d3e3568a8d5b0937642efdf0b72468dbe3f213bc1978faa47af0d1?s=96&d=wp_user_avatar&r=g","caption":"netbakis.net"},"sameAs":["https:\/\/netbakis.net"],"url":"https:\/\/netbakis.net\/tr\/author\/netbakis-net\/"}]}},"jetpack_publicize_connections":[],"_links":{"self":[{"href":"https:\/\/netbakis.net\/tr\/wp-json\/wp\/v2\/posts\/41784","targetHints":{"allow":["GET"]}}],"collection":[{"href":"https:\/\/netbakis.net\/tr\/wp-json\/wp\/v2\/posts"}],"about":[{"href":"https:\/\/netbakis.net\/tr\/wp-json\/wp\/v2\/types\/post"}],"author":[{"embeddable":true,"href":"https:\/\/netbakis.net\/tr\/wp-json\/wp\/v2\/users\/1"}],"replies":[{"embeddable":true,"href":"https:\/\/netbakis.net\/tr\/wp-json\/wp\/v2\/comments?post=41784"}],"version-history":[{"count":1,"href":"https:\/\/netbakis.net\/tr\/wp-json\/wp\/v2\/posts\/41784\/revisions"}],"predecessor-version":[{"id":41785,"href":"https:\/\/netbakis.net\/tr\/wp-json\/wp\/v2\/posts\/41784\/revisions\/41785"}],"wp:featuredmedia":[{"embeddable":true,"href":"https:\/\/netbakis.net\/tr\/wp-json\/wp\/v2\/media\/34378"}],"wp:attachment":[{"href":"https:\/\/netbakis.net\/tr\/wp-json\/wp\/v2\/media?parent=41784"}],"wp:term":[{"taxonomy":"category","embeddable":true,"href":"https:\/\/netbakis.net\/tr\/wp-json\/wp\/v2\/categories?post=41784"},{"taxonomy":"post_tag","embeddable":true,"href":"https:\/\/netbakis.net\/tr\/wp-json\/wp\/v2\/tags?post=41784"}],"curies":[{"name":"wp","href":"https:\/\/api.w.org\/{rel}","templated":true}]}}