{"id":41755,"date":"2026-09-03T17:02:55","date_gmt":"2026-09-03T17:02:55","guid":{"rendered":"https:\/\/netbakis.net\/?p=41755"},"modified":"2026-09-03T17:02:56","modified_gmt":"2026-09-03T17:02:56","slug":"filo-jetten-kurtulan-sadik-saribuga-cami-kirarak-disari-ciktik","status":"publish","type":"post","link":"https:\/\/netbakis.net\/tr\/41755\/","title":{"rendered":"Filo Jet\u2019ten kurtulan Sad\u0131k Sar\u0131bu\u011fa: Cam\u0131 k\u0131rarak d\u0131\u015far\u0131 \u00e7\u0131kt\u0131k"},"content":{"rendered":"<p class=\"wp-block-paragraph\">Girne a\u00e7\u0131klar\u0131nda alabora olan Filo Jet\u2019ten kurtulan Kahramanmara\u015fl\u0131 Sad\u0131k Sar\u0131bu\u011fa, kazadan \u00f6nce geminin savrulup su almaya ba\u015flad\u0131\u011f\u0131n\u0131, yolcular\u0131n \u201cGeri d\u00f6n\u00fcn\u201d \u00e7a\u011fr\u0131s\u0131 yapt\u0131\u011f\u0131n\u0131 ve kendilerinin cam\u0131 k\u0131rarak d\u0131\u015far\u0131 \u00e7\u0131kt\u0131\u011f\u0131n\u0131 anlatt\u0131.<br><br>Girne a\u00e7\u0131klar\u0131nda 30 A\u011fustos&#8217;ta alabora olan yolcu gemisinden kurtulan Kahramanmara\u015fl\u0131 Sad\u0131k Sar\u0131bu\u011fa, kazan\u0131n hemen \u00f6ncesinde ya\u015fananlar\u0131 ve gemiden kurtulma anlar\u0131n\u0131 anlatt\u0131.<\/p>\n\n\n\n<p class=\"wp-block-paragraph\">Sar\u0131bu\u011fa, AA muhabirine, 12 ya\u015f\u0131ndaki o\u011flu Berkay&#8217;\u0131 K\u0131br\u0131s&#8217;taki halas\u0131n\u0131n yan\u0131na g\u00f6t\u00fcrmek istedi\u011fini belirtti.<\/p>\n\n\n\n<p class=\"wp-block-paragraph\">O\u011flunun kimli\u011finde foto\u011fraf bulunmad\u0131\u011f\u0131 i\u00e7in gemiye al\u0131nmad\u0131\u011f\u0131n\u0131 anlatan Sar\u0131bu\u011fa, &#8220;O\u011flumu gemiye almad\u0131lar. B\u00fcy\u00fck o\u011flumla eve d\u00f6nd\u00fcler. Ben ayn\u0131 gemiyle tek gittim. Oradan d\u00f6nerken de bu ba\u015f\u0131m\u0131za geldi. \u0130lk defa yurt d\u0131\u015f\u0131na \u00e7\u0131km\u0131\u015ft\u0131m&#8221; dedi.<\/p>\n\n\n\n<p class=\"wp-block-paragraph\">Girne&#8217;den d\u00f6n\u00fc\u015f i\u00e7in gemiye bindikten yakla\u015f\u0131k 15-20 dakika sonra olay\u0131n meydana geldi\u011fini ifade eden Sar\u0131bu\u011fa, \u015funlar\u0131 kaydetti:<\/p>\n\n\n\n<p class=\"wp-block-paragraph\">&#8220;\u0130lk etapta gemi savrulmaya ve su almaya ba\u015flad\u0131. Koltuklar yerlerinden \u00e7\u0131kt\u0131. Geminin i\u00e7indekiler g\u00f6revlilere &#8216;Geri d\u00f6n\u00fcn&#8217; dedi. Bir adam geldi, &#8216;Ya, bu her zamanki i\u015f, bundan bir \u015fey olmaz&#8217; dedi. Sonra koltuklar yerinden \u00e7\u0131k\u0131nca ve gemi su almaya ba\u015flay\u0131nca d\u00f6n\u00fc\u015f yapmaya \u00e7al\u0131\u015ft\u0131lar. O s\u0131rada gemi \u00e7\u00f6kt\u00fc. Biz kendi \u00e7abam\u0131zla yukar\u0131daki cam\u0131 k\u0131rarak d\u0131\u015far\u0131 \u00e7\u0131kt\u0131k&#8221;<\/p>\n\n\n\n<p class=\"wp-block-paragraph\">Kazan\u0131n ard\u0131ndan ba\u015f\u0131ndan yaraland\u0131\u011f\u0131n\u0131 aktaran Sar\u0131bu\u011fa, geminin bir b\u00f6l\u00fcm\u00fcn\u00fcn k\u0131r\u0131lmas\u0131 nedeniyle baz\u0131 ki\u015filerin suya d\u00fc\u015ft\u00fc\u011f\u00fcn\u00fc, kendisinin ise geminin \u00fcst k\u0131sm\u0131nda kald\u0131\u011f\u0131n\u0131 s\u00f6yledi.<\/p>\n\n\n\n<p class=\"wp-block-paragraph\">Sar\u0131bu\u011fa, kurtar\u0131lmay\u0131 bekledi\u011fi s\u0131rada bir annenin suya d\u00fc\u015fmemesi i\u00e7in kolundan tuttu\u011funu belirterek, &#8220;Sonra Sahil G\u00fcvenlik ve oradaki bal\u0131k\u00e7\u0131lar geldi. Bizi o \u015fekilde kurtard\u0131lar&#8221; diye konu\u015ftu.<\/p>\n\n\n\n<p class=\"wp-block-paragraph\">Sar\u0131bu\u011fa&#8217;n\u0131n o\u011flu Berkay ise babas\u0131n\u0131n tatil i\u00e7in kendisini halas\u0131n\u0131n yan\u0131na g\u00f6t\u00fcrmek istedi\u011fini anlatarak, &#8220;Tam gemiye binecektim, kimli\u011fimde foto\u011fraf\u0131m olmad\u0131\u011f\u0131 i\u00e7in beni almad\u0131lar. \u0130yi ki gitmemi\u015fim&#8221; dedi.<\/p>","protected":false},"excerpt":{"rendered":"<p>Girne a\u00e7\u0131klar\u0131nda alabora olan Filo Jet\u2019ten kurtulan Kahramanmara\u015fl\u0131 Sad\u0131k Sar\u0131bu\u011fa, kazadan \u00f6nce geminin savrulup su almaya ba\u015flad\u0131\u011f\u0131n\u0131, yolcular\u0131n \u201cGeri d\u00f6n\u00fcn\u201d \u00e7a\u011fr\u0131s\u0131 yapt\u0131\u011f\u0131n\u0131 ve kendilerinin cam\u0131 k\u0131rarak d\u0131\u015far\u0131 \u00e7\u0131kt\u0131\u011f\u0131n\u0131 anlatt\u0131. Girne a\u00e7\u0131klar\u0131nda 30 A\u011fustos&#8217;ta alabora olan yolcu gemisinden kurtulan Kahramanmara\u015fl\u0131 Sad\u0131k Sar\u0131bu\u011fa, kazan\u0131n hemen \u00f6ncesinde ya\u015fananlar\u0131 ve gemiden kurtulma anlar\u0131n\u0131 anlatt\u0131. Sar\u0131bu\u011fa, AA muhabirine, 12 ya\u015f\u0131ndaki [&hellip;]<\/p>","protected":false},"author":1,"featured_media":41756,"comment_status":"open","ping_status":"open","sticky":false,"template":"","format":"standard","meta":{"om_disable_all_campaigns":false,"_monsterinsights_skip_tracking":false,"_monsterinsights_sitenote_active":false,"_monsterinsights_sitenote_note":"","_monsterinsights_sitenote_category":0,"_uf_show_specific_survey":0,"_uf_disable_surveys":false,"footnotes":"","jetpack_publicize_message":"","jetpack_publicize_feature_enabled":true,"jetpack_social_post_already_shared":true,"jetpack_social_options":{"image_generator_settings":{"template":"highway","default_image_id":0,"font":"","enabled":false},"version":2}},"categories":[81],"tags":[],"class_list":["post-41755","post","type-post","status-publish","format-standard","has-post-thumbnail","category-gundem"],"yoast_head":"<!-- This site is optimized with the Yoast SEO plugin v23.8 - https:\/\/yoast.com\/wordpress\/plugins\/seo\/ -->\n<title>Filo Jet\u2019ten kurtulan Sad\u0131k Sar\u0131bu\u011fa: Cam\u0131 k\u0131rarak d\u0131\u015far\u0131 \u00e7\u0131kt\u0131k - NETBAKIS<\/title>\n<meta name=\"robots\" content=\"index, follow, max-snippet:-1, max-image-preview:large, max-video-preview:-1\" \/>\n<link rel=\"canonical\" href=\"https:\/\/netbakis.net\/tr\/41755\/\" \/>\n<meta property=\"og:locale\" content=\"tr_TR\" \/>\n<meta property=\"og:type\" content=\"article\" \/>\n<meta property=\"og:title\" content=\"Filo Jet\u2019ten kurtulan Sad\u0131k Sar\u0131bu\u011fa: Cam\u0131 k\u0131rarak d\u0131\u015far\u0131 \u00e7\u0131kt\u0131k - NETBAKIS\" \/>\n<meta property=\"og:description\" content=\"Girne a\u00e7\u0131klar\u0131nda alabora olan Filo Jet\u2019ten kurtulan Kahramanmara\u015fl\u0131 Sad\u0131k Sar\u0131bu\u011fa, kazadan \u00f6nce geminin savrulup su almaya ba\u015flad\u0131\u011f\u0131n\u0131, yolcular\u0131n \u201cGeri d\u00f6n\u00fcn\u201d \u00e7a\u011fr\u0131s\u0131 yapt\u0131\u011f\u0131n\u0131 ve kendilerinin cam\u0131 k\u0131rarak d\u0131\u015far\u0131 \u00e7\u0131kt\u0131\u011f\u0131n\u0131 anlatt\u0131. Girne a\u00e7\u0131klar\u0131nda 30 A\u011fustos&#8217;ta alabora olan yolcu gemisinden kurtulan Kahramanmara\u015fl\u0131 Sad\u0131k Sar\u0131bu\u011fa, kazan\u0131n hemen \u00f6ncesinde ya\u015fananlar\u0131 ve gemiden kurtulma anlar\u0131n\u0131 anlatt\u0131. Sar\u0131bu\u011fa, AA muhabirine, 12 ya\u015f\u0131ndaki [&hellip;]\" \/>\n<meta property=\"og:url\" content=\"https:\/\/netbakis.net\/tr\/41755\/\" \/>\n<meta property=\"og:site_name\" content=\"NETBAKIS\" \/>\n<meta property=\"article:published_time\" content=\"2026-09-03T17:02:55+00:00\" \/>\n<meta property=\"article:modified_time\" content=\"2026-09-03T17:02:56+00:00\" \/>\n<meta property=\"og:image\" content=\"https:\/\/netbakis.net\/wp-content\/uploads\/2026\/09\/v2normalhaberboyutuablonsuzkopyas-2026-09-03t160733633_1788441401.webp\" \/>\n\t<meta property=\"og:image:width\" content=\"971\" \/>\n\t<meta property=\"og:image:height\" content=\"551\" \/>\n\t<meta property=\"og:image:type\" content=\"image\/webp\" \/>\n<meta name=\"author\" content=\"netbakis.net\" \/>\n<meta name=\"twitter:card\" content=\"summary_large_image\" \/>\n<meta name=\"twitter:label1\" content=\"Yazan:\" \/>\n\t<meta name=\"twitter:data1\" content=\"netbakis.net\" \/>\n\t<meta name=\"twitter:label2\" content=\"Tahmini okuma s\u00fcresi\" \/>\n\t<meta name=\"twitter:data2\" content=\"2 dakika\" \/>\n<script type=\"application\/ld+json\" class=\"yoast-schema-graph\">{\"@context\":\"https:\/\/schema.org\",\"@graph\":[{\"@type\":\"WebPage\",\"@id\":\"https:\/\/netbakis.net\/41755\/\",\"url\":\"https:\/\/netbakis.net\/41755\/\",\"name\":\"Filo Jet\u2019ten kurtulan Sad\u0131k Sar\u0131bu\u011fa: Cam\u0131 k\u0131rarak d\u0131\u015far\u0131 \u00e7\u0131kt\u0131k - NETBAKIS\",\"isPartOf\":{\"@id\":\"https:\/\/netbakis.net\/#website\"},\"primaryImageOfPage\":{\"@id\":\"https:\/\/netbakis.net\/41755\/#primaryimage\"},\"image\":{\"@id\":\"https:\/\/netbakis.net\/41755\/#primaryimage\"},\"thumbnailUrl\":\"https:\/\/netbakis.net\/wp-content\/uploads\/2026\/09\/v2normalhaberboyutuablonsuzkopyas-2026-09-03t160733633_1788441401.webp\",\"datePublished\":\"2026-09-03T17:02:55+00:00\",\"dateModified\":\"2026-09-03T17:02:56+00:00\",\"author\":{\"@id\":\"https:\/\/netbakis.net\/#\/schema\/person\/5d9b5c3f48ca4a3c69967d619fc8c7f4\"},\"breadcrumb\":{\"@id\":\"https:\/\/netbakis.net\/41755\/#breadcrumb\"},\"inLanguage\":\"tr\",\"potentialAction\":[{\"@type\":\"ReadAction\",\"target\":[\"https:\/\/netbakis.net\/41755\/\"]}]},{\"@type\":\"ImageObject\",\"inLanguage\":\"tr\",\"@id\":\"https:\/\/netbakis.net\/41755\/#primaryimage\",\"url\":\"https:\/\/netbakis.net\/wp-content\/uploads\/2026\/09\/v2normalhaberboyutuablonsuzkopyas-2026-09-03t160733633_1788441401.webp\",\"contentUrl\":\"https:\/\/netbakis.net\/wp-content\/uploads\/2026\/09\/v2normalhaberboyutuablonsuzkopyas-2026-09-03t160733633_1788441401.webp\",\"width\":971,\"height\":551},{\"@type\":\"BreadcrumbList\",\"@id\":\"https:\/\/netbakis.net\/41755\/#breadcrumb\",\"itemListElement\":[{\"@type\":\"ListItem\",\"position\":1,\"name\":\"Home\",\"item\":\"https:\/\/netbakis.net\/\"},{\"@type\":\"ListItem\",\"position\":2,\"name\":\"Filo Jet\u2019ten kurtulan Sad\u0131k Sar\u0131bu\u011fa: Cam\u0131 k\u0131rarak d\u0131\u015far\u0131 \u00e7\u0131kt\u0131k\"}]},{\"@type\":\"WebSite\",\"@id\":\"https:\/\/netbakis.net\/#website\",\"url\":\"https:\/\/netbakis.net\/\",\"name\":\"NETBAKIS\",\"description\":\"SON DAKIKA\",\"potentialAction\":[{\"@type\":\"SearchAction\",\"target\":{\"@type\":\"EntryPoint\",\"urlTemplate\":\"https:\/\/netbakis.net\/?s={search_term_string}\"},\"query-input\":{\"@type\":\"PropertyValueSpecification\",\"valueRequired\":true,\"valueName\":\"search_term_string\"}}],\"inLanguage\":\"tr\"},{\"@type\":\"Person\",\"@id\":\"https:\/\/netbakis.net\/#\/schema\/person\/5d9b5c3f48ca4a3c69967d619fc8c7f4\",\"name\":\"netbakis.net\",\"image\":{\"@type\":\"ImageObject\",\"inLanguage\":\"tr\",\"@id\":\"https:\/\/netbakis.net\/#\/schema\/person\/image\/\",\"url\":\"https:\/\/secure.gravatar.com\/avatar\/4ddeae49d2d3e3568a8d5b0937642efdf0b72468dbe3f213bc1978faa47af0d1?s=96&d=wp_user_avatar&r=g\",\"contentUrl\":\"https:\/\/secure.gravatar.com\/avatar\/4ddeae49d2d3e3568a8d5b0937642efdf0b72468dbe3f213bc1978faa47af0d1?s=96&d=wp_user_avatar&r=g\",\"caption\":\"netbakis.net\"},\"sameAs\":[\"https:\/\/netbakis.net\"],\"url\":\"https:\/\/netbakis.net\/tr\/author\/netbakis-net\/\"}]}<\/script>\n<!-- \/ Yoast SEO plugin. -->","yoast_head_json":{"title":"Filo Jet\u2019ten kurtulan Sad\u0131k Sar\u0131bu\u011fa: Cam\u0131 k\u0131rarak d\u0131\u015far\u0131 \u00e7\u0131kt\u0131k - NETBAKIS","robots":{"index":"index","follow":"follow","max-snippet":"max-snippet:-1","max-image-preview":"max-image-preview:large","max-video-preview":"max-video-preview:-1"},"canonical":"https:\/\/netbakis.net\/tr\/41755\/","og_locale":"tr_TR","og_type":"article","og_title":"Filo Jet\u2019ten kurtulan Sad\u0131k Sar\u0131bu\u011fa: Cam\u0131 k\u0131rarak d\u0131\u015far\u0131 \u00e7\u0131kt\u0131k - NETBAKIS","og_description":"Girne a\u00e7\u0131klar\u0131nda alabora olan Filo Jet\u2019ten kurtulan Kahramanmara\u015fl\u0131 Sad\u0131k Sar\u0131bu\u011fa, kazadan \u00f6nce geminin savrulup su almaya ba\u015flad\u0131\u011f\u0131n\u0131, yolcular\u0131n \u201cGeri d\u00f6n\u00fcn\u201d \u00e7a\u011fr\u0131s\u0131 yapt\u0131\u011f\u0131n\u0131 ve kendilerinin cam\u0131 k\u0131rarak d\u0131\u015far\u0131 \u00e7\u0131kt\u0131\u011f\u0131n\u0131 anlatt\u0131. Girne a\u00e7\u0131klar\u0131nda 30 A\u011fustos&#8217;ta alabora olan yolcu gemisinden kurtulan Kahramanmara\u015fl\u0131 Sad\u0131k Sar\u0131bu\u011fa, kazan\u0131n hemen \u00f6ncesinde ya\u015fananlar\u0131 ve gemiden kurtulma anlar\u0131n\u0131 anlatt\u0131. Sar\u0131bu\u011fa, AA muhabirine, 12 ya\u015f\u0131ndaki [&hellip;]","og_url":"https:\/\/netbakis.net\/tr\/41755\/","og_site_name":"NETBAKIS","article_published_time":"2026-09-03T17:02:55+00:00","article_modified_time":"2026-09-03T17:02:56+00:00","og_image":[{"width":971,"height":551,"url":"https:\/\/netbakis.net\/wp-content\/uploads\/2026\/09\/v2normalhaberboyutuablonsuzkopyas-2026-09-03t160733633_1788441401.webp","type":"image\/webp"}],"author":"netbakis.net","twitter_card":"summary_large_image","twitter_misc":{"Yazan:":"netbakis.net","Tahmini okuma s\u00fcresi":"2 dakika"},"schema":{"@context":"https:\/\/schema.org","@graph":[{"@type":"WebPage","@id":"https:\/\/netbakis.net\/41755\/","url":"https:\/\/netbakis.net\/41755\/","name":"Filo Jet\u2019ten kurtulan Sad\u0131k Sar\u0131bu\u011fa: Cam\u0131 k\u0131rarak d\u0131\u015far\u0131 \u00e7\u0131kt\u0131k - NETBAKIS","isPartOf":{"@id":"https:\/\/netbakis.net\/#website"},"primaryImageOfPage":{"@id":"https:\/\/netbakis.net\/41755\/#primaryimage"},"image":{"@id":"https:\/\/netbakis.net\/41755\/#primaryimage"},"thumbnailUrl":"https:\/\/netbakis.net\/wp-content\/uploads\/2026\/09\/v2normalhaberboyutuablonsuzkopyas-2026-09-03t160733633_1788441401.webp","datePublished":"2026-09-03T17:02:55+00:00","dateModified":"2026-09-03T17:02:56+00:00","author":{"@id":"https:\/\/netbakis.net\/#\/schema\/person\/5d9b5c3f48ca4a3c69967d619fc8c7f4"},"breadcrumb":{"@id":"https:\/\/netbakis.net\/41755\/#breadcrumb"},"inLanguage":"tr","potentialAction":[{"@type":"ReadAction","target":["https:\/\/netbakis.net\/41755\/"]}]},{"@type":"ImageObject","inLanguage":"tr","@id":"https:\/\/netbakis.net\/41755\/#primaryimage","url":"https:\/\/netbakis.net\/wp-content\/uploads\/2026\/09\/v2normalhaberboyutuablonsuzkopyas-2026-09-03t160733633_1788441401.webp","contentUrl":"https:\/\/netbakis.net\/wp-content\/uploads\/2026\/09\/v2normalhaberboyutuablonsuzkopyas-2026-09-03t160733633_1788441401.webp","width":971,"height":551},{"@type":"BreadcrumbList","@id":"https:\/\/netbakis.net\/41755\/#breadcrumb","itemListElement":[{"@type":"ListItem","position":1,"name":"Home","item":"https:\/\/netbakis.net\/"},{"@type":"ListItem","position":2,"name":"Filo Jet\u2019ten kurtulan Sad\u0131k Sar\u0131bu\u011fa: Cam\u0131 k\u0131rarak d\u0131\u015far\u0131 \u00e7\u0131kt\u0131k"}]},{"@type":"WebSite","@id":"https:\/\/netbakis.net\/#website","url":"https:\/\/netbakis.net\/","name":"NETBAKIS","description":"SON DAKIKA","potentialAction":[{"@type":"SearchAction","target":{"@type":"EntryPoint","urlTemplate":"https:\/\/netbakis.net\/?s={search_term_string}"},"query-input":{"@type":"PropertyValueSpecification","valueRequired":true,"valueName":"search_term_string"}}],"inLanguage":"tr"},{"@type":"Person","@id":"https:\/\/netbakis.net\/#\/schema\/person\/5d9b5c3f48ca4a3c69967d619fc8c7f4","name":"netbakis.net","image":{"@type":"ImageObject","inLanguage":"tr","@id":"https:\/\/netbakis.net\/#\/schema\/person\/image\/","url":"https:\/\/secure.gravatar.com\/avatar\/4ddeae49d2d3e3568a8d5b0937642efdf0b72468dbe3f213bc1978faa47af0d1?s=96&d=wp_user_avatar&r=g","contentUrl":"https:\/\/secure.gravatar.com\/avatar\/4ddeae49d2d3e3568a8d5b0937642efdf0b72468dbe3f213bc1978faa47af0d1?s=96&d=wp_user_avatar&r=g","caption":"netbakis.net"},"sameAs":["https:\/\/netbakis.net"],"url":"https:\/\/netbakis.net\/tr\/author\/netbakis-net\/"}]}},"jetpack_publicize_connections":[],"_links":{"self":[{"href":"https:\/\/netbakis.net\/tr\/wp-json\/wp\/v2\/posts\/41755","targetHints":{"allow":["GET"]}}],"collection":[{"href":"https:\/\/netbakis.net\/tr\/wp-json\/wp\/v2\/posts"}],"about":[{"href":"https:\/\/netbakis.net\/tr\/wp-json\/wp\/v2\/types\/post"}],"author":[{"embeddable":true,"href":"https:\/\/netbakis.net\/tr\/wp-json\/wp\/v2\/users\/1"}],"replies":[{"embeddable":true,"href":"https:\/\/netbakis.net\/tr\/wp-json\/wp\/v2\/comments?post=41755"}],"version-history":[{"count":1,"href":"https:\/\/netbakis.net\/tr\/wp-json\/wp\/v2\/posts\/41755\/revisions"}],"predecessor-version":[{"id":41757,"href":"https:\/\/netbakis.net\/tr\/wp-json\/wp\/v2\/posts\/41755\/revisions\/41757"}],"wp:featuredmedia":[{"embeddable":true,"href":"https:\/\/netbakis.net\/tr\/wp-json\/wp\/v2\/media\/41756"}],"wp:attachment":[{"href":"https:\/\/netbakis.net\/tr\/wp-json\/wp\/v2\/media?parent=41755"}],"wp:term":[{"taxonomy":"category","embeddable":true,"href":"https:\/\/netbakis.net\/tr\/wp-json\/wp\/v2\/categories?post=41755"},{"taxonomy":"post_tag","embeddable":true,"href":"https:\/\/netbakis.net\/tr\/wp-json\/wp\/v2\/tags?post=41755"}],"curies":[{"name":"wp","href":"https:\/\/api.w.org\/{rel}","templated":true}]}}