{"id":41752,"date":"2026-09-03T17:02:17","date_gmt":"2026-09-03T17:02:17","guid":{"rendered":"https:\/\/netbakis.net\/?p=41752"},"modified":"2026-09-03T17:02:20","modified_gmt":"2026-09-03T17:02:20","slug":"cevdet-yilmaz-kktcye-geldi-ustel-yilmazi-ercan-havalimaninda-karsiladi","status":"publish","type":"post","link":"https:\/\/netbakis.net\/tr\/41752\/","title":{"rendered":"Cevdet Y\u0131lmaz KKTC\u2019ye geldi: \u00dcstel, Y\u0131lmaz\u0131 Ercan Havaliman\u0131&#8217;nda kar\u015f\u0131lad\u0131"},"content":{"rendered":"<p class=\"wp-block-paragraph\">T\u00fcrkiye Cumhuriyeti Cumhurba\u015fkan\u0131 Yard\u0131mc\u0131s\u0131 Cevdet Y\u0131lmaz, Girne a\u00e7\u0131klar\u0131nda meydana gelen gemi facias\u0131 nedeniyle taziye ziyaretinde bulunmak \u00fczere KKTC\u2019ye geldi. Y\u0131lmaz\u2019\u0131 Ercan Havaliman\u0131\u2019nda Ba\u015fbakan \u00dcnal \u00dcstel kar\u015f\u0131lad\u0131.<br><br>T\u00fcrkiye Cumhuriyeti Cumhurba\u015fkan\u0131 Yard\u0131mc\u0131s\u0131 Cevdet Y\u0131lmaz, ya\u015fanan gemi facias\u0131n\u0131n ard\u0131ndan taziye ziyaretinde bulunmak \u00fczere Kuzey K\u0131br\u0131s T\u00fcrk Cumhuriyeti\u2019ne geldi.<\/p>\n\n\n\n<p class=\"wp-block-paragraph\">Y\u0131lmaz, Ercan Havaliman\u0131\u2019nda Ba\u015fbakan \u00dcnal \u00dcstel taraf\u0131ndan kar\u015f\u0131land\u0131.<\/p>\n\n\n\n<p class=\"wp-block-paragraph\">KKTC\u2019de temaslarda bulunacak olan Y\u0131lmaz\u2019\u0131n, gemi facias\u0131nda hayat\u0131n\u0131 kaybedenlerin yak\u0131nlar\u0131yla g\u00f6r\u00fc\u015fmesi ve Cumhurba\u015fkan\u0131 Tufan Erh\u00fcrman\u2019a taziye ziyaretinde bulunmas\u0131 bekleniyor.<\/p>\n\n\n\n<p class=\"wp-block-paragraph\">Y\u0131lmaz, adadan ayr\u0131lmadan \u00f6nce Ercan Havaliman\u0131\u2019nda Ba\u015fbakan \u00dcnal \u00dcstel ile birlikte ortak bas\u0131n a\u00e7\u0131klamas\u0131 yapacak.<\/p>","protected":false},"excerpt":{"rendered":"<p>T\u00fcrkiye Cumhuriyeti Cumhurba\u015fkan\u0131 Yard\u0131mc\u0131s\u0131 Cevdet Y\u0131lmaz, Girne a\u00e7\u0131klar\u0131nda meydana gelen gemi facias\u0131 nedeniyle taziye ziyaretinde bulunmak \u00fczere KKTC\u2019ye geldi. Y\u0131lmaz\u2019\u0131 Ercan Havaliman\u0131\u2019nda Ba\u015fbakan \u00dcnal \u00dcstel kar\u015f\u0131lad\u0131. T\u00fcrkiye Cumhuriyeti Cumhurba\u015fkan\u0131 Yard\u0131mc\u0131s\u0131 Cevdet Y\u0131lmaz, ya\u015fanan gemi facias\u0131n\u0131n ard\u0131ndan taziye ziyaretinde bulunmak \u00fczere Kuzey K\u0131br\u0131s T\u00fcrk Cumhuriyeti\u2019ne geldi. Y\u0131lmaz, Ercan Havaliman\u0131\u2019nda Ba\u015fbakan \u00dcnal \u00dcstel taraf\u0131ndan kar\u015f\u0131land\u0131. KKTC\u2019de temaslarda [&hellip;]<\/p>","protected":false},"author":1,"featured_media":41753,"comment_status":"open","ping_status":"open","sticky":false,"template":"","format":"standard","meta":{"om_disable_all_campaigns":false,"_monsterinsights_skip_tracking":false,"_monsterinsights_sitenote_active":false,"_monsterinsights_sitenote_note":"","_monsterinsights_sitenote_category":0,"_uf_show_specific_survey":0,"_uf_disable_surveys":false,"footnotes":"","jetpack_publicize_message":"","jetpack_publicize_feature_enabled":true,"jetpack_social_post_already_shared":true,"jetpack_social_options":{"image_generator_settings":{"template":"highway","default_image_id":0,"font":"","enabled":false},"version":2}},"categories":[81],"tags":[],"class_list":["post-41752","post","type-post","status-publish","format-standard","has-post-thumbnail","category-gundem"],"yoast_head":"<!-- This site is optimized with the Yoast SEO plugin v23.8 - https:\/\/yoast.com\/wordpress\/plugins\/seo\/ -->\n<title>Cevdet Y\u0131lmaz KKTC\u2019ye geldi: \u00dcstel, Y\u0131lmaz\u0131 Ercan Havaliman\u0131&#039;nda kar\u015f\u0131lad\u0131 - NETBAKIS<\/title>\n<meta name=\"robots\" content=\"index, follow, max-snippet:-1, max-image-preview:large, max-video-preview:-1\" \/>\n<link rel=\"canonical\" href=\"https:\/\/netbakis.net\/tr\/41752\/\" \/>\n<meta property=\"og:locale\" content=\"tr_TR\" \/>\n<meta property=\"og:type\" content=\"article\" \/>\n<meta property=\"og:title\" content=\"Cevdet Y\u0131lmaz KKTC\u2019ye geldi: \u00dcstel, Y\u0131lmaz\u0131 Ercan Havaliman\u0131&#039;nda kar\u015f\u0131lad\u0131 - NETBAKIS\" \/>\n<meta property=\"og:description\" content=\"T\u00fcrkiye Cumhuriyeti Cumhurba\u015fkan\u0131 Yard\u0131mc\u0131s\u0131 Cevdet Y\u0131lmaz, Girne a\u00e7\u0131klar\u0131nda meydana gelen gemi facias\u0131 nedeniyle taziye ziyaretinde bulunmak \u00fczere KKTC\u2019ye geldi. Y\u0131lmaz\u2019\u0131 Ercan Havaliman\u0131\u2019nda Ba\u015fbakan \u00dcnal \u00dcstel kar\u015f\u0131lad\u0131. T\u00fcrkiye Cumhuriyeti Cumhurba\u015fkan\u0131 Yard\u0131mc\u0131s\u0131 Cevdet Y\u0131lmaz, ya\u015fanan gemi facias\u0131n\u0131n ard\u0131ndan taziye ziyaretinde bulunmak \u00fczere Kuzey K\u0131br\u0131s T\u00fcrk Cumhuriyeti\u2019ne geldi. Y\u0131lmaz, Ercan Havaliman\u0131\u2019nda Ba\u015fbakan \u00dcnal \u00dcstel taraf\u0131ndan kar\u015f\u0131land\u0131. KKTC\u2019de temaslarda [&hellip;]\" \/>\n<meta property=\"og:url\" content=\"https:\/\/netbakis.net\/tr\/41752\/\" \/>\n<meta property=\"og:site_name\" content=\"NETBAKIS\" \/>\n<meta property=\"article:published_time\" content=\"2026-09-03T17:02:17+00:00\" \/>\n<meta property=\"article:modified_time\" content=\"2026-09-03T17:02:20+00:00\" \/>\n<meta property=\"og:image\" content=\"https:\/\/netbakis.net\/wp-content\/uploads\/2026\/09\/v2yeniproje-2026-09-03t152450938_1788438316.webp\" \/>\n\t<meta property=\"og:image:width\" content=\"971\" \/>\n\t<meta property=\"og:image:height\" content=\"551\" \/>\n\t<meta property=\"og:image:type\" content=\"image\/webp\" \/>\n<meta name=\"author\" content=\"netbakis.net\" \/>\n<meta name=\"twitter:card\" content=\"summary_large_image\" \/>\n<meta name=\"twitter:label1\" content=\"Yazan:\" \/>\n\t<meta name=\"twitter:data1\" content=\"netbakis.net\" \/>\n\t<meta name=\"twitter:label2\" content=\"Tahmini okuma s\u00fcresi\" \/>\n\t<meta name=\"twitter:data2\" content=\"1 dakika\" \/>\n<script type=\"application\/ld+json\" class=\"yoast-schema-graph\">{\"@context\":\"https:\/\/schema.org\",\"@graph\":[{\"@type\":\"WebPage\",\"@id\":\"https:\/\/netbakis.net\/41752\/\",\"url\":\"https:\/\/netbakis.net\/41752\/\",\"name\":\"Cevdet Y\u0131lmaz KKTC\u2019ye geldi: \u00dcstel, Y\u0131lmaz\u0131 Ercan Havaliman\u0131'nda kar\u015f\u0131lad\u0131 - NETBAKIS\",\"isPartOf\":{\"@id\":\"https:\/\/netbakis.net\/#website\"},\"primaryImageOfPage\":{\"@id\":\"https:\/\/netbakis.net\/41752\/#primaryimage\"},\"image\":{\"@id\":\"https:\/\/netbakis.net\/41752\/#primaryimage\"},\"thumbnailUrl\":\"https:\/\/netbakis.net\/wp-content\/uploads\/2026\/09\/v2yeniproje-2026-09-03t152450938_1788438316.webp\",\"datePublished\":\"2026-09-03T17:02:17+00:00\",\"dateModified\":\"2026-09-03T17:02:20+00:00\",\"author\":{\"@id\":\"https:\/\/netbakis.net\/#\/schema\/person\/5d9b5c3f48ca4a3c69967d619fc8c7f4\"},\"breadcrumb\":{\"@id\":\"https:\/\/netbakis.net\/41752\/#breadcrumb\"},\"inLanguage\":\"tr\",\"potentialAction\":[{\"@type\":\"ReadAction\",\"target\":[\"https:\/\/netbakis.net\/41752\/\"]}]},{\"@type\":\"ImageObject\",\"inLanguage\":\"tr\",\"@id\":\"https:\/\/netbakis.net\/41752\/#primaryimage\",\"url\":\"https:\/\/netbakis.net\/wp-content\/uploads\/2026\/09\/v2yeniproje-2026-09-03t152450938_1788438316.webp\",\"contentUrl\":\"https:\/\/netbakis.net\/wp-content\/uploads\/2026\/09\/v2yeniproje-2026-09-03t152450938_1788438316.webp\",\"width\":971,\"height\":551},{\"@type\":\"BreadcrumbList\",\"@id\":\"https:\/\/netbakis.net\/41752\/#breadcrumb\",\"itemListElement\":[{\"@type\":\"ListItem\",\"position\":1,\"name\":\"Home\",\"item\":\"https:\/\/netbakis.net\/\"},{\"@type\":\"ListItem\",\"position\":2,\"name\":\"Cevdet Y\u0131lmaz KKTC\u2019ye geldi: \u00dcstel, Y\u0131lmaz\u0131 Ercan Havaliman\u0131&#8217;nda kar\u015f\u0131lad\u0131\"}]},{\"@type\":\"WebSite\",\"@id\":\"https:\/\/netbakis.net\/#website\",\"url\":\"https:\/\/netbakis.net\/\",\"name\":\"NETBAKIS\",\"description\":\"SON DAKIKA\",\"potentialAction\":[{\"@type\":\"SearchAction\",\"target\":{\"@type\":\"EntryPoint\",\"urlTemplate\":\"https:\/\/netbakis.net\/?s={search_term_string}\"},\"query-input\":{\"@type\":\"PropertyValueSpecification\",\"valueRequired\":true,\"valueName\":\"search_term_string\"}}],\"inLanguage\":\"tr\"},{\"@type\":\"Person\",\"@id\":\"https:\/\/netbakis.net\/#\/schema\/person\/5d9b5c3f48ca4a3c69967d619fc8c7f4\",\"name\":\"netbakis.net\",\"image\":{\"@type\":\"ImageObject\",\"inLanguage\":\"tr\",\"@id\":\"https:\/\/netbakis.net\/#\/schema\/person\/image\/\",\"url\":\"https:\/\/secure.gravatar.com\/avatar\/4ddeae49d2d3e3568a8d5b0937642efdf0b72468dbe3f213bc1978faa47af0d1?s=96&d=wp_user_avatar&r=g\",\"contentUrl\":\"https:\/\/secure.gravatar.com\/avatar\/4ddeae49d2d3e3568a8d5b0937642efdf0b72468dbe3f213bc1978faa47af0d1?s=96&d=wp_user_avatar&r=g\",\"caption\":\"netbakis.net\"},\"sameAs\":[\"https:\/\/netbakis.net\"],\"url\":\"https:\/\/netbakis.net\/tr\/author\/netbakis-net\/\"}]}<\/script>\n<!-- \/ Yoast SEO plugin. -->","yoast_head_json":{"title":"Cevdet Y\u0131lmaz KKTC\u2019ye geldi: \u00dcstel, Y\u0131lmaz\u0131 Ercan Havaliman\u0131'nda kar\u015f\u0131lad\u0131 - NETBAKIS","robots":{"index":"index","follow":"follow","max-snippet":"max-snippet:-1","max-image-preview":"max-image-preview:large","max-video-preview":"max-video-preview:-1"},"canonical":"https:\/\/netbakis.net\/tr\/41752\/","og_locale":"tr_TR","og_type":"article","og_title":"Cevdet Y\u0131lmaz KKTC\u2019ye geldi: \u00dcstel, Y\u0131lmaz\u0131 Ercan Havaliman\u0131'nda kar\u015f\u0131lad\u0131 - NETBAKIS","og_description":"T\u00fcrkiye Cumhuriyeti Cumhurba\u015fkan\u0131 Yard\u0131mc\u0131s\u0131 Cevdet Y\u0131lmaz, Girne a\u00e7\u0131klar\u0131nda meydana gelen gemi facias\u0131 nedeniyle taziye ziyaretinde bulunmak \u00fczere KKTC\u2019ye geldi. Y\u0131lmaz\u2019\u0131 Ercan Havaliman\u0131\u2019nda Ba\u015fbakan \u00dcnal \u00dcstel kar\u015f\u0131lad\u0131. T\u00fcrkiye Cumhuriyeti Cumhurba\u015fkan\u0131 Yard\u0131mc\u0131s\u0131 Cevdet Y\u0131lmaz, ya\u015fanan gemi facias\u0131n\u0131n ard\u0131ndan taziye ziyaretinde bulunmak \u00fczere Kuzey K\u0131br\u0131s T\u00fcrk Cumhuriyeti\u2019ne geldi. Y\u0131lmaz, Ercan Havaliman\u0131\u2019nda Ba\u015fbakan \u00dcnal \u00dcstel taraf\u0131ndan kar\u015f\u0131land\u0131. KKTC\u2019de temaslarda [&hellip;]","og_url":"https:\/\/netbakis.net\/tr\/41752\/","og_site_name":"NETBAKIS","article_published_time":"2026-09-03T17:02:17+00:00","article_modified_time":"2026-09-03T17:02:20+00:00","og_image":[{"width":971,"height":551,"url":"https:\/\/netbakis.net\/wp-content\/uploads\/2026\/09\/v2yeniproje-2026-09-03t152450938_1788438316.webp","type":"image\/webp"}],"author":"netbakis.net","twitter_card":"summary_large_image","twitter_misc":{"Yazan:":"netbakis.net","Tahmini okuma s\u00fcresi":"1 dakika"},"schema":{"@context":"https:\/\/schema.org","@graph":[{"@type":"WebPage","@id":"https:\/\/netbakis.net\/41752\/","url":"https:\/\/netbakis.net\/41752\/","name":"Cevdet Y\u0131lmaz KKTC\u2019ye geldi: \u00dcstel, Y\u0131lmaz\u0131 Ercan Havaliman\u0131'nda kar\u015f\u0131lad\u0131 - NETBAKIS","isPartOf":{"@id":"https:\/\/netbakis.net\/#website"},"primaryImageOfPage":{"@id":"https:\/\/netbakis.net\/41752\/#primaryimage"},"image":{"@id":"https:\/\/netbakis.net\/41752\/#primaryimage"},"thumbnailUrl":"https:\/\/netbakis.net\/wp-content\/uploads\/2026\/09\/v2yeniproje-2026-09-03t152450938_1788438316.webp","datePublished":"2026-09-03T17:02:17+00:00","dateModified":"2026-09-03T17:02:20+00:00","author":{"@id":"https:\/\/netbakis.net\/#\/schema\/person\/5d9b5c3f48ca4a3c69967d619fc8c7f4"},"breadcrumb":{"@id":"https:\/\/netbakis.net\/41752\/#breadcrumb"},"inLanguage":"tr","potentialAction":[{"@type":"ReadAction","target":["https:\/\/netbakis.net\/41752\/"]}]},{"@type":"ImageObject","inLanguage":"tr","@id":"https:\/\/netbakis.net\/41752\/#primaryimage","url":"https:\/\/netbakis.net\/wp-content\/uploads\/2026\/09\/v2yeniproje-2026-09-03t152450938_1788438316.webp","contentUrl":"https:\/\/netbakis.net\/wp-content\/uploads\/2026\/09\/v2yeniproje-2026-09-03t152450938_1788438316.webp","width":971,"height":551},{"@type":"BreadcrumbList","@id":"https:\/\/netbakis.net\/41752\/#breadcrumb","itemListElement":[{"@type":"ListItem","position":1,"name":"Home","item":"https:\/\/netbakis.net\/"},{"@type":"ListItem","position":2,"name":"Cevdet Y\u0131lmaz KKTC\u2019ye geldi: \u00dcstel, Y\u0131lmaz\u0131 Ercan Havaliman\u0131&#8217;nda kar\u015f\u0131lad\u0131"}]},{"@type":"WebSite","@id":"https:\/\/netbakis.net\/#website","url":"https:\/\/netbakis.net\/","name":"NETBAKIS","description":"SON DAKIKA","potentialAction":[{"@type":"SearchAction","target":{"@type":"EntryPoint","urlTemplate":"https:\/\/netbakis.net\/?s={search_term_string}"},"query-input":{"@type":"PropertyValueSpecification","valueRequired":true,"valueName":"search_term_string"}}],"inLanguage":"tr"},{"@type":"Person","@id":"https:\/\/netbakis.net\/#\/schema\/person\/5d9b5c3f48ca4a3c69967d619fc8c7f4","name":"netbakis.net","image":{"@type":"ImageObject","inLanguage":"tr","@id":"https:\/\/netbakis.net\/#\/schema\/person\/image\/","url":"https:\/\/secure.gravatar.com\/avatar\/4ddeae49d2d3e3568a8d5b0937642efdf0b72468dbe3f213bc1978faa47af0d1?s=96&d=wp_user_avatar&r=g","contentUrl":"https:\/\/secure.gravatar.com\/avatar\/4ddeae49d2d3e3568a8d5b0937642efdf0b72468dbe3f213bc1978faa47af0d1?s=96&d=wp_user_avatar&r=g","caption":"netbakis.net"},"sameAs":["https:\/\/netbakis.net"],"url":"https:\/\/netbakis.net\/tr\/author\/netbakis-net\/"}]}},"jetpack_publicize_connections":[],"_links":{"self":[{"href":"https:\/\/netbakis.net\/tr\/wp-json\/wp\/v2\/posts\/41752","targetHints":{"allow":["GET"]}}],"collection":[{"href":"https:\/\/netbakis.net\/tr\/wp-json\/wp\/v2\/posts"}],"about":[{"href":"https:\/\/netbakis.net\/tr\/wp-json\/wp\/v2\/types\/post"}],"author":[{"embeddable":true,"href":"https:\/\/netbakis.net\/tr\/wp-json\/wp\/v2\/users\/1"}],"replies":[{"embeddable":true,"href":"https:\/\/netbakis.net\/tr\/wp-json\/wp\/v2\/comments?post=41752"}],"version-history":[{"count":1,"href":"https:\/\/netbakis.net\/tr\/wp-json\/wp\/v2\/posts\/41752\/revisions"}],"predecessor-version":[{"id":41754,"href":"https:\/\/netbakis.net\/tr\/wp-json\/wp\/v2\/posts\/41752\/revisions\/41754"}],"wp:featuredmedia":[{"embeddable":true,"href":"https:\/\/netbakis.net\/tr\/wp-json\/wp\/v2\/media\/41753"}],"wp:attachment":[{"href":"https:\/\/netbakis.net\/tr\/wp-json\/wp\/v2\/media?parent=41752"}],"wp:term":[{"taxonomy":"category","embeddable":true,"href":"https:\/\/netbakis.net\/tr\/wp-json\/wp\/v2\/categories?post=41752"},{"taxonomy":"post_tag","embeddable":true,"href":"https:\/\/netbakis.net\/tr\/wp-json\/wp\/v2\/tags?post=41752"}],"curies":[{"name":"wp","href":"https:\/\/api.w.org\/{rel}","templated":true}]}}