{"id":41750,"date":"2026-09-03T17:01:43","date_gmt":"2026-09-03T17:01:43","guid":{"rendered":"https:\/\/netbakis.net\/?p=41750"},"modified":"2026-09-03T17:01:46","modified_gmt":"2026-09-03T17:01:46","slug":"mehmet-kale-kisi-siyasi-sorumluluk-hukumetin-butunune-ait","status":"publish","type":"post","link":"https:\/\/netbakis.net\/tr\/41750\/","title":{"rendered":"Mehmet Kale Ki\u015fi: Siyasi sorumluluk h\u00fck\u00fcmetin b\u00fct\u00fcn\u00fcne ait"},"content":{"rendered":"<p class=\"wp-block-paragraph\">CTP Genel Sekreteri Mehmet Kale Ki\u015fi, Girne a\u00e7\u0131klar\u0131nda ya\u015fanan gemi facias\u0131n\u0131n ciddi bir ihmaller silsilesinin sonucu oldu\u011funu belirterek, sorumlulu\u011fun yaln\u0131zca eski Bay\u0131nd\u0131rl\u0131k ve Ula\u015ft\u0131rma Bakan\u0131 Erhan Ar\u0131kl\u0131\u2019ya y\u00fcklenemeyece\u011fini s\u00f6yledi. Ki\u015fi, \u201cBu konu sistem sorunudur\u201d dedi.<br><br>Cumhuriyet\u00e7i T\u00fcrk Partisi (CTP) Genel Sekreteri Mehmet Kale Ki\u015fi, Girne a\u00e7\u0131klar\u0131nda meydana gelen gemi facias\u0131n\u0131n ciddi ihmaller sonucunda meydana geldi\u011fine ve sorumlulu\u011fun yaln\u0131zca bir bakana y\u00fcklenemeyece\u011fine dikkat \u00e7ekti. Ki\u015fi, \u201cSiyasi sorumluluk h\u00fck\u00fcmetin b\u00fct\u00fcn\u00fcne ait. Tek ba\u015f\u0131na Say\u0131n Ar\u0131kl\u0131\u2019n\u0131n g\u00f6revden al\u0131nmas\u0131 bu sorumlulu\u011fu ortadan kald\u0131rmaz. H\u00fck\u00fcmetin bir an \u00f6nce g\u00f6revi b\u0131rakmas\u0131 ve toplumun yakas\u0131ndan d\u00fc\u015fmesi gerekiyor\u201d \u015feklinde konu\u015ftu.<\/p>\n\n\n\n<p class=\"wp-block-paragraph\">\u201cYA\u015eANAN FAC\u0130A \u00c7OK C\u0130DD\u0130 B\u0130R \u0130HMALLER S\u0130LS\u0130LES\u0130 SONUCU MEYDANA GELD\u0130\u201d<\/p>\n\n\n\n<p class=\"wp-block-paragraph\">BRTK\u2019da kat\u0131ld\u0131\u011f\u0131 canl\u0131 yay\u0131nda a\u00e7\u0131klamalarda bulunan CTP Genel Sekreteri Mehmet Kale Ki\u015fi, CTP\u2019nin ya\u015fanan facian\u0131n ard\u0131ndan b\u00fcy\u00fck bir hassasiyetle hareket etti\u011fini ifade ederek, \u201cS\u00fcrecin ba\u015f\u0131ndan beri olay\u0131 \u00e7ok yak\u0131ndan takip ediyoruz\u201d dedi. Ya\u015fanan ac\u0131n\u0131n toplum tarihine ge\u00e7ecek b\u00fcy\u00fckl\u00fckte oldu\u011funu belirten Ki\u015fi, hayat\u0131n\u0131 kaybedenlerin ve kay\u0131p ki\u015filerin yak\u0131nlar\u0131n\u0131n ilk g\u00fcnden itibaren \u00f6ncelikleri oldu\u011funu s\u00f6yledi. Ki\u015fi, facian\u0131n ilk anlar\u0131nda ailelerin do\u011fru ve sa\u011fl\u0131kl\u0131 bilgiye ula\u015fmas\u0131 konusunda aksakl\u0131klar ya\u015fand\u0131\u011f\u0131na dikkat \u00e7ekerek, CTP olarak bu konuda bir\u00e7ok uyar\u0131da bulunduklar\u0131n\u0131 belirtti.<\/p>\n\n\n\n<p class=\"wp-block-paragraph\">Ki\u015fi, facian\u0131n nedenlerine ili\u015fkin CTP\u2019nin \u00e7al\u0131\u015fmalar y\u00fcr\u00fctt\u00fc\u011f\u00fcn\u00fc de ifade ederek \u201cYa\u015fanan facia \u00e7ok ciddi bir ihmaller silsilesi sonucu meydana geldi\u011fini not ettik ve buna dair ad\u0131mlar\u0131m\u0131z\u0131 atmaya ba\u015flad\u0131k\u201d dedi. Denizcilik alan\u0131nda uzman ki\u015filerle g\u00f6r\u00fc\u015ferek teknik bilgiler edindiklerini ifade eden Ki\u015fi, konunun b\u00fct\u00fcn y\u00f6nleriyle takip edildi\u011fini s\u00f6yledi.<\/p>\n\n\n\n<p class=\"wp-block-paragraph\">\u201cTEK BA\u015eINA Erhan Ar\u0131kl\u0131\u2019NIN G\u00d6REVDEN ALINMASI BU SORUMLULU\u011eU ORTADAN KALDIRMAZ\u201d<\/p>\n\n\n\n<p class=\"wp-block-paragraph\">Eski Bay\u0131nd\u0131rl\u0131k ve Ula\u015ft\u0131rma Bakan\u0131 Erhan Ar\u0131kl\u0131\u2019n\u0131n ya\u015fananlarla ilgili sorumlulu\u011funun bulundu\u011funu ifade eden Ki\u015fi, ancak meselenin yaln\u0131zca bir bakan\u0131n sorumlulu\u011funa indirgenemeyece\u011finin alt\u0131n\u0131 \u00e7izdi. Ki\u015fi, \u201cE\u011fer bir ihmal varsa birinci derece sorumludur ama bunu sadece Say\u0131n Erhan Ar\u0131kl\u0131\u2019n\u0131n sorumlulu\u011funda b\u0131rakmak da son derece kolayc\u0131 bir yakla\u015f\u0131md\u0131r. Bize g\u00f6re bu konu sistem sorunudur\u201d diye konu\u015ftu. Daha \u00f6nce ya\u015fanan silo kazas\u0131 ve alkoll\u00fc mama skandal\u0131 olay\u0131n\u0131 da hat\u0131rlatan Ki\u015fi, ya\u015fananlar\u0131n birbirinden ba\u011f\u0131ms\u0131z de\u011ferlendirilmemesi gerekti\u011fini belirtti. Ki\u015fi, bu olaylar\u0131n \u00fclkeyi y\u00f6netenlerin ihmallerini a\u00e7\u0131k\u00e7a g\u00f6sterdi\u011fini ifade ederek, liyakat ve kurumlar\u0131n i\u015fleyi\u015fi konusunda ciddi sorunlar bulundu\u011funu s\u00f6yledi. Ki\u015fi, siyasi sorumlulu\u011fun h\u00fck\u00fcmetin b\u00fct\u00fcn\u00fcne ait oldu\u011funu vurgulayarak \u201cTek ba\u015f\u0131na Say\u0131n Ar\u0131kl\u0131\u2019n\u0131n g\u00f6revden al\u0131nmas\u0131 bu sorumlulu\u011fu ortadan kald\u0131rmaz. H\u00fck\u00fcmetin bir an \u00f6nce g\u00f6revi b\u0131rakmas\u0131 ve toplumun yakas\u0131ndan d\u00fc\u015fmesi gerekiyor\u201d dedi.<\/p>","protected":false},"excerpt":{"rendered":"<p>CTP Genel Sekreteri Mehmet Kale Ki\u015fi, Girne a\u00e7\u0131klar\u0131nda ya\u015fanan gemi facias\u0131n\u0131n ciddi bir ihmaller silsilesinin sonucu oldu\u011funu belirterek, sorumlulu\u011fun yaln\u0131zca eski Bay\u0131nd\u0131rl\u0131k ve Ula\u015ft\u0131rma Bakan\u0131 Erhan Ar\u0131kl\u0131\u2019ya y\u00fcklenemeyece\u011fini s\u00f6yledi. Ki\u015fi, \u201cBu konu sistem sorunudur\u201d dedi. Cumhuriyet\u00e7i T\u00fcrk Partisi (CTP) Genel Sekreteri Mehmet Kale Ki\u015fi, Girne a\u00e7\u0131klar\u0131nda meydana gelen gemi facias\u0131n\u0131n ciddi ihmaller sonucunda meydana geldi\u011fine [&hellip;]<\/p>","protected":false},"author":1,"featured_media":35586,"comment_status":"open","ping_status":"open","sticky":false,"template":"","format":"standard","meta":{"om_disable_all_campaigns":false,"_monsterinsights_skip_tracking":false,"_monsterinsights_sitenote_active":false,"_monsterinsights_sitenote_note":"","_monsterinsights_sitenote_category":0,"_uf_show_specific_survey":0,"_uf_disable_surveys":false,"footnotes":"","jetpack_publicize_message":"","jetpack_publicize_feature_enabled":true,"jetpack_social_post_already_shared":true,"jetpack_social_options":{"image_generator_settings":{"template":"highway","default_image_id":0,"font":"","enabled":false},"version":2}},"categories":[81],"tags":[],"class_list":["post-41750","post","type-post","status-publish","format-standard","has-post-thumbnail","category-gundem"],"yoast_head":"<!-- This site is optimized with the Yoast SEO plugin v23.8 - https:\/\/yoast.com\/wordpress\/plugins\/seo\/ -->\n<title>Mehmet Kale Ki\u015fi: Siyasi sorumluluk h\u00fck\u00fcmetin b\u00fct\u00fcn\u00fcne ait - NETBAKIS<\/title>\n<meta name=\"robots\" content=\"index, follow, max-snippet:-1, max-image-preview:large, max-video-preview:-1\" \/>\n<link rel=\"canonical\" href=\"https:\/\/netbakis.net\/tr\/41750\/\" \/>\n<meta property=\"og:locale\" content=\"tr_TR\" \/>\n<meta property=\"og:type\" content=\"article\" \/>\n<meta property=\"og:title\" content=\"Mehmet Kale Ki\u015fi: Siyasi sorumluluk h\u00fck\u00fcmetin b\u00fct\u00fcn\u00fcne ait - NETBAKIS\" \/>\n<meta property=\"og:description\" content=\"CTP Genel Sekreteri Mehmet Kale Ki\u015fi, Girne a\u00e7\u0131klar\u0131nda ya\u015fanan gemi facias\u0131n\u0131n ciddi bir ihmaller silsilesinin sonucu oldu\u011funu belirterek, sorumlulu\u011fun yaln\u0131zca eski Bay\u0131nd\u0131rl\u0131k ve Ula\u015ft\u0131rma Bakan\u0131 Erhan Ar\u0131kl\u0131\u2019ya y\u00fcklenemeyece\u011fini s\u00f6yledi. Ki\u015fi, \u201cBu konu sistem sorunudur\u201d dedi. Cumhuriyet\u00e7i T\u00fcrk Partisi (CTP) Genel Sekreteri Mehmet Kale Ki\u015fi, Girne a\u00e7\u0131klar\u0131nda meydana gelen gemi facias\u0131n\u0131n ciddi ihmaller sonucunda meydana geldi\u011fine [&hellip;]\" \/>\n<meta property=\"og:url\" content=\"https:\/\/netbakis.net\/tr\/41750\/\" \/>\n<meta property=\"og:site_name\" content=\"NETBAKIS\" \/>\n<meta property=\"article:published_time\" content=\"2026-09-03T17:01:43+00:00\" \/>\n<meta property=\"article:modified_time\" content=\"2026-09-03T17:01:46+00:00\" \/>\n<meta property=\"og:image\" content=\"https:\/\/netbakis.net\/wp-content\/uploads\/2026\/01\/v2normalhaberboyutuablonsuzkopyaskopyaskopyas-2025-12-29t114449702_1767001508.webp\" \/>\n\t<meta property=\"og:image:width\" content=\"971\" \/>\n\t<meta property=\"og:image:height\" content=\"551\" \/>\n\t<meta property=\"og:image:type\" content=\"image\/webp\" \/>\n<meta name=\"author\" content=\"netbakis.net\" \/>\n<meta name=\"twitter:card\" content=\"summary_large_image\" \/>\n<meta name=\"twitter:label1\" content=\"Yazan:\" \/>\n\t<meta name=\"twitter:data1\" content=\"netbakis.net\" \/>\n\t<meta name=\"twitter:label2\" content=\"Tahmini okuma s\u00fcresi\" \/>\n\t<meta name=\"twitter:data2\" content=\"2 dakika\" \/>\n<script type=\"application\/ld+json\" class=\"yoast-schema-graph\">{\"@context\":\"https:\/\/schema.org\",\"@graph\":[{\"@type\":\"WebPage\",\"@id\":\"https:\/\/netbakis.net\/41750\/\",\"url\":\"https:\/\/netbakis.net\/41750\/\",\"name\":\"Mehmet Kale Ki\u015fi: Siyasi sorumluluk h\u00fck\u00fcmetin b\u00fct\u00fcn\u00fcne ait - NETBAKIS\",\"isPartOf\":{\"@id\":\"https:\/\/netbakis.net\/#website\"},\"primaryImageOfPage\":{\"@id\":\"https:\/\/netbakis.net\/41750\/#primaryimage\"},\"image\":{\"@id\":\"https:\/\/netbakis.net\/41750\/#primaryimage\"},\"thumbnailUrl\":\"https:\/\/netbakis.net\/wp-content\/uploads\/2026\/01\/v2normalhaberboyutuablonsuzkopyaskopyaskopyas-2025-12-29t114449702_1767001508.webp\",\"datePublished\":\"2026-09-03T17:01:43+00:00\",\"dateModified\":\"2026-09-03T17:01:46+00:00\",\"author\":{\"@id\":\"https:\/\/netbakis.net\/#\/schema\/person\/5d9b5c3f48ca4a3c69967d619fc8c7f4\"},\"breadcrumb\":{\"@id\":\"https:\/\/netbakis.net\/41750\/#breadcrumb\"},\"inLanguage\":\"tr\",\"potentialAction\":[{\"@type\":\"ReadAction\",\"target\":[\"https:\/\/netbakis.net\/41750\/\"]}]},{\"@type\":\"ImageObject\",\"inLanguage\":\"tr\",\"@id\":\"https:\/\/netbakis.net\/41750\/#primaryimage\",\"url\":\"https:\/\/netbakis.net\/wp-content\/uploads\/2026\/01\/v2normalhaberboyutuablonsuzkopyaskopyaskopyas-2025-12-29t114449702_1767001508.webp\",\"contentUrl\":\"https:\/\/netbakis.net\/wp-content\/uploads\/2026\/01\/v2normalhaberboyutuablonsuzkopyaskopyaskopyas-2025-12-29t114449702_1767001508.webp\",\"width\":971,\"height\":551},{\"@type\":\"BreadcrumbList\",\"@id\":\"https:\/\/netbakis.net\/41750\/#breadcrumb\",\"itemListElement\":[{\"@type\":\"ListItem\",\"position\":1,\"name\":\"Home\",\"item\":\"https:\/\/netbakis.net\/\"},{\"@type\":\"ListItem\",\"position\":2,\"name\":\"Mehmet Kale Ki\u015fi: Siyasi sorumluluk h\u00fck\u00fcmetin b\u00fct\u00fcn\u00fcne ait\"}]},{\"@type\":\"WebSite\",\"@id\":\"https:\/\/netbakis.net\/#website\",\"url\":\"https:\/\/netbakis.net\/\",\"name\":\"NETBAKIS\",\"description\":\"SON DAKIKA\",\"potentialAction\":[{\"@type\":\"SearchAction\",\"target\":{\"@type\":\"EntryPoint\",\"urlTemplate\":\"https:\/\/netbakis.net\/?s={search_term_string}\"},\"query-input\":{\"@type\":\"PropertyValueSpecification\",\"valueRequired\":true,\"valueName\":\"search_term_string\"}}],\"inLanguage\":\"tr\"},{\"@type\":\"Person\",\"@id\":\"https:\/\/netbakis.net\/#\/schema\/person\/5d9b5c3f48ca4a3c69967d619fc8c7f4\",\"name\":\"netbakis.net\",\"image\":{\"@type\":\"ImageObject\",\"inLanguage\":\"tr\",\"@id\":\"https:\/\/netbakis.net\/#\/schema\/person\/image\/\",\"url\":\"https:\/\/secure.gravatar.com\/avatar\/4ddeae49d2d3e3568a8d5b0937642efdf0b72468dbe3f213bc1978faa47af0d1?s=96&d=wp_user_avatar&r=g\",\"contentUrl\":\"https:\/\/secure.gravatar.com\/avatar\/4ddeae49d2d3e3568a8d5b0937642efdf0b72468dbe3f213bc1978faa47af0d1?s=96&d=wp_user_avatar&r=g\",\"caption\":\"netbakis.net\"},\"sameAs\":[\"https:\/\/netbakis.net\"],\"url\":\"https:\/\/netbakis.net\/tr\/author\/netbakis-net\/\"}]}<\/script>\n<!-- \/ Yoast SEO plugin. -->","yoast_head_json":{"title":"Mehmet Kale Ki\u015fi: Siyasi sorumluluk h\u00fck\u00fcmetin b\u00fct\u00fcn\u00fcne ait - NETBAKIS","robots":{"index":"index","follow":"follow","max-snippet":"max-snippet:-1","max-image-preview":"max-image-preview:large","max-video-preview":"max-video-preview:-1"},"canonical":"https:\/\/netbakis.net\/tr\/41750\/","og_locale":"tr_TR","og_type":"article","og_title":"Mehmet Kale Ki\u015fi: Siyasi sorumluluk h\u00fck\u00fcmetin b\u00fct\u00fcn\u00fcne ait - NETBAKIS","og_description":"CTP Genel Sekreteri Mehmet Kale Ki\u015fi, Girne a\u00e7\u0131klar\u0131nda ya\u015fanan gemi facias\u0131n\u0131n ciddi bir ihmaller silsilesinin sonucu oldu\u011funu belirterek, sorumlulu\u011fun yaln\u0131zca eski Bay\u0131nd\u0131rl\u0131k ve Ula\u015ft\u0131rma Bakan\u0131 Erhan Ar\u0131kl\u0131\u2019ya y\u00fcklenemeyece\u011fini s\u00f6yledi. Ki\u015fi, \u201cBu konu sistem sorunudur\u201d dedi. Cumhuriyet\u00e7i T\u00fcrk Partisi (CTP) Genel Sekreteri Mehmet Kale Ki\u015fi, Girne a\u00e7\u0131klar\u0131nda meydana gelen gemi facias\u0131n\u0131n ciddi ihmaller sonucunda meydana geldi\u011fine [&hellip;]","og_url":"https:\/\/netbakis.net\/tr\/41750\/","og_site_name":"NETBAKIS","article_published_time":"2026-09-03T17:01:43+00:00","article_modified_time":"2026-09-03T17:01:46+00:00","og_image":[{"width":971,"height":551,"url":"https:\/\/netbakis.net\/wp-content\/uploads\/2026\/01\/v2normalhaberboyutuablonsuzkopyaskopyaskopyas-2025-12-29t114449702_1767001508.webp","type":"image\/webp"}],"author":"netbakis.net","twitter_card":"summary_large_image","twitter_misc":{"Yazan:":"netbakis.net","Tahmini okuma s\u00fcresi":"2 dakika"},"schema":{"@context":"https:\/\/schema.org","@graph":[{"@type":"WebPage","@id":"https:\/\/netbakis.net\/41750\/","url":"https:\/\/netbakis.net\/41750\/","name":"Mehmet Kale Ki\u015fi: Siyasi sorumluluk h\u00fck\u00fcmetin b\u00fct\u00fcn\u00fcne ait - NETBAKIS","isPartOf":{"@id":"https:\/\/netbakis.net\/#website"},"primaryImageOfPage":{"@id":"https:\/\/netbakis.net\/41750\/#primaryimage"},"image":{"@id":"https:\/\/netbakis.net\/41750\/#primaryimage"},"thumbnailUrl":"https:\/\/netbakis.net\/wp-content\/uploads\/2026\/01\/v2normalhaberboyutuablonsuzkopyaskopyaskopyas-2025-12-29t114449702_1767001508.webp","datePublished":"2026-09-03T17:01:43+00:00","dateModified":"2026-09-03T17:01:46+00:00","author":{"@id":"https:\/\/netbakis.net\/#\/schema\/person\/5d9b5c3f48ca4a3c69967d619fc8c7f4"},"breadcrumb":{"@id":"https:\/\/netbakis.net\/41750\/#breadcrumb"},"inLanguage":"tr","potentialAction":[{"@type":"ReadAction","target":["https:\/\/netbakis.net\/41750\/"]}]},{"@type":"ImageObject","inLanguage":"tr","@id":"https:\/\/netbakis.net\/41750\/#primaryimage","url":"https:\/\/netbakis.net\/wp-content\/uploads\/2026\/01\/v2normalhaberboyutuablonsuzkopyaskopyaskopyas-2025-12-29t114449702_1767001508.webp","contentUrl":"https:\/\/netbakis.net\/wp-content\/uploads\/2026\/01\/v2normalhaberboyutuablonsuzkopyaskopyaskopyas-2025-12-29t114449702_1767001508.webp","width":971,"height":551},{"@type":"BreadcrumbList","@id":"https:\/\/netbakis.net\/41750\/#breadcrumb","itemListElement":[{"@type":"ListItem","position":1,"name":"Home","item":"https:\/\/netbakis.net\/"},{"@type":"ListItem","position":2,"name":"Mehmet Kale Ki\u015fi: Siyasi sorumluluk h\u00fck\u00fcmetin b\u00fct\u00fcn\u00fcne ait"}]},{"@type":"WebSite","@id":"https:\/\/netbakis.net\/#website","url":"https:\/\/netbakis.net\/","name":"NETBAKIS","description":"SON DAKIKA","potentialAction":[{"@type":"SearchAction","target":{"@type":"EntryPoint","urlTemplate":"https:\/\/netbakis.net\/?s={search_term_string}"},"query-input":{"@type":"PropertyValueSpecification","valueRequired":true,"valueName":"search_term_string"}}],"inLanguage":"tr"},{"@type":"Person","@id":"https:\/\/netbakis.net\/#\/schema\/person\/5d9b5c3f48ca4a3c69967d619fc8c7f4","name":"netbakis.net","image":{"@type":"ImageObject","inLanguage":"tr","@id":"https:\/\/netbakis.net\/#\/schema\/person\/image\/","url":"https:\/\/secure.gravatar.com\/avatar\/4ddeae49d2d3e3568a8d5b0937642efdf0b72468dbe3f213bc1978faa47af0d1?s=96&d=wp_user_avatar&r=g","contentUrl":"https:\/\/secure.gravatar.com\/avatar\/4ddeae49d2d3e3568a8d5b0937642efdf0b72468dbe3f213bc1978faa47af0d1?s=96&d=wp_user_avatar&r=g","caption":"netbakis.net"},"sameAs":["https:\/\/netbakis.net"],"url":"https:\/\/netbakis.net\/tr\/author\/netbakis-net\/"}]}},"jetpack_publicize_connections":[],"_links":{"self":[{"href":"https:\/\/netbakis.net\/tr\/wp-json\/wp\/v2\/posts\/41750","targetHints":{"allow":["GET"]}}],"collection":[{"href":"https:\/\/netbakis.net\/tr\/wp-json\/wp\/v2\/posts"}],"about":[{"href":"https:\/\/netbakis.net\/tr\/wp-json\/wp\/v2\/types\/post"}],"author":[{"embeddable":true,"href":"https:\/\/netbakis.net\/tr\/wp-json\/wp\/v2\/users\/1"}],"replies":[{"embeddable":true,"href":"https:\/\/netbakis.net\/tr\/wp-json\/wp\/v2\/comments?post=41750"}],"version-history":[{"count":1,"href":"https:\/\/netbakis.net\/tr\/wp-json\/wp\/v2\/posts\/41750\/revisions"}],"predecessor-version":[{"id":41751,"href":"https:\/\/netbakis.net\/tr\/wp-json\/wp\/v2\/posts\/41750\/revisions\/41751"}],"wp:featuredmedia":[{"embeddable":true,"href":"https:\/\/netbakis.net\/tr\/wp-json\/wp\/v2\/media\/35586"}],"wp:attachment":[{"href":"https:\/\/netbakis.net\/tr\/wp-json\/wp\/v2\/media?parent=41750"}],"wp:term":[{"taxonomy":"category","embeddable":true,"href":"https:\/\/netbakis.net\/tr\/wp-json\/wp\/v2\/categories?post=41750"},{"taxonomy":"post_tag","embeddable":true,"href":"https:\/\/netbakis.net\/tr\/wp-json\/wp\/v2\/tags?post=41750"}],"curies":[{"name":"wp","href":"https:\/\/api.w.org\/{rel}","templated":true}]}}