{"id":41747,"date":"2026-09-03T17:00:58","date_gmt":"2026-09-03T17:00:58","guid":{"rendered":"https:\/\/netbakis.net\/?p=41747"},"modified":"2026-09-03T17:01:00","modified_gmt":"2026-09-03T17:01:00","slug":"marmaradaki-gemi-kazasi-alsunun-ascisi-haric-9-murettebati-hakkinda-sorusturma","status":"publish","type":"post","link":"https:\/\/netbakis.net\/tr\/41747\/","title":{"rendered":"Marmara\u2019daki gemi kazas\u0131: Alsu\u2019nun a\u015f\u00e7\u0131s\u0131 hari\u00e7 9 m\u00fcrettebat\u0131 hakk\u0131nda soru\u015fturma"},"content":{"rendered":"<p class=\"wp-block-paragraph\">Silivri a\u00e7\u0131klar\u0131nda Tu\u011fberk \u0130mamo\u011flu isimli kuru y\u00fck gemisinin batmas\u0131yla sonu\u00e7lanan kazayla ilgili soru\u015fturma s\u00fcr\u00fcyor. Kazadan kurtulan Alsu isimli tankerin 10 ki\u015filik m\u00fcrettebat\u0131ndan a\u015f\u00e7\u0131 hari\u00e7 9 ki\u015fi hakk\u0131nda \u015f\u00fcpheli i\u015flemi uyguland\u0131.<br><br>Silivri a\u00e7\u0131klar\u0131nda Alsu isimli tanker ile Tu\u011fberk \u0130mamo\u011flu adl\u0131 kuru y\u00fck gemisinin \u00e7arp\u0131\u015fmas\u0131 sonucu meydana gelen kazayla ilgili soru\u015fturma s\u00fcr\u00fcyor. Alsu gemisinde bulunan 10 m\u00fcrettebattan a\u015f\u00e7\u0131 hari\u00e7 9\u2019u \u015f\u00fcpheli s\u0131fat\u0131yla g\u00f6zalt\u0131na al\u0131n\u0131rken, 6 ki\u015fi adliyeye sevk edildi. Batan gemide bulunan 10 m\u00fcrettebat\u0131 arama \u00e7al\u0131\u015fmalar\u0131 ise devam ediyor.<\/p>\n\n\n\n<p class=\"wp-block-paragraph\">Kocaeli\u2019den Alia\u011fa\u2019ya bo\u015f olarak seyreden Alsu isimli tanker ile \u0130skenderun\u2019dan Karadeniz Ere\u011fli\u2019ye 4 bin 199 ton rulo sac ta\u015f\u0131yan Tu\u011fberk \u0130mamo\u011flu isimli kuru y\u00fck gemisi, d\u00fcn saat 03.00 s\u0131ralar\u0131nda Silivri a\u00e7\u0131klar\u0131n\u0131n yakla\u015f\u0131k 18 mil, yani 35 kilometre g\u00fcneyinde \u00e7arp\u0131\u015ft\u0131.<\/p>\n\n\n\n<p class=\"wp-block-paragraph\">\u00c7arp\u0131\u015fman\u0131n ard\u0131ndan Tu\u011fberk \u0130mamo\u011flu isimli kuru y\u00fck gemisi batt\u0131. Gemide bulunan 10 m\u00fcrettebat\u0131n ak\u0131betinin belirlenmesi i\u00e7in arama-kurtarma \u00e7al\u0131\u015fmalar\u0131 s\u00fcrd\u00fcr\u00fcl\u00fcyor.<\/p>\n\n\n\n<p class=\"wp-block-paragraph\">Kazan\u0131n ard\u0131ndan Silivri Cumhuriyet Ba\u015fsavc\u0131l\u0131\u011f\u0131 taraf\u0131ndan soru\u015fturma ba\u015flat\u0131ld\u0131.<\/p>\n\n\n\n<figure class=\"wp-block-image\"><img decoding=\"async\" src=\"https:\/\/www.kibrispostasi.com\/upload\/news\/v\/v2\/v2yeniproje-2026-09-02t160751490_1788354496.jpg\" alt=\"\"\/><\/figure>\n\n\n\n<p class=\"wp-block-paragraph\"><strong>ALSU\u2019DAK\u0130 9 M\u00dcRETTEBAT \u015e\u00dcPHEL\u0130<\/strong><\/p>\n\n\n\n<p class=\"wp-block-paragraph\">Soru\u015fturma kapsam\u0131nda kazaya kar\u0131\u015fan ve kazadan sa\u011f kurtulan Alsu gemisinde bulunan 10 ki\u015fiden a\u015f\u00e7\u0131 hari\u00e7 9\u2019u \u015f\u00fcpheli s\u0131fat\u0131yla g\u00f6zalt\u0131na al\u0131nd\u0131.<\/p>\n\n\n\n<p class=\"wp-block-paragraph\">\u015e\u00fcphelilerin ifadeleri gemide al\u0131n\u0131rken, m\u00fcrettebattan 6 ki\u015fi daha sonra adliyeye sevk edildi. \u015e\u00fcphelilerin savc\u0131l\u0131k ifadelerinin al\u0131nmas\u0131na ba\u015flan\u0131rken, tutuklama talebiyle mahkemeye sevk edilip edilmeyecekleri bilirki\u015fi heyetinin haz\u0131rlayaca\u011f\u0131 raporun ard\u0131ndan netle\u015fecek.<\/p>\n\n\n\n<p class=\"wp-block-paragraph\">Kazan\u0131n ard\u0131ndan gemide bulunan m\u00fcrettebata alkol testi uyguland\u0131. Yap\u0131lan testlerde alkole rastlanmad\u0131\u011f\u0131, ayr\u0131nt\u0131l\u0131 inceleme amac\u0131yla \u015f\u00fcphelilerden kan \u00f6rnekleri de al\u0131nd\u0131\u011f\u0131 \u00f6\u011frenildi.<\/p>\n\n\n\n<p class=\"wp-block-paragraph\"><strong>B\u0130L\u0130RK\u0130\u015e\u0130 HEYET\u0130 G\u00d6REVLEND\u0130R\u0130LD\u0130<\/strong><\/p>\n\n\n\n<p class=\"wp-block-paragraph\">Ba\u015fsavc\u0131l\u0131k taraf\u0131ndan kazada taraflar\u0131n kusur durumunun belirlenmesi amac\u0131yla bilirki\u015fi heyeti g\u00f6revlendirildi.<\/p>\n\n\n\n<p class=\"wp-block-paragraph\">Heyetin, haz\u0131rlayaca\u011f\u0131 \u00f6n raporu bug\u00fcn \u00f6\u011fle saatlerine kadar Ba\u015fsavc\u0131l\u0131\u011fa sunmas\u0131 beklenirken, raporun ard\u0131ndan hangi \u015f\u00fcphelilerin adliyeye sevk edilece\u011finin belirlenmesi planland\u0131.<\/p>\n\n\n\n<p class=\"wp-block-paragraph\">Alsu gemisindeki m\u00fcrettebat\u0131n ifadeleri al\u0131n\u0131rken gemiden herhangi bir personelin indirilmedi\u011fi, i\u015flemlerin gemide s\u00fcrd\u00fc\u011f\u00fc ve m\u00fcrettebata jandarma ekiplerinin e\u015flik etti\u011fi belirtildi.<\/p>\n\n\n\n<p class=\"wp-block-paragraph\"><strong>BATAN GEM\u0130N\u0130N ENKAZI YAKLA\u015eIK 800-1100 METRE DER\u0130NL\u0130KTE<\/strong><\/p>\n\n\n\n<p class=\"wp-block-paragraph\">Tu\u011fberk \u0130mamo\u011flu isimli geminin 800 ile 1100 metre aras\u0131nda de\u011fi\u015fen derinlikte bulundu\u011fu de\u011ferlendiriliyor.<\/p>\n\n\n\n<p class=\"wp-block-paragraph\">Bu derinlik nedeniyle enkaza ula\u015f\u0131lmas\u0131 ve delillerin elde edilmesi i\u00e7in \u00f6zel teknik imkanlara ihtiya\u00e7 duyuluyor. Arama-kurtarma \u00e7al\u0131\u015fmalar\u0131n\u0131n yan\u0131 s\u0131ra bu derinlikte \u00e7al\u0131\u015fma yapabilecek teknik ekipmanlar\u0131n belirlenmesi ve temini i\u00e7in de \u00e7al\u0131\u015fmalar y\u00fcr\u00fct\u00fcl\u00fcyor.<\/p>\n\n\n\n<p class=\"wp-block-paragraph\">B\u00f6lgedeki \u00e7al\u0131\u015fmalara insans\u0131z hava ara\u00e7lar\u0131 ve deniz unsurlar\u0131yla devam edilirken, Nene Hatun Arama Kurtarma Gemisi de \u00e7al\u0131\u015fmalara destek veriyor.<\/p>\n\n\n\n<p class=\"wp-block-paragraph\"><strong>\u201cKURTULDUKLARINA DA\u0130R DEL\u0130L YOK\u201d<\/strong><\/p>\n\n\n\n<p class=\"wp-block-paragraph\">Alsu gemisindeki \u015f\u00fcphelilerin ifadelerinde, Tu\u011fberk \u0130mamo\u011flu\u2019nda bulunan m\u00fcrettebattan 2 veya 3 ki\u015finin gemi batmadan \u00f6nce g\u00fcverte b\u00f6l\u00fcm\u00fcnde bulundu\u011funu s\u00f6yledikleri \u00f6\u011frenildi.<\/p>\n\n\n\n<p class=\"wp-block-paragraph\">Bu ki\u015filerin kurtuldu\u011funa ili\u015fkin \u015fu ana kadar herhangi bir delil veya emare bulunmad\u0131\u011f\u0131 belirtildi. \u00d6te yandan, hayatlar\u0131n\u0131 kaybetmi\u015f olmalar\u0131 halinde naa\u015flar\u0131na ula\u015f\u0131lmas\u0131n\u0131n m\u00fcmk\u00fcn olabilece\u011fi de\u011ferlendiriliyor.<\/p>\n\n\n\n<p class=\"wp-block-paragraph\">Ancak ekiplerin hen\u00fcz Tu\u011fberk \u0130mamo\u011flu gemisinin enkaz\u0131na ula\u015famad\u0131\u011f\u0131 bildirildi.<\/p>\n\n\n\n<p class=\"wp-block-paragraph\"><strong>GEM\u0130LER\u0130N D\u0130J\u0130TAL KAYITLARI MUHAFAZA ALTINA ALINDI<\/strong><\/p>\n\n\n\n<p class=\"wp-block-paragraph\">Soru\u015fturma kapsam\u0131nda kazadan kurtulan Alsu gemisinin seyir, rota ve manevra bilgileri ile k\u00f6pr\u00fc\u00fcst\u00fc ve makine dairesine ili\u015fkin dijital kay\u0131tlar muhafaza alt\u0131na al\u0131nd\u0131.<\/p>\n\n\n\n<p class=\"wp-block-paragraph\">\u0130stanbul B\u00f6lge Liman Ba\u015fkanl\u0131\u011f\u0131\u2019ndan her iki gemiye ili\u015fkin bilgi ve belgeler talep edilirken, K\u0131y\u0131 Emniyeti Genel M\u00fcd\u00fcrl\u00fc\u011f\u00fc\u2019nden de kazadan \u00f6nceki 12 saati kapsayan t\u00fcm kay\u0131tlar istendi.<\/p>\n\n\n\n<p class=\"wp-block-paragraph\">Kazaya ili\u015fkin telsiz g\u00f6r\u00fc\u015fmeleri de tutanak alt\u0131na al\u0131nd\u0131.<\/p>\n\n\n\n<p class=\"wp-block-paragraph\">Ayr\u0131ca gemi kaptanl\u0131\u011f\u0131 ve gemi in\u015faat m\u00fchendisli\u011fi alanlar\u0131nda uzman bilirki\u015filer g\u00f6revlendirilerek kazan\u0131n meydana geli\u015f \u015fekli ve taraflar\u0131n kusur durumlar\u0131n\u0131n belirlenmesine y\u00f6nelik \u00f6n rapor haz\u0131rlanmas\u0131 istendi.<\/p>\n\n\n\n<figure class=\"wp-block-image\"><img decoding=\"async\" src=\"https:\/\/www.kibrispostasi.com\/upload\/news\/v\/v2\/v2yeniproje-2026-09-02t110452388_1788336375.jpg\" alt=\"\"\/><\/figure>\n\n\n\n<p class=\"wp-block-paragraph\"><strong>BATAN GEM\u0130N\u0130N M\u00dcRETTEBATI<\/strong><\/p>\n\n\n\n<p class=\"wp-block-paragraph\"><strong>Tu\u011fberk \u0130mamo\u011flu gemisinde bulunan ve aranan 10 ki\u015filik m\u00fcrettebat\u0131n kimlikleri \u015f\u00f6yle:<\/strong><\/p>\n\n\n\n<p class=\"wp-block-paragraph\">Kaptan: Ya\u015far Kayhan<\/p>\n\n\n\n<p class=\"wp-block-paragraph\">1\u2019inci Zab\u0131t: Rahmi Temel<\/p>\n\n\n\n<p class=\"wp-block-paragraph\">3\u2019\u00fcnc\u00fc Kaptan: Atakan Alag\u00f6z<\/p>\n\n\n\n<p class=\"wp-block-paragraph\">Ba\u015fmakinist: Ayd\u0131n Demirci<\/p>\n\n\n\n<p class=\"wp-block-paragraph\">2\u2019nci Makinist: Gencer Ayd\u0131n<\/p>\n\n\n\n<p class=\"wp-block-paragraph\">Ya\u011fc\u0131: Ey\u00fcp Enes Cesur<\/p>\n\n\n\n<p class=\"wp-block-paragraph\">G\u00fcverte Lostromosu: Nidai Duman<\/p>\n\n\n\n<p class=\"wp-block-paragraph\">Usta Gemici: Nacican Keskin<\/p>\n\n\n\n<p class=\"wp-block-paragraph\">Gemici: Onuralp Demir<\/p>\n\n\n\n<p class=\"wp-block-paragraph\">A\u015f\u00e7\u0131: Abd\u00fclbaki Mirzao\u011flu<\/p>\n\n\n\n<p class=\"wp-block-paragraph\">Arama-kurtarma ekiplerinin batan gemideki 10 m\u00fcrettebata ula\u015fmak i\u00e7in b\u00f6lgedeki \u00e7al\u0131\u015fmalar\u0131 s\u00fcr\u00fcyor.<\/p>\n\n\n\n<figure class=\"wp-block-image\"><img decoding=\"async\" src=\"https:\/\/www.kibrispostasi.com\/upload\/news\/v\/v2\/v2yeniproje-2026-09-02t080010337_1788325233.jpg\" alt=\"\"\/><\/figure>\n\n\n\n<p class=\"wp-block-paragraph\">Arama-kurtarma ekiplerinin kay\u0131p 10 m\u00fcrettebata ula\u015fmak i\u00e7in b\u00f6lgedeki \u00e7al\u0131\u015fmalar\u0131 s\u00fcr\u00fcyor.<\/p>","protected":false},"excerpt":{"rendered":"<p>Silivri a\u00e7\u0131klar\u0131nda Tu\u011fberk \u0130mamo\u011flu isimli kuru y\u00fck gemisinin batmas\u0131yla sonu\u00e7lanan kazayla ilgili soru\u015fturma s\u00fcr\u00fcyor. Kazadan kurtulan Alsu isimli tankerin 10 ki\u015filik m\u00fcrettebat\u0131ndan a\u015f\u00e7\u0131 hari\u00e7 9 ki\u015fi hakk\u0131nda \u015f\u00fcpheli i\u015flemi uyguland\u0131. Silivri a\u00e7\u0131klar\u0131nda Alsu isimli tanker ile Tu\u011fberk \u0130mamo\u011flu adl\u0131 kuru y\u00fck gemisinin \u00e7arp\u0131\u015fmas\u0131 sonucu meydana gelen kazayla ilgili soru\u015fturma s\u00fcr\u00fcyor. Alsu gemisinde bulunan 10 m\u00fcrettebattan [&hellip;]<\/p>","protected":false},"author":1,"featured_media":41748,"comment_status":"open","ping_status":"open","sticky":false,"template":"","format":"standard","meta":{"om_disable_all_campaigns":false,"_monsterinsights_skip_tracking":false,"_monsterinsights_sitenote_active":false,"_monsterinsights_sitenote_note":"","_monsterinsights_sitenote_category":0,"_uf_show_specific_survey":0,"_uf_disable_surveys":false,"footnotes":"","jetpack_publicize_message":"","jetpack_publicize_feature_enabled":true,"jetpack_social_post_already_shared":true,"jetpack_social_options":{"image_generator_settings":{"template":"highway","default_image_id":0,"font":"","enabled":false},"version":2}},"categories":[81],"tags":[],"class_list":["post-41747","post","type-post","status-publish","format-standard","has-post-thumbnail","category-gundem"],"yoast_head":"<!-- This site is optimized with the Yoast SEO plugin v23.8 - https:\/\/yoast.com\/wordpress\/plugins\/seo\/ -->\n<title>Marmara\u2019daki gemi kazas\u0131: Alsu\u2019nun a\u015f\u00e7\u0131s\u0131 hari\u00e7 9 m\u00fcrettebat\u0131 hakk\u0131nda soru\u015fturma - NETBAKIS<\/title>\n<meta name=\"robots\" content=\"index, follow, max-snippet:-1, max-image-preview:large, max-video-preview:-1\" \/>\n<link rel=\"canonical\" href=\"https:\/\/netbakis.net\/tr\/41747\/\" \/>\n<meta property=\"og:locale\" content=\"tr_TR\" \/>\n<meta property=\"og:type\" content=\"article\" \/>\n<meta property=\"og:title\" content=\"Marmara\u2019daki gemi kazas\u0131: Alsu\u2019nun a\u015f\u00e7\u0131s\u0131 hari\u00e7 9 m\u00fcrettebat\u0131 hakk\u0131nda soru\u015fturma - NETBAKIS\" \/>\n<meta property=\"og:description\" content=\"Silivri a\u00e7\u0131klar\u0131nda Tu\u011fberk \u0130mamo\u011flu isimli kuru y\u00fck gemisinin batmas\u0131yla sonu\u00e7lanan kazayla ilgili soru\u015fturma s\u00fcr\u00fcyor. Kazadan kurtulan Alsu isimli tankerin 10 ki\u015filik m\u00fcrettebat\u0131ndan a\u015f\u00e7\u0131 hari\u00e7 9 ki\u015fi hakk\u0131nda \u015f\u00fcpheli i\u015flemi uyguland\u0131. Silivri a\u00e7\u0131klar\u0131nda Alsu isimli tanker ile Tu\u011fberk \u0130mamo\u011flu adl\u0131 kuru y\u00fck gemisinin \u00e7arp\u0131\u015fmas\u0131 sonucu meydana gelen kazayla ilgili soru\u015fturma s\u00fcr\u00fcyor. Alsu gemisinde bulunan 10 m\u00fcrettebattan [&hellip;]\" \/>\n<meta property=\"og:url\" content=\"https:\/\/netbakis.net\/tr\/41747\/\" \/>\n<meta property=\"og:site_name\" content=\"NETBAKIS\" \/>\n<meta property=\"article:published_time\" content=\"2026-09-03T17:00:58+00:00\" \/>\n<meta property=\"article:modified_time\" content=\"2026-09-03T17:01:00+00:00\" \/>\n<meta property=\"og:image\" content=\"https:\/\/netbakis.net\/wp-content\/uploads\/2026\/09\/v2yeniproje-2026-09-03t082638037_1788413226.webp\" \/>\n\t<meta property=\"og:image:width\" content=\"971\" \/>\n\t<meta property=\"og:image:height\" content=\"551\" \/>\n\t<meta property=\"og:image:type\" content=\"image\/webp\" \/>\n<meta name=\"author\" content=\"netbakis.net\" \/>\n<meta name=\"twitter:card\" content=\"summary_large_image\" \/>\n<meta name=\"twitter:label1\" content=\"Yazan:\" \/>\n\t<meta name=\"twitter:data1\" content=\"netbakis.net\" \/>\n\t<meta name=\"twitter:label2\" content=\"Tahmini okuma s\u00fcresi\" \/>\n\t<meta name=\"twitter:data2\" content=\"4 dakika\" \/>\n<script type=\"application\/ld+json\" class=\"yoast-schema-graph\">{\"@context\":\"https:\/\/schema.org\",\"@graph\":[{\"@type\":\"WebPage\",\"@id\":\"https:\/\/netbakis.net\/41747\/\",\"url\":\"https:\/\/netbakis.net\/41747\/\",\"name\":\"Marmara\u2019daki gemi kazas\u0131: Alsu\u2019nun a\u015f\u00e7\u0131s\u0131 hari\u00e7 9 m\u00fcrettebat\u0131 hakk\u0131nda soru\u015fturma - NETBAKIS\",\"isPartOf\":{\"@id\":\"https:\/\/netbakis.net\/#website\"},\"primaryImageOfPage\":{\"@id\":\"https:\/\/netbakis.net\/41747\/#primaryimage\"},\"image\":{\"@id\":\"https:\/\/netbakis.net\/41747\/#primaryimage\"},\"thumbnailUrl\":\"https:\/\/netbakis.net\/wp-content\/uploads\/2026\/09\/v2yeniproje-2026-09-03t082638037_1788413226.webp\",\"datePublished\":\"2026-09-03T17:00:58+00:00\",\"dateModified\":\"2026-09-03T17:01:00+00:00\",\"author\":{\"@id\":\"https:\/\/netbakis.net\/#\/schema\/person\/5d9b5c3f48ca4a3c69967d619fc8c7f4\"},\"breadcrumb\":{\"@id\":\"https:\/\/netbakis.net\/41747\/#breadcrumb\"},\"inLanguage\":\"tr\",\"potentialAction\":[{\"@type\":\"ReadAction\",\"target\":[\"https:\/\/netbakis.net\/41747\/\"]}]},{\"@type\":\"ImageObject\",\"inLanguage\":\"tr\",\"@id\":\"https:\/\/netbakis.net\/41747\/#primaryimage\",\"url\":\"https:\/\/netbakis.net\/wp-content\/uploads\/2026\/09\/v2yeniproje-2026-09-03t082638037_1788413226.webp\",\"contentUrl\":\"https:\/\/netbakis.net\/wp-content\/uploads\/2026\/09\/v2yeniproje-2026-09-03t082638037_1788413226.webp\",\"width\":971,\"height\":551},{\"@type\":\"BreadcrumbList\",\"@id\":\"https:\/\/netbakis.net\/41747\/#breadcrumb\",\"itemListElement\":[{\"@type\":\"ListItem\",\"position\":1,\"name\":\"Home\",\"item\":\"https:\/\/netbakis.net\/\"},{\"@type\":\"ListItem\",\"position\":2,\"name\":\"Marmara\u2019daki gemi kazas\u0131: Alsu\u2019nun a\u015f\u00e7\u0131s\u0131 hari\u00e7 9 m\u00fcrettebat\u0131 hakk\u0131nda soru\u015fturma\"}]},{\"@type\":\"WebSite\",\"@id\":\"https:\/\/netbakis.net\/#website\",\"url\":\"https:\/\/netbakis.net\/\",\"name\":\"NETBAKIS\",\"description\":\"SON DAKIKA\",\"potentialAction\":[{\"@type\":\"SearchAction\",\"target\":{\"@type\":\"EntryPoint\",\"urlTemplate\":\"https:\/\/netbakis.net\/?s={search_term_string}\"},\"query-input\":{\"@type\":\"PropertyValueSpecification\",\"valueRequired\":true,\"valueName\":\"search_term_string\"}}],\"inLanguage\":\"tr\"},{\"@type\":\"Person\",\"@id\":\"https:\/\/netbakis.net\/#\/schema\/person\/5d9b5c3f48ca4a3c69967d619fc8c7f4\",\"name\":\"netbakis.net\",\"image\":{\"@type\":\"ImageObject\",\"inLanguage\":\"tr\",\"@id\":\"https:\/\/netbakis.net\/#\/schema\/person\/image\/\",\"url\":\"https:\/\/secure.gravatar.com\/avatar\/4ddeae49d2d3e3568a8d5b0937642efdf0b72468dbe3f213bc1978faa47af0d1?s=96&d=wp_user_avatar&r=g\",\"contentUrl\":\"https:\/\/secure.gravatar.com\/avatar\/4ddeae49d2d3e3568a8d5b0937642efdf0b72468dbe3f213bc1978faa47af0d1?s=96&d=wp_user_avatar&r=g\",\"caption\":\"netbakis.net\"},\"sameAs\":[\"https:\/\/netbakis.net\"],\"url\":\"https:\/\/netbakis.net\/tr\/author\/netbakis-net\/\"}]}<\/script>\n<!-- \/ Yoast SEO plugin. -->","yoast_head_json":{"title":"Marmara\u2019daki gemi kazas\u0131: Alsu\u2019nun a\u015f\u00e7\u0131s\u0131 hari\u00e7 9 m\u00fcrettebat\u0131 hakk\u0131nda soru\u015fturma - NETBAKIS","robots":{"index":"index","follow":"follow","max-snippet":"max-snippet:-1","max-image-preview":"max-image-preview:large","max-video-preview":"max-video-preview:-1"},"canonical":"https:\/\/netbakis.net\/tr\/41747\/","og_locale":"tr_TR","og_type":"article","og_title":"Marmara\u2019daki gemi kazas\u0131: Alsu\u2019nun a\u015f\u00e7\u0131s\u0131 hari\u00e7 9 m\u00fcrettebat\u0131 hakk\u0131nda soru\u015fturma - NETBAKIS","og_description":"Silivri a\u00e7\u0131klar\u0131nda Tu\u011fberk \u0130mamo\u011flu isimli kuru y\u00fck gemisinin batmas\u0131yla sonu\u00e7lanan kazayla ilgili soru\u015fturma s\u00fcr\u00fcyor. Kazadan kurtulan Alsu isimli tankerin 10 ki\u015filik m\u00fcrettebat\u0131ndan a\u015f\u00e7\u0131 hari\u00e7 9 ki\u015fi hakk\u0131nda \u015f\u00fcpheli i\u015flemi uyguland\u0131. Silivri a\u00e7\u0131klar\u0131nda Alsu isimli tanker ile Tu\u011fberk \u0130mamo\u011flu adl\u0131 kuru y\u00fck gemisinin \u00e7arp\u0131\u015fmas\u0131 sonucu meydana gelen kazayla ilgili soru\u015fturma s\u00fcr\u00fcyor. Alsu gemisinde bulunan 10 m\u00fcrettebattan [&hellip;]","og_url":"https:\/\/netbakis.net\/tr\/41747\/","og_site_name":"NETBAKIS","article_published_time":"2026-09-03T17:00:58+00:00","article_modified_time":"2026-09-03T17:01:00+00:00","og_image":[{"width":971,"height":551,"url":"https:\/\/netbakis.net\/wp-content\/uploads\/2026\/09\/v2yeniproje-2026-09-03t082638037_1788413226.webp","type":"image\/webp"}],"author":"netbakis.net","twitter_card":"summary_large_image","twitter_misc":{"Yazan:":"netbakis.net","Tahmini okuma s\u00fcresi":"4 dakika"},"schema":{"@context":"https:\/\/schema.org","@graph":[{"@type":"WebPage","@id":"https:\/\/netbakis.net\/41747\/","url":"https:\/\/netbakis.net\/41747\/","name":"Marmara\u2019daki gemi kazas\u0131: Alsu\u2019nun a\u015f\u00e7\u0131s\u0131 hari\u00e7 9 m\u00fcrettebat\u0131 hakk\u0131nda soru\u015fturma - NETBAKIS","isPartOf":{"@id":"https:\/\/netbakis.net\/#website"},"primaryImageOfPage":{"@id":"https:\/\/netbakis.net\/41747\/#primaryimage"},"image":{"@id":"https:\/\/netbakis.net\/41747\/#primaryimage"},"thumbnailUrl":"https:\/\/netbakis.net\/wp-content\/uploads\/2026\/09\/v2yeniproje-2026-09-03t082638037_1788413226.webp","datePublished":"2026-09-03T17:00:58+00:00","dateModified":"2026-09-03T17:01:00+00:00","author":{"@id":"https:\/\/netbakis.net\/#\/schema\/person\/5d9b5c3f48ca4a3c69967d619fc8c7f4"},"breadcrumb":{"@id":"https:\/\/netbakis.net\/41747\/#breadcrumb"},"inLanguage":"tr","potentialAction":[{"@type":"ReadAction","target":["https:\/\/netbakis.net\/41747\/"]}]},{"@type":"ImageObject","inLanguage":"tr","@id":"https:\/\/netbakis.net\/41747\/#primaryimage","url":"https:\/\/netbakis.net\/wp-content\/uploads\/2026\/09\/v2yeniproje-2026-09-03t082638037_1788413226.webp","contentUrl":"https:\/\/netbakis.net\/wp-content\/uploads\/2026\/09\/v2yeniproje-2026-09-03t082638037_1788413226.webp","width":971,"height":551},{"@type":"BreadcrumbList","@id":"https:\/\/netbakis.net\/41747\/#breadcrumb","itemListElement":[{"@type":"ListItem","position":1,"name":"Home","item":"https:\/\/netbakis.net\/"},{"@type":"ListItem","position":2,"name":"Marmara\u2019daki gemi kazas\u0131: Alsu\u2019nun a\u015f\u00e7\u0131s\u0131 hari\u00e7 9 m\u00fcrettebat\u0131 hakk\u0131nda soru\u015fturma"}]},{"@type":"WebSite","@id":"https:\/\/netbakis.net\/#website","url":"https:\/\/netbakis.net\/","name":"NETBAKIS","description":"SON DAKIKA","potentialAction":[{"@type":"SearchAction","target":{"@type":"EntryPoint","urlTemplate":"https:\/\/netbakis.net\/?s={search_term_string}"},"query-input":{"@type":"PropertyValueSpecification","valueRequired":true,"valueName":"search_term_string"}}],"inLanguage":"tr"},{"@type":"Person","@id":"https:\/\/netbakis.net\/#\/schema\/person\/5d9b5c3f48ca4a3c69967d619fc8c7f4","name":"netbakis.net","image":{"@type":"ImageObject","inLanguage":"tr","@id":"https:\/\/netbakis.net\/#\/schema\/person\/image\/","url":"https:\/\/secure.gravatar.com\/avatar\/4ddeae49d2d3e3568a8d5b0937642efdf0b72468dbe3f213bc1978faa47af0d1?s=96&d=wp_user_avatar&r=g","contentUrl":"https:\/\/secure.gravatar.com\/avatar\/4ddeae49d2d3e3568a8d5b0937642efdf0b72468dbe3f213bc1978faa47af0d1?s=96&d=wp_user_avatar&r=g","caption":"netbakis.net"},"sameAs":["https:\/\/netbakis.net"],"url":"https:\/\/netbakis.net\/tr\/author\/netbakis-net\/"}]}},"jetpack_publicize_connections":[],"_links":{"self":[{"href":"https:\/\/netbakis.net\/tr\/wp-json\/wp\/v2\/posts\/41747","targetHints":{"allow":["GET"]}}],"collection":[{"href":"https:\/\/netbakis.net\/tr\/wp-json\/wp\/v2\/posts"}],"about":[{"href":"https:\/\/netbakis.net\/tr\/wp-json\/wp\/v2\/types\/post"}],"author":[{"embeddable":true,"href":"https:\/\/netbakis.net\/tr\/wp-json\/wp\/v2\/users\/1"}],"replies":[{"embeddable":true,"href":"https:\/\/netbakis.net\/tr\/wp-json\/wp\/v2\/comments?post=41747"}],"version-history":[{"count":1,"href":"https:\/\/netbakis.net\/tr\/wp-json\/wp\/v2\/posts\/41747\/revisions"}],"predecessor-version":[{"id":41749,"href":"https:\/\/netbakis.net\/tr\/wp-json\/wp\/v2\/posts\/41747\/revisions\/41749"}],"wp:featuredmedia":[{"embeddable":true,"href":"https:\/\/netbakis.net\/tr\/wp-json\/wp\/v2\/media\/41748"}],"wp:attachment":[{"href":"https:\/\/netbakis.net\/tr\/wp-json\/wp\/v2\/media?parent=41747"}],"wp:term":[{"taxonomy":"category","embeddable":true,"href":"https:\/\/netbakis.net\/tr\/wp-json\/wp\/v2\/categories?post=41747"},{"taxonomy":"post_tag","embeddable":true,"href":"https:\/\/netbakis.net\/tr\/wp-json\/wp\/v2\/tags?post=41747"}],"curies":[{"name":"wp","href":"https:\/\/api.w.org\/{rel}","templated":true}]}}