{"id":41744,"date":"2026-09-03T17:00:21","date_gmt":"2026-09-03T17:00:21","guid":{"rendered":"https:\/\/netbakis.net\/?p=41744"},"modified":"2026-09-03T17:00:22","modified_gmt":"2026-09-03T17:00:22","slug":"arama-kurtarma-sahasinda-deniz-faaliyetlerine-kisitlama-getirildi-kurallara-uymayanlara-cezai-islem","status":"publish","type":"post","link":"https:\/\/netbakis.net\/tr\/41744\/","title":{"rendered":"Arama kurtarma sahas\u0131nda deniz faaliyetlerine k\u0131s\u0131tlama getirildi: Kurallara uymayanlara cezai i\u015flem!"},"content":{"rendered":"<p class=\"wp-block-paragraph\">30 A\u011fustos\u2019ta ya\u015fanan deniz facias\u0131n\u0131n ard\u0131ndan arama kurtarma \u00e7al\u0131\u015fmalar\u0131n\u0131n s\u00fcrd\u00fc\u011f\u00fc Kapl\u0131ca-Koru\u00e7am Burnu aras\u0131ndaki deniz sahas\u0131nda seyir ve faaliyet k\u0131s\u0131tlamalar\u0131 getirildi. Su sporlar\u0131 durdurulurken, belirlenen arama kurtarma sahas\u0131na t\u00fcm deniz ara\u00e7lar\u0131n\u0131n ve bal\u0131k\u00e7\u0131 teknelerinin giri\u015fi yasakland\u0131.<br><br>30 A\u011fustos\u2019ta meydana gelen deniz kazas\u0131n\u0131n ard\u0131ndan arama ve kurtarma \u00e7al\u0131\u015fmalar\u0131n\u0131n s\u00fcrd\u00fcr\u00fcld\u00fc\u011f\u00fc b\u00f6lgede, deniz trafi\u011fi ve faaliyetlerine y\u00f6nelik yeni k\u0131s\u0131tlamalar uygulanmaya ba\u015fland\u0131. Kapl\u0131ca b\u00f6lgesinden Koru\u00e7am Burnu\u2019na kadar olan deniz sahas\u0131ndaki d\u00fczenlemeler ikinci bir emre kadar ge\u00e7erli olacak.<\/p>\n\n\n\n<p class=\"wp-block-paragraph\">Bay\u0131nd\u0131rl\u0131k ve Ula\u015ft\u0131rma Bakanl\u0131\u011f\u0131\u2019na ba\u011fl\u0131 Limanlar Dairesi M\u00fcd\u00fcrl\u00fc\u011f\u00fc, 30 A\u011fustos 2026 tarihinde meydana gelen deniz kazas\u0131n\u0131n ard\u0131ndan devam eden arama ve kurtarma \u00e7al\u0131\u015fmalar\u0131 nedeniyle deniz kullan\u0131c\u0131lar\u0131na y\u00f6nelik yeni seyir ve faaliyet k\u0131s\u0131tlamalar\u0131 getirildi\u011fini a\u00e7\u0131klad\u0131.<\/p>\n\n\n\n<p class=\"wp-block-paragraph\">Limanlar Dairesi M\u00fcd\u00fcrl\u00fc\u011f\u00fc taraf\u0131ndan 3 Eyl\u00fcl 2026 tarihinde yay\u0131mlanan bas\u0131n duyurusunda, k\u0131s\u0131tlamalar\u0131n Kapl\u0131ca b\u00f6lgesinden Koru\u00e7am Burnu\u2019na kadar olan deniz sahas\u0131n\u0131 kapsad\u0131\u011f\u0131 ve ikinci bir emre kadar uygulanaca\u011f\u0131 bildirildi.<\/p>\n\n\n\n<p class=\"wp-block-paragraph\">A\u00e7\u0131klamada, arama ve kurtarma \u00e7al\u0131\u015fmalar\u0131n\u0131n g\u00fcvenli ve etkin \u015fekilde s\u00fcrd\u00fcr\u00fclebilmesi amac\u0131yla denizcilerin, turizm i\u015fletmelerinin, bal\u0131k\u00e7\u0131lar\u0131n ve deniz ara\u00e7lar\u0131n\u0131 kullanan vatanda\u015flar\u0131n belirlenen kurallara uymalar\u0131n\u0131n \u00f6nem ta\u015f\u0131d\u0131\u011f\u0131 belirtildi.<\/p>\n\n\n\n<p class=\"wp-block-paragraph\"><strong>T\u0130CAR\u0130 TUR TEKNELER\u0130NE D\u00dcZENLEME<\/strong><\/p>\n\n\n\n<p class=\"wp-block-paragraph\">Limanlar Dairesi, Antik Liman\u2019da faaliyet g\u00f6steren ticari tur teknelerinin Antik Liman\u2019\u0131n do\u011fusuna ge\u00e7meden, kuzey y\u00f6n\u00fcnde k\u0131y\u0131dan 500 metre mesafenin d\u0131\u015f\u0131na \u00e7\u0131kmadan bat\u0131 sahil \u015feridi boyunca faaliyet g\u00f6sterebilece\u011fini a\u00e7\u0131klad\u0131.<\/p>\n\n\n\n<p class=\"wp-block-paragraph\">Bu teknelerin beraberinde jet ski kullan\u0131lmas\u0131 yasaklan\u0131rken, tur teknelerinde m\u00fczikli e\u011flence d\u00fczenlenmesine de izin verilmeyecek.<\/p>\n\n\n\n<p class=\"wp-block-paragraph\"><strong>SU SPORLARI TAMAMEN DURDURULDU<\/strong><\/p>\n\n\n\n<p class=\"wp-block-paragraph\">B\u00f6lgedeki t\u00fcm otel, i\u015fletme ve plajlarda su sporlar\u0131 faaliyetleri durduruldu.<\/p>\n\n\n\n<p class=\"wp-block-paragraph\"><strong>Yasak kapsam\u0131nda;<\/strong><\/p>\n\n\n\n<ul class=\"wp-block-list\">\n<li>Parasailing,<\/li>\n\n\n\n<li>Banana,<\/li>\n\n\n\n<li>Jet ski<\/li>\n<\/ul>\n\n\n\n<p class=\"wp-block-paragraph\">ve benzeri t\u00fcm su sporlar\u0131 faaliyetleri yer al\u0131yor.<\/p>\n\n\n\n<p class=\"wp-block-paragraph\"><strong>MAR\u0130NA \u00c7IKI\u015eLARINDA BEL\u0130RLENEN ROTA KULLANILACAK<\/strong><\/p>\n\n\n\n<p class=\"wp-block-paragraph\">Delta Marina ve Girne Marina\u2019dan giri\u015f ve \u00e7\u0131k\u0131\u015f yapacak teknelerin ise belirlenen emniyetli ge\u00e7i\u015f rotas\u0131n\u0131 kullanmalar\u0131 ve d\u00fc\u015f\u00fck s\u00fcratle seyretmeleri istendi.<\/p>\n\n\n\n<p class=\"wp-block-paragraph\"><strong>Duyuruda belirtilen koordinatlar \u015f\u00f6yle:<\/strong><\/p>\n\n\n\n<ul class=\"wp-block-list\">\n<li>35\u00b0 34,2&#8242; N \u2013 033\u00b0 20,6&#8242; E<\/li>\n\n\n\n<li>35\u00b0 33,5&#8242; N \u2013 033\u00b0 09,4&#8242; E<\/li>\n\n\n\n<li>35\u00b0 24&#8242; N \u2013 033\u00b0 11&#8242; E<\/li>\n\n\n\n<li>35\u00b0 21&#8242; N \u2013 033\u00b0 21&#8242; E<\/li>\n<\/ul>\n\n\n\n<p class=\"wp-block-paragraph\"><strong>ARAMA KURTARMA SAHASINA G\u0130R\u0130\u015e YASAK<\/strong><\/p>\n\n\n\n<p class=\"wp-block-paragraph\">Limanlar Dairesi ayr\u0131ca, 15 NRT\u2019den b\u00fcy\u00fck veya k\u00fc\u00e7\u00fck t\u00fcm tekneler ile tekne s\u0131n\u0131f\u0131na giren t\u00fcm deniz ara\u00e7lar\u0131n\u0131n belirlenen arama ve kurtarma sahas\u0131na girmesini yasaklad\u0131.<\/p>\n\n\n\n<p class=\"wp-block-paragraph\">Yasa\u011f\u0131n, amat\u00f6r ve profesyonel bal\u0131k\u00e7\u0131l\u0131k faaliyeti y\u00fcr\u00fcten tekneleri de kapsad\u0131\u011f\u0131 belirtildi.<\/p>\n\n\n\n<p class=\"wp-block-paragraph\"><strong>Arama ve kurtarma sahas\u0131n\u0131 belirleyen koordinatlar ise \u015f\u00f6yle a\u00e7\u0131kland\u0131:<\/strong><\/p>\n\n\n\n<ul class=\"wp-block-list\">\n<li>35\u00b0 28,4&#8242; N \u2013 033\u00b0 39,4&#8242; E<\/li>\n\n\n\n<li>35\u00b0 24,4&#8242; N \u2013 033\u00b0 39,4&#8242; E<\/li>\n\n\n\n<li>35\u00b0 32,6&#8242; N \u2013 033\u00b0 12,4&#8242; E<\/li>\n\n\n\n<li>35\u00b0 21,3&#8242; N \u2013 033\u00b0 04,9&#8242; E<\/li>\n<\/ul>\n\n\n\n<p class=\"wp-block-paragraph\">Bu koordinatlarla belirlenen saha i\u00e7erisinde teknelerin seyretmesi veya herhangi bir faaliyette bulunmas\u0131 yasakland\u0131.<\/p>\n\n\n\n<p class=\"wp-block-paragraph\"><strong>KURALLARA UYMAYANLARA CEZA\u0130 \u0130\u015eLEM<\/strong><\/p>\n\n\n\n<p class=\"wp-block-paragraph\">Limanlar Dairesi M\u00fcd\u00fcrl\u00fc\u011f\u00fc, getirilen k\u0131s\u0131tlamalara ayk\u0131r\u0131 hareket edilmesi halinde Liman D\u00fczenleme Yasas\u0131 uyar\u0131nca cezai i\u015flem uygulanabilece\u011fi uyar\u0131s\u0131nda bulundu.<\/p>\n\n\n\n<p class=\"wp-block-paragraph\">A\u00e7\u0131klamada, arama ve kurtarma \u00e7al\u0131\u015fmalar\u0131n\u0131n herhangi bir aksakl\u0131\u011fa u\u011framamas\u0131 ve denizde seyir emniyetinin sa\u011flanmas\u0131 amac\u0131yla t\u00fcm deniz kullan\u0131c\u0131lar\u0131n\u0131n ilan edilen k\u0131s\u0131tlamalara titizlikle uymalar\u0131 istendi.<\/p>","protected":false},"excerpt":{"rendered":"<p>30 A\u011fustos\u2019ta ya\u015fanan deniz facias\u0131n\u0131n ard\u0131ndan arama kurtarma \u00e7al\u0131\u015fmalar\u0131n\u0131n s\u00fcrd\u00fc\u011f\u00fc Kapl\u0131ca-Koru\u00e7am Burnu aras\u0131ndaki deniz sahas\u0131nda seyir ve faaliyet k\u0131s\u0131tlamalar\u0131 getirildi. Su sporlar\u0131 durdurulurken, belirlenen arama kurtarma sahas\u0131na t\u00fcm deniz ara\u00e7lar\u0131n\u0131n ve bal\u0131k\u00e7\u0131 teknelerinin giri\u015fi yasakland\u0131. 30 A\u011fustos\u2019ta meydana gelen deniz kazas\u0131n\u0131n ard\u0131ndan arama ve kurtarma \u00e7al\u0131\u015fmalar\u0131n\u0131n s\u00fcrd\u00fcr\u00fcld\u00fc\u011f\u00fc b\u00f6lgede, deniz trafi\u011fi ve faaliyetlerine y\u00f6nelik yeni k\u0131s\u0131tlamalar [&hellip;]<\/p>","protected":false},"author":1,"featured_media":41745,"comment_status":"open","ping_status":"open","sticky":false,"template":"","format":"standard","meta":{"om_disable_all_campaigns":false,"_monsterinsights_skip_tracking":false,"_monsterinsights_sitenote_active":false,"_monsterinsights_sitenote_note":"","_monsterinsights_sitenote_category":0,"_uf_show_specific_survey":0,"_uf_disable_surveys":false,"footnotes":"","jetpack_publicize_message":"","jetpack_publicize_feature_enabled":true,"jetpack_social_post_already_shared":true,"jetpack_social_options":{"image_generator_settings":{"template":"highway","default_image_id":0,"font":"","enabled":false},"version":2}},"categories":[81],"tags":[],"class_list":["post-41744","post","type-post","status-publish","format-standard","has-post-thumbnail","category-gundem"],"yoast_head":"<!-- This site is optimized with the Yoast SEO plugin v23.8 - https:\/\/yoast.com\/wordpress\/plugins\/seo\/ -->\n<title>Arama kurtarma sahas\u0131nda deniz faaliyetlerine k\u0131s\u0131tlama getirildi: Kurallara uymayanlara cezai i\u015flem! - NETBAKIS<\/title>\n<meta name=\"robots\" content=\"index, follow, max-snippet:-1, max-image-preview:large, max-video-preview:-1\" \/>\n<link rel=\"canonical\" href=\"https:\/\/netbakis.net\/tr\/41744\/\" \/>\n<meta property=\"og:locale\" content=\"tr_TR\" \/>\n<meta property=\"og:type\" content=\"article\" \/>\n<meta property=\"og:title\" content=\"Arama kurtarma sahas\u0131nda deniz faaliyetlerine k\u0131s\u0131tlama getirildi: Kurallara uymayanlara cezai i\u015flem! - NETBAKIS\" \/>\n<meta property=\"og:description\" content=\"30 A\u011fustos\u2019ta ya\u015fanan deniz facias\u0131n\u0131n ard\u0131ndan arama kurtarma \u00e7al\u0131\u015fmalar\u0131n\u0131n s\u00fcrd\u00fc\u011f\u00fc Kapl\u0131ca-Koru\u00e7am Burnu aras\u0131ndaki deniz sahas\u0131nda seyir ve faaliyet k\u0131s\u0131tlamalar\u0131 getirildi. Su sporlar\u0131 durdurulurken, belirlenen arama kurtarma sahas\u0131na t\u00fcm deniz ara\u00e7lar\u0131n\u0131n ve bal\u0131k\u00e7\u0131 teknelerinin giri\u015fi yasakland\u0131. 30 A\u011fustos\u2019ta meydana gelen deniz kazas\u0131n\u0131n ard\u0131ndan arama ve kurtarma \u00e7al\u0131\u015fmalar\u0131n\u0131n s\u00fcrd\u00fcr\u00fcld\u00fc\u011f\u00fc b\u00f6lgede, deniz trafi\u011fi ve faaliyetlerine y\u00f6nelik yeni k\u0131s\u0131tlamalar [&hellip;]\" \/>\n<meta property=\"og:url\" content=\"https:\/\/netbakis.net\/tr\/41744\/\" \/>\n<meta property=\"og:site_name\" content=\"NETBAKIS\" \/>\n<meta property=\"article:published_time\" content=\"2026-09-03T17:00:21+00:00\" \/>\n<meta property=\"article:modified_time\" content=\"2026-09-03T17:00:22+00:00\" \/>\n<meta property=\"og:image\" content=\"https:\/\/netbakis.net\/wp-content\/uploads\/2026\/09\/v2evde16gramuyuturucubulundu3zanltutuklu-2026-09-03t154250893_1788439398.webp\" \/>\n\t<meta property=\"og:image:width\" content=\"971\" \/>\n\t<meta property=\"og:image:height\" content=\"551\" \/>\n\t<meta property=\"og:image:type\" content=\"image\/webp\" \/>\n<meta name=\"author\" content=\"netbakis.net\" \/>\n<meta name=\"twitter:card\" content=\"summary_large_image\" \/>\n<meta name=\"twitter:label1\" content=\"Yazan:\" \/>\n\t<meta name=\"twitter:data1\" content=\"netbakis.net\" \/>\n\t<meta name=\"twitter:label2\" content=\"Tahmini okuma s\u00fcresi\" \/>\n\t<meta name=\"twitter:data2\" content=\"3 dakika\" \/>\n<script type=\"application\/ld+json\" class=\"yoast-schema-graph\">{\"@context\":\"https:\/\/schema.org\",\"@graph\":[{\"@type\":\"WebPage\",\"@id\":\"https:\/\/netbakis.net\/41744\/\",\"url\":\"https:\/\/netbakis.net\/41744\/\",\"name\":\"Arama kurtarma sahas\u0131nda deniz faaliyetlerine k\u0131s\u0131tlama getirildi: Kurallara uymayanlara cezai i\u015flem! - NETBAKIS\",\"isPartOf\":{\"@id\":\"https:\/\/netbakis.net\/#website\"},\"primaryImageOfPage\":{\"@id\":\"https:\/\/netbakis.net\/41744\/#primaryimage\"},\"image\":{\"@id\":\"https:\/\/netbakis.net\/41744\/#primaryimage\"},\"thumbnailUrl\":\"https:\/\/netbakis.net\/wp-content\/uploads\/2026\/09\/v2evde16gramuyuturucubulundu3zanltutuklu-2026-09-03t154250893_1788439398.webp\",\"datePublished\":\"2026-09-03T17:00:21+00:00\",\"dateModified\":\"2026-09-03T17:00:22+00:00\",\"author\":{\"@id\":\"https:\/\/netbakis.net\/#\/schema\/person\/5d9b5c3f48ca4a3c69967d619fc8c7f4\"},\"breadcrumb\":{\"@id\":\"https:\/\/netbakis.net\/41744\/#breadcrumb\"},\"inLanguage\":\"tr\",\"potentialAction\":[{\"@type\":\"ReadAction\",\"target\":[\"https:\/\/netbakis.net\/41744\/\"]}]},{\"@type\":\"ImageObject\",\"inLanguage\":\"tr\",\"@id\":\"https:\/\/netbakis.net\/41744\/#primaryimage\",\"url\":\"https:\/\/netbakis.net\/wp-content\/uploads\/2026\/09\/v2evde16gramuyuturucubulundu3zanltutuklu-2026-09-03t154250893_1788439398.webp\",\"contentUrl\":\"https:\/\/netbakis.net\/wp-content\/uploads\/2026\/09\/v2evde16gramuyuturucubulundu3zanltutuklu-2026-09-03t154250893_1788439398.webp\",\"width\":971,\"height\":551},{\"@type\":\"BreadcrumbList\",\"@id\":\"https:\/\/netbakis.net\/41744\/#breadcrumb\",\"itemListElement\":[{\"@type\":\"ListItem\",\"position\":1,\"name\":\"Home\",\"item\":\"https:\/\/netbakis.net\/\"},{\"@type\":\"ListItem\",\"position\":2,\"name\":\"Arama kurtarma sahas\u0131nda deniz faaliyetlerine k\u0131s\u0131tlama getirildi: Kurallara uymayanlara cezai i\u015flem!\"}]},{\"@type\":\"WebSite\",\"@id\":\"https:\/\/netbakis.net\/#website\",\"url\":\"https:\/\/netbakis.net\/\",\"name\":\"NETBAKIS\",\"description\":\"SON DAKIKA\",\"potentialAction\":[{\"@type\":\"SearchAction\",\"target\":{\"@type\":\"EntryPoint\",\"urlTemplate\":\"https:\/\/netbakis.net\/?s={search_term_string}\"},\"query-input\":{\"@type\":\"PropertyValueSpecification\",\"valueRequired\":true,\"valueName\":\"search_term_string\"}}],\"inLanguage\":\"tr\"},{\"@type\":\"Person\",\"@id\":\"https:\/\/netbakis.net\/#\/schema\/person\/5d9b5c3f48ca4a3c69967d619fc8c7f4\",\"name\":\"netbakis.net\",\"image\":{\"@type\":\"ImageObject\",\"inLanguage\":\"tr\",\"@id\":\"https:\/\/netbakis.net\/#\/schema\/person\/image\/\",\"url\":\"https:\/\/secure.gravatar.com\/avatar\/4ddeae49d2d3e3568a8d5b0937642efdf0b72468dbe3f213bc1978faa47af0d1?s=96&d=wp_user_avatar&r=g\",\"contentUrl\":\"https:\/\/secure.gravatar.com\/avatar\/4ddeae49d2d3e3568a8d5b0937642efdf0b72468dbe3f213bc1978faa47af0d1?s=96&d=wp_user_avatar&r=g\",\"caption\":\"netbakis.net\"},\"sameAs\":[\"https:\/\/netbakis.net\"],\"url\":\"https:\/\/netbakis.net\/tr\/author\/netbakis-net\/\"}]}<\/script>\n<!-- \/ Yoast SEO plugin. -->","yoast_head_json":{"title":"Arama kurtarma sahas\u0131nda deniz faaliyetlerine k\u0131s\u0131tlama getirildi: Kurallara uymayanlara cezai i\u015flem! - NETBAKIS","robots":{"index":"index","follow":"follow","max-snippet":"max-snippet:-1","max-image-preview":"max-image-preview:large","max-video-preview":"max-video-preview:-1"},"canonical":"https:\/\/netbakis.net\/tr\/41744\/","og_locale":"tr_TR","og_type":"article","og_title":"Arama kurtarma sahas\u0131nda deniz faaliyetlerine k\u0131s\u0131tlama getirildi: Kurallara uymayanlara cezai i\u015flem! - NETBAKIS","og_description":"30 A\u011fustos\u2019ta ya\u015fanan deniz facias\u0131n\u0131n ard\u0131ndan arama kurtarma \u00e7al\u0131\u015fmalar\u0131n\u0131n s\u00fcrd\u00fc\u011f\u00fc Kapl\u0131ca-Koru\u00e7am Burnu aras\u0131ndaki deniz sahas\u0131nda seyir ve faaliyet k\u0131s\u0131tlamalar\u0131 getirildi. Su sporlar\u0131 durdurulurken, belirlenen arama kurtarma sahas\u0131na t\u00fcm deniz ara\u00e7lar\u0131n\u0131n ve bal\u0131k\u00e7\u0131 teknelerinin giri\u015fi yasakland\u0131. 30 A\u011fustos\u2019ta meydana gelen deniz kazas\u0131n\u0131n ard\u0131ndan arama ve kurtarma \u00e7al\u0131\u015fmalar\u0131n\u0131n s\u00fcrd\u00fcr\u00fcld\u00fc\u011f\u00fc b\u00f6lgede, deniz trafi\u011fi ve faaliyetlerine y\u00f6nelik yeni k\u0131s\u0131tlamalar [&hellip;]","og_url":"https:\/\/netbakis.net\/tr\/41744\/","og_site_name":"NETBAKIS","article_published_time":"2026-09-03T17:00:21+00:00","article_modified_time":"2026-09-03T17:00:22+00:00","og_image":[{"width":971,"height":551,"url":"https:\/\/netbakis.net\/wp-content\/uploads\/2026\/09\/v2evde16gramuyuturucubulundu3zanltutuklu-2026-09-03t154250893_1788439398.webp","type":"image\/webp"}],"author":"netbakis.net","twitter_card":"summary_large_image","twitter_misc":{"Yazan:":"netbakis.net","Tahmini okuma s\u00fcresi":"3 dakika"},"schema":{"@context":"https:\/\/schema.org","@graph":[{"@type":"WebPage","@id":"https:\/\/netbakis.net\/41744\/","url":"https:\/\/netbakis.net\/41744\/","name":"Arama kurtarma sahas\u0131nda deniz faaliyetlerine k\u0131s\u0131tlama getirildi: Kurallara uymayanlara cezai i\u015flem! - NETBAKIS","isPartOf":{"@id":"https:\/\/netbakis.net\/#website"},"primaryImageOfPage":{"@id":"https:\/\/netbakis.net\/41744\/#primaryimage"},"image":{"@id":"https:\/\/netbakis.net\/41744\/#primaryimage"},"thumbnailUrl":"https:\/\/netbakis.net\/wp-content\/uploads\/2026\/09\/v2evde16gramuyuturucubulundu3zanltutuklu-2026-09-03t154250893_1788439398.webp","datePublished":"2026-09-03T17:00:21+00:00","dateModified":"2026-09-03T17:00:22+00:00","author":{"@id":"https:\/\/netbakis.net\/#\/schema\/person\/5d9b5c3f48ca4a3c69967d619fc8c7f4"},"breadcrumb":{"@id":"https:\/\/netbakis.net\/41744\/#breadcrumb"},"inLanguage":"tr","potentialAction":[{"@type":"ReadAction","target":["https:\/\/netbakis.net\/41744\/"]}]},{"@type":"ImageObject","inLanguage":"tr","@id":"https:\/\/netbakis.net\/41744\/#primaryimage","url":"https:\/\/netbakis.net\/wp-content\/uploads\/2026\/09\/v2evde16gramuyuturucubulundu3zanltutuklu-2026-09-03t154250893_1788439398.webp","contentUrl":"https:\/\/netbakis.net\/wp-content\/uploads\/2026\/09\/v2evde16gramuyuturucubulundu3zanltutuklu-2026-09-03t154250893_1788439398.webp","width":971,"height":551},{"@type":"BreadcrumbList","@id":"https:\/\/netbakis.net\/41744\/#breadcrumb","itemListElement":[{"@type":"ListItem","position":1,"name":"Home","item":"https:\/\/netbakis.net\/"},{"@type":"ListItem","position":2,"name":"Arama kurtarma sahas\u0131nda deniz faaliyetlerine k\u0131s\u0131tlama getirildi: Kurallara uymayanlara cezai i\u015flem!"}]},{"@type":"WebSite","@id":"https:\/\/netbakis.net\/#website","url":"https:\/\/netbakis.net\/","name":"NETBAKIS","description":"SON DAKIKA","potentialAction":[{"@type":"SearchAction","target":{"@type":"EntryPoint","urlTemplate":"https:\/\/netbakis.net\/?s={search_term_string}"},"query-input":{"@type":"PropertyValueSpecification","valueRequired":true,"valueName":"search_term_string"}}],"inLanguage":"tr"},{"@type":"Person","@id":"https:\/\/netbakis.net\/#\/schema\/person\/5d9b5c3f48ca4a3c69967d619fc8c7f4","name":"netbakis.net","image":{"@type":"ImageObject","inLanguage":"tr","@id":"https:\/\/netbakis.net\/#\/schema\/person\/image\/","url":"https:\/\/secure.gravatar.com\/avatar\/4ddeae49d2d3e3568a8d5b0937642efdf0b72468dbe3f213bc1978faa47af0d1?s=96&d=wp_user_avatar&r=g","contentUrl":"https:\/\/secure.gravatar.com\/avatar\/4ddeae49d2d3e3568a8d5b0937642efdf0b72468dbe3f213bc1978faa47af0d1?s=96&d=wp_user_avatar&r=g","caption":"netbakis.net"},"sameAs":["https:\/\/netbakis.net"],"url":"https:\/\/netbakis.net\/tr\/author\/netbakis-net\/"}]}},"jetpack_publicize_connections":[],"_links":{"self":[{"href":"https:\/\/netbakis.net\/tr\/wp-json\/wp\/v2\/posts\/41744","targetHints":{"allow":["GET"]}}],"collection":[{"href":"https:\/\/netbakis.net\/tr\/wp-json\/wp\/v2\/posts"}],"about":[{"href":"https:\/\/netbakis.net\/tr\/wp-json\/wp\/v2\/types\/post"}],"author":[{"embeddable":true,"href":"https:\/\/netbakis.net\/tr\/wp-json\/wp\/v2\/users\/1"}],"replies":[{"embeddable":true,"href":"https:\/\/netbakis.net\/tr\/wp-json\/wp\/v2\/comments?post=41744"}],"version-history":[{"count":1,"href":"https:\/\/netbakis.net\/tr\/wp-json\/wp\/v2\/posts\/41744\/revisions"}],"predecessor-version":[{"id":41746,"href":"https:\/\/netbakis.net\/tr\/wp-json\/wp\/v2\/posts\/41744\/revisions\/41746"}],"wp:featuredmedia":[{"embeddable":true,"href":"https:\/\/netbakis.net\/tr\/wp-json\/wp\/v2\/media\/41745"}],"wp:attachment":[{"href":"https:\/\/netbakis.net\/tr\/wp-json\/wp\/v2\/media?parent=41744"}],"wp:term":[{"taxonomy":"category","embeddable":true,"href":"https:\/\/netbakis.net\/tr\/wp-json\/wp\/v2\/categories?post=41744"},{"taxonomy":"post_tag","embeddable":true,"href":"https:\/\/netbakis.net\/tr\/wp-json\/wp\/v2\/tags?post=41744"}],"curies":[{"name":"wp","href":"https:\/\/api.w.org\/{rel}","templated":true}]}}