{"id":41716,"date":"2026-09-02T17:56:06","date_gmt":"2026-09-02T17:56:06","guid":{"rendered":"https:\/\/netbakis.net\/?p=41716"},"modified":"2026-09-02T17:56:08","modified_gmt":"2026-09-02T17:56:08","slug":"gabfest-2026nin-kalan-etkinlikleri-iptal-edildi-onceligimiz-kayiplarimiza-ulasilmasini-beklemek","status":"publish","type":"post","link":"https:\/\/netbakis.net\/tr\/41716\/","title":{"rendered":"GABFEST 2026\u2019n\u0131n kalan etkinlikleri iptal edildi: \u00d6nceli\u011fimiz kay\u0131plar\u0131m\u0131za ula\u015f\u0131lmas\u0131n\u0131 beklemek"},"content":{"rendered":"<p class=\"wp-block-paragraph\">G\u00f6nyeli-Alayk\u00f6y Belediye Ba\u015fkan\u0131 H\u00fcseyin Amcao\u011flu, ya\u015fanan gemi facias\u0131n\u0131n ard\u0131ndan 21 A\u011fustos\u2019ta ba\u015flayan ve 3 Ekim\u2019e kadar s\u00fcrmesi planlanan GABFEST 2026\u2019n\u0131n bundan sonraki t\u00fcm etkinliklerinin iptal edildi\u011fini a\u00e7\u0131klad\u0131.<br><br>G\u00f6nyeli-Alayk\u00f6y Belediye Ba\u015fkan\u0131 H\u00fcseyin Amcao\u011flu, Girne a\u00e7\u0131klar\u0131nda ya\u015fanan gemi facias\u0131n\u0131n ard\u0131ndan GABFEST 2026\u2019n\u0131n kalan etkinliklerinin iptal edildi\u011fini duyurdu.<\/p>\n\n\n\n<p class=\"wp-block-paragraph\">Amcao\u011flu, sosyal medya hesab\u0131ndan yapt\u0131\u011f\u0131 a\u00e7\u0131klamada, ya\u015fanan facian\u0131n toplumun tamam\u0131n\u0131 derinden sarst\u0131\u011f\u0131n\u0131 belirterek, hayat\u0131n\u0131 kaybedenlerin ac\u0131s\u0131n\u0131n y\u00fcreklerde oldu\u011funu, kay\u0131plara ula\u015f\u0131lmas\u0131 i\u00e7in y\u00fcr\u00fct\u00fclen \u00e7al\u0131\u015fmalar\u0131n ise halen devam etti\u011fini ifade etti.<\/p>\n\n\n\n<p class=\"wp-block-paragraph\">\u0130lk g\u00fcnden itibaren ya\u015fanan ac\u0131n\u0131n gerektirdi\u011fi hassasiyetle hareket ettiklerini kaydeden Amcao\u011flu, programlar\u0131n\u0131 durdurduklar\u0131n\u0131 ve planlanan etkinlikleri ertelediklerini belirtti.<\/p>\n\n\n\n<p class=\"wp-block-paragraph\">Amcao\u011flu, belediye meclis \u00fcyeleri ve \u00e7al\u0131\u015fma arkada\u015flar\u0131yla yapt\u0131klar\u0131 de\u011ferlendirmeler sonucunda, 21 A\u011fustos\u2019ta ba\u015flayan ve 3 Ekim\u2019e kadar devam etmesi planlanan GABFEST 2026\u2019n\u0131n bundan sonraki t\u00fcm etkinliklerinin iptal edilmesine karar verdiklerini a\u00e7\u0131klad\u0131.<\/p>\n\n\n\n<p class=\"wp-block-paragraph\">GABFEST\u2019in haftalar s\u00fcren b\u00fcy\u00fck bir haz\u0131rl\u0131\u011f\u0131n ve eme\u011fin \u00fcr\u00fcn\u00fc oldu\u011funu vurgulayan Amcao\u011flu, ya\u015fanan ac\u0131n\u0131n hi\u00e7bir organizasyonun \u00f6n\u00fcne ge\u00e7emeyece\u011fini belirtti.<\/p>\n\n\n\n<p class=\"wp-block-paragraph\">Amcao\u011flu a\u00e7\u0131klamas\u0131nda, \u201cAncak hi\u00e7bir organizasyon, hi\u00e7bir konser, hi\u00e7bir etkinlik ya\u015fad\u0131\u011f\u0131m\u0131z ac\u0131n\u0131n \u00f6n\u00fcnde de\u011fildir\u201d ifadelerini kulland\u0131.<\/p>\n\n\n\n<p class=\"wp-block-paragraph\">S\u00fcrecin par\u00e7as\u0131 olan sanat\u00e7\u0131lardan organizasyon ekiplerine, sponsorlardan i\u015f birli\u011fi yap\u0131lan kurumlara kadar herkese te\u015fekk\u00fcr eden Amcao\u011flu, t\u00fcm payda\u015flar\u0131n anlay\u0131\u015f\u0131yla GABFEST 2026 yolculu\u011funu sonland\u0131rd\u0131klar\u0131n\u0131 belirtti.<\/p>\n\n\n\n<p class=\"wp-block-paragraph\"><strong>Amcao\u011flu, a\u00e7\u0131klamas\u0131nda \u015fu ifadeleri kulland\u0131:<\/strong><\/p>\n\n\n\n<p class=\"wp-block-paragraph\">\u201c\u00d6nceli\u011fimiz bug\u00fcn e\u011flenmek de\u011fil; ac\u0131m\u0131z\u0131 payla\u015fmak, kay\u0131plar\u0131m\u0131za ula\u015f\u0131lmas\u0131n\u0131 beklemek ve ailelerinin yan\u0131nda olmakt\u0131r.\u201d<\/p>\n\n\n\n<p class=\"wp-block-paragraph\">Hayat\u0131n\u0131 kaybedenlere Allah\u2019tan rahmet dileyen Amcao\u011flu, ailelerine ve yak\u0131nlar\u0131na sab\u0131r temennisinde bulundu.<\/p>\n\n\n\n<iframe loading=\"lazy\" src=\"https:\/\/www.facebook.com\/plugins\/post.php?href=https%3A%2F%2Fwww.facebook.com%2Fhuseyin.amcaoglu.3%2Fposts%2Fpfbid0KQGSVgX34nept8sz44qZ543gSK3iPpucjbskH14kohzfcAfnxV7SaHwnkZWK87RWl&#038;show_text=true&#038;width=500\" width=\"500\" height=\"299\" style=\"border:none;overflow:hidden\" scrolling=\"no\" frameborder=\"0\" allowfullscreen=\"true\" allow=\"autoplay; clipboard-write; encrypted-media; picture-in-picture; web-share\"><\/iframe>","protected":false},"excerpt":{"rendered":"<p>G\u00f6nyeli-Alayk\u00f6y Belediye Ba\u015fkan\u0131 H\u00fcseyin Amcao\u011flu, ya\u015fanan gemi facias\u0131n\u0131n ard\u0131ndan 21 A\u011fustos\u2019ta ba\u015flayan ve 3 Ekim\u2019e kadar s\u00fcrmesi planlanan GABFEST 2026\u2019n\u0131n bundan sonraki t\u00fcm etkinliklerinin iptal edildi\u011fini a\u00e7\u0131klad\u0131. G\u00f6nyeli-Alayk\u00f6y Belediye Ba\u015fkan\u0131 H\u00fcseyin Amcao\u011flu, Girne a\u00e7\u0131klar\u0131nda ya\u015fanan gemi facias\u0131n\u0131n ard\u0131ndan GABFEST 2026\u2019n\u0131n kalan etkinliklerinin iptal edildi\u011fini duyurdu. Amcao\u011flu, sosyal medya hesab\u0131ndan yapt\u0131\u011f\u0131 a\u00e7\u0131klamada, ya\u015fanan facian\u0131n toplumun tamam\u0131n\u0131 [&hellip;]<\/p>","protected":false},"author":1,"featured_media":41717,"comment_status":"open","ping_status":"open","sticky":false,"template":"","format":"standard","meta":{"om_disable_all_campaigns":false,"_monsterinsights_skip_tracking":false,"_monsterinsights_sitenote_active":false,"_monsterinsights_sitenote_note":"","_monsterinsights_sitenote_category":0,"_uf_show_specific_survey":0,"_uf_disable_surveys":false,"footnotes":"","jetpack_publicize_message":"","jetpack_publicize_feature_enabled":true,"jetpack_social_post_already_shared":true,"jetpack_social_options":{"image_generator_settings":{"template":"highway","default_image_id":0,"font":"","enabled":false},"version":2}},"categories":[81],"tags":[],"class_list":["post-41716","post","type-post","status-publish","format-standard","has-post-thumbnail","category-gundem"],"yoast_head":"<!-- This site is optimized with the Yoast SEO plugin v23.8 - https:\/\/yoast.com\/wordpress\/plugins\/seo\/ -->\n<title>GABFEST 2026\u2019n\u0131n kalan etkinlikleri iptal edildi: \u00d6nceli\u011fimiz kay\u0131plar\u0131m\u0131za ula\u015f\u0131lmas\u0131n\u0131 beklemek - NETBAKIS<\/title>\n<meta name=\"robots\" content=\"index, follow, max-snippet:-1, max-image-preview:large, max-video-preview:-1\" \/>\n<link rel=\"canonical\" href=\"https:\/\/netbakis.net\/tr\/41716\/\" \/>\n<meta property=\"og:locale\" content=\"tr_TR\" \/>\n<meta property=\"og:type\" content=\"article\" \/>\n<meta property=\"og:title\" content=\"GABFEST 2026\u2019n\u0131n kalan etkinlikleri iptal edildi: \u00d6nceli\u011fimiz kay\u0131plar\u0131m\u0131za ula\u015f\u0131lmas\u0131n\u0131 beklemek - NETBAKIS\" \/>\n<meta property=\"og:description\" content=\"G\u00f6nyeli-Alayk\u00f6y Belediye Ba\u015fkan\u0131 H\u00fcseyin Amcao\u011flu, ya\u015fanan gemi facias\u0131n\u0131n ard\u0131ndan 21 A\u011fustos\u2019ta ba\u015flayan ve 3 Ekim\u2019e kadar s\u00fcrmesi planlanan GABFEST 2026\u2019n\u0131n bundan sonraki t\u00fcm etkinliklerinin iptal edildi\u011fini a\u00e7\u0131klad\u0131. G\u00f6nyeli-Alayk\u00f6y Belediye Ba\u015fkan\u0131 H\u00fcseyin Amcao\u011flu, Girne a\u00e7\u0131klar\u0131nda ya\u015fanan gemi facias\u0131n\u0131n ard\u0131ndan GABFEST 2026\u2019n\u0131n kalan etkinliklerinin iptal edildi\u011fini duyurdu. Amcao\u011flu, sosyal medya hesab\u0131ndan yapt\u0131\u011f\u0131 a\u00e7\u0131klamada, ya\u015fanan facian\u0131n toplumun tamam\u0131n\u0131 [&hellip;]\" \/>\n<meta property=\"og:url\" content=\"https:\/\/netbakis.net\/tr\/41716\/\" \/>\n<meta property=\"og:site_name\" content=\"NETBAKIS\" \/>\n<meta property=\"article:published_time\" content=\"2026-09-02T17:56:06+00:00\" \/>\n<meta property=\"article:modified_time\" content=\"2026-09-02T17:56:08+00:00\" \/>\n<meta property=\"og:image\" content=\"https:\/\/netbakis.net\/wp-content\/uploads\/2026\/09\/v2evde16gramuyuturucubulundu3zanltutuklu-2026-09-02t155328941_1788353635.webp\" \/>\n\t<meta property=\"og:image:width\" content=\"971\" \/>\n\t<meta property=\"og:image:height\" content=\"551\" \/>\n\t<meta property=\"og:image:type\" content=\"image\/webp\" \/>\n<meta name=\"author\" content=\"netbakis.net\" \/>\n<meta name=\"twitter:card\" content=\"summary_large_image\" \/>\n<meta name=\"twitter:label1\" content=\"Yazan:\" \/>\n\t<meta name=\"twitter:data1\" content=\"netbakis.net\" \/>\n\t<meta name=\"twitter:label2\" content=\"Tahmini okuma s\u00fcresi\" \/>\n\t<meta name=\"twitter:data2\" content=\"2 dakika\" \/>\n<script type=\"application\/ld+json\" class=\"yoast-schema-graph\">{\"@context\":\"https:\/\/schema.org\",\"@graph\":[{\"@type\":\"WebPage\",\"@id\":\"https:\/\/netbakis.net\/41716\/\",\"url\":\"https:\/\/netbakis.net\/41716\/\",\"name\":\"GABFEST 2026\u2019n\u0131n kalan etkinlikleri iptal edildi: \u00d6nceli\u011fimiz kay\u0131plar\u0131m\u0131za ula\u015f\u0131lmas\u0131n\u0131 beklemek - NETBAKIS\",\"isPartOf\":{\"@id\":\"https:\/\/netbakis.net\/#website\"},\"primaryImageOfPage\":{\"@id\":\"https:\/\/netbakis.net\/41716\/#primaryimage\"},\"image\":{\"@id\":\"https:\/\/netbakis.net\/41716\/#primaryimage\"},\"thumbnailUrl\":\"https:\/\/netbakis.net\/wp-content\/uploads\/2026\/09\/v2evde16gramuyuturucubulundu3zanltutuklu-2026-09-02t155328941_1788353635.webp\",\"datePublished\":\"2026-09-02T17:56:06+00:00\",\"dateModified\":\"2026-09-02T17:56:08+00:00\",\"author\":{\"@id\":\"https:\/\/netbakis.net\/#\/schema\/person\/5d9b5c3f48ca4a3c69967d619fc8c7f4\"},\"breadcrumb\":{\"@id\":\"https:\/\/netbakis.net\/41716\/#breadcrumb\"},\"inLanguage\":\"tr\",\"potentialAction\":[{\"@type\":\"ReadAction\",\"target\":[\"https:\/\/netbakis.net\/41716\/\"]}]},{\"@type\":\"ImageObject\",\"inLanguage\":\"tr\",\"@id\":\"https:\/\/netbakis.net\/41716\/#primaryimage\",\"url\":\"https:\/\/netbakis.net\/wp-content\/uploads\/2026\/09\/v2evde16gramuyuturucubulundu3zanltutuklu-2026-09-02t155328941_1788353635.webp\",\"contentUrl\":\"https:\/\/netbakis.net\/wp-content\/uploads\/2026\/09\/v2evde16gramuyuturucubulundu3zanltutuklu-2026-09-02t155328941_1788353635.webp\",\"width\":971,\"height\":551},{\"@type\":\"BreadcrumbList\",\"@id\":\"https:\/\/netbakis.net\/41716\/#breadcrumb\",\"itemListElement\":[{\"@type\":\"ListItem\",\"position\":1,\"name\":\"Home\",\"item\":\"https:\/\/netbakis.net\/\"},{\"@type\":\"ListItem\",\"position\":2,\"name\":\"GABFEST 2026\u2019n\u0131n kalan etkinlikleri iptal edildi: \u00d6nceli\u011fimiz kay\u0131plar\u0131m\u0131za ula\u015f\u0131lmas\u0131n\u0131 beklemek\"}]},{\"@type\":\"WebSite\",\"@id\":\"https:\/\/netbakis.net\/#website\",\"url\":\"https:\/\/netbakis.net\/\",\"name\":\"NETBAKIS\",\"description\":\"SON DAKIKA\",\"potentialAction\":[{\"@type\":\"SearchAction\",\"target\":{\"@type\":\"EntryPoint\",\"urlTemplate\":\"https:\/\/netbakis.net\/?s={search_term_string}\"},\"query-input\":{\"@type\":\"PropertyValueSpecification\",\"valueRequired\":true,\"valueName\":\"search_term_string\"}}],\"inLanguage\":\"tr\"},{\"@type\":\"Person\",\"@id\":\"https:\/\/netbakis.net\/#\/schema\/person\/5d9b5c3f48ca4a3c69967d619fc8c7f4\",\"name\":\"netbakis.net\",\"image\":{\"@type\":\"ImageObject\",\"inLanguage\":\"tr\",\"@id\":\"https:\/\/netbakis.net\/#\/schema\/person\/image\/\",\"url\":\"https:\/\/secure.gravatar.com\/avatar\/4ddeae49d2d3e3568a8d5b0937642efdf0b72468dbe3f213bc1978faa47af0d1?s=96&d=wp_user_avatar&r=g\",\"contentUrl\":\"https:\/\/secure.gravatar.com\/avatar\/4ddeae49d2d3e3568a8d5b0937642efdf0b72468dbe3f213bc1978faa47af0d1?s=96&d=wp_user_avatar&r=g\",\"caption\":\"netbakis.net\"},\"sameAs\":[\"https:\/\/netbakis.net\"],\"url\":\"https:\/\/netbakis.net\/tr\/author\/netbakis-net\/\"}]}<\/script>\n<!-- \/ Yoast SEO plugin. -->","yoast_head_json":{"title":"GABFEST 2026\u2019n\u0131n kalan etkinlikleri iptal edildi: \u00d6nceli\u011fimiz kay\u0131plar\u0131m\u0131za ula\u015f\u0131lmas\u0131n\u0131 beklemek - NETBAKIS","robots":{"index":"index","follow":"follow","max-snippet":"max-snippet:-1","max-image-preview":"max-image-preview:large","max-video-preview":"max-video-preview:-1"},"canonical":"https:\/\/netbakis.net\/tr\/41716\/","og_locale":"tr_TR","og_type":"article","og_title":"GABFEST 2026\u2019n\u0131n kalan etkinlikleri iptal edildi: \u00d6nceli\u011fimiz kay\u0131plar\u0131m\u0131za ula\u015f\u0131lmas\u0131n\u0131 beklemek - NETBAKIS","og_description":"G\u00f6nyeli-Alayk\u00f6y Belediye Ba\u015fkan\u0131 H\u00fcseyin Amcao\u011flu, ya\u015fanan gemi facias\u0131n\u0131n ard\u0131ndan 21 A\u011fustos\u2019ta ba\u015flayan ve 3 Ekim\u2019e kadar s\u00fcrmesi planlanan GABFEST 2026\u2019n\u0131n bundan sonraki t\u00fcm etkinliklerinin iptal edildi\u011fini a\u00e7\u0131klad\u0131. G\u00f6nyeli-Alayk\u00f6y Belediye Ba\u015fkan\u0131 H\u00fcseyin Amcao\u011flu, Girne a\u00e7\u0131klar\u0131nda ya\u015fanan gemi facias\u0131n\u0131n ard\u0131ndan GABFEST 2026\u2019n\u0131n kalan etkinliklerinin iptal edildi\u011fini duyurdu. Amcao\u011flu, sosyal medya hesab\u0131ndan yapt\u0131\u011f\u0131 a\u00e7\u0131klamada, ya\u015fanan facian\u0131n toplumun tamam\u0131n\u0131 [&hellip;]","og_url":"https:\/\/netbakis.net\/tr\/41716\/","og_site_name":"NETBAKIS","article_published_time":"2026-09-02T17:56:06+00:00","article_modified_time":"2026-09-02T17:56:08+00:00","og_image":[{"width":971,"height":551,"url":"https:\/\/netbakis.net\/wp-content\/uploads\/2026\/09\/v2evde16gramuyuturucubulundu3zanltutuklu-2026-09-02t155328941_1788353635.webp","type":"image\/webp"}],"author":"netbakis.net","twitter_card":"summary_large_image","twitter_misc":{"Yazan:":"netbakis.net","Tahmini okuma s\u00fcresi":"2 dakika"},"schema":{"@context":"https:\/\/schema.org","@graph":[{"@type":"WebPage","@id":"https:\/\/netbakis.net\/41716\/","url":"https:\/\/netbakis.net\/41716\/","name":"GABFEST 2026\u2019n\u0131n kalan etkinlikleri iptal edildi: \u00d6nceli\u011fimiz kay\u0131plar\u0131m\u0131za ula\u015f\u0131lmas\u0131n\u0131 beklemek - NETBAKIS","isPartOf":{"@id":"https:\/\/netbakis.net\/#website"},"primaryImageOfPage":{"@id":"https:\/\/netbakis.net\/41716\/#primaryimage"},"image":{"@id":"https:\/\/netbakis.net\/41716\/#primaryimage"},"thumbnailUrl":"https:\/\/netbakis.net\/wp-content\/uploads\/2026\/09\/v2evde16gramuyuturucubulundu3zanltutuklu-2026-09-02t155328941_1788353635.webp","datePublished":"2026-09-02T17:56:06+00:00","dateModified":"2026-09-02T17:56:08+00:00","author":{"@id":"https:\/\/netbakis.net\/#\/schema\/person\/5d9b5c3f48ca4a3c69967d619fc8c7f4"},"breadcrumb":{"@id":"https:\/\/netbakis.net\/41716\/#breadcrumb"},"inLanguage":"tr","potentialAction":[{"@type":"ReadAction","target":["https:\/\/netbakis.net\/41716\/"]}]},{"@type":"ImageObject","inLanguage":"tr","@id":"https:\/\/netbakis.net\/41716\/#primaryimage","url":"https:\/\/netbakis.net\/wp-content\/uploads\/2026\/09\/v2evde16gramuyuturucubulundu3zanltutuklu-2026-09-02t155328941_1788353635.webp","contentUrl":"https:\/\/netbakis.net\/wp-content\/uploads\/2026\/09\/v2evde16gramuyuturucubulundu3zanltutuklu-2026-09-02t155328941_1788353635.webp","width":971,"height":551},{"@type":"BreadcrumbList","@id":"https:\/\/netbakis.net\/41716\/#breadcrumb","itemListElement":[{"@type":"ListItem","position":1,"name":"Home","item":"https:\/\/netbakis.net\/"},{"@type":"ListItem","position":2,"name":"GABFEST 2026\u2019n\u0131n kalan etkinlikleri iptal edildi: \u00d6nceli\u011fimiz kay\u0131plar\u0131m\u0131za ula\u015f\u0131lmas\u0131n\u0131 beklemek"}]},{"@type":"WebSite","@id":"https:\/\/netbakis.net\/#website","url":"https:\/\/netbakis.net\/","name":"NETBAKIS","description":"SON DAKIKA","potentialAction":[{"@type":"SearchAction","target":{"@type":"EntryPoint","urlTemplate":"https:\/\/netbakis.net\/?s={search_term_string}"},"query-input":{"@type":"PropertyValueSpecification","valueRequired":true,"valueName":"search_term_string"}}],"inLanguage":"tr"},{"@type":"Person","@id":"https:\/\/netbakis.net\/#\/schema\/person\/5d9b5c3f48ca4a3c69967d619fc8c7f4","name":"netbakis.net","image":{"@type":"ImageObject","inLanguage":"tr","@id":"https:\/\/netbakis.net\/#\/schema\/person\/image\/","url":"https:\/\/secure.gravatar.com\/avatar\/4ddeae49d2d3e3568a8d5b0937642efdf0b72468dbe3f213bc1978faa47af0d1?s=96&d=wp_user_avatar&r=g","contentUrl":"https:\/\/secure.gravatar.com\/avatar\/4ddeae49d2d3e3568a8d5b0937642efdf0b72468dbe3f213bc1978faa47af0d1?s=96&d=wp_user_avatar&r=g","caption":"netbakis.net"},"sameAs":["https:\/\/netbakis.net"],"url":"https:\/\/netbakis.net\/tr\/author\/netbakis-net\/"}]}},"jetpack_publicize_connections":[],"_links":{"self":[{"href":"https:\/\/netbakis.net\/tr\/wp-json\/wp\/v2\/posts\/41716","targetHints":{"allow":["GET"]}}],"collection":[{"href":"https:\/\/netbakis.net\/tr\/wp-json\/wp\/v2\/posts"}],"about":[{"href":"https:\/\/netbakis.net\/tr\/wp-json\/wp\/v2\/types\/post"}],"author":[{"embeddable":true,"href":"https:\/\/netbakis.net\/tr\/wp-json\/wp\/v2\/users\/1"}],"replies":[{"embeddable":true,"href":"https:\/\/netbakis.net\/tr\/wp-json\/wp\/v2\/comments?post=41716"}],"version-history":[{"count":1,"href":"https:\/\/netbakis.net\/tr\/wp-json\/wp\/v2\/posts\/41716\/revisions"}],"predecessor-version":[{"id":41718,"href":"https:\/\/netbakis.net\/tr\/wp-json\/wp\/v2\/posts\/41716\/revisions\/41718"}],"wp:featuredmedia":[{"embeddable":true,"href":"https:\/\/netbakis.net\/tr\/wp-json\/wp\/v2\/media\/41717"}],"wp:attachment":[{"href":"https:\/\/netbakis.net\/tr\/wp-json\/wp\/v2\/media?parent=41716"}],"wp:term":[{"taxonomy":"category","embeddable":true,"href":"https:\/\/netbakis.net\/tr\/wp-json\/wp\/v2\/categories?post=41716"},{"taxonomy":"post_tag","embeddable":true,"href":"https:\/\/netbakis.net\/tr\/wp-json\/wp\/v2\/tags?post=41716"}],"curies":[{"name":"wp","href":"https:\/\/api.w.org\/{rel}","templated":true}]}}