{"id":41713,"date":"2026-09-02T17:54:49","date_gmt":"2026-09-02T17:54:49","guid":{"rendered":"https:\/\/netbakis.net\/?p=41713"},"modified":"2026-09-02T17:54:51","modified_gmt":"2026-09-02T17:54:51","slug":"marmarada-gemi-kazasi-tugberk-imamoglu-ile-alsu-arasindaki-son-telsiz-konusmasi-ortaya-cikti","status":"publish","type":"post","link":"https:\/\/netbakis.net\/tr\/41713\/","title":{"rendered":"Marmara&#8217;da gemi kazas\u0131: Tu\u011fberk \u0130mamo\u011flu ile Alsu aras\u0131ndaki son telsiz konu\u015fmas\u0131 ortaya \u00e7\u0131kt\u0131"},"content":{"rendered":"<p class=\"wp-block-paragraph\">Marmara&#8217;da gemi kazas\u0131: Tu\u011fberk \u0130mamo\u011flu ile Alsu aras\u0131ndaki son telsiz konu\u015fmas\u0131 ortaya \u00e7\u0131kt\u0131<br>Marmara Denizi&#8217;nde bu sabaha kar\u015f\u0131 iki gemi \u00e7arp\u0131\u015ft\u0131. Kaza saat 03.00 s\u0131ralar\u0131nda Silivri il\u00e7esinin 18 deniz mili g\u00fcneyinde&nbsp;ger\u00e7ekle\u015fti.<\/p>\n\n\n\n<p class=\"wp-block-paragraph\">Kazaya kar\u0131\u015fan gemilerden biri Kocaeli&#8217;den Alia\u011fa&#8217;ya seyreden Alsu isimli ticari gemiydi. Di\u011feri ise \u0130skenderun Liman\u0131&#8217;ndan Karadenizere\u011fli&#8217;ye seyreden Tu\u011fberk \u0130mamo\u011flu&#8217;ydu.<\/p>\n\n\n\n<p class=\"wp-block-paragraph\">Tu\u011fberk \u0130mamo\u011flu, \u00e7arp\u0131\u015fma sonucu 11 dakikada batt\u0131; 10 ki\u015filik m\u00fcrettebata ise halen ula\u015f\u0131lamad\u0131.&nbsp;<\/p>\n\n\n\n<p class=\"wp-block-paragraph\">Kazan\u0131n nas\u0131l ger\u00e7ekle\u015fti\u011fine ili\u015fkin incelemeler s\u00fcrerken, iki gemi aras\u0131ndaki son telsiz konu\u015fmas\u0131na ula\u015f\u0131ld\u0131.<\/p>\n\n\n\n<p class=\"wp-block-paragraph\"><strong>&#8220;ALSU, SANA &#8216;\u0130SKELEYE KIR&#8217; DEM\u0130\u015eT\u0130M&#8221;<\/strong><\/p>\n\n\n\n<p class=\"wp-block-paragraph\">\u0130ki gemi aras\u0131ndaki son telsiz konu\u015fmas\u0131 kazan\u0131n hemen \u00f6ncesinde ger\u00e7ekle\u015fti.<\/p>\n\n\n\n<p class=\"wp-block-paragraph\"><strong>Konu\u015fman\u0131n d\u00f6k\u00fcm\u00fc \u015f\u00f6yle:<\/strong><\/p>\n\n\n\n<p class=\"wp-block-paragraph\">Tu\u011fberk \u0130mamo\u011flu: Alsu<\/p>\n\n\n\n<p class=\"wp-block-paragraph\">Alsu: Evet<\/p>\n\n\n\n<p class=\"wp-block-paragraph\">Tu\u011fberk \u0130mamo\u011flu: Alsu, Alsu iskeleye k\u0131r.<\/p>\n\n\n\n<p class=\"wp-block-paragraph\">Tu\u011fberk \u0130mamo\u011flu: Alsu &#8216;iskeleye k\u0131r&#8217; demi\u015ftim!<\/p>\n\n\n\n<p class=\"wp-block-paragraph\">Alsu: Alsu, Tu\u011fberk \u0130mamo\u011flu. Tamamd\u0131r, tamam. Anla\u015f\u0131ld\u0131.<\/p>\n\n\n\n<p class=\"wp-block-paragraph\"><strong>TU\u011eBERK \u0130MAMO\u011eLU 11 DAK\u0130KADA BATTI<\/strong><\/p>\n\n\n\n<p class=\"wp-block-paragraph\">Kazan\u0131n ard\u0131ndan su almaya ba\u015flad\u0131\u011f\u0131 \u00f6\u011frenilen Tu\u011fberk \u0130mamo\u011flu adl\u0131 gemi, 11 dakika i\u00e7erisinde sulara g\u00f6m\u00fcld\u00fc.<\/p>\n\n\n\n<p class=\"wp-block-paragraph\">Rulo sac ve in\u015faat malzemesi y\u00fckl\u00fc oldu\u011fu \u00f6\u011frenilen gemide 200 kamyona e\u015fde\u011fer demir malzeme oldu\u011fu bildirildi.<\/p>\n\n\n\n<p class=\"wp-block-paragraph\">Batan gemideki 10 denizciden hen\u00fcz haber al\u0131namad\u0131.<\/p>\n\n\n\n<p class=\"wp-block-paragraph\">Tu\u011fberk \u0130mamo\u011flu&nbsp;geminin sahibi \u0130mamo\u011flu Denizcilik ya\u015fananlara ili\u015fkin a\u00e7\u0131klama yapt\u0131.<\/p>\n\n\n\n<p class=\"wp-block-paragraph\"><strong>&#8220;GEM\u0130DE 200 KAMYON DEM\u0130R \u00c7EL\u0130K MALI VARDI&#8221;<\/strong><\/p>\n\n\n\n<p class=\"wp-block-paragraph\">\u015eirket ad\u0131na a\u00e7\u0131klama yapan Emin Ya\u015facan, gemide herhangi bir teknik aksakl\u0131k bulunmad\u0131\u011f\u0131n\u0131 savundu.<\/p>\n\n\n\n<p class=\"wp-block-paragraph\">Seyir ve sefer emniyet a\u00e7\u0131s\u0131ndan herhangi bir ihlalin ger\u00e7ekle\u015fmedi\u011fini savunan Ya\u015facan, geminin rulo sac y\u00fckl\u00fc olmas\u0131na dikkat \u00e7ekti.<\/p>\n\n\n\n<p class=\"wp-block-paragraph\">Gemideki y\u00fck\u00fcn 200 kamyon demir \u00e7elik malzemesi oldu\u011fu bilgisini payla\u015fan Ya\u015facan, &#8220;En ufak bir yarada \u00e7ok \u00e7abuk bataca\u011f\u0131 malumunuzdur. Olay\u0131n savc\u0131l\u0131k a\u015famas\u0131nda incelemeler devam etmekte.&#8221; ifadelerini kulland\u0131.<\/p>\n\n\n\n<p class=\"wp-block-paragraph\"><strong>&#8220;\u00d6NCEL\u0130\u011e\u0130M\u0130Z KURTARMA \u00c7ALI\u015eMALARI&#8221;<\/strong><\/p>\n\n\n\n<p class=\"wp-block-paragraph\">\u015eirketin avukat\u0131 Sel\u00e7uk Esenyel, kazan\u0131n deniz yolundaki trafik hatt\u0131 i\u00e7erisinde ger\u00e7ekle\u015fti\u011fini s\u00f6yledi.<\/p>\n\n\n\n<p class=\"wp-block-paragraph\">\u00d6nceliklerinin kurtarma \u00e7al\u0131\u015fmalar\u0131 oldu\u011funu anlatan Esenyel, &#8220;Kamu birimlerimiz, Tu\u011fberk \u0130mamo\u011flu gemisinin EPIRB sinyali neticesinde konudan haberdar oluyor ve arama kurtarma faaliyetlerine ba\u015fl\u0131yor.&#8221; bilgisini payla\u015ft\u0131.<\/p>\n\n\n\n<p class=\"wp-block-paragraph\"><strong>&#8220;\u0130K\u0130 KAPTAN TELS\u0130Z \u0130RT\u0130BATI KURDU&#8221;<\/strong><\/p>\n\n\n\n<p class=\"wp-block-paragraph\">\u015eirketin ba\u011fl\u0131 oldu\u011fu hukuk b\u00fcrosu da kaza ile ilgili bir a\u00e7\u0131klama yapt\u0131.<\/p>\n\n\n\n<p class=\"wp-block-paragraph\">A\u00e7\u0131klamada kazaya kar\u0131\u015fan iki geminin kaptanlar\u0131n\u0131n kaza \u00f6ncesinde telsiz irtibat\u0131 kurdu\u011fu belirtilerek, &#8220;Kar\u015f\u0131 geminin seyir hareketlerine ili\u015fkin gerekli uyar\u0131lar\u0131n yap\u0131ld\u0131\u011f\u0131 y\u00f6n\u00fcnde kay\u0131t ve bilgiler bulunmaktad\u0131r.&#8221; denildi.<\/p>\n\n\n\n<p class=\"wp-block-paragraph\">Kazan\u0131n meydana geli\u015f \u015fekli, taraflar\u0131n seyir ve manevralar\u0131 ile olaydaki sorumluluklar\u0131n\u0131n belirlenmesinin ancak yap\u0131lacak inceleme sonucunda ortaya \u00e7\u0131kar\u0131laca\u011f\u0131 ifade edildi.<\/p>","protected":false},"excerpt":{"rendered":"<p>Marmara&#8217;da gemi kazas\u0131: Tu\u011fberk \u0130mamo\u011flu ile Alsu aras\u0131ndaki son telsiz konu\u015fmas\u0131 ortaya \u00e7\u0131kt\u0131Marmara Denizi&#8217;nde bu sabaha kar\u015f\u0131 iki gemi \u00e7arp\u0131\u015ft\u0131. Kaza saat 03.00 s\u0131ralar\u0131nda Silivri il\u00e7esinin 18 deniz mili g\u00fcneyinde&nbsp;ger\u00e7ekle\u015fti. Kazaya kar\u0131\u015fan gemilerden biri Kocaeli&#8217;den Alia\u011fa&#8217;ya seyreden Alsu isimli ticari gemiydi. Di\u011feri ise \u0130skenderun Liman\u0131&#8217;ndan Karadenizere\u011fli&#8217;ye seyreden Tu\u011fberk \u0130mamo\u011flu&#8217;ydu. Tu\u011fberk \u0130mamo\u011flu, \u00e7arp\u0131\u015fma sonucu 11 dakikada [&hellip;]<\/p>","protected":false},"author":1,"featured_media":41714,"comment_status":"open","ping_status":"open","sticky":false,"template":"","format":"standard","meta":{"om_disable_all_campaigns":false,"_monsterinsights_skip_tracking":false,"_monsterinsights_sitenote_active":false,"_monsterinsights_sitenote_note":"","_monsterinsights_sitenote_category":0,"_uf_show_specific_survey":0,"_uf_disable_surveys":false,"footnotes":"","jetpack_publicize_message":"","jetpack_publicize_feature_enabled":true,"jetpack_social_post_already_shared":true,"jetpack_social_options":{"image_generator_settings":{"template":"highway","default_image_id":0,"font":"","enabled":false},"version":2}},"categories":[81],"tags":[],"class_list":["post-41713","post","type-post","status-publish","format-standard","has-post-thumbnail","category-gundem"],"yoast_head":"<!-- This site is optimized with the Yoast SEO plugin v23.8 - https:\/\/yoast.com\/wordpress\/plugins\/seo\/ -->\n<title>Marmara&#039;da gemi kazas\u0131: Tu\u011fberk \u0130mamo\u011flu ile Alsu aras\u0131ndaki son telsiz konu\u015fmas\u0131 ortaya \u00e7\u0131kt\u0131 - NETBAKIS<\/title>\n<meta name=\"robots\" content=\"index, follow, max-snippet:-1, max-image-preview:large, max-video-preview:-1\" \/>\n<link rel=\"canonical\" href=\"https:\/\/netbakis.net\/tr\/41713\/\" \/>\n<meta property=\"og:locale\" content=\"tr_TR\" \/>\n<meta property=\"og:type\" content=\"article\" \/>\n<meta property=\"og:title\" content=\"Marmara&#039;da gemi kazas\u0131: Tu\u011fberk \u0130mamo\u011flu ile Alsu aras\u0131ndaki son telsiz konu\u015fmas\u0131 ortaya \u00e7\u0131kt\u0131 - NETBAKIS\" \/>\n<meta property=\"og:description\" content=\"Marmara&#8217;da gemi kazas\u0131: Tu\u011fberk \u0130mamo\u011flu ile Alsu aras\u0131ndaki son telsiz konu\u015fmas\u0131 ortaya \u00e7\u0131kt\u0131Marmara Denizi&#8217;nde bu sabaha kar\u015f\u0131 iki gemi \u00e7arp\u0131\u015ft\u0131. Kaza saat 03.00 s\u0131ralar\u0131nda Silivri il\u00e7esinin 18 deniz mili g\u00fcneyinde&nbsp;ger\u00e7ekle\u015fti. Kazaya kar\u0131\u015fan gemilerden biri Kocaeli&#8217;den Alia\u011fa&#8217;ya seyreden Alsu isimli ticari gemiydi. Di\u011feri ise \u0130skenderun Liman\u0131&#8217;ndan Karadenizere\u011fli&#8217;ye seyreden Tu\u011fberk \u0130mamo\u011flu&#8217;ydu. Tu\u011fberk \u0130mamo\u011flu, \u00e7arp\u0131\u015fma sonucu 11 dakikada [&hellip;]\" \/>\n<meta property=\"og:url\" content=\"https:\/\/netbakis.net\/tr\/41713\/\" \/>\n<meta property=\"og:site_name\" content=\"NETBAKIS\" \/>\n<meta property=\"article:published_time\" content=\"2026-09-02T17:54:49+00:00\" \/>\n<meta property=\"article:modified_time\" content=\"2026-09-02T17:54:51+00:00\" \/>\n<meta property=\"og:image\" content=\"https:\/\/netbakis.net\/wp-content\/uploads\/2026\/09\/f.webp\" \/>\n\t<meta property=\"og:image:width\" content=\"971\" \/>\n\t<meta property=\"og:image:height\" content=\"551\" \/>\n\t<meta property=\"og:image:type\" content=\"image\/webp\" \/>\n<meta name=\"author\" content=\"netbakis.net\" \/>\n<meta name=\"twitter:card\" content=\"summary_large_image\" \/>\n<meta name=\"twitter:label1\" content=\"Yazan:\" \/>\n\t<meta name=\"twitter:data1\" content=\"netbakis.net\" \/>\n\t<meta name=\"twitter:label2\" content=\"Tahmini okuma s\u00fcresi\" \/>\n\t<meta name=\"twitter:data2\" content=\"2 dakika\" \/>\n<script type=\"application\/ld+json\" class=\"yoast-schema-graph\">{\"@context\":\"https:\/\/schema.org\",\"@graph\":[{\"@type\":\"WebPage\",\"@id\":\"https:\/\/netbakis.net\/41713\/\",\"url\":\"https:\/\/netbakis.net\/41713\/\",\"name\":\"Marmara'da gemi kazas\u0131: Tu\u011fberk \u0130mamo\u011flu ile Alsu aras\u0131ndaki son telsiz konu\u015fmas\u0131 ortaya \u00e7\u0131kt\u0131 - NETBAKIS\",\"isPartOf\":{\"@id\":\"https:\/\/netbakis.net\/#website\"},\"primaryImageOfPage\":{\"@id\":\"https:\/\/netbakis.net\/41713\/#primaryimage\"},\"image\":{\"@id\":\"https:\/\/netbakis.net\/41713\/#primaryimage\"},\"thumbnailUrl\":\"https:\/\/netbakis.net\/wp-content\/uploads\/2026\/09\/f.webp\",\"datePublished\":\"2026-09-02T17:54:49+00:00\",\"dateModified\":\"2026-09-02T17:54:51+00:00\",\"author\":{\"@id\":\"https:\/\/netbakis.net\/#\/schema\/person\/5d9b5c3f48ca4a3c69967d619fc8c7f4\"},\"breadcrumb\":{\"@id\":\"https:\/\/netbakis.net\/41713\/#breadcrumb\"},\"inLanguage\":\"tr\",\"potentialAction\":[{\"@type\":\"ReadAction\",\"target\":[\"https:\/\/netbakis.net\/41713\/\"]}]},{\"@type\":\"ImageObject\",\"inLanguage\":\"tr\",\"@id\":\"https:\/\/netbakis.net\/41713\/#primaryimage\",\"url\":\"https:\/\/netbakis.net\/wp-content\/uploads\/2026\/09\/f.webp\",\"contentUrl\":\"https:\/\/netbakis.net\/wp-content\/uploads\/2026\/09\/f.webp\",\"width\":971,\"height\":551},{\"@type\":\"BreadcrumbList\",\"@id\":\"https:\/\/netbakis.net\/41713\/#breadcrumb\",\"itemListElement\":[{\"@type\":\"ListItem\",\"position\":1,\"name\":\"Home\",\"item\":\"https:\/\/netbakis.net\/\"},{\"@type\":\"ListItem\",\"position\":2,\"name\":\"Marmara&#8217;da gemi kazas\u0131: Tu\u011fberk \u0130mamo\u011flu ile Alsu aras\u0131ndaki son telsiz konu\u015fmas\u0131 ortaya \u00e7\u0131kt\u0131\"}]},{\"@type\":\"WebSite\",\"@id\":\"https:\/\/netbakis.net\/#website\",\"url\":\"https:\/\/netbakis.net\/\",\"name\":\"NETBAKIS\",\"description\":\"SON DAKIKA\",\"potentialAction\":[{\"@type\":\"SearchAction\",\"target\":{\"@type\":\"EntryPoint\",\"urlTemplate\":\"https:\/\/netbakis.net\/?s={search_term_string}\"},\"query-input\":{\"@type\":\"PropertyValueSpecification\",\"valueRequired\":true,\"valueName\":\"search_term_string\"}}],\"inLanguage\":\"tr\"},{\"@type\":\"Person\",\"@id\":\"https:\/\/netbakis.net\/#\/schema\/person\/5d9b5c3f48ca4a3c69967d619fc8c7f4\",\"name\":\"netbakis.net\",\"image\":{\"@type\":\"ImageObject\",\"inLanguage\":\"tr\",\"@id\":\"https:\/\/netbakis.net\/#\/schema\/person\/image\/\",\"url\":\"https:\/\/secure.gravatar.com\/avatar\/4ddeae49d2d3e3568a8d5b0937642efdf0b72468dbe3f213bc1978faa47af0d1?s=96&d=wp_user_avatar&r=g\",\"contentUrl\":\"https:\/\/secure.gravatar.com\/avatar\/4ddeae49d2d3e3568a8d5b0937642efdf0b72468dbe3f213bc1978faa47af0d1?s=96&d=wp_user_avatar&r=g\",\"caption\":\"netbakis.net\"},\"sameAs\":[\"https:\/\/netbakis.net\"],\"url\":\"https:\/\/netbakis.net\/tr\/author\/netbakis-net\/\"}]}<\/script>\n<!-- \/ Yoast SEO plugin. -->","yoast_head_json":{"title":"Marmara'da gemi kazas\u0131: Tu\u011fberk \u0130mamo\u011flu ile Alsu aras\u0131ndaki son telsiz konu\u015fmas\u0131 ortaya \u00e7\u0131kt\u0131 - NETBAKIS","robots":{"index":"index","follow":"follow","max-snippet":"max-snippet:-1","max-image-preview":"max-image-preview:large","max-video-preview":"max-video-preview:-1"},"canonical":"https:\/\/netbakis.net\/tr\/41713\/","og_locale":"tr_TR","og_type":"article","og_title":"Marmara'da gemi kazas\u0131: Tu\u011fberk \u0130mamo\u011flu ile Alsu aras\u0131ndaki son telsiz konu\u015fmas\u0131 ortaya \u00e7\u0131kt\u0131 - NETBAKIS","og_description":"Marmara&#8217;da gemi kazas\u0131: Tu\u011fberk \u0130mamo\u011flu ile Alsu aras\u0131ndaki son telsiz konu\u015fmas\u0131 ortaya \u00e7\u0131kt\u0131Marmara Denizi&#8217;nde bu sabaha kar\u015f\u0131 iki gemi \u00e7arp\u0131\u015ft\u0131. Kaza saat 03.00 s\u0131ralar\u0131nda Silivri il\u00e7esinin 18 deniz mili g\u00fcneyinde&nbsp;ger\u00e7ekle\u015fti. Kazaya kar\u0131\u015fan gemilerden biri Kocaeli&#8217;den Alia\u011fa&#8217;ya seyreden Alsu isimli ticari gemiydi. Di\u011feri ise \u0130skenderun Liman\u0131&#8217;ndan Karadenizere\u011fli&#8217;ye seyreden Tu\u011fberk \u0130mamo\u011flu&#8217;ydu. Tu\u011fberk \u0130mamo\u011flu, \u00e7arp\u0131\u015fma sonucu 11 dakikada [&hellip;]","og_url":"https:\/\/netbakis.net\/tr\/41713\/","og_site_name":"NETBAKIS","article_published_time":"2026-09-02T17:54:49+00:00","article_modified_time":"2026-09-02T17:54:51+00:00","og_image":[{"width":971,"height":551,"url":"https:\/\/netbakis.net\/wp-content\/uploads\/2026\/09\/f.webp","type":"image\/webp"}],"author":"netbakis.net","twitter_card":"summary_large_image","twitter_misc":{"Yazan:":"netbakis.net","Tahmini okuma s\u00fcresi":"2 dakika"},"schema":{"@context":"https:\/\/schema.org","@graph":[{"@type":"WebPage","@id":"https:\/\/netbakis.net\/41713\/","url":"https:\/\/netbakis.net\/41713\/","name":"Marmara'da gemi kazas\u0131: Tu\u011fberk \u0130mamo\u011flu ile Alsu aras\u0131ndaki son telsiz konu\u015fmas\u0131 ortaya \u00e7\u0131kt\u0131 - NETBAKIS","isPartOf":{"@id":"https:\/\/netbakis.net\/#website"},"primaryImageOfPage":{"@id":"https:\/\/netbakis.net\/41713\/#primaryimage"},"image":{"@id":"https:\/\/netbakis.net\/41713\/#primaryimage"},"thumbnailUrl":"https:\/\/netbakis.net\/wp-content\/uploads\/2026\/09\/f.webp","datePublished":"2026-09-02T17:54:49+00:00","dateModified":"2026-09-02T17:54:51+00:00","author":{"@id":"https:\/\/netbakis.net\/#\/schema\/person\/5d9b5c3f48ca4a3c69967d619fc8c7f4"},"breadcrumb":{"@id":"https:\/\/netbakis.net\/41713\/#breadcrumb"},"inLanguage":"tr","potentialAction":[{"@type":"ReadAction","target":["https:\/\/netbakis.net\/41713\/"]}]},{"@type":"ImageObject","inLanguage":"tr","@id":"https:\/\/netbakis.net\/41713\/#primaryimage","url":"https:\/\/netbakis.net\/wp-content\/uploads\/2026\/09\/f.webp","contentUrl":"https:\/\/netbakis.net\/wp-content\/uploads\/2026\/09\/f.webp","width":971,"height":551},{"@type":"BreadcrumbList","@id":"https:\/\/netbakis.net\/41713\/#breadcrumb","itemListElement":[{"@type":"ListItem","position":1,"name":"Home","item":"https:\/\/netbakis.net\/"},{"@type":"ListItem","position":2,"name":"Marmara&#8217;da gemi kazas\u0131: Tu\u011fberk \u0130mamo\u011flu ile Alsu aras\u0131ndaki son telsiz konu\u015fmas\u0131 ortaya \u00e7\u0131kt\u0131"}]},{"@type":"WebSite","@id":"https:\/\/netbakis.net\/#website","url":"https:\/\/netbakis.net\/","name":"NETBAKIS","description":"SON DAKIKA","potentialAction":[{"@type":"SearchAction","target":{"@type":"EntryPoint","urlTemplate":"https:\/\/netbakis.net\/?s={search_term_string}"},"query-input":{"@type":"PropertyValueSpecification","valueRequired":true,"valueName":"search_term_string"}}],"inLanguage":"tr"},{"@type":"Person","@id":"https:\/\/netbakis.net\/#\/schema\/person\/5d9b5c3f48ca4a3c69967d619fc8c7f4","name":"netbakis.net","image":{"@type":"ImageObject","inLanguage":"tr","@id":"https:\/\/netbakis.net\/#\/schema\/person\/image\/","url":"https:\/\/secure.gravatar.com\/avatar\/4ddeae49d2d3e3568a8d5b0937642efdf0b72468dbe3f213bc1978faa47af0d1?s=96&d=wp_user_avatar&r=g","contentUrl":"https:\/\/secure.gravatar.com\/avatar\/4ddeae49d2d3e3568a8d5b0937642efdf0b72468dbe3f213bc1978faa47af0d1?s=96&d=wp_user_avatar&r=g","caption":"netbakis.net"},"sameAs":["https:\/\/netbakis.net"],"url":"https:\/\/netbakis.net\/tr\/author\/netbakis-net\/"}]}},"jetpack_publicize_connections":[],"_links":{"self":[{"href":"https:\/\/netbakis.net\/tr\/wp-json\/wp\/v2\/posts\/41713","targetHints":{"allow":["GET"]}}],"collection":[{"href":"https:\/\/netbakis.net\/tr\/wp-json\/wp\/v2\/posts"}],"about":[{"href":"https:\/\/netbakis.net\/tr\/wp-json\/wp\/v2\/types\/post"}],"author":[{"embeddable":true,"href":"https:\/\/netbakis.net\/tr\/wp-json\/wp\/v2\/users\/1"}],"replies":[{"embeddable":true,"href":"https:\/\/netbakis.net\/tr\/wp-json\/wp\/v2\/comments?post=41713"}],"version-history":[{"count":1,"href":"https:\/\/netbakis.net\/tr\/wp-json\/wp\/v2\/posts\/41713\/revisions"}],"predecessor-version":[{"id":41715,"href":"https:\/\/netbakis.net\/tr\/wp-json\/wp\/v2\/posts\/41713\/revisions\/41715"}],"wp:featuredmedia":[{"embeddable":true,"href":"https:\/\/netbakis.net\/tr\/wp-json\/wp\/v2\/media\/41714"}],"wp:attachment":[{"href":"https:\/\/netbakis.net\/tr\/wp-json\/wp\/v2\/media?parent=41713"}],"wp:term":[{"taxonomy":"category","embeddable":true,"href":"https:\/\/netbakis.net\/tr\/wp-json\/wp\/v2\/categories?post=41713"},{"taxonomy":"post_tag","embeddable":true,"href":"https:\/\/netbakis.net\/tr\/wp-json\/wp\/v2\/tags?post=41713"}],"curies":[{"name":"wp","href":"https:\/\/api.w.org\/{rel}","templated":true}]}}