{"id":41710,"date":"2026-09-02T17:43:13","date_gmt":"2026-09-02T17:43:13","guid":{"rendered":"https:\/\/netbakis.net\/?p=41710"},"modified":"2026-09-02T17:43:16","modified_gmt":"2026-09-02T17:43:16","slug":"girnedeki-faciada-hayatini-kaybeden-fahri-ates-son-yolculuguna-ugurlandi-esini-ve-cocugunu-kurtardi","status":"publish","type":"post","link":"https:\/\/netbakis.net\/tr\/41710\/","title":{"rendered":"Girne\u2019deki faciada hayat\u0131n\u0131 kaybeden Fahri Ate\u015f son yolculu\u011funa u\u011furland\u0131: E\u015fini ve \u00e7ocu\u011funu kurtard\u0131"},"content":{"rendered":"<p class=\"wp-block-paragraph\">Girne\u2019den Ta\u015fucu\u2019na sefer yapt\u0131\u011f\u0131 s\u0131rada alabora olan deniz otob\u00fcs\u00fcnde hayat\u0131n\u0131 kaybeden 28 ya\u015f\u0131ndaki uzman \u00e7avu\u015f Fahri Ate\u015f, memleketi Mersin\u2019de topra\u011fa verildi. Ate\u015f\u2019in, e\u015fi ile 4 ya\u015f\u0131ndaki o\u011fluna can yele\u011fi giydirerek kurtard\u0131\u011f\u0131, kendisi i\u00e7in yelek ararken mahsur kald\u0131\u011f\u0131 belirtildi.<br><br>Bursa\u2019da g\u00f6rev yapan 7 y\u0131ll\u0131k uzman \u00e7avu\u015f Fahri Ate\u015f ile \u0130stanbul\u2019da g\u00f6revli hem\u015fire e\u015fi Ay\u00e7a Ate\u015f\u2019in, tayinlerinin Mersin\u2019in Erdemli il\u00e7esine \u00e7\u0131kt\u0131\u011f\u0131 \u00f6\u011frenildi. \u00c7iftin yeni g\u00f6rev yerlerinde i\u015fba\u015f\u0131 yapacaklar\u0131 g\u00fcn\u00fcn, Fahri Ate\u015f\u2019in cenazesinin kald\u0131r\u0131ld\u0131\u011f\u0131 g\u00fcn olmas\u0131 ac\u0131y\u0131 daha da b\u00fcy\u00fctt\u00fc.<\/p>\n\n\n\n<p class=\"wp-block-paragraph\">Fahri Ate\u015f\u2019in, geminin alabora olmas\u0131 s\u0131ras\u0131nda e\u015fi Ay\u00e7a Ate\u015f ve 4 ya\u015f\u0131ndaki o\u011flu Atabey\u2019e can simidi giydirdi\u011fi ve onlar\u0131n kurtulmas\u0131n\u0131 sa\u011flad\u0131\u011f\u0131, ard\u0131ndan kendisi i\u00e7in can simidi arad\u0131\u011f\u0131 s\u0131rada mahsur kald\u0131\u011f\u0131 belirtildi.<\/p>\n\n\n\n<p class=\"wp-block-paragraph\">Fahri Ate\u015f\u2019in T\u00fcrk bayra\u011f\u0131na sar\u0131l\u0131 tabutunun ba\u015f\u0131nda g\u00f6zya\u015flar\u0131na hakim olamayan e\u015fi Ay\u00e7a Ate\u015f, \u201cB\u00f6yle mi gelecektin k\u00f6y\u00fcne Fahri? Kahraman kocam\u201d diyerek feryat etti.<\/p>\n\n\n\n<p class=\"wp-block-paragraph\">Ac\u0131l\u0131 e\u015fin cenaze t\u00f6renindeki a\u011f\u0131tlar\u0131 y\u00fcrekleri da\u011flarken, \u00e7iftin 4 ya\u015f\u0131ndaki o\u011flu Atabey de babas\u0131n\u0131n cenazesine getirildi. K\u00fc\u00e7\u00fck Atabey\u2019in babas\u0131n\u0131n tabutunun ba\u015f\u0131ndaki g\u00f6r\u00fcnt\u00fcs\u00fc t\u00f6rende bulunanlar\u0131 duyguland\u0131rd\u0131.<\/p>\n\n\n\n<p class=\"wp-block-paragraph\">Fahri Ate\u015f\u2019in annesi Kadriye ve babas\u0131 Y\u00fcksel Ate\u015f de evlatlar\u0131n\u0131n cenazesinde b\u00fcy\u00fck ac\u0131 ya\u015fad\u0131. \u00c7ift, yak\u0131nlar\u0131n\u0131n deste\u011fiyle ayakta durabildi.<\/p>\n\n\n\n<p class=\"wp-block-paragraph\">Ate\u015f\u2019in cenazesi, \u00c7er\u00e7ili k\u00f6y\u00fcnde d\u00fczenlenen t\u00f6renin ard\u0131ndan dualar ve g\u00f6zya\u015flar\u0131 e\u015fli\u011finde topra\u011fa verildi.<\/p>\n\n\n\n<p class=\"wp-block-paragraph\">Fahri ve Ay\u00e7a Ate\u015f \u00e7iftinin, Erdemli\u2019de ya\u015fayacaklar\u0131 yeni evlerini haz\u0131rlad\u0131ktan sonra 29 A\u011fustos\u2019ta tatil amac\u0131yla K\u0131br\u0131s\u2019a gittikleri \u00f6\u011frenildi.<\/p>","protected":false},"excerpt":{"rendered":"<p>Girne\u2019den Ta\u015fucu\u2019na sefer yapt\u0131\u011f\u0131 s\u0131rada alabora olan deniz otob\u00fcs\u00fcnde hayat\u0131n\u0131 kaybeden 28 ya\u015f\u0131ndaki uzman \u00e7avu\u015f Fahri Ate\u015f, memleketi Mersin\u2019de topra\u011fa verildi. Ate\u015f\u2019in, e\u015fi ile 4 ya\u015f\u0131ndaki o\u011fluna can yele\u011fi giydirerek kurtard\u0131\u011f\u0131, kendisi i\u00e7in yelek ararken mahsur kald\u0131\u011f\u0131 belirtildi. Bursa\u2019da g\u00f6rev yapan 7 y\u0131ll\u0131k uzman \u00e7avu\u015f Fahri Ate\u015f ile \u0130stanbul\u2019da g\u00f6revli hem\u015fire e\u015fi Ay\u00e7a Ate\u015f\u2019in, tayinlerinin [&hellip;]<\/p>","protected":false},"author":1,"featured_media":41711,"comment_status":"open","ping_status":"open","sticky":false,"template":"","format":"standard","meta":{"om_disable_all_campaigns":false,"_monsterinsights_skip_tracking":false,"_monsterinsights_sitenote_active":false,"_monsterinsights_sitenote_note":"","_monsterinsights_sitenote_category":0,"_uf_show_specific_survey":0,"_uf_disable_surveys":false,"footnotes":"","jetpack_publicize_message":"","jetpack_publicize_feature_enabled":true,"jetpack_social_post_already_shared":true,"jetpack_social_options":{"image_generator_settings":{"template":"highway","default_image_id":0,"font":"","enabled":false},"version":2}},"categories":[81],"tags":[],"class_list":["post-41710","post","type-post","status-publish","format-standard","has-post-thumbnail","category-gundem"],"yoast_head":"<!-- This site is optimized with the Yoast SEO plugin v23.8 - https:\/\/yoast.com\/wordpress\/plugins\/seo\/ -->\n<title>Girne\u2019deki faciada hayat\u0131n\u0131 kaybeden Fahri Ate\u015f son yolculu\u011funa u\u011furland\u0131: E\u015fini ve \u00e7ocu\u011funu kurtard\u0131 - NETBAKIS<\/title>\n<meta name=\"robots\" content=\"index, follow, max-snippet:-1, max-image-preview:large, max-video-preview:-1\" \/>\n<link rel=\"canonical\" href=\"https:\/\/netbakis.net\/tr\/41710\/\" \/>\n<meta property=\"og:locale\" content=\"tr_TR\" \/>\n<meta property=\"og:type\" content=\"article\" \/>\n<meta property=\"og:title\" content=\"Girne\u2019deki faciada hayat\u0131n\u0131 kaybeden Fahri Ate\u015f son yolculu\u011funa u\u011furland\u0131: E\u015fini ve \u00e7ocu\u011funu kurtard\u0131 - NETBAKIS\" \/>\n<meta property=\"og:description\" content=\"Girne\u2019den Ta\u015fucu\u2019na sefer yapt\u0131\u011f\u0131 s\u0131rada alabora olan deniz otob\u00fcs\u00fcnde hayat\u0131n\u0131 kaybeden 28 ya\u015f\u0131ndaki uzman \u00e7avu\u015f Fahri Ate\u015f, memleketi Mersin\u2019de topra\u011fa verildi. Ate\u015f\u2019in, e\u015fi ile 4 ya\u015f\u0131ndaki o\u011fluna can yele\u011fi giydirerek kurtard\u0131\u011f\u0131, kendisi i\u00e7in yelek ararken mahsur kald\u0131\u011f\u0131 belirtildi. Bursa\u2019da g\u00f6rev yapan 7 y\u0131ll\u0131k uzman \u00e7avu\u015f Fahri Ate\u015f ile \u0130stanbul\u2019da g\u00f6revli hem\u015fire e\u015fi Ay\u00e7a Ate\u015f\u2019in, tayinlerinin [&hellip;]\" \/>\n<meta property=\"og:url\" content=\"https:\/\/netbakis.net\/tr\/41710\/\" \/>\n<meta property=\"og:site_name\" content=\"NETBAKIS\" \/>\n<meta property=\"article:published_time\" content=\"2026-09-02T17:43:13+00:00\" \/>\n<meta property=\"article:modified_time\" content=\"2026-09-02T17:43:16+00:00\" \/>\n<meta property=\"og:image\" content=\"https:\/\/netbakis.net\/wp-content\/uploads\/2026\/09\/v2evde16gramuyuturucubulundu3zanltutuklu-2026-09-02t164707445_1788356853.webp\" \/>\n\t<meta property=\"og:image:width\" content=\"971\" \/>\n\t<meta property=\"og:image:height\" content=\"551\" \/>\n\t<meta property=\"og:image:type\" content=\"image\/webp\" \/>\n<meta name=\"author\" content=\"netbakis.net\" \/>\n<meta name=\"twitter:card\" content=\"summary_large_image\" \/>\n<meta name=\"twitter:label1\" content=\"Yazan:\" \/>\n\t<meta name=\"twitter:data1\" content=\"netbakis.net\" \/>\n\t<meta name=\"twitter:label2\" content=\"Tahmini okuma s\u00fcresi\" \/>\n\t<meta name=\"twitter:data2\" content=\"2 dakika\" \/>\n<script type=\"application\/ld+json\" class=\"yoast-schema-graph\">{\"@context\":\"https:\/\/schema.org\",\"@graph\":[{\"@type\":\"WebPage\",\"@id\":\"https:\/\/netbakis.net\/41710\/\",\"url\":\"https:\/\/netbakis.net\/41710\/\",\"name\":\"Girne\u2019deki faciada hayat\u0131n\u0131 kaybeden Fahri Ate\u015f son yolculu\u011funa u\u011furland\u0131: E\u015fini ve \u00e7ocu\u011funu kurtard\u0131 - NETBAKIS\",\"isPartOf\":{\"@id\":\"https:\/\/netbakis.net\/#website\"},\"primaryImageOfPage\":{\"@id\":\"https:\/\/netbakis.net\/41710\/#primaryimage\"},\"image\":{\"@id\":\"https:\/\/netbakis.net\/41710\/#primaryimage\"},\"thumbnailUrl\":\"https:\/\/netbakis.net\/wp-content\/uploads\/2026\/09\/v2evde16gramuyuturucubulundu3zanltutuklu-2026-09-02t164707445_1788356853.webp\",\"datePublished\":\"2026-09-02T17:43:13+00:00\",\"dateModified\":\"2026-09-02T17:43:16+00:00\",\"author\":{\"@id\":\"https:\/\/netbakis.net\/#\/schema\/person\/5d9b5c3f48ca4a3c69967d619fc8c7f4\"},\"breadcrumb\":{\"@id\":\"https:\/\/netbakis.net\/41710\/#breadcrumb\"},\"inLanguage\":\"tr\",\"potentialAction\":[{\"@type\":\"ReadAction\",\"target\":[\"https:\/\/netbakis.net\/41710\/\"]}]},{\"@type\":\"ImageObject\",\"inLanguage\":\"tr\",\"@id\":\"https:\/\/netbakis.net\/41710\/#primaryimage\",\"url\":\"https:\/\/netbakis.net\/wp-content\/uploads\/2026\/09\/v2evde16gramuyuturucubulundu3zanltutuklu-2026-09-02t164707445_1788356853.webp\",\"contentUrl\":\"https:\/\/netbakis.net\/wp-content\/uploads\/2026\/09\/v2evde16gramuyuturucubulundu3zanltutuklu-2026-09-02t164707445_1788356853.webp\",\"width\":971,\"height\":551},{\"@type\":\"BreadcrumbList\",\"@id\":\"https:\/\/netbakis.net\/41710\/#breadcrumb\",\"itemListElement\":[{\"@type\":\"ListItem\",\"position\":1,\"name\":\"Home\",\"item\":\"https:\/\/netbakis.net\/\"},{\"@type\":\"ListItem\",\"position\":2,\"name\":\"Girne\u2019deki faciada hayat\u0131n\u0131 kaybeden Fahri Ate\u015f son yolculu\u011funa u\u011furland\u0131: E\u015fini ve \u00e7ocu\u011funu kurtard\u0131\"}]},{\"@type\":\"WebSite\",\"@id\":\"https:\/\/netbakis.net\/#website\",\"url\":\"https:\/\/netbakis.net\/\",\"name\":\"NETBAKIS\",\"description\":\"SON DAKIKA\",\"potentialAction\":[{\"@type\":\"SearchAction\",\"target\":{\"@type\":\"EntryPoint\",\"urlTemplate\":\"https:\/\/netbakis.net\/?s={search_term_string}\"},\"query-input\":{\"@type\":\"PropertyValueSpecification\",\"valueRequired\":true,\"valueName\":\"search_term_string\"}}],\"inLanguage\":\"tr\"},{\"@type\":\"Person\",\"@id\":\"https:\/\/netbakis.net\/#\/schema\/person\/5d9b5c3f48ca4a3c69967d619fc8c7f4\",\"name\":\"netbakis.net\",\"image\":{\"@type\":\"ImageObject\",\"inLanguage\":\"tr\",\"@id\":\"https:\/\/netbakis.net\/#\/schema\/person\/image\/\",\"url\":\"https:\/\/secure.gravatar.com\/avatar\/4ddeae49d2d3e3568a8d5b0937642efdf0b72468dbe3f213bc1978faa47af0d1?s=96&d=wp_user_avatar&r=g\",\"contentUrl\":\"https:\/\/secure.gravatar.com\/avatar\/4ddeae49d2d3e3568a8d5b0937642efdf0b72468dbe3f213bc1978faa47af0d1?s=96&d=wp_user_avatar&r=g\",\"caption\":\"netbakis.net\"},\"sameAs\":[\"https:\/\/netbakis.net\"],\"url\":\"https:\/\/netbakis.net\/tr\/author\/netbakis-net\/\"}]}<\/script>\n<!-- \/ Yoast SEO plugin. -->","yoast_head_json":{"title":"Girne\u2019deki faciada hayat\u0131n\u0131 kaybeden Fahri Ate\u015f son yolculu\u011funa u\u011furland\u0131: E\u015fini ve \u00e7ocu\u011funu kurtard\u0131 - NETBAKIS","robots":{"index":"index","follow":"follow","max-snippet":"max-snippet:-1","max-image-preview":"max-image-preview:large","max-video-preview":"max-video-preview:-1"},"canonical":"https:\/\/netbakis.net\/tr\/41710\/","og_locale":"tr_TR","og_type":"article","og_title":"Girne\u2019deki faciada hayat\u0131n\u0131 kaybeden Fahri Ate\u015f son yolculu\u011funa u\u011furland\u0131: E\u015fini ve \u00e7ocu\u011funu kurtard\u0131 - NETBAKIS","og_description":"Girne\u2019den Ta\u015fucu\u2019na sefer yapt\u0131\u011f\u0131 s\u0131rada alabora olan deniz otob\u00fcs\u00fcnde hayat\u0131n\u0131 kaybeden 28 ya\u015f\u0131ndaki uzman \u00e7avu\u015f Fahri Ate\u015f, memleketi Mersin\u2019de topra\u011fa verildi. Ate\u015f\u2019in, e\u015fi ile 4 ya\u015f\u0131ndaki o\u011fluna can yele\u011fi giydirerek kurtard\u0131\u011f\u0131, kendisi i\u00e7in yelek ararken mahsur kald\u0131\u011f\u0131 belirtildi. Bursa\u2019da g\u00f6rev yapan 7 y\u0131ll\u0131k uzman \u00e7avu\u015f Fahri Ate\u015f ile \u0130stanbul\u2019da g\u00f6revli hem\u015fire e\u015fi Ay\u00e7a Ate\u015f\u2019in, tayinlerinin [&hellip;]","og_url":"https:\/\/netbakis.net\/tr\/41710\/","og_site_name":"NETBAKIS","article_published_time":"2026-09-02T17:43:13+00:00","article_modified_time":"2026-09-02T17:43:16+00:00","og_image":[{"width":971,"height":551,"url":"https:\/\/netbakis.net\/wp-content\/uploads\/2026\/09\/v2evde16gramuyuturucubulundu3zanltutuklu-2026-09-02t164707445_1788356853.webp","type":"image\/webp"}],"author":"netbakis.net","twitter_card":"summary_large_image","twitter_misc":{"Yazan:":"netbakis.net","Tahmini okuma s\u00fcresi":"2 dakika"},"schema":{"@context":"https:\/\/schema.org","@graph":[{"@type":"WebPage","@id":"https:\/\/netbakis.net\/41710\/","url":"https:\/\/netbakis.net\/41710\/","name":"Girne\u2019deki faciada hayat\u0131n\u0131 kaybeden Fahri Ate\u015f son yolculu\u011funa u\u011furland\u0131: E\u015fini ve \u00e7ocu\u011funu kurtard\u0131 - NETBAKIS","isPartOf":{"@id":"https:\/\/netbakis.net\/#website"},"primaryImageOfPage":{"@id":"https:\/\/netbakis.net\/41710\/#primaryimage"},"image":{"@id":"https:\/\/netbakis.net\/41710\/#primaryimage"},"thumbnailUrl":"https:\/\/netbakis.net\/wp-content\/uploads\/2026\/09\/v2evde16gramuyuturucubulundu3zanltutuklu-2026-09-02t164707445_1788356853.webp","datePublished":"2026-09-02T17:43:13+00:00","dateModified":"2026-09-02T17:43:16+00:00","author":{"@id":"https:\/\/netbakis.net\/#\/schema\/person\/5d9b5c3f48ca4a3c69967d619fc8c7f4"},"breadcrumb":{"@id":"https:\/\/netbakis.net\/41710\/#breadcrumb"},"inLanguage":"tr","potentialAction":[{"@type":"ReadAction","target":["https:\/\/netbakis.net\/41710\/"]}]},{"@type":"ImageObject","inLanguage":"tr","@id":"https:\/\/netbakis.net\/41710\/#primaryimage","url":"https:\/\/netbakis.net\/wp-content\/uploads\/2026\/09\/v2evde16gramuyuturucubulundu3zanltutuklu-2026-09-02t164707445_1788356853.webp","contentUrl":"https:\/\/netbakis.net\/wp-content\/uploads\/2026\/09\/v2evde16gramuyuturucubulundu3zanltutuklu-2026-09-02t164707445_1788356853.webp","width":971,"height":551},{"@type":"BreadcrumbList","@id":"https:\/\/netbakis.net\/41710\/#breadcrumb","itemListElement":[{"@type":"ListItem","position":1,"name":"Home","item":"https:\/\/netbakis.net\/"},{"@type":"ListItem","position":2,"name":"Girne\u2019deki faciada hayat\u0131n\u0131 kaybeden Fahri Ate\u015f son yolculu\u011funa u\u011furland\u0131: E\u015fini ve \u00e7ocu\u011funu kurtard\u0131"}]},{"@type":"WebSite","@id":"https:\/\/netbakis.net\/#website","url":"https:\/\/netbakis.net\/","name":"NETBAKIS","description":"SON DAKIKA","potentialAction":[{"@type":"SearchAction","target":{"@type":"EntryPoint","urlTemplate":"https:\/\/netbakis.net\/?s={search_term_string}"},"query-input":{"@type":"PropertyValueSpecification","valueRequired":true,"valueName":"search_term_string"}}],"inLanguage":"tr"},{"@type":"Person","@id":"https:\/\/netbakis.net\/#\/schema\/person\/5d9b5c3f48ca4a3c69967d619fc8c7f4","name":"netbakis.net","image":{"@type":"ImageObject","inLanguage":"tr","@id":"https:\/\/netbakis.net\/#\/schema\/person\/image\/","url":"https:\/\/secure.gravatar.com\/avatar\/4ddeae49d2d3e3568a8d5b0937642efdf0b72468dbe3f213bc1978faa47af0d1?s=96&d=wp_user_avatar&r=g","contentUrl":"https:\/\/secure.gravatar.com\/avatar\/4ddeae49d2d3e3568a8d5b0937642efdf0b72468dbe3f213bc1978faa47af0d1?s=96&d=wp_user_avatar&r=g","caption":"netbakis.net"},"sameAs":["https:\/\/netbakis.net"],"url":"https:\/\/netbakis.net\/tr\/author\/netbakis-net\/"}]}},"jetpack_publicize_connections":[],"_links":{"self":[{"href":"https:\/\/netbakis.net\/tr\/wp-json\/wp\/v2\/posts\/41710","targetHints":{"allow":["GET"]}}],"collection":[{"href":"https:\/\/netbakis.net\/tr\/wp-json\/wp\/v2\/posts"}],"about":[{"href":"https:\/\/netbakis.net\/tr\/wp-json\/wp\/v2\/types\/post"}],"author":[{"embeddable":true,"href":"https:\/\/netbakis.net\/tr\/wp-json\/wp\/v2\/users\/1"}],"replies":[{"embeddable":true,"href":"https:\/\/netbakis.net\/tr\/wp-json\/wp\/v2\/comments?post=41710"}],"version-history":[{"count":1,"href":"https:\/\/netbakis.net\/tr\/wp-json\/wp\/v2\/posts\/41710\/revisions"}],"predecessor-version":[{"id":41712,"href":"https:\/\/netbakis.net\/tr\/wp-json\/wp\/v2\/posts\/41710\/revisions\/41712"}],"wp:featuredmedia":[{"embeddable":true,"href":"https:\/\/netbakis.net\/tr\/wp-json\/wp\/v2\/media\/41711"}],"wp:attachment":[{"href":"https:\/\/netbakis.net\/tr\/wp-json\/wp\/v2\/media?parent=41710"}],"wp:term":[{"taxonomy":"category","embeddable":true,"href":"https:\/\/netbakis.net\/tr\/wp-json\/wp\/v2\/categories?post=41710"},{"taxonomy":"post_tag","embeddable":true,"href":"https:\/\/netbakis.net\/tr\/wp-json\/wp\/v2\/tags?post=41710"}],"curies":[{"name":"wp","href":"https:\/\/api.w.org\/{rel}","templated":true}]}}