{"id":41705,"date":"2026-09-02T17:41:01","date_gmt":"2026-09-02T17:41:01","guid":{"rendered":"https:\/\/netbakis.net\/?p=41705"},"modified":"2026-09-02T17:41:02","modified_gmt":"2026-09-02T17:41:02","slug":"bayindirlik-ve-ulastirma-bakanligi-turkiyeden-gelen-heyet-ile-filo-jet-icin-teknik-inceleme-basladi","status":"publish","type":"post","link":"https:\/\/netbakis.net\/tr\/41705\/","title":{"rendered":"Bay\u0131nd\u0131rl\u0131k ve Ula\u015ft\u0131rma Bakanl\u0131\u011f\u0131: T\u00fcrkiye&#8217;den gelen heyet ile Filo Jet i\u00e7in teknik inceleme ba\u015flad\u0131"},"content":{"rendered":"<p class=\"wp-block-paragraph\">T\u00fcrkiye Cumhuriyeti Ula\u015ft\u0131rma ve Altyap\u0131 Bakanl\u0131\u011f\u0131 Ula\u015f\u0131m Emniyeti \u0130nceleme Merkezi Ba\u015fkanl\u0131\u011f\u0131 Deniz Kazalar\u0131 \u0130nceleme Daire Ba\u015fkan\u0131 Durali \u0130\u015fler ve beraberindeki teknik heyet, Filo Jet kazas\u0131yla ilgili incelemelere ba\u015flad\u0131. Geminin t\u00fcm teknik ve yap\u0131sal durumu ile belgeleri incelenecek, haz\u0131rlanan teknik rapor KKTC makamlar\u0131na sunulacak.<br><br>Bay\u0131nd\u0131rl\u0131k ve Ula\u015ft\u0131rma Bakanl\u0131\u011f\u0131, Girne a\u00e7\u0131klar\u0131nda meydana gelen Filo Jet kazas\u0131yla ilgili teknik incelemelerin ba\u015flad\u0131\u011f\u0131n\u0131 a\u00e7\u0131klad\u0131. T\u00fcrkiye Cumhuriyeti Ula\u015ft\u0131rma ve Altyap\u0131 Bakanl\u0131\u011f\u0131 Ula\u015f\u0131m Emniyeti \u0130nceleme Merkezi Ba\u015fkanl\u0131\u011f\u0131 Deniz Kazalar\u0131 \u0130nceleme Daire Ba\u015fkan\u0131 Durali \u0130\u015fler ve beraberindeki teknik heyetin \u00fclkeye gelerek \u00e7al\u0131\u015fmalara ba\u015flad\u0131\u011f\u0131 bildirildi.<\/p>\n\n\n\n<p class=\"wp-block-paragraph\">Bakanl\u0131ktan yap\u0131lan a\u00e7\u0131klamaya g\u00f6re, teknik heyet, Pazar g\u00fcn\u00fc meydana gelen kazayla ilgili ara\u015ft\u0131rma ve incelemelerde bulunacak ve kazaya kar\u0131\u015fan Filo Jet isimli gemi hakk\u0131nda teknik rapor haz\u0131rlayacak.<\/p>\n\n\n\n<p class=\"wp-block-paragraph\"><strong>GEM\u0130N\u0130N T\u00dcM BELGELER\u0130 \u0130NCELENECEK<\/strong><\/p>\n\n\n\n<p class=\"wp-block-paragraph\">Ekip taraf\u0131ndan gemiye ait t\u00fcm belgelerin detayl\u0131 \u015fekilde incelenece\u011fi belirtilen a\u00e7\u0131klamada, \u00e7al\u0131\u015fmalara yar\u0131n T\u00fcrk Loydu\u2019ndan iki uzman\u0131n daha kat\u0131laca\u011f\u0131 kaydedildi.<\/p>\n\n\n\n<p class=\"wp-block-paragraph\"><strong>TEKN\u0130K VE YAPISAL DURUM \u0130NCELENECEK<\/strong><\/p>\n\n\n\n<p class=\"wp-block-paragraph\">Ara\u015ft\u0131rma kapsam\u0131nda Filo Jet\u2019in t\u00fcm teknik ve yap\u0131sal durumunun incelenece\u011fi ifade edildi.<\/p>\n\n\n\n<p class=\"wp-block-paragraph\">\u0130ncelemelerin tamamlanmas\u0131n\u0131n ard\u0131ndan Filo Jet ile ilgili teknik bir rapor haz\u0131rlanaca\u011f\u0131 ve elde edilen bulgular\u0131n Kuzey K\u0131br\u0131s T\u00fcrk Cumhuriyeti makamlar\u0131na aktar\u0131laca\u011f\u0131 bildirildi.<\/p>","protected":false},"excerpt":{"rendered":"<p>T\u00fcrkiye Cumhuriyeti Ula\u015ft\u0131rma ve Altyap\u0131 Bakanl\u0131\u011f\u0131 Ula\u015f\u0131m Emniyeti \u0130nceleme Merkezi Ba\u015fkanl\u0131\u011f\u0131 Deniz Kazalar\u0131 \u0130nceleme Daire Ba\u015fkan\u0131 Durali \u0130\u015fler ve beraberindeki teknik heyet, Filo Jet kazas\u0131yla ilgili incelemelere ba\u015flad\u0131. Geminin t\u00fcm teknik ve yap\u0131sal durumu ile belgeleri incelenecek, haz\u0131rlanan teknik rapor KKTC makamlar\u0131na sunulacak. Bay\u0131nd\u0131rl\u0131k ve Ula\u015ft\u0131rma Bakanl\u0131\u011f\u0131, Girne a\u00e7\u0131klar\u0131nda meydana gelen Filo Jet kazas\u0131yla ilgili [&hellip;]<\/p>","protected":false},"author":1,"featured_media":10200,"comment_status":"open","ping_status":"open","sticky":false,"template":"","format":"standard","meta":{"om_disable_all_campaigns":false,"_monsterinsights_skip_tracking":false,"_monsterinsights_sitenote_active":false,"_monsterinsights_sitenote_note":"","_monsterinsights_sitenote_category":0,"_uf_show_specific_survey":0,"_uf_disable_surveys":false,"footnotes":"","jetpack_publicize_message":"","jetpack_publicize_feature_enabled":true,"jetpack_social_post_already_shared":true,"jetpack_social_options":{"image_generator_settings":{"template":"highway","default_image_id":0,"font":"","enabled":false},"version":2}},"categories":[81],"tags":[],"class_list":["post-41705","post","type-post","status-publish","format-standard","has-post-thumbnail","category-gundem"],"yoast_head":"<!-- This site is optimized with the Yoast SEO plugin v23.8 - https:\/\/yoast.com\/wordpress\/plugins\/seo\/ -->\n<title>Bay\u0131nd\u0131rl\u0131k ve Ula\u015ft\u0131rma Bakanl\u0131\u011f\u0131: T\u00fcrkiye&#039;den gelen heyet ile Filo Jet i\u00e7in teknik inceleme ba\u015flad\u0131 - NETBAKIS<\/title>\n<meta name=\"robots\" content=\"index, follow, max-snippet:-1, max-image-preview:large, max-video-preview:-1\" \/>\n<link rel=\"canonical\" href=\"https:\/\/netbakis.net\/tr\/41705\/\" \/>\n<meta property=\"og:locale\" content=\"tr_TR\" \/>\n<meta property=\"og:type\" content=\"article\" \/>\n<meta property=\"og:title\" content=\"Bay\u0131nd\u0131rl\u0131k ve Ula\u015ft\u0131rma Bakanl\u0131\u011f\u0131: T\u00fcrkiye&#039;den gelen heyet ile Filo Jet i\u00e7in teknik inceleme ba\u015flad\u0131 - NETBAKIS\" \/>\n<meta property=\"og:description\" content=\"T\u00fcrkiye Cumhuriyeti Ula\u015ft\u0131rma ve Altyap\u0131 Bakanl\u0131\u011f\u0131 Ula\u015f\u0131m Emniyeti \u0130nceleme Merkezi Ba\u015fkanl\u0131\u011f\u0131 Deniz Kazalar\u0131 \u0130nceleme Daire Ba\u015fkan\u0131 Durali \u0130\u015fler ve beraberindeki teknik heyet, Filo Jet kazas\u0131yla ilgili incelemelere ba\u015flad\u0131. Geminin t\u00fcm teknik ve yap\u0131sal durumu ile belgeleri incelenecek, haz\u0131rlanan teknik rapor KKTC makamlar\u0131na sunulacak. Bay\u0131nd\u0131rl\u0131k ve Ula\u015ft\u0131rma Bakanl\u0131\u011f\u0131, Girne a\u00e7\u0131klar\u0131nda meydana gelen Filo Jet kazas\u0131yla ilgili [&hellip;]\" \/>\n<meta property=\"og:url\" content=\"https:\/\/netbakis.net\/tr\/41705\/\" \/>\n<meta property=\"og:site_name\" content=\"NETBAKIS\" \/>\n<meta property=\"article:published_time\" content=\"2026-09-02T17:41:01+00:00\" \/>\n<meta property=\"article:modified_time\" content=\"2026-09-02T17:41:02+00:00\" \/>\n<meta property=\"og:image\" content=\"https:\/\/netbakis.net\/wp-content\/uploads\/2022\/11\/ulastirmabakanligibina2018.jpg\" \/>\n\t<meta property=\"og:image:width\" content=\"640\" \/>\n\t<meta property=\"og:image:height\" content=\"360\" \/>\n\t<meta property=\"og:image:type\" content=\"image\/jpeg\" \/>\n<meta name=\"author\" content=\"netbakis.net\" \/>\n<meta name=\"twitter:card\" content=\"summary_large_image\" \/>\n<meta name=\"twitter:label1\" content=\"Yazan:\" \/>\n\t<meta name=\"twitter:data1\" content=\"netbakis.net\" \/>\n\t<meta name=\"twitter:label2\" content=\"Tahmini okuma s\u00fcresi\" \/>\n\t<meta name=\"twitter:data2\" content=\"1 dakika\" \/>\n<script type=\"application\/ld+json\" class=\"yoast-schema-graph\">{\"@context\":\"https:\/\/schema.org\",\"@graph\":[{\"@type\":\"WebPage\",\"@id\":\"https:\/\/netbakis.net\/41705\/\",\"url\":\"https:\/\/netbakis.net\/41705\/\",\"name\":\"Bay\u0131nd\u0131rl\u0131k ve Ula\u015ft\u0131rma Bakanl\u0131\u011f\u0131: T\u00fcrkiye'den gelen heyet ile Filo Jet i\u00e7in teknik inceleme ba\u015flad\u0131 - NETBAKIS\",\"isPartOf\":{\"@id\":\"https:\/\/netbakis.net\/#website\"},\"primaryImageOfPage\":{\"@id\":\"https:\/\/netbakis.net\/41705\/#primaryimage\"},\"image\":{\"@id\":\"https:\/\/netbakis.net\/41705\/#primaryimage\"},\"thumbnailUrl\":\"https:\/\/netbakis.net\/wp-content\/uploads\/2022\/11\/ulastirmabakanligibina2018.jpg\",\"datePublished\":\"2026-09-02T17:41:01+00:00\",\"dateModified\":\"2026-09-02T17:41:02+00:00\",\"author\":{\"@id\":\"https:\/\/netbakis.net\/#\/schema\/person\/5d9b5c3f48ca4a3c69967d619fc8c7f4\"},\"breadcrumb\":{\"@id\":\"https:\/\/netbakis.net\/41705\/#breadcrumb\"},\"inLanguage\":\"tr\",\"potentialAction\":[{\"@type\":\"ReadAction\",\"target\":[\"https:\/\/netbakis.net\/41705\/\"]}]},{\"@type\":\"ImageObject\",\"inLanguage\":\"tr\",\"@id\":\"https:\/\/netbakis.net\/41705\/#primaryimage\",\"url\":\"https:\/\/netbakis.net\/wp-content\/uploads\/2022\/11\/ulastirmabakanligibina2018.jpg\",\"contentUrl\":\"https:\/\/netbakis.net\/wp-content\/uploads\/2022\/11\/ulastirmabakanligibina2018.jpg\",\"width\":640,\"height\":360,\"caption\":\"Bay\u0131nd\u0131rl\u0131k ve Ula\u015ft\u0131rma Bakanl\u0131\u011f\u0131\"},{\"@type\":\"BreadcrumbList\",\"@id\":\"https:\/\/netbakis.net\/41705\/#breadcrumb\",\"itemListElement\":[{\"@type\":\"ListItem\",\"position\":1,\"name\":\"Home\",\"item\":\"https:\/\/netbakis.net\/\"},{\"@type\":\"ListItem\",\"position\":2,\"name\":\"Bay\u0131nd\u0131rl\u0131k ve Ula\u015ft\u0131rma Bakanl\u0131\u011f\u0131: T\u00fcrkiye&#8217;den gelen heyet ile Filo Jet i\u00e7in teknik inceleme ba\u015flad\u0131\"}]},{\"@type\":\"WebSite\",\"@id\":\"https:\/\/netbakis.net\/#website\",\"url\":\"https:\/\/netbakis.net\/\",\"name\":\"NETBAKIS\",\"description\":\"SON DAKIKA\",\"potentialAction\":[{\"@type\":\"SearchAction\",\"target\":{\"@type\":\"EntryPoint\",\"urlTemplate\":\"https:\/\/netbakis.net\/?s={search_term_string}\"},\"query-input\":{\"@type\":\"PropertyValueSpecification\",\"valueRequired\":true,\"valueName\":\"search_term_string\"}}],\"inLanguage\":\"tr\"},{\"@type\":\"Person\",\"@id\":\"https:\/\/netbakis.net\/#\/schema\/person\/5d9b5c3f48ca4a3c69967d619fc8c7f4\",\"name\":\"netbakis.net\",\"image\":{\"@type\":\"ImageObject\",\"inLanguage\":\"tr\",\"@id\":\"https:\/\/netbakis.net\/#\/schema\/person\/image\/\",\"url\":\"https:\/\/secure.gravatar.com\/avatar\/4ddeae49d2d3e3568a8d5b0937642efdf0b72468dbe3f213bc1978faa47af0d1?s=96&d=wp_user_avatar&r=g\",\"contentUrl\":\"https:\/\/secure.gravatar.com\/avatar\/4ddeae49d2d3e3568a8d5b0937642efdf0b72468dbe3f213bc1978faa47af0d1?s=96&d=wp_user_avatar&r=g\",\"caption\":\"netbakis.net\"},\"sameAs\":[\"https:\/\/netbakis.net\"],\"url\":\"https:\/\/netbakis.net\/tr\/author\/netbakis-net\/\"}]}<\/script>\n<!-- \/ Yoast SEO plugin. -->","yoast_head_json":{"title":"Bay\u0131nd\u0131rl\u0131k ve Ula\u015ft\u0131rma Bakanl\u0131\u011f\u0131: T\u00fcrkiye'den gelen heyet ile Filo Jet i\u00e7in teknik inceleme ba\u015flad\u0131 - NETBAKIS","robots":{"index":"index","follow":"follow","max-snippet":"max-snippet:-1","max-image-preview":"max-image-preview:large","max-video-preview":"max-video-preview:-1"},"canonical":"https:\/\/netbakis.net\/tr\/41705\/","og_locale":"tr_TR","og_type":"article","og_title":"Bay\u0131nd\u0131rl\u0131k ve Ula\u015ft\u0131rma Bakanl\u0131\u011f\u0131: T\u00fcrkiye'den gelen heyet ile Filo Jet i\u00e7in teknik inceleme ba\u015flad\u0131 - NETBAKIS","og_description":"T\u00fcrkiye Cumhuriyeti Ula\u015ft\u0131rma ve Altyap\u0131 Bakanl\u0131\u011f\u0131 Ula\u015f\u0131m Emniyeti \u0130nceleme Merkezi Ba\u015fkanl\u0131\u011f\u0131 Deniz Kazalar\u0131 \u0130nceleme Daire Ba\u015fkan\u0131 Durali \u0130\u015fler ve beraberindeki teknik heyet, Filo Jet kazas\u0131yla ilgili incelemelere ba\u015flad\u0131. Geminin t\u00fcm teknik ve yap\u0131sal durumu ile belgeleri incelenecek, haz\u0131rlanan teknik rapor KKTC makamlar\u0131na sunulacak. Bay\u0131nd\u0131rl\u0131k ve Ula\u015ft\u0131rma Bakanl\u0131\u011f\u0131, Girne a\u00e7\u0131klar\u0131nda meydana gelen Filo Jet kazas\u0131yla ilgili [&hellip;]","og_url":"https:\/\/netbakis.net\/tr\/41705\/","og_site_name":"NETBAKIS","article_published_time":"2026-09-02T17:41:01+00:00","article_modified_time":"2026-09-02T17:41:02+00:00","og_image":[{"width":640,"height":360,"url":"https:\/\/netbakis.net\/wp-content\/uploads\/2022\/11\/ulastirmabakanligibina2018.jpg","type":"image\/jpeg"}],"author":"netbakis.net","twitter_card":"summary_large_image","twitter_misc":{"Yazan:":"netbakis.net","Tahmini okuma s\u00fcresi":"1 dakika"},"schema":{"@context":"https:\/\/schema.org","@graph":[{"@type":"WebPage","@id":"https:\/\/netbakis.net\/41705\/","url":"https:\/\/netbakis.net\/41705\/","name":"Bay\u0131nd\u0131rl\u0131k ve Ula\u015ft\u0131rma Bakanl\u0131\u011f\u0131: T\u00fcrkiye'den gelen heyet ile Filo Jet i\u00e7in teknik inceleme ba\u015flad\u0131 - NETBAKIS","isPartOf":{"@id":"https:\/\/netbakis.net\/#website"},"primaryImageOfPage":{"@id":"https:\/\/netbakis.net\/41705\/#primaryimage"},"image":{"@id":"https:\/\/netbakis.net\/41705\/#primaryimage"},"thumbnailUrl":"https:\/\/netbakis.net\/wp-content\/uploads\/2022\/11\/ulastirmabakanligibina2018.jpg","datePublished":"2026-09-02T17:41:01+00:00","dateModified":"2026-09-02T17:41:02+00:00","author":{"@id":"https:\/\/netbakis.net\/#\/schema\/person\/5d9b5c3f48ca4a3c69967d619fc8c7f4"},"breadcrumb":{"@id":"https:\/\/netbakis.net\/41705\/#breadcrumb"},"inLanguage":"tr","potentialAction":[{"@type":"ReadAction","target":["https:\/\/netbakis.net\/41705\/"]}]},{"@type":"ImageObject","inLanguage":"tr","@id":"https:\/\/netbakis.net\/41705\/#primaryimage","url":"https:\/\/netbakis.net\/wp-content\/uploads\/2022\/11\/ulastirmabakanligibina2018.jpg","contentUrl":"https:\/\/netbakis.net\/wp-content\/uploads\/2022\/11\/ulastirmabakanligibina2018.jpg","width":640,"height":360,"caption":"Bay\u0131nd\u0131rl\u0131k ve Ula\u015ft\u0131rma Bakanl\u0131\u011f\u0131"},{"@type":"BreadcrumbList","@id":"https:\/\/netbakis.net\/41705\/#breadcrumb","itemListElement":[{"@type":"ListItem","position":1,"name":"Home","item":"https:\/\/netbakis.net\/"},{"@type":"ListItem","position":2,"name":"Bay\u0131nd\u0131rl\u0131k ve Ula\u015ft\u0131rma Bakanl\u0131\u011f\u0131: T\u00fcrkiye&#8217;den gelen heyet ile Filo Jet i\u00e7in teknik inceleme ba\u015flad\u0131"}]},{"@type":"WebSite","@id":"https:\/\/netbakis.net\/#website","url":"https:\/\/netbakis.net\/","name":"NETBAKIS","description":"SON DAKIKA","potentialAction":[{"@type":"SearchAction","target":{"@type":"EntryPoint","urlTemplate":"https:\/\/netbakis.net\/?s={search_term_string}"},"query-input":{"@type":"PropertyValueSpecification","valueRequired":true,"valueName":"search_term_string"}}],"inLanguage":"tr"},{"@type":"Person","@id":"https:\/\/netbakis.net\/#\/schema\/person\/5d9b5c3f48ca4a3c69967d619fc8c7f4","name":"netbakis.net","image":{"@type":"ImageObject","inLanguage":"tr","@id":"https:\/\/netbakis.net\/#\/schema\/person\/image\/","url":"https:\/\/secure.gravatar.com\/avatar\/4ddeae49d2d3e3568a8d5b0937642efdf0b72468dbe3f213bc1978faa47af0d1?s=96&d=wp_user_avatar&r=g","contentUrl":"https:\/\/secure.gravatar.com\/avatar\/4ddeae49d2d3e3568a8d5b0937642efdf0b72468dbe3f213bc1978faa47af0d1?s=96&d=wp_user_avatar&r=g","caption":"netbakis.net"},"sameAs":["https:\/\/netbakis.net"],"url":"https:\/\/netbakis.net\/tr\/author\/netbakis-net\/"}]}},"jetpack_publicize_connections":[],"_links":{"self":[{"href":"https:\/\/netbakis.net\/tr\/wp-json\/wp\/v2\/posts\/41705","targetHints":{"allow":["GET"]}}],"collection":[{"href":"https:\/\/netbakis.net\/tr\/wp-json\/wp\/v2\/posts"}],"about":[{"href":"https:\/\/netbakis.net\/tr\/wp-json\/wp\/v2\/types\/post"}],"author":[{"embeddable":true,"href":"https:\/\/netbakis.net\/tr\/wp-json\/wp\/v2\/users\/1"}],"replies":[{"embeddable":true,"href":"https:\/\/netbakis.net\/tr\/wp-json\/wp\/v2\/comments?post=41705"}],"version-history":[{"count":1,"href":"https:\/\/netbakis.net\/tr\/wp-json\/wp\/v2\/posts\/41705\/revisions"}],"predecessor-version":[{"id":41706,"href":"https:\/\/netbakis.net\/tr\/wp-json\/wp\/v2\/posts\/41705\/revisions\/41706"}],"wp:featuredmedia":[{"embeddable":true,"href":"https:\/\/netbakis.net\/tr\/wp-json\/wp\/v2\/media\/10200"}],"wp:attachment":[{"href":"https:\/\/netbakis.net\/tr\/wp-json\/wp\/v2\/media?parent=41705"}],"wp:term":[{"taxonomy":"category","embeddable":true,"href":"https:\/\/netbakis.net\/tr\/wp-json\/wp\/v2\/categories?post=41705"},{"taxonomy":"post_tag","embeddable":true,"href":"https:\/\/netbakis.net\/tr\/wp-json\/wp\/v2\/tags?post=41705"}],"curies":[{"name":"wp","href":"https:\/\/api.w.org\/{rel}","templated":true}]}}