{"id":41701,"date":"2026-09-02T17:39:10","date_gmt":"2026-09-02T17:39:10","guid":{"rendered":"https:\/\/netbakis.net\/?p=41701"},"modified":"2026-09-02T17:39:11","modified_gmt":"2026-09-02T17:39:11","slug":"ustel-ve-ataoglu-enkaz-calismalarini-yuruten-gemide-son-durum-hakkinda-bilgi-aliyor","status":"publish","type":"post","link":"https:\/\/netbakis.net\/tr\/41701\/","title":{"rendered":"\u00dcstel ve Atao\u011flu, enkaz \u00e7al\u0131\u015fmalar\u0131n\u0131 y\u00fcr\u00fcten gemide son durum hakk\u0131nda bilgi al\u0131yor"},"content":{"rendered":"<p class=\"wp-block-paragraph\">Ba\u015fbakan \u00dcnal \u00dcstel ile Ba\u015fbakan Yard\u0131mc\u0131s\u0131, Turizm ve \u00c7evre Bakan\u0131 Fikri Atao\u011flu, Filo Jet\u2019in enkaz\u0131na y\u00f6nelik g\u00f6r\u00fcnt\u00fcleme ve arama \u00e7al\u0131\u015fmalar\u0131n\u0131 s\u00fcrd\u00fcren gemiye giderek yetkililerden son durum hakk\u0131nda bilgi ald\u0131.<br><br>Ba\u015fbakan \u00dcnal \u00dcstel ile Ba\u015fbakan Yard\u0131mc\u0131s\u0131, Turizm ve \u00c7evre Bakan\u0131 Fikri Atao\u011flu\u2019nun, Girne a\u00e7\u0131klar\u0131nda Filo Jet\u2019in enkaz\u0131n\u0131n bulundu\u011fu b\u00f6lgede incelemelerini s\u00fcrd\u00fcren gemiye giderek \u00e7al\u0131\u015fmalar hakk\u0131nda bilgi ald\u0131\u011f\u0131 \u00f6\u011frenildi.<\/p>\n\n\n\n<p class=\"wp-block-paragraph\">Arama ve inceleme \u00e7al\u0131\u015fmalar\u0131n\u0131n devam etti\u011fi b\u00f6lgede \u00dcstel ve Atao\u011flu\u2019nun, yetkililerden son durum ve \u00e7al\u0131\u015fmalar\u0131n seyriyle ilgili bilgi ald\u0131\u011f\u0131 edinilen bilgiler aras\u0131nda.<\/p>","protected":false},"excerpt":{"rendered":"<p>Ba\u015fbakan \u00dcnal \u00dcstel ile Ba\u015fbakan Yard\u0131mc\u0131s\u0131, Turizm ve \u00c7evre Bakan\u0131 Fikri Atao\u011flu, Filo Jet\u2019in enkaz\u0131na y\u00f6nelik g\u00f6r\u00fcnt\u00fcleme ve arama \u00e7al\u0131\u015fmalar\u0131n\u0131 s\u00fcrd\u00fcren gemiye giderek yetkililerden son durum hakk\u0131nda bilgi ald\u0131. Ba\u015fbakan \u00dcnal \u00dcstel ile Ba\u015fbakan Yard\u0131mc\u0131s\u0131, Turizm ve \u00c7evre Bakan\u0131 Fikri Atao\u011flu\u2019nun, Girne a\u00e7\u0131klar\u0131nda Filo Jet\u2019in enkaz\u0131n\u0131n bulundu\u011fu b\u00f6lgede incelemelerini s\u00fcrd\u00fcren gemiye giderek \u00e7al\u0131\u015fmalar hakk\u0131nda bilgi [&hellip;]<\/p>","protected":false},"author":1,"featured_media":41702,"comment_status":"open","ping_status":"open","sticky":false,"template":"","format":"standard","meta":{"om_disable_all_campaigns":false,"_monsterinsights_skip_tracking":false,"_monsterinsights_sitenote_active":false,"_monsterinsights_sitenote_note":"","_monsterinsights_sitenote_category":0,"_uf_show_specific_survey":0,"_uf_disable_surveys":false,"footnotes":"","jetpack_publicize_message":"","jetpack_publicize_feature_enabled":true,"jetpack_social_post_already_shared":true,"jetpack_social_options":{"image_generator_settings":{"template":"highway","default_image_id":0,"font":"","enabled":false},"version":2}},"categories":[81],"tags":[],"class_list":["post-41701","post","type-post","status-publish","format-standard","has-post-thumbnail","category-gundem"],"yoast_head":"<!-- This site is optimized with the Yoast SEO plugin v23.8 - https:\/\/yoast.com\/wordpress\/plugins\/seo\/ -->\n<title>\u00dcstel ve Atao\u011flu, enkaz \u00e7al\u0131\u015fmalar\u0131n\u0131 y\u00fcr\u00fcten gemide son durum hakk\u0131nda bilgi al\u0131yor - NETBAKIS<\/title>\n<meta name=\"robots\" content=\"index, follow, max-snippet:-1, max-image-preview:large, max-video-preview:-1\" \/>\n<link rel=\"canonical\" href=\"https:\/\/netbakis.net\/tr\/41701\/\" \/>\n<meta property=\"og:locale\" content=\"tr_TR\" \/>\n<meta property=\"og:type\" content=\"article\" \/>\n<meta property=\"og:title\" content=\"\u00dcstel ve Atao\u011flu, enkaz \u00e7al\u0131\u015fmalar\u0131n\u0131 y\u00fcr\u00fcten gemide son durum hakk\u0131nda bilgi al\u0131yor - NETBAKIS\" \/>\n<meta property=\"og:description\" content=\"Ba\u015fbakan \u00dcnal \u00dcstel ile Ba\u015fbakan Yard\u0131mc\u0131s\u0131, Turizm ve \u00c7evre Bakan\u0131 Fikri Atao\u011flu, Filo Jet\u2019in enkaz\u0131na y\u00f6nelik g\u00f6r\u00fcnt\u00fcleme ve arama \u00e7al\u0131\u015fmalar\u0131n\u0131 s\u00fcrd\u00fcren gemiye giderek yetkililerden son durum hakk\u0131nda bilgi ald\u0131. Ba\u015fbakan \u00dcnal \u00dcstel ile Ba\u015fbakan Yard\u0131mc\u0131s\u0131, Turizm ve \u00c7evre Bakan\u0131 Fikri Atao\u011flu\u2019nun, Girne a\u00e7\u0131klar\u0131nda Filo Jet\u2019in enkaz\u0131n\u0131n bulundu\u011fu b\u00f6lgede incelemelerini s\u00fcrd\u00fcren gemiye giderek \u00e7al\u0131\u015fmalar hakk\u0131nda bilgi [&hellip;]\" \/>\n<meta property=\"og:url\" content=\"https:\/\/netbakis.net\/tr\/41701\/\" \/>\n<meta property=\"og:site_name\" content=\"NETBAKIS\" \/>\n<meta property=\"article:published_time\" content=\"2026-09-02T17:39:10+00:00\" \/>\n<meta property=\"article:modified_time\" content=\"2026-09-02T17:39:11+00:00\" \/>\n<meta property=\"og:image\" content=\"https:\/\/netbakis.net\/wp-content\/uploads\/2026\/09\/v2yeniproje-2026-09-01t105752236_1788249635.webp\" \/>\n\t<meta property=\"og:image:width\" content=\"971\" \/>\n\t<meta property=\"og:image:height\" content=\"551\" \/>\n\t<meta property=\"og:image:type\" content=\"image\/webp\" \/>\n<meta name=\"author\" content=\"netbakis.net\" \/>\n<meta name=\"twitter:card\" content=\"summary_large_image\" \/>\n<meta name=\"twitter:label1\" content=\"Yazan:\" \/>\n\t<meta name=\"twitter:data1\" content=\"netbakis.net\" \/>\n\t<meta name=\"twitter:label2\" content=\"Tahmini okuma s\u00fcresi\" \/>\n\t<meta name=\"twitter:data2\" content=\"1 dakika\" \/>\n<script type=\"application\/ld+json\" class=\"yoast-schema-graph\">{\"@context\":\"https:\/\/schema.org\",\"@graph\":[{\"@type\":\"WebPage\",\"@id\":\"https:\/\/netbakis.net\/41701\/\",\"url\":\"https:\/\/netbakis.net\/41701\/\",\"name\":\"\u00dcstel ve Atao\u011flu, enkaz \u00e7al\u0131\u015fmalar\u0131n\u0131 y\u00fcr\u00fcten gemide son durum hakk\u0131nda bilgi al\u0131yor - NETBAKIS\",\"isPartOf\":{\"@id\":\"https:\/\/netbakis.net\/#website\"},\"primaryImageOfPage\":{\"@id\":\"https:\/\/netbakis.net\/41701\/#primaryimage\"},\"image\":{\"@id\":\"https:\/\/netbakis.net\/41701\/#primaryimage\"},\"thumbnailUrl\":\"https:\/\/netbakis.net\/wp-content\/uploads\/2026\/09\/v2yeniproje-2026-09-01t105752236_1788249635.webp\",\"datePublished\":\"2026-09-02T17:39:10+00:00\",\"dateModified\":\"2026-09-02T17:39:11+00:00\",\"author\":{\"@id\":\"https:\/\/netbakis.net\/#\/schema\/person\/5d9b5c3f48ca4a3c69967d619fc8c7f4\"},\"breadcrumb\":{\"@id\":\"https:\/\/netbakis.net\/41701\/#breadcrumb\"},\"inLanguage\":\"tr\",\"potentialAction\":[{\"@type\":\"ReadAction\",\"target\":[\"https:\/\/netbakis.net\/41701\/\"]}]},{\"@type\":\"ImageObject\",\"inLanguage\":\"tr\",\"@id\":\"https:\/\/netbakis.net\/41701\/#primaryimage\",\"url\":\"https:\/\/netbakis.net\/wp-content\/uploads\/2026\/09\/v2yeniproje-2026-09-01t105752236_1788249635.webp\",\"contentUrl\":\"https:\/\/netbakis.net\/wp-content\/uploads\/2026\/09\/v2yeniproje-2026-09-01t105752236_1788249635.webp\",\"width\":971,\"height\":551},{\"@type\":\"BreadcrumbList\",\"@id\":\"https:\/\/netbakis.net\/41701\/#breadcrumb\",\"itemListElement\":[{\"@type\":\"ListItem\",\"position\":1,\"name\":\"Home\",\"item\":\"https:\/\/netbakis.net\/\"},{\"@type\":\"ListItem\",\"position\":2,\"name\":\"\u00dcstel ve Atao\u011flu, enkaz \u00e7al\u0131\u015fmalar\u0131n\u0131 y\u00fcr\u00fcten gemide son durum hakk\u0131nda bilgi al\u0131yor\"}]},{\"@type\":\"WebSite\",\"@id\":\"https:\/\/netbakis.net\/#website\",\"url\":\"https:\/\/netbakis.net\/\",\"name\":\"NETBAKIS\",\"description\":\"SON DAKIKA\",\"potentialAction\":[{\"@type\":\"SearchAction\",\"target\":{\"@type\":\"EntryPoint\",\"urlTemplate\":\"https:\/\/netbakis.net\/?s={search_term_string}\"},\"query-input\":{\"@type\":\"PropertyValueSpecification\",\"valueRequired\":true,\"valueName\":\"search_term_string\"}}],\"inLanguage\":\"tr\"},{\"@type\":\"Person\",\"@id\":\"https:\/\/netbakis.net\/#\/schema\/person\/5d9b5c3f48ca4a3c69967d619fc8c7f4\",\"name\":\"netbakis.net\",\"image\":{\"@type\":\"ImageObject\",\"inLanguage\":\"tr\",\"@id\":\"https:\/\/netbakis.net\/#\/schema\/person\/image\/\",\"url\":\"https:\/\/secure.gravatar.com\/avatar\/4ddeae49d2d3e3568a8d5b0937642efdf0b72468dbe3f213bc1978faa47af0d1?s=96&d=wp_user_avatar&r=g\",\"contentUrl\":\"https:\/\/secure.gravatar.com\/avatar\/4ddeae49d2d3e3568a8d5b0937642efdf0b72468dbe3f213bc1978faa47af0d1?s=96&d=wp_user_avatar&r=g\",\"caption\":\"netbakis.net\"},\"sameAs\":[\"https:\/\/netbakis.net\"],\"url\":\"https:\/\/netbakis.net\/tr\/author\/netbakis-net\/\"}]}<\/script>\n<!-- \/ Yoast SEO plugin. -->","yoast_head_json":{"title":"\u00dcstel ve Atao\u011flu, enkaz \u00e7al\u0131\u015fmalar\u0131n\u0131 y\u00fcr\u00fcten gemide son durum hakk\u0131nda bilgi al\u0131yor - NETBAKIS","robots":{"index":"index","follow":"follow","max-snippet":"max-snippet:-1","max-image-preview":"max-image-preview:large","max-video-preview":"max-video-preview:-1"},"canonical":"https:\/\/netbakis.net\/tr\/41701\/","og_locale":"tr_TR","og_type":"article","og_title":"\u00dcstel ve Atao\u011flu, enkaz \u00e7al\u0131\u015fmalar\u0131n\u0131 y\u00fcr\u00fcten gemide son durum hakk\u0131nda bilgi al\u0131yor - NETBAKIS","og_description":"Ba\u015fbakan \u00dcnal \u00dcstel ile Ba\u015fbakan Yard\u0131mc\u0131s\u0131, Turizm ve \u00c7evre Bakan\u0131 Fikri Atao\u011flu, Filo Jet\u2019in enkaz\u0131na y\u00f6nelik g\u00f6r\u00fcnt\u00fcleme ve arama \u00e7al\u0131\u015fmalar\u0131n\u0131 s\u00fcrd\u00fcren gemiye giderek yetkililerden son durum hakk\u0131nda bilgi ald\u0131. Ba\u015fbakan \u00dcnal \u00dcstel ile Ba\u015fbakan Yard\u0131mc\u0131s\u0131, Turizm ve \u00c7evre Bakan\u0131 Fikri Atao\u011flu\u2019nun, Girne a\u00e7\u0131klar\u0131nda Filo Jet\u2019in enkaz\u0131n\u0131n bulundu\u011fu b\u00f6lgede incelemelerini s\u00fcrd\u00fcren gemiye giderek \u00e7al\u0131\u015fmalar hakk\u0131nda bilgi [&hellip;]","og_url":"https:\/\/netbakis.net\/tr\/41701\/","og_site_name":"NETBAKIS","article_published_time":"2026-09-02T17:39:10+00:00","article_modified_time":"2026-09-02T17:39:11+00:00","og_image":[{"width":971,"height":551,"url":"https:\/\/netbakis.net\/wp-content\/uploads\/2026\/09\/v2yeniproje-2026-09-01t105752236_1788249635.webp","type":"image\/webp"}],"author":"netbakis.net","twitter_card":"summary_large_image","twitter_misc":{"Yazan:":"netbakis.net","Tahmini okuma s\u00fcresi":"1 dakika"},"schema":{"@context":"https:\/\/schema.org","@graph":[{"@type":"WebPage","@id":"https:\/\/netbakis.net\/41701\/","url":"https:\/\/netbakis.net\/41701\/","name":"\u00dcstel ve Atao\u011flu, enkaz \u00e7al\u0131\u015fmalar\u0131n\u0131 y\u00fcr\u00fcten gemide son durum hakk\u0131nda bilgi al\u0131yor - NETBAKIS","isPartOf":{"@id":"https:\/\/netbakis.net\/#website"},"primaryImageOfPage":{"@id":"https:\/\/netbakis.net\/41701\/#primaryimage"},"image":{"@id":"https:\/\/netbakis.net\/41701\/#primaryimage"},"thumbnailUrl":"https:\/\/netbakis.net\/wp-content\/uploads\/2026\/09\/v2yeniproje-2026-09-01t105752236_1788249635.webp","datePublished":"2026-09-02T17:39:10+00:00","dateModified":"2026-09-02T17:39:11+00:00","author":{"@id":"https:\/\/netbakis.net\/#\/schema\/person\/5d9b5c3f48ca4a3c69967d619fc8c7f4"},"breadcrumb":{"@id":"https:\/\/netbakis.net\/41701\/#breadcrumb"},"inLanguage":"tr","potentialAction":[{"@type":"ReadAction","target":["https:\/\/netbakis.net\/41701\/"]}]},{"@type":"ImageObject","inLanguage":"tr","@id":"https:\/\/netbakis.net\/41701\/#primaryimage","url":"https:\/\/netbakis.net\/wp-content\/uploads\/2026\/09\/v2yeniproje-2026-09-01t105752236_1788249635.webp","contentUrl":"https:\/\/netbakis.net\/wp-content\/uploads\/2026\/09\/v2yeniproje-2026-09-01t105752236_1788249635.webp","width":971,"height":551},{"@type":"BreadcrumbList","@id":"https:\/\/netbakis.net\/41701\/#breadcrumb","itemListElement":[{"@type":"ListItem","position":1,"name":"Home","item":"https:\/\/netbakis.net\/"},{"@type":"ListItem","position":2,"name":"\u00dcstel ve Atao\u011flu, enkaz \u00e7al\u0131\u015fmalar\u0131n\u0131 y\u00fcr\u00fcten gemide son durum hakk\u0131nda bilgi al\u0131yor"}]},{"@type":"WebSite","@id":"https:\/\/netbakis.net\/#website","url":"https:\/\/netbakis.net\/","name":"NETBAKIS","description":"SON DAKIKA","potentialAction":[{"@type":"SearchAction","target":{"@type":"EntryPoint","urlTemplate":"https:\/\/netbakis.net\/?s={search_term_string}"},"query-input":{"@type":"PropertyValueSpecification","valueRequired":true,"valueName":"search_term_string"}}],"inLanguage":"tr"},{"@type":"Person","@id":"https:\/\/netbakis.net\/#\/schema\/person\/5d9b5c3f48ca4a3c69967d619fc8c7f4","name":"netbakis.net","image":{"@type":"ImageObject","inLanguage":"tr","@id":"https:\/\/netbakis.net\/#\/schema\/person\/image\/","url":"https:\/\/secure.gravatar.com\/avatar\/4ddeae49d2d3e3568a8d5b0937642efdf0b72468dbe3f213bc1978faa47af0d1?s=96&d=wp_user_avatar&r=g","contentUrl":"https:\/\/secure.gravatar.com\/avatar\/4ddeae49d2d3e3568a8d5b0937642efdf0b72468dbe3f213bc1978faa47af0d1?s=96&d=wp_user_avatar&r=g","caption":"netbakis.net"},"sameAs":["https:\/\/netbakis.net"],"url":"https:\/\/netbakis.net\/tr\/author\/netbakis-net\/"}]}},"jetpack_publicize_connections":[],"_links":{"self":[{"href":"https:\/\/netbakis.net\/tr\/wp-json\/wp\/v2\/posts\/41701","targetHints":{"allow":["GET"]}}],"collection":[{"href":"https:\/\/netbakis.net\/tr\/wp-json\/wp\/v2\/posts"}],"about":[{"href":"https:\/\/netbakis.net\/tr\/wp-json\/wp\/v2\/types\/post"}],"author":[{"embeddable":true,"href":"https:\/\/netbakis.net\/tr\/wp-json\/wp\/v2\/users\/1"}],"replies":[{"embeddable":true,"href":"https:\/\/netbakis.net\/tr\/wp-json\/wp\/v2\/comments?post=41701"}],"version-history":[{"count":1,"href":"https:\/\/netbakis.net\/tr\/wp-json\/wp\/v2\/posts\/41701\/revisions"}],"predecessor-version":[{"id":41703,"href":"https:\/\/netbakis.net\/tr\/wp-json\/wp\/v2\/posts\/41701\/revisions\/41703"}],"wp:featuredmedia":[{"embeddable":true,"href":"https:\/\/netbakis.net\/tr\/wp-json\/wp\/v2\/media\/41702"}],"wp:attachment":[{"href":"https:\/\/netbakis.net\/tr\/wp-json\/wp\/v2\/media?parent=41701"}],"wp:term":[{"taxonomy":"category","embeddable":true,"href":"https:\/\/netbakis.net\/tr\/wp-json\/wp\/v2\/categories?post=41701"},{"taxonomy":"post_tag","embeddable":true,"href":"https:\/\/netbakis.net\/tr\/wp-json\/wp\/v2\/tags?post=41701"}],"curies":[{"name":"wp","href":"https:\/\/api.w.org\/{rel}","templated":true}]}}