{"id":41694,"date":"2026-09-02T17:34:28","date_gmt":"2026-09-02T17:34:28","guid":{"rendered":"https:\/\/netbakis.net\/?p=41694"},"modified":"2026-09-02T17:34:32","modified_gmt":"2026-09-02T17:34:32","slug":"arikli-yarin-cumhuriyet-meclisine-basvurup-dokunulmazligimin-kaldirilmasini-isteyecegim","status":"publish","type":"post","link":"https:\/\/netbakis.net\/tr\/41694\/","title":{"rendered":"Ar\u0131kl\u0131: Yar\u0131n Cumhuriyet Meclisi&#8217;ne ba\u015fvurup dokunulmazl\u0131\u011f\u0131m\u0131n kald\u0131r\u0131lmas\u0131n\u0131 isteyece\u011fim"},"content":{"rendered":"<p class=\"wp-block-paragraph\">Bay\u0131nd\u0131rl\u0131k ve Ula\u015ft\u0131rma Bakan\u0131, YDP Genel Ba\u015fkan\u0131 Erhan Ar\u0131kl\u0131, Filo Jet kazas\u0131yla ilgili soru\u015fturman\u0131n selameti i\u00e7in Limanlar Dairesi\u2019nin ge\u00e7ici olarak Ba\u015fbakanl\u0131\u011fa ba\u011flanmas\u0131n\u0131 ve hukuki-adli sorumlulu\u011fu bulunmas\u0131 h\u00e2linde dokunulmazl\u0131\u011f\u0131n\u0131n kald\u0131r\u0131lmas\u0131n\u0131 talep edece\u011fini a\u00e7\u0131klad\u0131. Ar\u0131kl\u0131 ayr\u0131ca, \u201cH\u00fck\u00fcmetten \u00e7ekilme\u201d g\u00fcndemiyle yap\u0131lmas\u0131 planlanan YDP Parti Meclisi toplant\u0131s\u0131n\u0131n ertelendi\u011fini duyurdu.<br><br>Bay\u0131nd\u0131rl\u0131k ve Ula\u015ft\u0131rma Bakan\u0131, Yeniden Do\u011fu\u015f Partisi (YDP) Genel Ba\u015fkan\u0131\u00a0<a href=\"https:\/\/www.kibrispostasi.com\/keyword\/43\" target=\"_blank\" rel=\"noopener\"><\/a><a href=\"https:\/\/www.kibrispostasi.com\/keyword\/43\" target=\"_blank\" rel=\"noopener\"><\/a>Erhan Ar\u0131kl\u0131, Girne a\u00e7\u0131klar\u0131nda meydana gelen gemi kazas\u0131na ili\u015fkin y\u00fcr\u00fct\u00fclen soru\u015fturmayla ilgili yeni kararlar\u0131n\u0131 a\u00e7\u0131klad\u0131. Ar\u0131kl\u0131, soru\u015fturman\u0131n selameti a\u00e7\u0131s\u0131ndan Limanlar Dairesi\u2019nin ge\u00e7ici olarak Bakanl\u0131\u011f\u0131\u2019ndan al\u0131narak Ba\u015fbakanl\u0131\u011fa ba\u011flanmas\u0131 i\u00e7in ba\u015fvuruda bulunaca\u011f\u0131n\u0131, ayr\u0131ca hukuki ve adli bir sorumlulu\u011funun bulunmas\u0131 h\u00e2linde yarg\u0131 s\u00fcrecinin \u00f6n\u00fcn\u00fcn a\u00e7\u0131lmas\u0131 amac\u0131yla dokunulmazl\u0131\u011f\u0131n\u0131n kald\u0131r\u0131lmas\u0131n\u0131 talep edece\u011fini bildirdi.<\/p>\n\n\n\n<p class=\"wp-block-paragraph\">Ar\u0131kl\u0131, sosyal medya hesab\u0131ndan yapt\u0131\u011f\u0131 payla\u015f\u0131mda, T\u00fcrkiye Ula\u015ft\u0131rma ve Altyap\u0131 Bakanl\u0131\u011f\u0131 taraf\u0131ndan g\u00f6revlendirilen Kaza K\u0131r\u0131m Ekibi\u2019nin soru\u015fturma ve inceleme amac\u0131yla KKTC\u2019ye geldi\u011fini belirtti.<\/p>\n\n\n\n<p class=\"wp-block-paragraph\"><strong>L\u0130MANLAR DA\u0130RES\u0130 \u0130\u00c7\u0130N BA\u015eBAKANLI\u011eA BA\u015eVURU<\/strong><\/p>\n\n\n\n<p class=\"wp-block-paragraph\">Soru\u015fturman\u0131n selameti a\u00e7\u0131s\u0131ndan soru\u015fturma tamamlan\u0131ncaya kadar Limanlar Dairesi\u2019nin Bay\u0131nd\u0131rl\u0131k ve Ula\u015ft\u0131rma Bakanl\u0131\u011f\u0131\u2019ndan al\u0131narak Ba\u015fbakanl\u0131\u011fa ba\u011flanmas\u0131 i\u00e7in yar\u0131n Ba\u015fbakanl\u0131\u011fa m\u00fcracaat edeceklerini a\u00e7\u0131klayan Ar\u0131kl\u0131, b\u00f6ylece soru\u015fturma s\u00fcrecinde herhangi bir teredd\u00fct ya\u015fanmas\u0131n\u0131n \u00f6n\u00fcne ge\u00e7ilmesini istedi.<\/p>\n\n\n\n<p class=\"wp-block-paragraph\"><strong>DOKUNULMAZLI\u011eININ KALDIRILMASINI \u0130STEYECEK<\/strong><\/p>\n\n\n\n<p class=\"wp-block-paragraph\">Ar\u0131kl\u0131 ayr\u0131ca, gemi kazas\u0131yla ilgili hukuki ve adli bir sorumlulu\u011funun bulunmas\u0131 h\u00e2linde adli makamlar\u0131n rahat hareket edebilmesi amac\u0131yla Cumhuriyet Meclisi\u2019ne ba\u015fvurarak dokunulmazl\u0131\u011f\u0131n\u0131n kald\u0131r\u0131lmas\u0131n\u0131 isteyece\u011fini a\u00e7\u0131klad\u0131.<\/p>\n\n\n\n<p class=\"wp-block-paragraph\">Ar\u0131kl\u0131, bu talebinin yap\u0131lacak ilk ola\u011fan\u00fcst\u00fc Meclis birle\u015fiminde g\u00f6r\u00fc\u015f\u00fclmesini de talep edece\u011fini belirtti.<\/p>\n\n\n\n<p class=\"wp-block-paragraph\"><strong>YDP PART\u0130 MECL\u0130S\u0130 TOPLANTISI ERTELEND\u0130<\/strong><\/p>\n\n\n\n<p class=\"wp-block-paragraph\">Ar\u0131kl\u0131, s\u00f6z konusu karar\u0131n\u0131n ard\u0131ndan yar\u0131n \u201cH\u00fck\u00fcmetten \u00e7ekilme\u201d g\u00fcndemiyle yap\u0131lmas\u0131 planlanan YDP Parti Meclisi toplant\u0131s\u0131n\u0131n da ileri bir tarihe ertelenece\u011fini duyurdu.<\/p>\n\n\n\n<p class=\"wp-block-paragraph\">Bakan Ar\u0131kl\u0131&#8217;n\u0131n payla\u015f\u0131m\u0131n\u0131n tamam\u0131 \u015fu \u015fekilde:<\/p>\n\n\n\n<p class=\"wp-block-paragraph\">&#8220;Bilindi\u011fi gibi T\u00fcrkiye Ula\u015ft\u0131rma ve Altyap\u0131 Bakanl\u0131\u011f\u0131n\u0131n g\u00f6revlendirdi\u011fi Kaza K\u0131r\u0131m Ekibi, soru\u015fturma ve inceleme amac\u0131 ile \u00fclkemize gelmi\u015f bulunmaktad\u0131r&#8230;<\/p>\n\n\n\n<p class=\"wp-block-paragraph\">Soru\u015fturman\u0131n selameti a\u00e7\u0131s\u0131ndan, soru\u015fturma bitinceye kadar Limanlar Dairemizin Bakanl\u0131\u011f\u0131m\u0131zdan al\u0131n\u0131p Ba\u015fbakanl\u0131\u011fa ba\u011flanmas\u0131 i\u00e7in yar\u0131n Ba\u015fbakanl\u0131\u011fa m\u00fcracaat edece\u011fiz.<\/p>\n\n\n\n<p class=\"wp-block-paragraph\">Ayr\u0131ca gemi kazas\u0131nda hukuki ve adli bir sorumlulu\u011fumuz varsa, adli makamlar\u0131n bu konuda rahat hareket edebilmesi ve gerekti\u011finde ifademin al\u0131n\u0131p yarg\u0131ya ta\u015f\u0131nabilmesi i\u00e7in, yar\u0131n Cumhuriyet Meclisine ba\u015fvurup dokunulmazl\u0131\u011f\u0131m\u0131n kald\u0131r\u0131lmas\u0131n\u0131 isteyece\u011fim. Bu talebimin de yap\u0131lacak olan ilk Ola\u011fan\u00fcst\u00fc Meclis Bile\u015fiminde g\u00f6r\u00fc\u015f\u00fclmesini talep edece\u011fim.<\/p>\n\n\n\n<p class=\"wp-block-paragraph\">Bu karar\u0131mdan sonra yar\u0131n &#8216;H\u00fckumetten \u00c7ekilme&#8217; g\u00fcndemi ile toplanacak Parti Meclisi toplant\u0131m\u0131z\u0131 da ileri bir tarihe erteliyoruz.<\/p>\n\n\n\n<p class=\"wp-block-paragraph\">Kamuoyuna sayg\u0131 ile duyurulur&#8230;&#8221;<\/p>\n\n\n\n<iframe loading=\"lazy\" src=\"https:\/\/www.facebook.com\/plugins\/post.php?href=https%3A%2F%2Fwww.facebook.com%2Fpermalink.php%3Fstory_fbid%3Dpfbid09w3nwEKLTRCHhit1wbmHFS26kLreAc9cMyFH7WdVd1811g6bd2ydxUMzad1dnmKil%26id%3D756528569&#038;show_text=true&#038;width=500\" width=\"500\" height=\"280\" style=\"border:none;overflow:hidden\" scrolling=\"no\" frameborder=\"0\" allowfullscreen=\"true\" allow=\"autoplay; clipboard-write; encrypted-media; picture-in-picture; web-share\"><\/iframe>","protected":false},"excerpt":{"rendered":"<p>Bay\u0131nd\u0131rl\u0131k ve Ula\u015ft\u0131rma Bakan\u0131, YDP Genel Ba\u015fkan\u0131 Erhan Ar\u0131kl\u0131, Filo Jet kazas\u0131yla ilgili soru\u015fturman\u0131n selameti i\u00e7in Limanlar Dairesi\u2019nin ge\u00e7ici olarak Ba\u015fbakanl\u0131\u011fa ba\u011flanmas\u0131n\u0131 ve hukuki-adli sorumlulu\u011fu bulunmas\u0131 h\u00e2linde dokunulmazl\u0131\u011f\u0131n\u0131n kald\u0131r\u0131lmas\u0131n\u0131 talep edece\u011fini a\u00e7\u0131klad\u0131. Ar\u0131kl\u0131 ayr\u0131ca, \u201cH\u00fck\u00fcmetten \u00e7ekilme\u201d g\u00fcndemiyle yap\u0131lmas\u0131 planlanan YDP Parti Meclisi toplant\u0131s\u0131n\u0131n ertelendi\u011fini duyurdu. Bay\u0131nd\u0131rl\u0131k ve Ula\u015ft\u0131rma Bakan\u0131, Yeniden Do\u011fu\u015f Partisi (YDP) Genel Ba\u015fkan\u0131\u00a0Erhan [&hellip;]<\/p>","protected":false},"author":1,"featured_media":5356,"comment_status":"open","ping_status":"open","sticky":false,"template":"","format":"standard","meta":{"om_disable_all_campaigns":false,"_monsterinsights_skip_tracking":false,"_monsterinsights_sitenote_active":false,"_monsterinsights_sitenote_note":"","_monsterinsights_sitenote_category":0,"_uf_show_specific_survey":0,"_uf_disable_surveys":false,"footnotes":"","jetpack_publicize_message":"","jetpack_publicize_feature_enabled":true,"jetpack_social_post_already_shared":true,"jetpack_social_options":{"image_generator_settings":{"template":"highway","default_image_id":0,"font":"","enabled":false},"version":2}},"categories":[81],"tags":[],"class_list":["post-41694","post","type-post","status-publish","format-standard","has-post-thumbnail","category-gundem"],"yoast_head":"<!-- This site is optimized with the Yoast SEO plugin v23.8 - https:\/\/yoast.com\/wordpress\/plugins\/seo\/ -->\n<title>Ar\u0131kl\u0131: Yar\u0131n Cumhuriyet Meclisi&#039;ne ba\u015fvurup dokunulmazl\u0131\u011f\u0131m\u0131n kald\u0131r\u0131lmas\u0131n\u0131 isteyece\u011fim - NETBAKIS<\/title>\n<meta name=\"robots\" content=\"index, follow, max-snippet:-1, max-image-preview:large, max-video-preview:-1\" \/>\n<link rel=\"canonical\" href=\"https:\/\/netbakis.net\/tr\/41694\/\" \/>\n<meta property=\"og:locale\" content=\"tr_TR\" \/>\n<meta property=\"og:type\" content=\"article\" \/>\n<meta property=\"og:title\" content=\"Ar\u0131kl\u0131: Yar\u0131n Cumhuriyet Meclisi&#039;ne ba\u015fvurup dokunulmazl\u0131\u011f\u0131m\u0131n kald\u0131r\u0131lmas\u0131n\u0131 isteyece\u011fim - NETBAKIS\" \/>\n<meta property=\"og:description\" content=\"Bay\u0131nd\u0131rl\u0131k ve Ula\u015ft\u0131rma Bakan\u0131, YDP Genel Ba\u015fkan\u0131 Erhan Ar\u0131kl\u0131, Filo Jet kazas\u0131yla ilgili soru\u015fturman\u0131n selameti i\u00e7in Limanlar Dairesi\u2019nin ge\u00e7ici olarak Ba\u015fbakanl\u0131\u011fa ba\u011flanmas\u0131n\u0131 ve hukuki-adli sorumlulu\u011fu bulunmas\u0131 h\u00e2linde dokunulmazl\u0131\u011f\u0131n\u0131n kald\u0131r\u0131lmas\u0131n\u0131 talep edece\u011fini a\u00e7\u0131klad\u0131. Ar\u0131kl\u0131 ayr\u0131ca, \u201cH\u00fck\u00fcmetten \u00e7ekilme\u201d g\u00fcndemiyle yap\u0131lmas\u0131 planlanan YDP Parti Meclisi toplant\u0131s\u0131n\u0131n ertelendi\u011fini duyurdu. Bay\u0131nd\u0131rl\u0131k ve Ula\u015ft\u0131rma Bakan\u0131, Yeniden Do\u011fu\u015f Partisi (YDP) Genel Ba\u015fkan\u0131\u00a0Erhan [&hellip;]\" \/>\n<meta property=\"og:url\" content=\"https:\/\/netbakis.net\/tr\/41694\/\" \/>\n<meta property=\"og:site_name\" content=\"NETBAKIS\" \/>\n<meta property=\"article:published_time\" content=\"2026-09-02T17:34:28+00:00\" \/>\n<meta property=\"article:modified_time\" content=\"2026-09-02T17:34:32+00:00\" \/>\n<meta property=\"og:image\" content=\"https:\/\/netbakis.net\/wp-content\/uploads\/2021\/05\/erhan_arikli_akaryakitta_100_milyon_ile_300_milyon_tl_arasinda_vurgun_oldugu_iddia_ediliyor_h103468_174d1.jpg\" \/>\n\t<meta property=\"og:image:width\" content=\"707\" \/>\n\t<meta property=\"og:image:height\" content=\"431\" \/>\n\t<meta property=\"og:image:type\" content=\"image\/jpeg\" \/>\n<meta name=\"author\" content=\"netbakis.net\" \/>\n<meta name=\"twitter:card\" content=\"summary_large_image\" \/>\n<meta name=\"twitter:label1\" content=\"Yazan:\" \/>\n\t<meta name=\"twitter:data1\" content=\"netbakis.net\" \/>\n\t<meta name=\"twitter:label2\" content=\"Tahmini okuma s\u00fcresi\" \/>\n\t<meta name=\"twitter:data2\" content=\"2 dakika\" \/>\n<script type=\"application\/ld+json\" class=\"yoast-schema-graph\">{\"@context\":\"https:\/\/schema.org\",\"@graph\":[{\"@type\":\"WebPage\",\"@id\":\"https:\/\/netbakis.net\/41694\/\",\"url\":\"https:\/\/netbakis.net\/41694\/\",\"name\":\"Ar\u0131kl\u0131: Yar\u0131n Cumhuriyet Meclisi'ne ba\u015fvurup dokunulmazl\u0131\u011f\u0131m\u0131n kald\u0131r\u0131lmas\u0131n\u0131 isteyece\u011fim - NETBAKIS\",\"isPartOf\":{\"@id\":\"https:\/\/netbakis.net\/#website\"},\"primaryImageOfPage\":{\"@id\":\"https:\/\/netbakis.net\/41694\/#primaryimage\"},\"image\":{\"@id\":\"https:\/\/netbakis.net\/41694\/#primaryimage\"},\"thumbnailUrl\":\"https:\/\/netbakis.net\/wp-content\/uploads\/2021\/05\/erhan_arikli_akaryakitta_100_milyon_ile_300_milyon_tl_arasinda_vurgun_oldugu_iddia_ediliyor_h103468_174d1.jpg\",\"datePublished\":\"2026-09-02T17:34:28+00:00\",\"dateModified\":\"2026-09-02T17:34:32+00:00\",\"author\":{\"@id\":\"https:\/\/netbakis.net\/#\/schema\/person\/5d9b5c3f48ca4a3c69967d619fc8c7f4\"},\"breadcrumb\":{\"@id\":\"https:\/\/netbakis.net\/41694\/#breadcrumb\"},\"inLanguage\":\"tr\",\"potentialAction\":[{\"@type\":\"ReadAction\",\"target\":[\"https:\/\/netbakis.net\/41694\/\"]}]},{\"@type\":\"ImageObject\",\"inLanguage\":\"tr\",\"@id\":\"https:\/\/netbakis.net\/41694\/#primaryimage\",\"url\":\"https:\/\/netbakis.net\/wp-content\/uploads\/2021\/05\/erhan_arikli_akaryakitta_100_milyon_ile_300_milyon_tl_arasinda_vurgun_oldugu_iddia_ediliyor_h103468_174d1.jpg\",\"contentUrl\":\"https:\/\/netbakis.net\/wp-content\/uploads\/2021\/05\/erhan_arikli_akaryakitta_100_milyon_ile_300_milyon_tl_arasinda_vurgun_oldugu_iddia_ediliyor_h103468_174d1.jpg\",\"width\":707,\"height\":431,\"caption\":\"Erhan Ar\u0131kl\u0131\"},{\"@type\":\"BreadcrumbList\",\"@id\":\"https:\/\/netbakis.net\/41694\/#breadcrumb\",\"itemListElement\":[{\"@type\":\"ListItem\",\"position\":1,\"name\":\"Home\",\"item\":\"https:\/\/netbakis.net\/\"},{\"@type\":\"ListItem\",\"position\":2,\"name\":\"Ar\u0131kl\u0131: Yar\u0131n Cumhuriyet Meclisi&#8217;ne ba\u015fvurup dokunulmazl\u0131\u011f\u0131m\u0131n kald\u0131r\u0131lmas\u0131n\u0131 isteyece\u011fim\"}]},{\"@type\":\"WebSite\",\"@id\":\"https:\/\/netbakis.net\/#website\",\"url\":\"https:\/\/netbakis.net\/\",\"name\":\"NETBAKIS\",\"description\":\"SON DAKIKA\",\"potentialAction\":[{\"@type\":\"SearchAction\",\"target\":{\"@type\":\"EntryPoint\",\"urlTemplate\":\"https:\/\/netbakis.net\/?s={search_term_string}\"},\"query-input\":{\"@type\":\"PropertyValueSpecification\",\"valueRequired\":true,\"valueName\":\"search_term_string\"}}],\"inLanguage\":\"tr\"},{\"@type\":\"Person\",\"@id\":\"https:\/\/netbakis.net\/#\/schema\/person\/5d9b5c3f48ca4a3c69967d619fc8c7f4\",\"name\":\"netbakis.net\",\"image\":{\"@type\":\"ImageObject\",\"inLanguage\":\"tr\",\"@id\":\"https:\/\/netbakis.net\/#\/schema\/person\/image\/\",\"url\":\"https:\/\/secure.gravatar.com\/avatar\/4ddeae49d2d3e3568a8d5b0937642efdf0b72468dbe3f213bc1978faa47af0d1?s=96&d=wp_user_avatar&r=g\",\"contentUrl\":\"https:\/\/secure.gravatar.com\/avatar\/4ddeae49d2d3e3568a8d5b0937642efdf0b72468dbe3f213bc1978faa47af0d1?s=96&d=wp_user_avatar&r=g\",\"caption\":\"netbakis.net\"},\"sameAs\":[\"https:\/\/netbakis.net\"],\"url\":\"https:\/\/netbakis.net\/tr\/author\/netbakis-net\/\"}]}<\/script>\n<!-- \/ Yoast SEO plugin. -->","yoast_head_json":{"title":"Ar\u0131kl\u0131: Yar\u0131n Cumhuriyet Meclisi'ne ba\u015fvurup dokunulmazl\u0131\u011f\u0131m\u0131n kald\u0131r\u0131lmas\u0131n\u0131 isteyece\u011fim - NETBAKIS","robots":{"index":"index","follow":"follow","max-snippet":"max-snippet:-1","max-image-preview":"max-image-preview:large","max-video-preview":"max-video-preview:-1"},"canonical":"https:\/\/netbakis.net\/tr\/41694\/","og_locale":"tr_TR","og_type":"article","og_title":"Ar\u0131kl\u0131: Yar\u0131n Cumhuriyet Meclisi'ne ba\u015fvurup dokunulmazl\u0131\u011f\u0131m\u0131n kald\u0131r\u0131lmas\u0131n\u0131 isteyece\u011fim - NETBAKIS","og_description":"Bay\u0131nd\u0131rl\u0131k ve Ula\u015ft\u0131rma Bakan\u0131, YDP Genel Ba\u015fkan\u0131 Erhan Ar\u0131kl\u0131, Filo Jet kazas\u0131yla ilgili soru\u015fturman\u0131n selameti i\u00e7in Limanlar Dairesi\u2019nin ge\u00e7ici olarak Ba\u015fbakanl\u0131\u011fa ba\u011flanmas\u0131n\u0131 ve hukuki-adli sorumlulu\u011fu bulunmas\u0131 h\u00e2linde dokunulmazl\u0131\u011f\u0131n\u0131n kald\u0131r\u0131lmas\u0131n\u0131 talep edece\u011fini a\u00e7\u0131klad\u0131. Ar\u0131kl\u0131 ayr\u0131ca, \u201cH\u00fck\u00fcmetten \u00e7ekilme\u201d g\u00fcndemiyle yap\u0131lmas\u0131 planlanan YDP Parti Meclisi toplant\u0131s\u0131n\u0131n ertelendi\u011fini duyurdu. Bay\u0131nd\u0131rl\u0131k ve Ula\u015ft\u0131rma Bakan\u0131, Yeniden Do\u011fu\u015f Partisi (YDP) Genel Ba\u015fkan\u0131\u00a0Erhan [&hellip;]","og_url":"https:\/\/netbakis.net\/tr\/41694\/","og_site_name":"NETBAKIS","article_published_time":"2026-09-02T17:34:28+00:00","article_modified_time":"2026-09-02T17:34:32+00:00","og_image":[{"width":707,"height":431,"url":"https:\/\/netbakis.net\/wp-content\/uploads\/2021\/05\/erhan_arikli_akaryakitta_100_milyon_ile_300_milyon_tl_arasinda_vurgun_oldugu_iddia_ediliyor_h103468_174d1.jpg","type":"image\/jpeg"}],"author":"netbakis.net","twitter_card":"summary_large_image","twitter_misc":{"Yazan:":"netbakis.net","Tahmini okuma s\u00fcresi":"2 dakika"},"schema":{"@context":"https:\/\/schema.org","@graph":[{"@type":"WebPage","@id":"https:\/\/netbakis.net\/41694\/","url":"https:\/\/netbakis.net\/41694\/","name":"Ar\u0131kl\u0131: Yar\u0131n Cumhuriyet Meclisi'ne ba\u015fvurup dokunulmazl\u0131\u011f\u0131m\u0131n kald\u0131r\u0131lmas\u0131n\u0131 isteyece\u011fim - NETBAKIS","isPartOf":{"@id":"https:\/\/netbakis.net\/#website"},"primaryImageOfPage":{"@id":"https:\/\/netbakis.net\/41694\/#primaryimage"},"image":{"@id":"https:\/\/netbakis.net\/41694\/#primaryimage"},"thumbnailUrl":"https:\/\/netbakis.net\/wp-content\/uploads\/2021\/05\/erhan_arikli_akaryakitta_100_milyon_ile_300_milyon_tl_arasinda_vurgun_oldugu_iddia_ediliyor_h103468_174d1.jpg","datePublished":"2026-09-02T17:34:28+00:00","dateModified":"2026-09-02T17:34:32+00:00","author":{"@id":"https:\/\/netbakis.net\/#\/schema\/person\/5d9b5c3f48ca4a3c69967d619fc8c7f4"},"breadcrumb":{"@id":"https:\/\/netbakis.net\/41694\/#breadcrumb"},"inLanguage":"tr","potentialAction":[{"@type":"ReadAction","target":["https:\/\/netbakis.net\/41694\/"]}]},{"@type":"ImageObject","inLanguage":"tr","@id":"https:\/\/netbakis.net\/41694\/#primaryimage","url":"https:\/\/netbakis.net\/wp-content\/uploads\/2021\/05\/erhan_arikli_akaryakitta_100_milyon_ile_300_milyon_tl_arasinda_vurgun_oldugu_iddia_ediliyor_h103468_174d1.jpg","contentUrl":"https:\/\/netbakis.net\/wp-content\/uploads\/2021\/05\/erhan_arikli_akaryakitta_100_milyon_ile_300_milyon_tl_arasinda_vurgun_oldugu_iddia_ediliyor_h103468_174d1.jpg","width":707,"height":431,"caption":"Erhan Ar\u0131kl\u0131"},{"@type":"BreadcrumbList","@id":"https:\/\/netbakis.net\/41694\/#breadcrumb","itemListElement":[{"@type":"ListItem","position":1,"name":"Home","item":"https:\/\/netbakis.net\/"},{"@type":"ListItem","position":2,"name":"Ar\u0131kl\u0131: Yar\u0131n Cumhuriyet Meclisi&#8217;ne ba\u015fvurup dokunulmazl\u0131\u011f\u0131m\u0131n kald\u0131r\u0131lmas\u0131n\u0131 isteyece\u011fim"}]},{"@type":"WebSite","@id":"https:\/\/netbakis.net\/#website","url":"https:\/\/netbakis.net\/","name":"NETBAKIS","description":"SON DAKIKA","potentialAction":[{"@type":"SearchAction","target":{"@type":"EntryPoint","urlTemplate":"https:\/\/netbakis.net\/?s={search_term_string}"},"query-input":{"@type":"PropertyValueSpecification","valueRequired":true,"valueName":"search_term_string"}}],"inLanguage":"tr"},{"@type":"Person","@id":"https:\/\/netbakis.net\/#\/schema\/person\/5d9b5c3f48ca4a3c69967d619fc8c7f4","name":"netbakis.net","image":{"@type":"ImageObject","inLanguage":"tr","@id":"https:\/\/netbakis.net\/#\/schema\/person\/image\/","url":"https:\/\/secure.gravatar.com\/avatar\/4ddeae49d2d3e3568a8d5b0937642efdf0b72468dbe3f213bc1978faa47af0d1?s=96&d=wp_user_avatar&r=g","contentUrl":"https:\/\/secure.gravatar.com\/avatar\/4ddeae49d2d3e3568a8d5b0937642efdf0b72468dbe3f213bc1978faa47af0d1?s=96&d=wp_user_avatar&r=g","caption":"netbakis.net"},"sameAs":["https:\/\/netbakis.net"],"url":"https:\/\/netbakis.net\/tr\/author\/netbakis-net\/"}]}},"jetpack_publicize_connections":[],"_links":{"self":[{"href":"https:\/\/netbakis.net\/tr\/wp-json\/wp\/v2\/posts\/41694","targetHints":{"allow":["GET"]}}],"collection":[{"href":"https:\/\/netbakis.net\/tr\/wp-json\/wp\/v2\/posts"}],"about":[{"href":"https:\/\/netbakis.net\/tr\/wp-json\/wp\/v2\/types\/post"}],"author":[{"embeddable":true,"href":"https:\/\/netbakis.net\/tr\/wp-json\/wp\/v2\/users\/1"}],"replies":[{"embeddable":true,"href":"https:\/\/netbakis.net\/tr\/wp-json\/wp\/v2\/comments?post=41694"}],"version-history":[{"count":1,"href":"https:\/\/netbakis.net\/tr\/wp-json\/wp\/v2\/posts\/41694\/revisions"}],"predecessor-version":[{"id":41695,"href":"https:\/\/netbakis.net\/tr\/wp-json\/wp\/v2\/posts\/41694\/revisions\/41695"}],"wp:featuredmedia":[{"embeddable":true,"href":"https:\/\/netbakis.net\/tr\/wp-json\/wp\/v2\/media\/5356"}],"wp:attachment":[{"href":"https:\/\/netbakis.net\/tr\/wp-json\/wp\/v2\/media?parent=41694"}],"wp:term":[{"taxonomy":"category","embeddable":true,"href":"https:\/\/netbakis.net\/tr\/wp-json\/wp\/v2\/categories?post=41694"},{"taxonomy":"post_tag","embeddable":true,"href":"https:\/\/netbakis.net\/tr\/wp-json\/wp\/v2\/tags?post=41694"}],"curies":[{"name":"wp","href":"https:\/\/api.w.org\/{rel}","templated":true}]}}