{"id":41691,"date":"2026-09-02T17:32:22","date_gmt":"2026-09-02T17:32:22","guid":{"rendered":"https:\/\/netbakis.net\/?p=41691"},"modified":"2026-09-02T17:32:25","modified_gmt":"2026-09-02T17:32:25","slug":"cumhurbaskani-erhurman-insanlara-sarilip-basimiz-sag-olsun-demekten-utanmam","status":"publish","type":"post","link":"https:\/\/netbakis.net\/tr\/41691\/","title":{"rendered":"Cumhurba\u015fkan\u0131 Erh\u00fcrman: \u0130nsanlara sar\u0131l\u0131p &#8216;ba\u015f\u0131m\u0131z sa\u011f olsun&#8217; demekten utanmam"},"content":{"rendered":"<p class=\"wp-block-paragraph\">Cumhurba\u015fkan\u0131 Tufan Erh\u00fcrman, Filo Jet kazas\u0131n\u0131n ard\u0131ndan Bay\u0131nd\u0131rl\u0131k ve Ula\u015ft\u0131rma Bakan\u0131 Erhan Ar\u0131kl\u0131\u2019ya sar\u0131ld\u0131\u011f\u0131 foto\u011fraf\u0131n ele\u015ftirilmesi ve g\u00fcndeme getirilmesi \u00fczerine a\u00e7\u0131klama yapt\u0131. Erh\u00fcrman, foto\u011fraf\u0131n kazan\u0131n ilk g\u00fcn\u00fc \u00e7ekildi\u011fini belirterek, \u201cHer t\u00fcrl\u00fc sorumlulu\u011fun kar\u015f\u0131l\u0131\u011f\u0131n\u0131 bulmas\u0131\u201d i\u00e7in olayla ilgili bilgi ve verilerin s\u0131ca\u011f\u0131 s\u0131ca\u011f\u0131na toparland\u0131\u011f\u0131n\u0131 s\u00f6yledi.<br><br>Cumhurba\u015fkan\u0131 Tufan Erh\u00fcrman, Filo Jet kazas\u0131n\u0131n ard\u0131ndan sosyal medyada payla\u015f\u0131lan ve kendisinin Bay\u0131nd\u0131rl\u0131k ve Ula\u015ft\u0131rma Bakan\u0131 Erhan Ar\u0131kl\u0131\u2019ya sar\u0131ld\u0131\u011f\u0131 foto\u011frafla ilgili ortaya at\u0131lan \u201cyapay zeka \u00fcr\u00fcn\u00fc\u201d iddialar\u0131na tepki g\u00f6sterdi. Erh\u00fcrman, kazan\u0131n ilk g\u00fcn\u00fcnde hayat\u0131n\u0131 kaybedenlerin oldu\u011fu bilgisinin ula\u015fmas\u0131n\u0131n ard\u0131ndan kar\u015f\u0131la\u015ft\u0131\u011f\u0131 insanlara sar\u0131larak \u201cba\u015f\u0131m\u0131z sa\u011f olsun\u201d dedi\u011fini belirterek, foto\u011fraf\u0131n da o s\u0131rada \u00e7ekildi\u011fini a\u00e7\u0131klad\u0131.<\/p>\n\n\n\n<p class=\"wp-block-paragraph\">Erh\u00fcrman, sosyal medya hesab\u0131ndan yapt\u0131\u011f\u0131 payla\u015f\u0131mda, ya\u015fanan ac\u0131lar ve kazayla ilgili ara\u015ft\u0131r\u0131lmas\u0131 gereken konular nedeniyle bu t\u00fcr tart\u0131\u015fmalarla ilgilenmedi\u011fini ancak konunun \u201cyalanc\u0131l\u0131k\u201d imas\u0131na kadar g\u00f6t\u00fcr\u00fclmesi \u00fczerine a\u00e7\u0131klama yapmak zorunda kald\u0131\u011f\u0131n\u0131 belirtti.<\/p>\n\n\n\n<p class=\"wp-block-paragraph\">\u201c\u0130LK G\u00dcN KAR\u015eILA\u015eTI\u011eIM \u0130NSANLARA SARILIP BA\u015eIMIZ SA\u011e OLSUN DED\u0130M\u201d<\/p>\n\n\n\n<p class=\"wp-block-paragraph\">Kazan\u0131n meydana geldi\u011fi ilk g\u00fcn, kazan\u0131n olu\u015f bi\u00e7imi ve ko\u015fullar\u0131na ili\u015fkin hen\u00fcz herhangi bir bilgiye ula\u015fmad\u0131\u011f\u0131n\u0131 ifade eden Erh\u00fcrman, hayat\u0131n\u0131 kaybedenlerin bulundu\u011fu bilgisinin gelmesinin ard\u0131ndan, h\u00fck\u00fcmet mensuplar\u0131 da dahil olmak \u00fczere kaza sonras\u0131nda ilk kez kar\u015f\u0131la\u015ft\u0131\u011f\u0131 insanlara sar\u0131larak \u201cba\u015f\u0131m\u0131z sa\u011f olsun\u201d dedi\u011fini kaydetti.<\/p>\n\n\n\n<p class=\"wp-block-paragraph\">Erh\u00fcrman, sosyal medyada dola\u015f\u0131ma sokulan foto\u011fraf\u0131n da bu s\u0131rada \u00e7ekildi\u011fini ve birka\u00e7 g\u00fcn sonra servis edildi\u011fini belirtti.<\/p>\n\n\n\n<p class=\"wp-block-paragraph\">\u201cFOTO\u011eRAFIN YAPAY ZEKA OLDU\u011eUNU \u0130DD\u0130A ETMED\u0130M\u201d<\/p>\n\n\n\n<p class=\"wp-block-paragraph\">Foto\u011fraf\u0131n kendisi taraf\u0131ndan \u00f6nemsenmedi\u011fini ifade eden Erh\u00fcrman, ancak baz\u0131 ki\u015filerin foto\u011fraf\u0131n \u201cyapay zeka \u00fcr\u00fcn\u00fc\u201d oldu\u011funu ileri s\u00fcrd\u00fc\u011f\u00fcn\u00fc, daha sonra ise \u201cyapay zeka de\u011filmi\u015f\u201d \u015feklinde payla\u015f\u0131mlar yap\u0131ld\u0131\u011f\u0131n\u0131 belirtti.<\/p>\n\n\n\n<p class=\"wp-block-paragraph\">Erh\u00fcrman, kendisini tan\u0131yan herkesin, insanlara sar\u0131l\u0131p \u201cba\u015f\u0131m\u0131z sa\u011f olsun\u201d demekten utanmayaca\u011f\u0131n\u0131 ve \u00e7ekilmi\u015f bir foto\u011fraf\u0131n yapay zeka \u00fcr\u00fcn\u00fc oldu\u011funu iddia edecek \u015fekilde yalana ba\u015fvurmayaca\u011f\u0131n\u0131 bildi\u011fini ifade etti.<\/p>\n\n\n\n<p class=\"wp-block-paragraph\">\u201cK\u0130M\u0130N NE YAPTI\u011eI BEYN\u0130MDE VE Y\u00dcRE\u011e\u0130MDE KAZILI\u201d<\/p>\n\n\n\n<p class=\"wp-block-paragraph\">Bu d\u00f6nemde manip\u00fclasyonlar da dahil olmak \u00fczere \u00e7ok \u015fey ya\u015fand\u0131\u011f\u0131n\u0131 belirten Erh\u00fcrman, kazayla ilgili ya\u015fanan ac\u0131 ve \u00e7aban\u0131n yan\u0131 s\u0131ra \u201ckimin ne yapt\u0131\u011f\u0131, ne yapmad\u0131\u011f\u0131, ne yapt\u0131rd\u0131\u011f\u0131\u201d ile t\u00fcm sorumluluklar\u0131n haf\u0131zas\u0131nda oldu\u011funu s\u00f6yledi.<\/p>\n\n\n\n<p class=\"wp-block-paragraph\">Erh\u00fcrman, \u015fu anda b\u00fct\u00fcn konsantrasyonunun \u201ctarifsiz bir ac\u0131 i\u00e7indeki insanlarda\u201d oldu\u011funu belirterek, olayla ilgili bilgi ve verilerin s\u0131ca\u011f\u0131 s\u0131ca\u011f\u0131na toplanmas\u0131na da \u00f6nem verdi\u011fini kaydetti.<\/p>\n\n\n\n<p class=\"wp-block-paragraph\">\u201cHER T\u00dcRL\u00dc SORUMLULU\u011eUN KAR\u015eILI\u011eINI BULMASI SA\u011eLANMALI\u201d<\/p>\n\n\n\n<p class=\"wp-block-paragraph\">Erh\u00fcrman, olayla ilgili bilgi ve verilerin ileride herhangi bir \u015fekilde karart\u0131lmamas\u0131 ve her t\u00fcrl\u00fc sorumlulu\u011fun kar\u015f\u0131l\u0131\u011f\u0131n\u0131 bulmas\u0131n\u0131n sa\u011flanmas\u0131 amac\u0131yla \u00e7al\u0131\u015fmalar\u0131n s\u00fcrd\u00fcr\u00fclmesi gerekti\u011fini ifade etti.<\/p>\n\n\n\n<p class=\"wp-block-paragraph\">A\u00e7\u0131klamas\u0131n\u0131, konunun \u201cyalana\u201d vard\u0131r\u0131lmas\u0131 nedeniyle bu kadar ac\u0131n\u0131n i\u00e7inde a\u00e7\u0131klama yapmak zorunda kalmaktan hicap duydu\u011funu belirterek tamamlad\u0131.<\/p>\n\n\n\n<p class=\"wp-block-paragraph\">Cumhurba\u015fkan\u0131 Erh\u00fcrman&#8217;\u0131n a\u00e7\u0131klamas\u0131n\u0131n tamam\u0131 \u015fu \u015fekilde:<\/p>\n\n\n\n<p class=\"wp-block-paragraph\">&#8220;Bunca ac\u0131, bunca \u00e7aba, s\u0131ca\u011f\u0131 s\u0131ca\u011f\u0131na ara\u015ft\u0131r\u0131lmas\u0131, soru\u015fturulmas\u0131 gereken bunca \u015fey varken b\u00f6yle konularla u\u011fra\u015fmam. Ama i\u015f &#8216;yalanc\u0131l\u0131k&#8217; imas\u0131na kadar vard\u0131r\u0131l\u0131nca, b\u00f6yle bir ortamda yazmak zorunda kalmaktan hicap duyarak yazaca\u011f\u0131m.<\/p>\n\n\n\n<p class=\"wp-block-paragraph\">Kazan\u0131n oldu\u011fu ilk g\u00fcn, kazan\u0131n olu\u015f bi\u00e7imine ve ko\u015fullar\u0131na dair herhangi bir bilgiye hen\u00fcz ula\u015fmam\u0131\u015fken, vefat eden insanlar\u0131m\u0131z\u0131n da oldu\u011fu bilgisi gelince, h\u00fckumet mensuplar\u0131 da dahil kaza sonras\u0131 ilk defa kar\u015f\u0131la\u015ft\u0131\u011f\u0131m t\u00fcm insanlara sar\u0131l\u0131p ba\u015f\u0131m\u0131z sa\u011f olsun dedim.<\/p>\n\n\n\n<p class=\"wp-block-paragraph\">Sosyal medyada dola\u015ft\u0131r\u0131lan foto\u011fraf da orada \u00e7ekilmi\u015f. Birka\u00e7 g\u00fcn sonra servis edilmi\u015f. Umursamad\u0131m. Ama anla\u015f\u0131lan birileri bu &#8216;yapay zeka \u00fcr\u00fcn\u00fc&#8217; demi\u015f. \u015eimdi de &#8216;yapay zeka de\u011filmi\u015f&#8217; payla\u015f\u0131mlar\u0131 yap\u0131l\u0131yor.<\/p>\n\n\n\n<p class=\"wp-block-paragraph\">Beni tan\u0131yan herkes bilir ki, ne insanlara sar\u0131l\u0131p &#8216;ba\u015f\u0131m\u0131z sa\u011f olsun&#8217; demekten utan\u0131r\u0131m, ne de \u00e7ekilen bir foto\u011fraf\u0131n yapay zeka oldu\u011funu iddia edecek, ettirecek \u015fekilde yalana ba\u015fvuracak kadar a\u015fa\u011f\u0131l\u0131k bir duruma d\u00fc\u015ferim.<\/p>\n\n\n\n<p class=\"wp-block-paragraph\">Bu d\u00f6nemde manip\u00fclasyonlar dahil \u00e7ok \u015fey ya\u015fad\u0131k. Ac\u0131 da, \u00e7aba da, kimin ne yapt\u0131\u011f\u0131, ne yapmad\u0131\u011f\u0131, ne yapt\u0131rd\u0131\u011f\u0131 da, b\u00fct\u00fcn sorumluluklar da beynimde ve y\u00fcre\u011fimde kaz\u0131l\u0131.<\/p>\n\n\n\n<p class=\"wp-block-paragraph\">\u015eu anda b\u00fct\u00fcn konsantrasyonum tarifsiz bir ac\u0131 i\u00e7indeki insanlar\u0131m\u0131zda. Bir de, ileride herhangi bir \u015fekilde karart\u0131lmamas\u0131 ve her t\u00fcrl\u00fc sorumlulu\u011fun kar\u015f\u0131l\u0131\u011f\u0131n\u0131 bulmas\u0131n\u0131n sa\u011flanmas\u0131 i\u00e7in olayla ilgili bilgi ve verilerin s\u0131ca\u011f\u0131 s\u0131ca\u011f\u0131na toparlanmas\u0131nda.<\/p>\n\n\n\n<p class=\"wp-block-paragraph\">\u0130\u015f yalana vard\u0131r\u0131l\u0131nca bu kadar ac\u0131n\u0131n i\u00e7inde b\u00f6yle bir a\u00e7\u0131klama yapmak zorunda kalmaktan hicap duydu\u011fumu bir kez daha s\u00f6yleyerek bitirmek isterim&#8221;<\/p>\n\n\n\n<iframe loading=\"lazy\" src=\"https:\/\/www.facebook.com\/plugins\/post.php?href=https%3A%2F%2Fwww.facebook.com%2Ftufan.erhurman%2Fposts%2Fpfbid026BcPjjNzUtxfrmk37Y5Zm9vighCA9cmu2ruUhrbMmB5ewYoR8yq8579VY4n6TMdrl&#038;show_text=true&#038;width=500\" width=\"500\" height=\"293\" style=\"border:none;overflow:hidden\" scrolling=\"no\" frameborder=\"0\" allowfullscreen=\"true\" allow=\"autoplay; clipboard-write; encrypted-media; picture-in-picture; web-share\"><\/iframe>","protected":false},"excerpt":{"rendered":"<p>Cumhurba\u015fkan\u0131 Tufan Erh\u00fcrman, Filo Jet kazas\u0131n\u0131n ard\u0131ndan Bay\u0131nd\u0131rl\u0131k ve Ula\u015ft\u0131rma Bakan\u0131 Erhan Ar\u0131kl\u0131\u2019ya sar\u0131ld\u0131\u011f\u0131 foto\u011fraf\u0131n ele\u015ftirilmesi ve g\u00fcndeme getirilmesi \u00fczerine a\u00e7\u0131klama yapt\u0131. Erh\u00fcrman, foto\u011fraf\u0131n kazan\u0131n ilk g\u00fcn\u00fc \u00e7ekildi\u011fini belirterek, \u201cHer t\u00fcrl\u00fc sorumlulu\u011fun kar\u015f\u0131l\u0131\u011f\u0131n\u0131 bulmas\u0131\u201d i\u00e7in olayla ilgili bilgi ve verilerin s\u0131ca\u011f\u0131 s\u0131ca\u011f\u0131na toparland\u0131\u011f\u0131n\u0131 s\u00f6yledi. Cumhurba\u015fkan\u0131 Tufan Erh\u00fcrman, Filo Jet kazas\u0131n\u0131n ard\u0131ndan sosyal medyada payla\u015f\u0131lan ve [&hellip;]<\/p>","protected":false},"author":1,"featured_media":41692,"comment_status":"open","ping_status":"open","sticky":false,"template":"","format":"standard","meta":{"om_disable_all_campaigns":false,"_monsterinsights_skip_tracking":false,"_monsterinsights_sitenote_active":false,"_monsterinsights_sitenote_note":"","_monsterinsights_sitenote_category":0,"_uf_show_specific_survey":0,"_uf_disable_surveys":false,"footnotes":"","jetpack_publicize_message":"","jetpack_publicize_feature_enabled":true,"jetpack_social_post_already_shared":true,"jetpack_social_options":{"image_generator_settings":{"template":"highway","default_image_id":0,"font":"","enabled":false},"version":2}},"categories":[81],"tags":[],"class_list":["post-41691","post","type-post","status-publish","format-standard","has-post-thumbnail","category-gundem"],"yoast_head":"<!-- This site is optimized with the Yoast SEO plugin v23.8 - https:\/\/yoast.com\/wordpress\/plugins\/seo\/ -->\n<title>Cumhurba\u015fkan\u0131 Erh\u00fcrman: \u0130nsanlara sar\u0131l\u0131p &#039;ba\u015f\u0131m\u0131z sa\u011f olsun&#039; demekten utanmam - NETBAKIS<\/title>\n<meta name=\"robots\" content=\"index, follow, max-snippet:-1, max-image-preview:large, max-video-preview:-1\" \/>\n<link rel=\"canonical\" href=\"https:\/\/netbakis.net\/tr\/41691\/\" \/>\n<meta property=\"og:locale\" content=\"tr_TR\" \/>\n<meta property=\"og:type\" content=\"article\" \/>\n<meta property=\"og:title\" content=\"Cumhurba\u015fkan\u0131 Erh\u00fcrman: \u0130nsanlara sar\u0131l\u0131p &#039;ba\u015f\u0131m\u0131z sa\u011f olsun&#039; demekten utanmam - NETBAKIS\" \/>\n<meta property=\"og:description\" content=\"Cumhurba\u015fkan\u0131 Tufan Erh\u00fcrman, Filo Jet kazas\u0131n\u0131n ard\u0131ndan Bay\u0131nd\u0131rl\u0131k ve Ula\u015ft\u0131rma Bakan\u0131 Erhan Ar\u0131kl\u0131\u2019ya sar\u0131ld\u0131\u011f\u0131 foto\u011fraf\u0131n ele\u015ftirilmesi ve g\u00fcndeme getirilmesi \u00fczerine a\u00e7\u0131klama yapt\u0131. Erh\u00fcrman, foto\u011fraf\u0131n kazan\u0131n ilk g\u00fcn\u00fc \u00e7ekildi\u011fini belirterek, \u201cHer t\u00fcrl\u00fc sorumlulu\u011fun kar\u015f\u0131l\u0131\u011f\u0131n\u0131 bulmas\u0131\u201d i\u00e7in olayla ilgili bilgi ve verilerin s\u0131ca\u011f\u0131 s\u0131ca\u011f\u0131na toparland\u0131\u011f\u0131n\u0131 s\u00f6yledi. Cumhurba\u015fkan\u0131 Tufan Erh\u00fcrman, Filo Jet kazas\u0131n\u0131n ard\u0131ndan sosyal medyada payla\u015f\u0131lan ve [&hellip;]\" \/>\n<meta property=\"og:url\" content=\"https:\/\/netbakis.net\/tr\/41691\/\" \/>\n<meta property=\"og:site_name\" content=\"NETBAKIS\" \/>\n<meta property=\"article:published_time\" content=\"2026-09-02T17:32:22+00:00\" \/>\n<meta property=\"article:modified_time\" content=\"2026-09-02T17:32:25+00:00\" \/>\n<meta property=\"og:image\" content=\"https:\/\/netbakis.net\/wp-content\/uploads\/2026\/09\/v2yeniproje30_1788295882.webp\" \/>\n\t<meta property=\"og:image:width\" content=\"971\" \/>\n\t<meta property=\"og:image:height\" content=\"551\" \/>\n\t<meta property=\"og:image:type\" content=\"image\/webp\" \/>\n<meta name=\"author\" content=\"netbakis.net\" \/>\n<meta name=\"twitter:card\" content=\"summary_large_image\" \/>\n<meta name=\"twitter:label1\" content=\"Yazan:\" \/>\n\t<meta name=\"twitter:data1\" content=\"netbakis.net\" \/>\n\t<meta name=\"twitter:label2\" content=\"Tahmini okuma s\u00fcresi\" \/>\n\t<meta name=\"twitter:data2\" content=\"3 dakika\" \/>\n<script type=\"application\/ld+json\" class=\"yoast-schema-graph\">{\"@context\":\"https:\/\/schema.org\",\"@graph\":[{\"@type\":\"WebPage\",\"@id\":\"https:\/\/netbakis.net\/41691\/\",\"url\":\"https:\/\/netbakis.net\/41691\/\",\"name\":\"Cumhurba\u015fkan\u0131 Erh\u00fcrman: \u0130nsanlara sar\u0131l\u0131p 'ba\u015f\u0131m\u0131z sa\u011f olsun' demekten utanmam - NETBAKIS\",\"isPartOf\":{\"@id\":\"https:\/\/netbakis.net\/#website\"},\"primaryImageOfPage\":{\"@id\":\"https:\/\/netbakis.net\/41691\/#primaryimage\"},\"image\":{\"@id\":\"https:\/\/netbakis.net\/41691\/#primaryimage\"},\"thumbnailUrl\":\"https:\/\/netbakis.net\/wp-content\/uploads\/2026\/09\/v2yeniproje30_1788295882.webp\",\"datePublished\":\"2026-09-02T17:32:22+00:00\",\"dateModified\":\"2026-09-02T17:32:25+00:00\",\"author\":{\"@id\":\"https:\/\/netbakis.net\/#\/schema\/person\/5d9b5c3f48ca4a3c69967d619fc8c7f4\"},\"breadcrumb\":{\"@id\":\"https:\/\/netbakis.net\/41691\/#breadcrumb\"},\"inLanguage\":\"tr\",\"potentialAction\":[{\"@type\":\"ReadAction\",\"target\":[\"https:\/\/netbakis.net\/41691\/\"]}]},{\"@type\":\"ImageObject\",\"inLanguage\":\"tr\",\"@id\":\"https:\/\/netbakis.net\/41691\/#primaryimage\",\"url\":\"https:\/\/netbakis.net\/wp-content\/uploads\/2026\/09\/v2yeniproje30_1788295882.webp\",\"contentUrl\":\"https:\/\/netbakis.net\/wp-content\/uploads\/2026\/09\/v2yeniproje30_1788295882.webp\",\"width\":971,\"height\":551},{\"@type\":\"BreadcrumbList\",\"@id\":\"https:\/\/netbakis.net\/41691\/#breadcrumb\",\"itemListElement\":[{\"@type\":\"ListItem\",\"position\":1,\"name\":\"Home\",\"item\":\"https:\/\/netbakis.net\/\"},{\"@type\":\"ListItem\",\"position\":2,\"name\":\"Cumhurba\u015fkan\u0131 Erh\u00fcrman: \u0130nsanlara sar\u0131l\u0131p &#8216;ba\u015f\u0131m\u0131z sa\u011f olsun&#8217; demekten utanmam\"}]},{\"@type\":\"WebSite\",\"@id\":\"https:\/\/netbakis.net\/#website\",\"url\":\"https:\/\/netbakis.net\/\",\"name\":\"NETBAKIS\",\"description\":\"SON DAKIKA\",\"potentialAction\":[{\"@type\":\"SearchAction\",\"target\":{\"@type\":\"EntryPoint\",\"urlTemplate\":\"https:\/\/netbakis.net\/?s={search_term_string}\"},\"query-input\":{\"@type\":\"PropertyValueSpecification\",\"valueRequired\":true,\"valueName\":\"search_term_string\"}}],\"inLanguage\":\"tr\"},{\"@type\":\"Person\",\"@id\":\"https:\/\/netbakis.net\/#\/schema\/person\/5d9b5c3f48ca4a3c69967d619fc8c7f4\",\"name\":\"netbakis.net\",\"image\":{\"@type\":\"ImageObject\",\"inLanguage\":\"tr\",\"@id\":\"https:\/\/netbakis.net\/#\/schema\/person\/image\/\",\"url\":\"https:\/\/secure.gravatar.com\/avatar\/4ddeae49d2d3e3568a8d5b0937642efdf0b72468dbe3f213bc1978faa47af0d1?s=96&d=wp_user_avatar&r=g\",\"contentUrl\":\"https:\/\/secure.gravatar.com\/avatar\/4ddeae49d2d3e3568a8d5b0937642efdf0b72468dbe3f213bc1978faa47af0d1?s=96&d=wp_user_avatar&r=g\",\"caption\":\"netbakis.net\"},\"sameAs\":[\"https:\/\/netbakis.net\"],\"url\":\"https:\/\/netbakis.net\/tr\/author\/netbakis-net\/\"}]}<\/script>\n<!-- \/ Yoast SEO plugin. -->","yoast_head_json":{"title":"Cumhurba\u015fkan\u0131 Erh\u00fcrman: \u0130nsanlara sar\u0131l\u0131p 'ba\u015f\u0131m\u0131z sa\u011f olsun' demekten utanmam - NETBAKIS","robots":{"index":"index","follow":"follow","max-snippet":"max-snippet:-1","max-image-preview":"max-image-preview:large","max-video-preview":"max-video-preview:-1"},"canonical":"https:\/\/netbakis.net\/tr\/41691\/","og_locale":"tr_TR","og_type":"article","og_title":"Cumhurba\u015fkan\u0131 Erh\u00fcrman: \u0130nsanlara sar\u0131l\u0131p 'ba\u015f\u0131m\u0131z sa\u011f olsun' demekten utanmam - NETBAKIS","og_description":"Cumhurba\u015fkan\u0131 Tufan Erh\u00fcrman, Filo Jet kazas\u0131n\u0131n ard\u0131ndan Bay\u0131nd\u0131rl\u0131k ve Ula\u015ft\u0131rma Bakan\u0131 Erhan Ar\u0131kl\u0131\u2019ya sar\u0131ld\u0131\u011f\u0131 foto\u011fraf\u0131n ele\u015ftirilmesi ve g\u00fcndeme getirilmesi \u00fczerine a\u00e7\u0131klama yapt\u0131. Erh\u00fcrman, foto\u011fraf\u0131n kazan\u0131n ilk g\u00fcn\u00fc \u00e7ekildi\u011fini belirterek, \u201cHer t\u00fcrl\u00fc sorumlulu\u011fun kar\u015f\u0131l\u0131\u011f\u0131n\u0131 bulmas\u0131\u201d i\u00e7in olayla ilgili bilgi ve verilerin s\u0131ca\u011f\u0131 s\u0131ca\u011f\u0131na toparland\u0131\u011f\u0131n\u0131 s\u00f6yledi. Cumhurba\u015fkan\u0131 Tufan Erh\u00fcrman, Filo Jet kazas\u0131n\u0131n ard\u0131ndan sosyal medyada payla\u015f\u0131lan ve [&hellip;]","og_url":"https:\/\/netbakis.net\/tr\/41691\/","og_site_name":"NETBAKIS","article_published_time":"2026-09-02T17:32:22+00:00","article_modified_time":"2026-09-02T17:32:25+00:00","og_image":[{"width":971,"height":551,"url":"https:\/\/netbakis.net\/wp-content\/uploads\/2026\/09\/v2yeniproje30_1788295882.webp","type":"image\/webp"}],"author":"netbakis.net","twitter_card":"summary_large_image","twitter_misc":{"Yazan:":"netbakis.net","Tahmini okuma s\u00fcresi":"3 dakika"},"schema":{"@context":"https:\/\/schema.org","@graph":[{"@type":"WebPage","@id":"https:\/\/netbakis.net\/41691\/","url":"https:\/\/netbakis.net\/41691\/","name":"Cumhurba\u015fkan\u0131 Erh\u00fcrman: \u0130nsanlara sar\u0131l\u0131p 'ba\u015f\u0131m\u0131z sa\u011f olsun' demekten utanmam - NETBAKIS","isPartOf":{"@id":"https:\/\/netbakis.net\/#website"},"primaryImageOfPage":{"@id":"https:\/\/netbakis.net\/41691\/#primaryimage"},"image":{"@id":"https:\/\/netbakis.net\/41691\/#primaryimage"},"thumbnailUrl":"https:\/\/netbakis.net\/wp-content\/uploads\/2026\/09\/v2yeniproje30_1788295882.webp","datePublished":"2026-09-02T17:32:22+00:00","dateModified":"2026-09-02T17:32:25+00:00","author":{"@id":"https:\/\/netbakis.net\/#\/schema\/person\/5d9b5c3f48ca4a3c69967d619fc8c7f4"},"breadcrumb":{"@id":"https:\/\/netbakis.net\/41691\/#breadcrumb"},"inLanguage":"tr","potentialAction":[{"@type":"ReadAction","target":["https:\/\/netbakis.net\/41691\/"]}]},{"@type":"ImageObject","inLanguage":"tr","@id":"https:\/\/netbakis.net\/41691\/#primaryimage","url":"https:\/\/netbakis.net\/wp-content\/uploads\/2026\/09\/v2yeniproje30_1788295882.webp","contentUrl":"https:\/\/netbakis.net\/wp-content\/uploads\/2026\/09\/v2yeniproje30_1788295882.webp","width":971,"height":551},{"@type":"BreadcrumbList","@id":"https:\/\/netbakis.net\/41691\/#breadcrumb","itemListElement":[{"@type":"ListItem","position":1,"name":"Home","item":"https:\/\/netbakis.net\/"},{"@type":"ListItem","position":2,"name":"Cumhurba\u015fkan\u0131 Erh\u00fcrman: \u0130nsanlara sar\u0131l\u0131p &#8216;ba\u015f\u0131m\u0131z sa\u011f olsun&#8217; demekten utanmam"}]},{"@type":"WebSite","@id":"https:\/\/netbakis.net\/#website","url":"https:\/\/netbakis.net\/","name":"NETBAKIS","description":"SON DAKIKA","potentialAction":[{"@type":"SearchAction","target":{"@type":"EntryPoint","urlTemplate":"https:\/\/netbakis.net\/?s={search_term_string}"},"query-input":{"@type":"PropertyValueSpecification","valueRequired":true,"valueName":"search_term_string"}}],"inLanguage":"tr"},{"@type":"Person","@id":"https:\/\/netbakis.net\/#\/schema\/person\/5d9b5c3f48ca4a3c69967d619fc8c7f4","name":"netbakis.net","image":{"@type":"ImageObject","inLanguage":"tr","@id":"https:\/\/netbakis.net\/#\/schema\/person\/image\/","url":"https:\/\/secure.gravatar.com\/avatar\/4ddeae49d2d3e3568a8d5b0937642efdf0b72468dbe3f213bc1978faa47af0d1?s=96&d=wp_user_avatar&r=g","contentUrl":"https:\/\/secure.gravatar.com\/avatar\/4ddeae49d2d3e3568a8d5b0937642efdf0b72468dbe3f213bc1978faa47af0d1?s=96&d=wp_user_avatar&r=g","caption":"netbakis.net"},"sameAs":["https:\/\/netbakis.net"],"url":"https:\/\/netbakis.net\/tr\/author\/netbakis-net\/"}]}},"jetpack_publicize_connections":[],"_links":{"self":[{"href":"https:\/\/netbakis.net\/tr\/wp-json\/wp\/v2\/posts\/41691","targetHints":{"allow":["GET"]}}],"collection":[{"href":"https:\/\/netbakis.net\/tr\/wp-json\/wp\/v2\/posts"}],"about":[{"href":"https:\/\/netbakis.net\/tr\/wp-json\/wp\/v2\/types\/post"}],"author":[{"embeddable":true,"href":"https:\/\/netbakis.net\/tr\/wp-json\/wp\/v2\/users\/1"}],"replies":[{"embeddable":true,"href":"https:\/\/netbakis.net\/tr\/wp-json\/wp\/v2\/comments?post=41691"}],"version-history":[{"count":1,"href":"https:\/\/netbakis.net\/tr\/wp-json\/wp\/v2\/posts\/41691\/revisions"}],"predecessor-version":[{"id":41693,"href":"https:\/\/netbakis.net\/tr\/wp-json\/wp\/v2\/posts\/41691\/revisions\/41693"}],"wp:featuredmedia":[{"embeddable":true,"href":"https:\/\/netbakis.net\/tr\/wp-json\/wp\/v2\/media\/41692"}],"wp:attachment":[{"href":"https:\/\/netbakis.net\/tr\/wp-json\/wp\/v2\/media?parent=41691"}],"wp:term":[{"taxonomy":"category","embeddable":true,"href":"https:\/\/netbakis.net\/tr\/wp-json\/wp\/v2\/categories?post=41691"},{"taxonomy":"post_tag","embeddable":true,"href":"https:\/\/netbakis.net\/tr\/wp-json\/wp\/v2\/tags?post=41691"}],"curies":[{"name":"wp","href":"https:\/\/api.w.org\/{rel}","templated":true}]}}