{"id":41685,"date":"2026-09-02T17:26:41","date_gmt":"2026-09-02T17:26:41","guid":{"rendered":"https:\/\/netbakis.net\/?p=41685"},"modified":"2026-09-02T17:26:43","modified_gmt":"2026-09-02T17:26:43","slug":"cumhurbaskani-tufan-erhurman-gemi-faciasini-incelemek-icin-turkiyeden-gelen-heyeti-kabul-etti","status":"publish","type":"post","link":"https:\/\/netbakis.net\/tr\/41685\/","title":{"rendered":"Cumhurba\u015fkan\u0131 Tufan Erh\u00fcrman, gemi facias\u0131n\u0131 incelemek i\u00e7in T\u00fcrkiye&#8217;den gelen heyeti kabul etti"},"content":{"rendered":"<p class=\"wp-block-paragraph\">Cumhurba\u015fkan\u0131 Tufan Erh\u00fcrman, Girne a\u00e7\u0131klar\u0131nda meydana gelen gemi facias\u0131na ili\u015fkin incelemelerde bulunmak ve \u00f6n rapor haz\u0131rlamak amac\u0131yla adada bulunan T\u00fcrkiye Cumhuriyeti Ula\u015ft\u0131rma ve Altyap\u0131 Bakanl\u0131\u011f\u0131 Ula\u015f\u0131m Emniyeti \u0130nceleme Merkezi Ba\u015fkanl\u0131\u011f\u0131 Deniz Kazalar\u0131 \u0130nceleme Daire Ba\u015fkan\u0131 Durali \u0130\u015fler ve beraberindeki heyeti kabul etti.<br><br>Cumhurba\u015fkan\u0131 Tufan Erh\u00fcrman, T\u00fcrkiye Cumhuriyeti Ula\u015ft\u0131rma ve Altyap\u0131 Bakanl\u0131\u011f\u0131 Ula\u015f\u0131m Emniyeti \u0130nceleme Merkezi Ba\u015fkanl\u0131\u011f\u0131 Deniz Kazalar\u0131 \u0130nceleme Daire Ba\u015fkan\u0131 Durali \u0130\u015fler ve beraberindeki heyeti kabul etti<\/p>\n\n\n\n<p class=\"wp-block-paragraph\">Cumhurba\u015fkan\u0131 Tufan Erh\u00fcrman, Girne a\u00e7\u0131klar\u0131nda meydana gelen gemi facias\u0131na ili\u015fkin incelemelerde bulunmak ve \u00f6n rapor haz\u0131rlamak amac\u0131yla adada bulunan, T\u00fcrkiye Cumhuriyeti Ula\u015ft\u0131rma ve Altyap\u0131 Bakanl\u0131\u011f\u0131 Ula\u015f\u0131m Emniyeti \u0130nceleme Merkezi Ba\u015fkanl\u0131\u011f\u0131 Deniz Kazalar\u0131 \u0130nceleme Daire Ba\u015fkan\u0131 Durali \u0130\u015fler ve beraberindeki heyeti kabul ederek g\u00f6r\u00fc\u015ft\u00fc.<\/p>\n\n\n\n<p class=\"wp-block-paragraph\">G\u00f6r\u00fc\u015fmede, Bay\u0131nd\u0131rl\u0131k ve Ula\u015ft\u0131rma Bakanl\u0131\u011f\u0131 M\u00fcste\u015far\u0131 Enver \u00d6zt\u00fcrk, Cumhurba\u015fkan\u0131 \u00d6zel Kalem M\u00fcd\u00fcr\u00fc Mustafa Erg\u00fcven ve Ma\u011fusa Liman Ba\u015fkan\u0131 Kemal Yap\u0131c\u0131 haz\u0131r bulundu.<\/p>\n\n\n\n<p class=\"wp-block-paragraph\">Cumhurba\u015fkanl\u0131\u011f\u0131nda ger\u00e7ekle\u015ftirilen g\u00f6r\u00fc\u015fmede, Girne a\u00e7\u0131klar\u0131nda meydana gelen deniz felaketine ili\u015fkin y\u00fcr\u00fct\u00fclecek teknik ara\u015ft\u0131rmalar hususunda Cumhurba\u015fkan\u0131 Tufan Erh\u00fcrman beklentilerini heyete aktard\u0131.<\/p>","protected":false},"excerpt":{"rendered":"<p>Cumhurba\u015fkan\u0131 Tufan Erh\u00fcrman, Girne a\u00e7\u0131klar\u0131nda meydana gelen gemi facias\u0131na ili\u015fkin incelemelerde bulunmak ve \u00f6n rapor haz\u0131rlamak amac\u0131yla adada bulunan T\u00fcrkiye Cumhuriyeti Ula\u015ft\u0131rma ve Altyap\u0131 Bakanl\u0131\u011f\u0131 Ula\u015f\u0131m Emniyeti \u0130nceleme Merkezi Ba\u015fkanl\u0131\u011f\u0131 Deniz Kazalar\u0131 \u0130nceleme Daire Ba\u015fkan\u0131 Durali \u0130\u015fler ve beraberindeki heyeti kabul etti. Cumhurba\u015fkan\u0131 Tufan Erh\u00fcrman, T\u00fcrkiye Cumhuriyeti Ula\u015ft\u0131rma ve Altyap\u0131 Bakanl\u0131\u011f\u0131 Ula\u015f\u0131m Emniyeti \u0130nceleme Merkezi [&hellip;]<\/p>","protected":false},"author":1,"featured_media":41686,"comment_status":"open","ping_status":"open","sticky":false,"template":"","format":"standard","meta":{"om_disable_all_campaigns":false,"_monsterinsights_skip_tracking":false,"_monsterinsights_sitenote_active":false,"_monsterinsights_sitenote_note":"","_monsterinsights_sitenote_category":0,"_uf_show_specific_survey":0,"_uf_disable_surveys":false,"footnotes":"","jetpack_publicize_message":"","jetpack_publicize_feature_enabled":true,"jetpack_social_post_already_shared":true,"jetpack_social_options":{"image_generator_settings":{"template":"highway","default_image_id":0,"font":"","enabled":false},"version":2}},"categories":[81],"tags":[],"class_list":["post-41685","post","type-post","status-publish","format-standard","has-post-thumbnail","category-gundem"],"yoast_head":"<!-- This site is optimized with the Yoast SEO plugin v23.8 - https:\/\/yoast.com\/wordpress\/plugins\/seo\/ -->\n<title>Cumhurba\u015fkan\u0131 Tufan Erh\u00fcrman, gemi facias\u0131n\u0131 incelemek i\u00e7in T\u00fcrkiye&#039;den gelen heyeti kabul etti - NETBAKIS<\/title>\n<meta name=\"robots\" content=\"index, follow, max-snippet:-1, max-image-preview:large, max-video-preview:-1\" \/>\n<link rel=\"canonical\" href=\"https:\/\/netbakis.net\/tr\/41685\/\" \/>\n<meta property=\"og:locale\" content=\"tr_TR\" \/>\n<meta property=\"og:type\" content=\"article\" \/>\n<meta property=\"og:title\" content=\"Cumhurba\u015fkan\u0131 Tufan Erh\u00fcrman, gemi facias\u0131n\u0131 incelemek i\u00e7in T\u00fcrkiye&#039;den gelen heyeti kabul etti - NETBAKIS\" \/>\n<meta property=\"og:description\" content=\"Cumhurba\u015fkan\u0131 Tufan Erh\u00fcrman, Girne a\u00e7\u0131klar\u0131nda meydana gelen gemi facias\u0131na ili\u015fkin incelemelerde bulunmak ve \u00f6n rapor haz\u0131rlamak amac\u0131yla adada bulunan T\u00fcrkiye Cumhuriyeti Ula\u015ft\u0131rma ve Altyap\u0131 Bakanl\u0131\u011f\u0131 Ula\u015f\u0131m Emniyeti \u0130nceleme Merkezi Ba\u015fkanl\u0131\u011f\u0131 Deniz Kazalar\u0131 \u0130nceleme Daire Ba\u015fkan\u0131 Durali \u0130\u015fler ve beraberindeki heyeti kabul etti. Cumhurba\u015fkan\u0131 Tufan Erh\u00fcrman, T\u00fcrkiye Cumhuriyeti Ula\u015ft\u0131rma ve Altyap\u0131 Bakanl\u0131\u011f\u0131 Ula\u015f\u0131m Emniyeti \u0130nceleme Merkezi [&hellip;]\" \/>\n<meta property=\"og:url\" content=\"https:\/\/netbakis.net\/tr\/41685\/\" \/>\n<meta property=\"og:site_name\" content=\"NETBAKIS\" \/>\n<meta property=\"article:published_time\" content=\"2026-09-02T17:26:41+00:00\" \/>\n<meta property=\"article:modified_time\" content=\"2026-09-02T17:26:43+00:00\" \/>\n<meta property=\"og:image\" content=\"https:\/\/netbakis.net\/wp-content\/uploads\/2026\/09\/v2yeniproje9_1788363187.webp\" \/>\n\t<meta property=\"og:image:width\" content=\"971\" \/>\n\t<meta property=\"og:image:height\" content=\"551\" \/>\n\t<meta property=\"og:image:type\" content=\"image\/webp\" \/>\n<meta name=\"author\" content=\"netbakis.net\" \/>\n<meta name=\"twitter:card\" content=\"summary_large_image\" \/>\n<meta name=\"twitter:label1\" content=\"Yazan:\" \/>\n\t<meta name=\"twitter:data1\" content=\"netbakis.net\" \/>\n\t<meta name=\"twitter:label2\" content=\"Tahmini okuma s\u00fcresi\" \/>\n\t<meta name=\"twitter:data2\" content=\"1 dakika\" \/>\n<script type=\"application\/ld+json\" class=\"yoast-schema-graph\">{\"@context\":\"https:\/\/schema.org\",\"@graph\":[{\"@type\":\"WebPage\",\"@id\":\"https:\/\/netbakis.net\/41685\/\",\"url\":\"https:\/\/netbakis.net\/41685\/\",\"name\":\"Cumhurba\u015fkan\u0131 Tufan Erh\u00fcrman, gemi facias\u0131n\u0131 incelemek i\u00e7in T\u00fcrkiye'den gelen heyeti kabul etti - NETBAKIS\",\"isPartOf\":{\"@id\":\"https:\/\/netbakis.net\/#website\"},\"primaryImageOfPage\":{\"@id\":\"https:\/\/netbakis.net\/41685\/#primaryimage\"},\"image\":{\"@id\":\"https:\/\/netbakis.net\/41685\/#primaryimage\"},\"thumbnailUrl\":\"https:\/\/netbakis.net\/wp-content\/uploads\/2026\/09\/v2yeniproje9_1788363187.webp\",\"datePublished\":\"2026-09-02T17:26:41+00:00\",\"dateModified\":\"2026-09-02T17:26:43+00:00\",\"author\":{\"@id\":\"https:\/\/netbakis.net\/#\/schema\/person\/5d9b5c3f48ca4a3c69967d619fc8c7f4\"},\"breadcrumb\":{\"@id\":\"https:\/\/netbakis.net\/41685\/#breadcrumb\"},\"inLanguage\":\"tr\",\"potentialAction\":[{\"@type\":\"ReadAction\",\"target\":[\"https:\/\/netbakis.net\/41685\/\"]}]},{\"@type\":\"ImageObject\",\"inLanguage\":\"tr\",\"@id\":\"https:\/\/netbakis.net\/41685\/#primaryimage\",\"url\":\"https:\/\/netbakis.net\/wp-content\/uploads\/2026\/09\/v2yeniproje9_1788363187.webp\",\"contentUrl\":\"https:\/\/netbakis.net\/wp-content\/uploads\/2026\/09\/v2yeniproje9_1788363187.webp\",\"width\":971,\"height\":551},{\"@type\":\"BreadcrumbList\",\"@id\":\"https:\/\/netbakis.net\/41685\/#breadcrumb\",\"itemListElement\":[{\"@type\":\"ListItem\",\"position\":1,\"name\":\"Home\",\"item\":\"https:\/\/netbakis.net\/\"},{\"@type\":\"ListItem\",\"position\":2,\"name\":\"Cumhurba\u015fkan\u0131 Tufan Erh\u00fcrman, gemi facias\u0131n\u0131 incelemek i\u00e7in T\u00fcrkiye&#8217;den gelen heyeti kabul etti\"}]},{\"@type\":\"WebSite\",\"@id\":\"https:\/\/netbakis.net\/#website\",\"url\":\"https:\/\/netbakis.net\/\",\"name\":\"NETBAKIS\",\"description\":\"SON DAKIKA\",\"potentialAction\":[{\"@type\":\"SearchAction\",\"target\":{\"@type\":\"EntryPoint\",\"urlTemplate\":\"https:\/\/netbakis.net\/?s={search_term_string}\"},\"query-input\":{\"@type\":\"PropertyValueSpecification\",\"valueRequired\":true,\"valueName\":\"search_term_string\"}}],\"inLanguage\":\"tr\"},{\"@type\":\"Person\",\"@id\":\"https:\/\/netbakis.net\/#\/schema\/person\/5d9b5c3f48ca4a3c69967d619fc8c7f4\",\"name\":\"netbakis.net\",\"image\":{\"@type\":\"ImageObject\",\"inLanguage\":\"tr\",\"@id\":\"https:\/\/netbakis.net\/#\/schema\/person\/image\/\",\"url\":\"https:\/\/secure.gravatar.com\/avatar\/4ddeae49d2d3e3568a8d5b0937642efdf0b72468dbe3f213bc1978faa47af0d1?s=96&d=wp_user_avatar&r=g\",\"contentUrl\":\"https:\/\/secure.gravatar.com\/avatar\/4ddeae49d2d3e3568a8d5b0937642efdf0b72468dbe3f213bc1978faa47af0d1?s=96&d=wp_user_avatar&r=g\",\"caption\":\"netbakis.net\"},\"sameAs\":[\"https:\/\/netbakis.net\"],\"url\":\"https:\/\/netbakis.net\/tr\/author\/netbakis-net\/\"}]}<\/script>\n<!-- \/ Yoast SEO plugin. -->","yoast_head_json":{"title":"Cumhurba\u015fkan\u0131 Tufan Erh\u00fcrman, gemi facias\u0131n\u0131 incelemek i\u00e7in T\u00fcrkiye'den gelen heyeti kabul etti - NETBAKIS","robots":{"index":"index","follow":"follow","max-snippet":"max-snippet:-1","max-image-preview":"max-image-preview:large","max-video-preview":"max-video-preview:-1"},"canonical":"https:\/\/netbakis.net\/tr\/41685\/","og_locale":"tr_TR","og_type":"article","og_title":"Cumhurba\u015fkan\u0131 Tufan Erh\u00fcrman, gemi facias\u0131n\u0131 incelemek i\u00e7in T\u00fcrkiye'den gelen heyeti kabul etti - NETBAKIS","og_description":"Cumhurba\u015fkan\u0131 Tufan Erh\u00fcrman, Girne a\u00e7\u0131klar\u0131nda meydana gelen gemi facias\u0131na ili\u015fkin incelemelerde bulunmak ve \u00f6n rapor haz\u0131rlamak amac\u0131yla adada bulunan T\u00fcrkiye Cumhuriyeti Ula\u015ft\u0131rma ve Altyap\u0131 Bakanl\u0131\u011f\u0131 Ula\u015f\u0131m Emniyeti \u0130nceleme Merkezi Ba\u015fkanl\u0131\u011f\u0131 Deniz Kazalar\u0131 \u0130nceleme Daire Ba\u015fkan\u0131 Durali \u0130\u015fler ve beraberindeki heyeti kabul etti. Cumhurba\u015fkan\u0131 Tufan Erh\u00fcrman, T\u00fcrkiye Cumhuriyeti Ula\u015ft\u0131rma ve Altyap\u0131 Bakanl\u0131\u011f\u0131 Ula\u015f\u0131m Emniyeti \u0130nceleme Merkezi [&hellip;]","og_url":"https:\/\/netbakis.net\/tr\/41685\/","og_site_name":"NETBAKIS","article_published_time":"2026-09-02T17:26:41+00:00","article_modified_time":"2026-09-02T17:26:43+00:00","og_image":[{"width":971,"height":551,"url":"https:\/\/netbakis.net\/wp-content\/uploads\/2026\/09\/v2yeniproje9_1788363187.webp","type":"image\/webp"}],"author":"netbakis.net","twitter_card":"summary_large_image","twitter_misc":{"Yazan:":"netbakis.net","Tahmini okuma s\u00fcresi":"1 dakika"},"schema":{"@context":"https:\/\/schema.org","@graph":[{"@type":"WebPage","@id":"https:\/\/netbakis.net\/41685\/","url":"https:\/\/netbakis.net\/41685\/","name":"Cumhurba\u015fkan\u0131 Tufan Erh\u00fcrman, gemi facias\u0131n\u0131 incelemek i\u00e7in T\u00fcrkiye'den gelen heyeti kabul etti - NETBAKIS","isPartOf":{"@id":"https:\/\/netbakis.net\/#website"},"primaryImageOfPage":{"@id":"https:\/\/netbakis.net\/41685\/#primaryimage"},"image":{"@id":"https:\/\/netbakis.net\/41685\/#primaryimage"},"thumbnailUrl":"https:\/\/netbakis.net\/wp-content\/uploads\/2026\/09\/v2yeniproje9_1788363187.webp","datePublished":"2026-09-02T17:26:41+00:00","dateModified":"2026-09-02T17:26:43+00:00","author":{"@id":"https:\/\/netbakis.net\/#\/schema\/person\/5d9b5c3f48ca4a3c69967d619fc8c7f4"},"breadcrumb":{"@id":"https:\/\/netbakis.net\/41685\/#breadcrumb"},"inLanguage":"tr","potentialAction":[{"@type":"ReadAction","target":["https:\/\/netbakis.net\/41685\/"]}]},{"@type":"ImageObject","inLanguage":"tr","@id":"https:\/\/netbakis.net\/41685\/#primaryimage","url":"https:\/\/netbakis.net\/wp-content\/uploads\/2026\/09\/v2yeniproje9_1788363187.webp","contentUrl":"https:\/\/netbakis.net\/wp-content\/uploads\/2026\/09\/v2yeniproje9_1788363187.webp","width":971,"height":551},{"@type":"BreadcrumbList","@id":"https:\/\/netbakis.net\/41685\/#breadcrumb","itemListElement":[{"@type":"ListItem","position":1,"name":"Home","item":"https:\/\/netbakis.net\/"},{"@type":"ListItem","position":2,"name":"Cumhurba\u015fkan\u0131 Tufan Erh\u00fcrman, gemi facias\u0131n\u0131 incelemek i\u00e7in T\u00fcrkiye&#8217;den gelen heyeti kabul etti"}]},{"@type":"WebSite","@id":"https:\/\/netbakis.net\/#website","url":"https:\/\/netbakis.net\/","name":"NETBAKIS","description":"SON DAKIKA","potentialAction":[{"@type":"SearchAction","target":{"@type":"EntryPoint","urlTemplate":"https:\/\/netbakis.net\/?s={search_term_string}"},"query-input":{"@type":"PropertyValueSpecification","valueRequired":true,"valueName":"search_term_string"}}],"inLanguage":"tr"},{"@type":"Person","@id":"https:\/\/netbakis.net\/#\/schema\/person\/5d9b5c3f48ca4a3c69967d619fc8c7f4","name":"netbakis.net","image":{"@type":"ImageObject","inLanguage":"tr","@id":"https:\/\/netbakis.net\/#\/schema\/person\/image\/","url":"https:\/\/secure.gravatar.com\/avatar\/4ddeae49d2d3e3568a8d5b0937642efdf0b72468dbe3f213bc1978faa47af0d1?s=96&d=wp_user_avatar&r=g","contentUrl":"https:\/\/secure.gravatar.com\/avatar\/4ddeae49d2d3e3568a8d5b0937642efdf0b72468dbe3f213bc1978faa47af0d1?s=96&d=wp_user_avatar&r=g","caption":"netbakis.net"},"sameAs":["https:\/\/netbakis.net"],"url":"https:\/\/netbakis.net\/tr\/author\/netbakis-net\/"}]}},"jetpack_publicize_connections":[],"_links":{"self":[{"href":"https:\/\/netbakis.net\/tr\/wp-json\/wp\/v2\/posts\/41685","targetHints":{"allow":["GET"]}}],"collection":[{"href":"https:\/\/netbakis.net\/tr\/wp-json\/wp\/v2\/posts"}],"about":[{"href":"https:\/\/netbakis.net\/tr\/wp-json\/wp\/v2\/types\/post"}],"author":[{"embeddable":true,"href":"https:\/\/netbakis.net\/tr\/wp-json\/wp\/v2\/users\/1"}],"replies":[{"embeddable":true,"href":"https:\/\/netbakis.net\/tr\/wp-json\/wp\/v2\/comments?post=41685"}],"version-history":[{"count":1,"href":"https:\/\/netbakis.net\/tr\/wp-json\/wp\/v2\/posts\/41685\/revisions"}],"predecessor-version":[{"id":41687,"href":"https:\/\/netbakis.net\/tr\/wp-json\/wp\/v2\/posts\/41685\/revisions\/41687"}],"wp:featuredmedia":[{"embeddable":true,"href":"https:\/\/netbakis.net\/tr\/wp-json\/wp\/v2\/media\/41686"}],"wp:attachment":[{"href":"https:\/\/netbakis.net\/tr\/wp-json\/wp\/v2\/media?parent=41685"}],"wp:term":[{"taxonomy":"category","embeddable":true,"href":"https:\/\/netbakis.net\/tr\/wp-json\/wp\/v2\/categories?post=41685"},{"taxonomy":"post_tag","embeddable":true,"href":"https:\/\/netbakis.net\/tr\/wp-json\/wp\/v2\/tags?post=41685"}],"curies":[{"name":"wp","href":"https:\/\/api.w.org\/{rel}","templated":true}]}}