{"id":41683,"date":"2026-09-02T17:24:49","date_gmt":"2026-09-02T17:24:49","guid":{"rendered":"https:\/\/netbakis.net\/?p=41683"},"modified":"2026-09-02T17:24:52","modified_gmt":"2026-09-02T17:24:52","slug":"basbakan-unal-ustel-acikladi-bayindirlik-ve-ulastirma-bakani-erhan-arikli-gorevden-alindi","status":"publish","type":"post","link":"https:\/\/netbakis.net\/tr\/41683\/","title":{"rendered":"Ba\u015fbakan \u00dcnal \u00dcstel a\u00e7\u0131klad\u0131: Bay\u0131nd\u0131rl\u0131k ve Ula\u015ft\u0131rma Bakan\u0131 Erhan Ar\u0131kl\u0131 g\u00f6revden al\u0131nd\u0131!"},"content":{"rendered":"<p class=\"wp-block-paragraph\">Ba\u015fbakan \u00dcnal \u00dcstel, Girne a\u00e7\u0131klar\u0131nda meydana gelen gemi facias\u0131na ili\u015fkin y\u00fcr\u00fct\u00fclen soru\u015fturman\u0131n hi\u00e7bir \u015f\u00fcpheye mahal vermeden s\u00fcrd\u00fcr\u00fclebilmesi amac\u0131yla Bay\u0131nd\u0131rl\u0131k ve Ula\u015ft\u0131rma Bakan\u0131 Erhan Ar\u0131kl\u0131\u2019y\u0131 g\u00f6revden ald\u0131\u011f\u0131n\u0131 a\u00e7\u0131klad\u0131.<br><br>Ba\u015fbakan \u00dcnal \u00dcstel, Girne a\u00e7\u0131klar\u0131nda meydana gelen gemi facias\u0131na ili\u015fkin bas\u0131n a\u00e7\u0131klamas\u0131 yapt\u0131.<\/p>\n\n\n\n<p class=\"wp-block-paragraph\">\u00dcstel, bu \u015ferefli \u00fclkenin y\u00f6netim sorumlulu\u011funu \u00fcstlendi\u011fi ilk g\u00fcnden itibaren halka hizmet etmek i\u00e7in durmadan ve yorulmadan \u00e7al\u0131\u015ft\u0131klar\u0131n\u0131 belirterek, \u201cHi\u00e7bir g\u00fc\u00e7, hi\u00e7bir iftira, hi\u00e7bir karalama beni bu yoldan d\u00f6nd\u00fcremedi, d\u00f6nd\u00fcremeyecek.\u201d dedi.<\/p>\n\n\n\n<p class=\"wp-block-paragraph\">Tek arzular\u0131n\u0131n \u00fclkeye iyi hizmet etmek, halk\u0131n g\u00fcvenine lay\u0131k olmak ve \u00e7ocuklara g\u00fcvenle ya\u015fayacaklar\u0131 bir gelecek b\u0131rakmak oldu\u011funu ifade eden \u00dcstel, \u00fc\u00e7 partili koalisyon h\u00fck\u00fcmeti olarak b\u00fcy\u00fck bir \u00f6zveriyle \u00fclkenin y\u0131llard\u0131r biriken bir\u00e7ok temel problemini \u00e7\u00f6zd\u00fcklerini, \u00f6nemli yat\u0131r\u0131m ve projeleri halkla bulu\u015fturduklar\u0131n\u0131 kaydetti.<\/p>\n\n\n\n<p class=\"wp-block-paragraph\">HAYATINI KAYBEDENLER\u0130N SAYISI 9\u2019A Y\u00dcKSELD\u0130<\/p>\n\n\n\n<p class=\"wp-block-paragraph\">\u00dcstel, Girne a\u00e7\u0131klar\u0131nda meydana gelen kazaya ili\u015fkin \u00f6nemli bir geli\u015fmeyi de payla\u015farak, arama-kurtarma faaliyetlerine kat\u0131lan TCG I\u015f\u0131n ve TCG Alemdar gemilerinin bat\u0131kta yapt\u0131\u011f\u0131 incelemeler sonucunda bir naa\u015fa daha ula\u015f\u0131ld\u0131\u011f\u0131n\u0131 a\u00e7\u0131klad\u0131.<\/p>\n\n\n\n<p class=\"wp-block-paragraph\">\u00dcstel, \u201cB\u00f6ylelikle resmi kay\u0131tlara g\u00f6re hayat\u0131n\u0131 kaybeden vatanda\u015f say\u0131m\u0131z 9\u2019a y\u00fckselirken, kay\u0131p say\u0131m\u0131z 19\u2019a d\u00fc\u015fm\u00fc\u015ft\u00fcr.\u201d dedi.<\/p>\n\n\n\n<p class=\"wp-block-paragraph\">Arama-kurtarma \u00e7al\u0131\u015fmalar\u0131n\u0131n t\u00fcm imkanlarla ve T\u00fcrkiye Cumhuriyeti Devleti\u2019nin b\u00fct\u00fcn kurum ve kurulu\u015flar\u0131n\u0131n g\u00fc\u00e7l\u00fc deste\u011fiyle aral\u0131ks\u0131z devam etti\u011fini belirten \u00dcstel, kazan\u0131n meydana geldi\u011fi ilk andan itibaren \u201cSorumlusu kim olursa olsun, bunun hesab\u0131n\u0131 verecek.\u201d dediklerini hat\u0131rlatt\u0131.<\/p>\n\n\n\n<p class=\"wp-block-paragraph\">\u00dcstel, T\u00fcrkiye Cumhuriyeti Cumhurba\u015fkan\u0131 Recep Tayyip Erdo\u011fan\u2019\u0131n da kendisinin de T\u00fcrk Milleti\u2019ne verdi\u011fi a\u00e7\u0131k mesaj\u0131n bu oldu\u011funu ifade etti.<\/p>\n\n\n\n<p class=\"wp-block-paragraph\">\u201cErhan Ar\u0131kl\u0131\u2019YI G\u00d6REVDEN ALDI\u011eIMI KEND\u0130S\u0130NE B\u0130LD\u0130RD\u0130M\u201d<\/p>\n\n\n\n<p class=\"wp-block-paragraph\">\u00dcstel, Polis Genel M\u00fcd\u00fcrl\u00fc\u011f\u00fc ve yarg\u0131 makamlar\u0131n\u0131n soru\u015fturmay\u0131 hi\u00e7bir \u015f\u00fcpheye mahal vermeden y\u00fcr\u00fctebilmesi amac\u0131yla, kaza sonras\u0131nda al\u0131nan g\u00f6revden uzakla\u015ft\u0131rma kararlar\u0131n\u0131 geni\u015fletme karar\u0131 ald\u0131\u011f\u0131n\u0131 a\u00e7\u0131klad\u0131.<\/p>\n\n\n\n<p class=\"wp-block-paragraph\">\u00dcstel, \u015f\u00f6yle devam etti:<\/p>\n\n\n\n<p class=\"wp-block-paragraph\">\u201cBu \u00e7er\u00e7evede Bay\u0131nd\u0131rl\u0131k ve Ula\u015ft\u0131rma Bakan\u0131m\u0131z Say\u0131n Erhan Ar\u0131kl\u0131\u2019y\u0131 g\u00f6revden ald\u0131\u011f\u0131m\u0131 kendisine bildirdim.<\/p>\n\n\n\n<p class=\"wp-block-paragraph\">Y\u00fcr\u00fctmenin ba\u015f\u0131 olarak g\u00f6revim, soru\u015fturman\u0131n selameti ve kamu vicdan\u0131n\u0131n rahatlamas\u0131 i\u00e7in gerekli b\u00fct\u00fcn idari tedbirleri almakt\u0131r.\u201d<\/p>\n\n\n\n<p class=\"wp-block-paragraph\">Annesini, babas\u0131n\u0131, evlad\u0131n\u0131, karde\u015fini kaybeden her bir vatanda\u015f\u0131n ac\u0131s\u0131n\u0131, \u00f6ncelikle bir baba ve Ba\u015fbakan olarak y\u00fcre\u011finde ta\u015f\u0131d\u0131\u011f\u0131n\u0131 ifade eden \u00dcstel, Ar\u0131kl\u0131\u2019n\u0131n y\u00fcr\u00fctt\u00fc\u011f\u00fc Bay\u0131nd\u0131rl\u0131k ve Ula\u015ft\u0131rma Bakanl\u0131\u011f\u0131 g\u00f6reviyle ilgili Anayasa\u2019n\u0131n \u00f6ng\u00f6rd\u00fc\u011f\u00fc h\u00fck\u00fcmler ve verdi\u011fi yetkiler \u00e7er\u00e7evesinde hareket edilece\u011fini kaydetti.<\/p>\n\n\n\n<p class=\"wp-block-paragraph\">\u201cYDP\u2019YE Y\u00d6NEL\u0130K S\u0130YAS\u0130 B\u0130R KARAR DE\u011e\u0130LD\u0130R\u201d<\/p>\n\n\n\n<p class=\"wp-block-paragraph\">\u00dcstel, karar\u0131n Yeniden Do\u011fu\u015f Partisi\u2019ne (YDP), partinin kurumsal kimli\u011fine veya YDP\u2019ye g\u00f6n\u00fcl verenlere y\u00f6nelik siyasi bir karar olmad\u0131\u011f\u0131n\u0131 \u00f6zellikle vurgulad\u0131.<\/p>\n\n\n\n<p class=\"wp-block-paragraph\">Koalisyon ortaklar\u0131yla d\u00f6rt bu\u00e7uk y\u0131ld\u0131r \u00fclkeye birlikte hizmet ettiklerini belirten \u00dcstel, ortaya konulan eserlerde ve ger\u00e7ekle\u015ftirilen reformlarda koalisyon ortaklar\u0131n\u0131n da eme\u011finin bulundu\u011funu s\u00f6yledi.<\/p>\n\n\n\n<p class=\"wp-block-paragraph\">\u00dcstel, \u201cSay\u0131n Erhan Ar\u0131kl\u0131 ile de d\u00f6rt bu\u00e7uk y\u0131l boyunca birlikte \u00e7al\u0131\u015ft\u0131k, \u00fclkemiz ad\u0131na bir\u00e7ok projeye birlikte imza att\u0131k. Kendisine bug\u00fcne kadar \u00fclkemize verdi\u011fi hizmetlerden dolay\u0131 te\u015fekk\u00fcr ediyorum.\u201d ifadelerini kulland\u0131.<\/p>\n\n\n\n<p class=\"wp-block-paragraph\">\u201cMASUM\u0130YET KAR\u0130NES\u0130 HERKES \u0130\u00c7\u0130N GE\u00c7ERL\u0130D\u0130R\u201d<\/p>\n\n\n\n<p class=\"wp-block-paragraph\">B\u00f6ylesine a\u011f\u0131r bir soru\u015fturma s\u00fcrecinde herhangi bir \u015faibenin olu\u015fmas\u0131na izin veremeyeceklerini kaydeden \u00dcstel, g\u00f6revden al\u0131nan veya uzakla\u015ft\u0131r\u0131lan hi\u00e7 kimsenin yarg\u0131 karar\u0131n\u0131 verene kadar su\u00e7lu ilan edilemeyece\u011finin alt\u0131n\u0131 \u00e7izdi.<\/p>\n\n\n\n<p class=\"wp-block-paragraph\">\u00dcstel, \u201cMasumiyet karinesi herkes i\u00e7in ge\u00e7erlidir. Tahkikat h\u0131zl\u0131, titiz ve \u015feffaf \u015fekilde s\u00fcrd\u00fcr\u00fclecektir. \u0130hmali veya sorumlulu\u011fu bulunan kim varsa, yarg\u0131n\u0131n verece\u011fi karar do\u011frultusunda gereken hesab\u0131 verecektir.\u201d dedi.<\/p>\n\n\n\n<p class=\"wp-block-paragraph\">Ac\u0131n\u0131n b\u00fcy\u00fck oldu\u011funu ve y\u00fcreklerinin yand\u0131\u011f\u0131n\u0131 ifade eden \u00dcstel, devlet olarak g\u00f6revlerinin ba\u015f\u0131nda olduklar\u0131n\u0131 belirterek, \u201cTek gayemiz, kay\u0131plar\u0131m\u0131za ula\u015fmak, ailelerimizin yan\u0131nda olmak, bu facian\u0131n b\u00fct\u00fcn ger\u00e7eklerini ortaya \u00e7\u0131karmak ve yaralar\u0131m\u0131z\u0131 hep birlikte sarmakt\u0131r.\u201d dedi.<\/p>\n\n\n\n<p class=\"wp-block-paragraph\">\u00dcstel, hayat\u0131n\u0131 kaybedenlere Allah\u2019tan rahmet, ailelerine, yak\u0131nlar\u0131na ve t\u00fcm halka sab\u0131r diledi.<\/p>","protected":false},"excerpt":{"rendered":"<p>Ba\u015fbakan \u00dcnal \u00dcstel, Girne a\u00e7\u0131klar\u0131nda meydana gelen gemi facias\u0131na ili\u015fkin y\u00fcr\u00fct\u00fclen soru\u015fturman\u0131n hi\u00e7bir \u015f\u00fcpheye mahal vermeden s\u00fcrd\u00fcr\u00fclebilmesi amac\u0131yla Bay\u0131nd\u0131rl\u0131k ve Ula\u015ft\u0131rma Bakan\u0131 Erhan Ar\u0131kl\u0131\u2019y\u0131 g\u00f6revden ald\u0131\u011f\u0131n\u0131 a\u00e7\u0131klad\u0131. Ba\u015fbakan \u00dcnal \u00dcstel, Girne a\u00e7\u0131klar\u0131nda meydana gelen gemi facias\u0131na ili\u015fkin bas\u0131n a\u00e7\u0131klamas\u0131 yapt\u0131. \u00dcstel, bu \u015ferefli \u00fclkenin y\u00f6netim sorumlulu\u011funu \u00fcstlendi\u011fi ilk g\u00fcnden itibaren halka hizmet etmek i\u00e7in durmadan [&hellip;]<\/p>","protected":false},"author":1,"featured_media":41640,"comment_status":"open","ping_status":"open","sticky":false,"template":"","format":"standard","meta":{"om_disable_all_campaigns":false,"_monsterinsights_skip_tracking":false,"_monsterinsights_sitenote_active":false,"_monsterinsights_sitenote_note":"","_monsterinsights_sitenote_category":0,"_uf_show_specific_survey":0,"_uf_disable_surveys":false,"footnotes":"","jetpack_publicize_message":"","jetpack_publicize_feature_enabled":true,"jetpack_social_post_already_shared":true,"jetpack_social_options":{"image_generator_settings":{"template":"highway","default_image_id":0,"font":"","enabled":false},"version":2}},"categories":[81],"tags":[],"class_list":["post-41683","post","type-post","status-publish","format-standard","has-post-thumbnail","category-gundem"],"yoast_head":"<!-- This site is optimized with the Yoast SEO plugin v23.8 - https:\/\/yoast.com\/wordpress\/plugins\/seo\/ -->\n<title>Ba\u015fbakan \u00dcnal \u00dcstel a\u00e7\u0131klad\u0131: Bay\u0131nd\u0131rl\u0131k ve Ula\u015ft\u0131rma Bakan\u0131 Erhan Ar\u0131kl\u0131 g\u00f6revden al\u0131nd\u0131! - NETBAKIS<\/title>\n<meta name=\"robots\" content=\"index, follow, max-snippet:-1, max-image-preview:large, max-video-preview:-1\" \/>\n<link rel=\"canonical\" href=\"https:\/\/netbakis.net\/tr\/41683\/\" \/>\n<meta property=\"og:locale\" content=\"tr_TR\" \/>\n<meta property=\"og:type\" content=\"article\" \/>\n<meta property=\"og:title\" content=\"Ba\u015fbakan \u00dcnal \u00dcstel a\u00e7\u0131klad\u0131: Bay\u0131nd\u0131rl\u0131k ve Ula\u015ft\u0131rma Bakan\u0131 Erhan Ar\u0131kl\u0131 g\u00f6revden al\u0131nd\u0131! - NETBAKIS\" \/>\n<meta property=\"og:description\" content=\"Ba\u015fbakan \u00dcnal \u00dcstel, Girne a\u00e7\u0131klar\u0131nda meydana gelen gemi facias\u0131na ili\u015fkin y\u00fcr\u00fct\u00fclen soru\u015fturman\u0131n hi\u00e7bir \u015f\u00fcpheye mahal vermeden s\u00fcrd\u00fcr\u00fclebilmesi amac\u0131yla Bay\u0131nd\u0131rl\u0131k ve Ula\u015ft\u0131rma Bakan\u0131 Erhan Ar\u0131kl\u0131\u2019y\u0131 g\u00f6revden ald\u0131\u011f\u0131n\u0131 a\u00e7\u0131klad\u0131. Ba\u015fbakan \u00dcnal \u00dcstel, Girne a\u00e7\u0131klar\u0131nda meydana gelen gemi facias\u0131na ili\u015fkin bas\u0131n a\u00e7\u0131klamas\u0131 yapt\u0131. \u00dcstel, bu \u015ferefli \u00fclkenin y\u00f6netim sorumlulu\u011funu \u00fcstlendi\u011fi ilk g\u00fcnden itibaren halka hizmet etmek i\u00e7in durmadan [&hellip;]\" \/>\n<meta property=\"og:url\" content=\"https:\/\/netbakis.net\/tr\/41683\/\" \/>\n<meta property=\"og:site_name\" content=\"NETBAKIS\" \/>\n<meta property=\"article:published_time\" content=\"2026-09-02T17:24:49+00:00\" \/>\n<meta property=\"article:modified_time\" content=\"2026-09-02T17:24:52+00:00\" \/>\n<meta property=\"og:image\" content=\"https:\/\/netbakis.net\/wp-content\/uploads\/2026\/09\/v2yeniproje25_1788278360.webp\" \/>\n\t<meta property=\"og:image:width\" content=\"971\" \/>\n\t<meta property=\"og:image:height\" content=\"551\" \/>\n\t<meta property=\"og:image:type\" content=\"image\/webp\" \/>\n<meta name=\"author\" content=\"netbakis.net\" \/>\n<meta name=\"twitter:card\" content=\"summary_large_image\" \/>\n<meta name=\"twitter:label1\" content=\"Yazan:\" \/>\n\t<meta name=\"twitter:data1\" content=\"netbakis.net\" \/>\n\t<meta name=\"twitter:label2\" content=\"Tahmini okuma s\u00fcresi\" \/>\n\t<meta name=\"twitter:data2\" content=\"3 dakika\" \/>\n<script type=\"application\/ld+json\" class=\"yoast-schema-graph\">{\"@context\":\"https:\/\/schema.org\",\"@graph\":[{\"@type\":\"WebPage\",\"@id\":\"https:\/\/netbakis.net\/41683\/\",\"url\":\"https:\/\/netbakis.net\/41683\/\",\"name\":\"Ba\u015fbakan \u00dcnal \u00dcstel a\u00e7\u0131klad\u0131: Bay\u0131nd\u0131rl\u0131k ve Ula\u015ft\u0131rma Bakan\u0131 Erhan Ar\u0131kl\u0131 g\u00f6revden al\u0131nd\u0131! - NETBAKIS\",\"isPartOf\":{\"@id\":\"https:\/\/netbakis.net\/#website\"},\"primaryImageOfPage\":{\"@id\":\"https:\/\/netbakis.net\/41683\/#primaryimage\"},\"image\":{\"@id\":\"https:\/\/netbakis.net\/41683\/#primaryimage\"},\"thumbnailUrl\":\"https:\/\/netbakis.net\/wp-content\/uploads\/2026\/09\/v2yeniproje25_1788278360.webp\",\"datePublished\":\"2026-09-02T17:24:49+00:00\",\"dateModified\":\"2026-09-02T17:24:52+00:00\",\"author\":{\"@id\":\"https:\/\/netbakis.net\/#\/schema\/person\/5d9b5c3f48ca4a3c69967d619fc8c7f4\"},\"breadcrumb\":{\"@id\":\"https:\/\/netbakis.net\/41683\/#breadcrumb\"},\"inLanguage\":\"tr\",\"potentialAction\":[{\"@type\":\"ReadAction\",\"target\":[\"https:\/\/netbakis.net\/41683\/\"]}]},{\"@type\":\"ImageObject\",\"inLanguage\":\"tr\",\"@id\":\"https:\/\/netbakis.net\/41683\/#primaryimage\",\"url\":\"https:\/\/netbakis.net\/wp-content\/uploads\/2026\/09\/v2yeniproje25_1788278360.webp\",\"contentUrl\":\"https:\/\/netbakis.net\/wp-content\/uploads\/2026\/09\/v2yeniproje25_1788278360.webp\",\"width\":971,\"height\":551},{\"@type\":\"BreadcrumbList\",\"@id\":\"https:\/\/netbakis.net\/41683\/#breadcrumb\",\"itemListElement\":[{\"@type\":\"ListItem\",\"position\":1,\"name\":\"Home\",\"item\":\"https:\/\/netbakis.net\/\"},{\"@type\":\"ListItem\",\"position\":2,\"name\":\"Ba\u015fbakan \u00dcnal \u00dcstel a\u00e7\u0131klad\u0131: Bay\u0131nd\u0131rl\u0131k ve Ula\u015ft\u0131rma Bakan\u0131 Erhan Ar\u0131kl\u0131 g\u00f6revden al\u0131nd\u0131!\"}]},{\"@type\":\"WebSite\",\"@id\":\"https:\/\/netbakis.net\/#website\",\"url\":\"https:\/\/netbakis.net\/\",\"name\":\"NETBAKIS\",\"description\":\"SON DAKIKA\",\"potentialAction\":[{\"@type\":\"SearchAction\",\"target\":{\"@type\":\"EntryPoint\",\"urlTemplate\":\"https:\/\/netbakis.net\/?s={search_term_string}\"},\"query-input\":{\"@type\":\"PropertyValueSpecification\",\"valueRequired\":true,\"valueName\":\"search_term_string\"}}],\"inLanguage\":\"tr\"},{\"@type\":\"Person\",\"@id\":\"https:\/\/netbakis.net\/#\/schema\/person\/5d9b5c3f48ca4a3c69967d619fc8c7f4\",\"name\":\"netbakis.net\",\"image\":{\"@type\":\"ImageObject\",\"inLanguage\":\"tr\",\"@id\":\"https:\/\/netbakis.net\/#\/schema\/person\/image\/\",\"url\":\"https:\/\/secure.gravatar.com\/avatar\/4ddeae49d2d3e3568a8d5b0937642efdf0b72468dbe3f213bc1978faa47af0d1?s=96&d=wp_user_avatar&r=g\",\"contentUrl\":\"https:\/\/secure.gravatar.com\/avatar\/4ddeae49d2d3e3568a8d5b0937642efdf0b72468dbe3f213bc1978faa47af0d1?s=96&d=wp_user_avatar&r=g\",\"caption\":\"netbakis.net\"},\"sameAs\":[\"https:\/\/netbakis.net\"],\"url\":\"https:\/\/netbakis.net\/tr\/author\/netbakis-net\/\"}]}<\/script>\n<!-- \/ Yoast SEO plugin. -->","yoast_head_json":{"title":"Ba\u015fbakan \u00dcnal \u00dcstel a\u00e7\u0131klad\u0131: Bay\u0131nd\u0131rl\u0131k ve Ula\u015ft\u0131rma Bakan\u0131 Erhan Ar\u0131kl\u0131 g\u00f6revden al\u0131nd\u0131! - NETBAKIS","robots":{"index":"index","follow":"follow","max-snippet":"max-snippet:-1","max-image-preview":"max-image-preview:large","max-video-preview":"max-video-preview:-1"},"canonical":"https:\/\/netbakis.net\/tr\/41683\/","og_locale":"tr_TR","og_type":"article","og_title":"Ba\u015fbakan \u00dcnal \u00dcstel a\u00e7\u0131klad\u0131: Bay\u0131nd\u0131rl\u0131k ve Ula\u015ft\u0131rma Bakan\u0131 Erhan Ar\u0131kl\u0131 g\u00f6revden al\u0131nd\u0131! - NETBAKIS","og_description":"Ba\u015fbakan \u00dcnal \u00dcstel, Girne a\u00e7\u0131klar\u0131nda meydana gelen gemi facias\u0131na ili\u015fkin y\u00fcr\u00fct\u00fclen soru\u015fturman\u0131n hi\u00e7bir \u015f\u00fcpheye mahal vermeden s\u00fcrd\u00fcr\u00fclebilmesi amac\u0131yla Bay\u0131nd\u0131rl\u0131k ve Ula\u015ft\u0131rma Bakan\u0131 Erhan Ar\u0131kl\u0131\u2019y\u0131 g\u00f6revden ald\u0131\u011f\u0131n\u0131 a\u00e7\u0131klad\u0131. Ba\u015fbakan \u00dcnal \u00dcstel, Girne a\u00e7\u0131klar\u0131nda meydana gelen gemi facias\u0131na ili\u015fkin bas\u0131n a\u00e7\u0131klamas\u0131 yapt\u0131. \u00dcstel, bu \u015ferefli \u00fclkenin y\u00f6netim sorumlulu\u011funu \u00fcstlendi\u011fi ilk g\u00fcnden itibaren halka hizmet etmek i\u00e7in durmadan [&hellip;]","og_url":"https:\/\/netbakis.net\/tr\/41683\/","og_site_name":"NETBAKIS","article_published_time":"2026-09-02T17:24:49+00:00","article_modified_time":"2026-09-02T17:24:52+00:00","og_image":[{"width":971,"height":551,"url":"https:\/\/netbakis.net\/wp-content\/uploads\/2026\/09\/v2yeniproje25_1788278360.webp","type":"image\/webp"}],"author":"netbakis.net","twitter_card":"summary_large_image","twitter_misc":{"Yazan:":"netbakis.net","Tahmini okuma s\u00fcresi":"3 dakika"},"schema":{"@context":"https:\/\/schema.org","@graph":[{"@type":"WebPage","@id":"https:\/\/netbakis.net\/41683\/","url":"https:\/\/netbakis.net\/41683\/","name":"Ba\u015fbakan \u00dcnal \u00dcstel a\u00e7\u0131klad\u0131: Bay\u0131nd\u0131rl\u0131k ve Ula\u015ft\u0131rma Bakan\u0131 Erhan Ar\u0131kl\u0131 g\u00f6revden al\u0131nd\u0131! - NETBAKIS","isPartOf":{"@id":"https:\/\/netbakis.net\/#website"},"primaryImageOfPage":{"@id":"https:\/\/netbakis.net\/41683\/#primaryimage"},"image":{"@id":"https:\/\/netbakis.net\/41683\/#primaryimage"},"thumbnailUrl":"https:\/\/netbakis.net\/wp-content\/uploads\/2026\/09\/v2yeniproje25_1788278360.webp","datePublished":"2026-09-02T17:24:49+00:00","dateModified":"2026-09-02T17:24:52+00:00","author":{"@id":"https:\/\/netbakis.net\/#\/schema\/person\/5d9b5c3f48ca4a3c69967d619fc8c7f4"},"breadcrumb":{"@id":"https:\/\/netbakis.net\/41683\/#breadcrumb"},"inLanguage":"tr","potentialAction":[{"@type":"ReadAction","target":["https:\/\/netbakis.net\/41683\/"]}]},{"@type":"ImageObject","inLanguage":"tr","@id":"https:\/\/netbakis.net\/41683\/#primaryimage","url":"https:\/\/netbakis.net\/wp-content\/uploads\/2026\/09\/v2yeniproje25_1788278360.webp","contentUrl":"https:\/\/netbakis.net\/wp-content\/uploads\/2026\/09\/v2yeniproje25_1788278360.webp","width":971,"height":551},{"@type":"BreadcrumbList","@id":"https:\/\/netbakis.net\/41683\/#breadcrumb","itemListElement":[{"@type":"ListItem","position":1,"name":"Home","item":"https:\/\/netbakis.net\/"},{"@type":"ListItem","position":2,"name":"Ba\u015fbakan \u00dcnal \u00dcstel a\u00e7\u0131klad\u0131: Bay\u0131nd\u0131rl\u0131k ve Ula\u015ft\u0131rma Bakan\u0131 Erhan Ar\u0131kl\u0131 g\u00f6revden al\u0131nd\u0131!"}]},{"@type":"WebSite","@id":"https:\/\/netbakis.net\/#website","url":"https:\/\/netbakis.net\/","name":"NETBAKIS","description":"SON DAKIKA","potentialAction":[{"@type":"SearchAction","target":{"@type":"EntryPoint","urlTemplate":"https:\/\/netbakis.net\/?s={search_term_string}"},"query-input":{"@type":"PropertyValueSpecification","valueRequired":true,"valueName":"search_term_string"}}],"inLanguage":"tr"},{"@type":"Person","@id":"https:\/\/netbakis.net\/#\/schema\/person\/5d9b5c3f48ca4a3c69967d619fc8c7f4","name":"netbakis.net","image":{"@type":"ImageObject","inLanguage":"tr","@id":"https:\/\/netbakis.net\/#\/schema\/person\/image\/","url":"https:\/\/secure.gravatar.com\/avatar\/4ddeae49d2d3e3568a8d5b0937642efdf0b72468dbe3f213bc1978faa47af0d1?s=96&d=wp_user_avatar&r=g","contentUrl":"https:\/\/secure.gravatar.com\/avatar\/4ddeae49d2d3e3568a8d5b0937642efdf0b72468dbe3f213bc1978faa47af0d1?s=96&d=wp_user_avatar&r=g","caption":"netbakis.net"},"sameAs":["https:\/\/netbakis.net"],"url":"https:\/\/netbakis.net\/tr\/author\/netbakis-net\/"}]}},"jetpack_publicize_connections":[],"_links":{"self":[{"href":"https:\/\/netbakis.net\/tr\/wp-json\/wp\/v2\/posts\/41683","targetHints":{"allow":["GET"]}}],"collection":[{"href":"https:\/\/netbakis.net\/tr\/wp-json\/wp\/v2\/posts"}],"about":[{"href":"https:\/\/netbakis.net\/tr\/wp-json\/wp\/v2\/types\/post"}],"author":[{"embeddable":true,"href":"https:\/\/netbakis.net\/tr\/wp-json\/wp\/v2\/users\/1"}],"replies":[{"embeddable":true,"href":"https:\/\/netbakis.net\/tr\/wp-json\/wp\/v2\/comments?post=41683"}],"version-history":[{"count":1,"href":"https:\/\/netbakis.net\/tr\/wp-json\/wp\/v2\/posts\/41683\/revisions"}],"predecessor-version":[{"id":41684,"href":"https:\/\/netbakis.net\/tr\/wp-json\/wp\/v2\/posts\/41683\/revisions\/41684"}],"wp:featuredmedia":[{"embeddable":true,"href":"https:\/\/netbakis.net\/tr\/wp-json\/wp\/v2\/media\/41640"}],"wp:attachment":[{"href":"https:\/\/netbakis.net\/tr\/wp-json\/wp\/v2\/media?parent=41683"}],"wp:term":[{"taxonomy":"category","embeddable":true,"href":"https:\/\/netbakis.net\/tr\/wp-json\/wp\/v2\/categories?post=41683"},{"taxonomy":"post_tag","embeddable":true,"href":"https:\/\/netbakis.net\/tr\/wp-json\/wp\/v2\/tags?post=41683"}],"curies":[{"name":"wp","href":"https:\/\/api.w.org\/{rel}","templated":true}]}}