{"id":41681,"date":"2026-09-02T17:23:55","date_gmt":"2026-09-02T17:23:55","guid":{"rendered":"https:\/\/netbakis.net\/?p=41681"},"modified":"2026-09-02T17:23:57","modified_gmt":"2026-09-02T17:23:57","slug":"erhan-arikli-buraya-kadarmis-yarin-parti-meclisinde-hukumetten-cekilmeyi-gorusecegiz","status":"publish","type":"post","link":"https:\/\/netbakis.net\/tr\/41681\/","title":{"rendered":"Erhan Ar\u0131kl\u0131: Buraya kadarm\u0131\u015f, yar\u0131n Parti Meclisi&#8217;nde h\u00fck\u00fcmetten \u00e7ekilmeyi g\u00f6r\u00fc\u015fece\u011fiz"},"content":{"rendered":"<p class=\"wp-block-paragraph\">Ba\u015fbakan \u00dcnal \u00dcstel taraf\u0131ndan g\u00f6revden al\u0131nan Erhan Ar\u0131kl\u0131, karar\u0131n kendisine telefonla bildirildi\u011fini belirtti. Ar\u0131kl\u0131, \u201cH\u00fck\u00fcmetin ba\u015f\u0131 olmas\u0131 dolay\u0131s\u0131yla etik olmasa da bu karar\u0131na sayg\u0131 duyuyorum\u201d diyerek, yar\u0131n h\u00fck\u00fcmetten \u00e7ekilme konusunu g\u00f6r\u00fc\u015fmek \u00fczere Parti Meclisi\u2019ni toplayacaklar\u0131n\u0131 bildirdi.<br><br>Ba\u015fbakan \u00dcnal \u00dcstel taraf\u0131ndan Bay\u0131nd\u0131rl\u0131k ve Ula\u015ft\u0131rma Bakanl\u0131\u011f\u0131 g\u00f6revinden al\u0131nan Erhan Ar\u0131kl\u0131, karara ili\u015fkin a\u00e7\u0131klama yapt\u0131.<\/p>\n\n\n\n<p class=\"wp-block-paragraph\">\u201cBuraya kadarm\u0131\u015f\u2026\u201d ifadelerini kullanan Ar\u0131kl\u0131, Ba\u015fbakan \u00dcstel\u2019in kendisini telefonla arayarak, soru\u015fturman\u0131n selameti a\u00e7\u0131s\u0131ndan g\u00f6revden almak zorunda oldu\u011funu bildirdi\u011fini belirtti.<\/p>\n\n\n\n<p class=\"wp-block-paragraph\">Ar\u0131kl\u0131, \u201cH\u00fck\u00fcmetin ba\u015f\u0131 olmas\u0131 dolay\u0131s\u0131yla etik olmasa da bu karar\u0131na sayg\u0131 duyuyorum.\u201d dedi.<\/p>\n\n\n\n<p class=\"wp-block-paragraph\">Yar\u0131n h\u00fck\u00fcmetten \u00e7ekilme konusunu g\u00f6r\u00fc\u015fmek \u00fczere Parti Meclisi\u2019ni toplayacaklar\u0131n\u0131 a\u00e7\u0131klayan Ar\u0131kl\u0131, \u015f\u00f6yle devam etti:<\/p>\n\n\n\n<p class=\"wp-block-paragraph\">\u201c4,5 y\u0131l birlikte \u00e7al\u0131\u015ft\u0131\u011f\u0131m mesai arkada\u015flar\u0131ma \u00e7ok te\u015fekk\u00fcr ediyorum. Yeni d\u00f6nemde daha g\u00fc\u00e7l\u00fc bir \u015fekilde g\u00f6r\u00fc\u015fmek dile\u011fi ile sa\u011fl\u0131cakla kal\u0131n.\u201d<\/p>\n\n\n\n<iframe loading=\"lazy\" src=\"https:\/\/www.facebook.com\/plugins\/post.php?href=https%3A%2F%2Fwww.facebook.com%2Fpermalink.php%3Fstory_fbid%3Dpfbid0235JdHtfyuLueYJVQ3eZw99o7gmS66CpgZdfN7REWWGAKAn3oEticRAckuoTekzMfl%26id%3D756528569&#038;show_text=true&#038;width=500\" width=\"500\" height=\"241\" style=\"border:none;overflow:hidden\" scrolling=\"no\" frameborder=\"0\" allowfullscreen=\"true\" allow=\"autoplay; clipboard-write; encrypted-media; picture-in-picture; web-share\"><\/iframe>","protected":false},"excerpt":{"rendered":"<p>Ba\u015fbakan \u00dcnal \u00dcstel taraf\u0131ndan g\u00f6revden al\u0131nan Erhan Ar\u0131kl\u0131, karar\u0131n kendisine telefonla bildirildi\u011fini belirtti. Ar\u0131kl\u0131, \u201cH\u00fck\u00fcmetin ba\u015f\u0131 olmas\u0131 dolay\u0131s\u0131yla etik olmasa da bu karar\u0131na sayg\u0131 duyuyorum\u201d diyerek, yar\u0131n h\u00fck\u00fcmetten \u00e7ekilme konusunu g\u00f6r\u00fc\u015fmek \u00fczere Parti Meclisi\u2019ni toplayacaklar\u0131n\u0131 bildirdi. Ba\u015fbakan \u00dcnal \u00dcstel taraf\u0131ndan Bay\u0131nd\u0131rl\u0131k ve Ula\u015ft\u0131rma Bakanl\u0131\u011f\u0131 g\u00f6revinden al\u0131nan Erhan Ar\u0131kl\u0131, karara ili\u015fkin a\u00e7\u0131klama yapt\u0131. \u201cBuraya kadarm\u0131\u015f\u2026\u201d ifadelerini [&hellip;]<\/p>","protected":false},"author":1,"featured_media":29093,"comment_status":"open","ping_status":"open","sticky":false,"template":"","format":"standard","meta":{"om_disable_all_campaigns":false,"_monsterinsights_skip_tracking":false,"_monsterinsights_sitenote_active":false,"_monsterinsights_sitenote_note":"","_monsterinsights_sitenote_category":0,"_uf_show_specific_survey":0,"_uf_disable_surveys":false,"footnotes":"","jetpack_publicize_message":"","jetpack_publicize_feature_enabled":true,"jetpack_social_post_already_shared":true,"jetpack_social_options":{"image_generator_settings":{"template":"highway","default_image_id":0,"font":"","enabled":false},"version":2}},"categories":[81],"tags":[],"class_list":["post-41681","post","type-post","status-publish","format-standard","has-post-thumbnail","category-gundem"],"yoast_head":"<!-- This site is optimized with the Yoast SEO plugin v23.8 - https:\/\/yoast.com\/wordpress\/plugins\/seo\/ -->\n<title>Erhan Ar\u0131kl\u0131: Buraya kadarm\u0131\u015f, yar\u0131n Parti Meclisi&#039;nde h\u00fck\u00fcmetten \u00e7ekilmeyi g\u00f6r\u00fc\u015fece\u011fiz - NETBAKIS<\/title>\n<meta name=\"robots\" content=\"index, follow, max-snippet:-1, max-image-preview:large, max-video-preview:-1\" \/>\n<link rel=\"canonical\" href=\"https:\/\/netbakis.net\/tr\/41681\/\" \/>\n<meta property=\"og:locale\" content=\"tr_TR\" \/>\n<meta property=\"og:type\" content=\"article\" \/>\n<meta property=\"og:title\" content=\"Erhan Ar\u0131kl\u0131: Buraya kadarm\u0131\u015f, yar\u0131n Parti Meclisi&#039;nde h\u00fck\u00fcmetten \u00e7ekilmeyi g\u00f6r\u00fc\u015fece\u011fiz - NETBAKIS\" \/>\n<meta property=\"og:description\" content=\"Ba\u015fbakan \u00dcnal \u00dcstel taraf\u0131ndan g\u00f6revden al\u0131nan Erhan Ar\u0131kl\u0131, karar\u0131n kendisine telefonla bildirildi\u011fini belirtti. Ar\u0131kl\u0131, \u201cH\u00fck\u00fcmetin ba\u015f\u0131 olmas\u0131 dolay\u0131s\u0131yla etik olmasa da bu karar\u0131na sayg\u0131 duyuyorum\u201d diyerek, yar\u0131n h\u00fck\u00fcmetten \u00e7ekilme konusunu g\u00f6r\u00fc\u015fmek \u00fczere Parti Meclisi\u2019ni toplayacaklar\u0131n\u0131 bildirdi. Ba\u015fbakan \u00dcnal \u00dcstel taraf\u0131ndan Bay\u0131nd\u0131rl\u0131k ve Ula\u015ft\u0131rma Bakanl\u0131\u011f\u0131 g\u00f6revinden al\u0131nan Erhan Ar\u0131kl\u0131, karara ili\u015fkin a\u00e7\u0131klama yapt\u0131. \u201cBuraya kadarm\u0131\u015f\u2026\u201d ifadelerini [&hellip;]\" \/>\n<meta property=\"og:url\" content=\"https:\/\/netbakis.net\/tr\/41681\/\" \/>\n<meta property=\"og:site_name\" content=\"NETBAKIS\" \/>\n<meta property=\"article:published_time\" content=\"2026-09-02T17:23:55+00:00\" \/>\n<meta property=\"article:modified_time\" content=\"2026-09-02T17:23:57+00:00\" \/>\n<meta property=\"og:image\" content=\"https:\/\/netbakis.net\/wp-content\/uploads\/2025\/06\/v2yeniproje33_1741953303.webp\" \/>\n\t<meta property=\"og:image:width\" content=\"971\" \/>\n\t<meta property=\"og:image:height\" content=\"551\" \/>\n\t<meta property=\"og:image:type\" content=\"image\/webp\" \/>\n<meta name=\"author\" content=\"netbakis.net\" \/>\n<meta name=\"twitter:card\" content=\"summary_large_image\" \/>\n<meta name=\"twitter:label1\" content=\"Yazan:\" \/>\n\t<meta name=\"twitter:data1\" content=\"netbakis.net\" \/>\n\t<meta name=\"twitter:label2\" content=\"Tahmini okuma s\u00fcresi\" \/>\n\t<meta name=\"twitter:data2\" content=\"1 dakika\" \/>\n<script type=\"application\/ld+json\" class=\"yoast-schema-graph\">{\"@context\":\"https:\/\/schema.org\",\"@graph\":[{\"@type\":\"WebPage\",\"@id\":\"https:\/\/netbakis.net\/41681\/\",\"url\":\"https:\/\/netbakis.net\/41681\/\",\"name\":\"Erhan Ar\u0131kl\u0131: Buraya kadarm\u0131\u015f, yar\u0131n Parti Meclisi'nde h\u00fck\u00fcmetten \u00e7ekilmeyi g\u00f6r\u00fc\u015fece\u011fiz - NETBAKIS\",\"isPartOf\":{\"@id\":\"https:\/\/netbakis.net\/#website\"},\"primaryImageOfPage\":{\"@id\":\"https:\/\/netbakis.net\/41681\/#primaryimage\"},\"image\":{\"@id\":\"https:\/\/netbakis.net\/41681\/#primaryimage\"},\"thumbnailUrl\":\"https:\/\/netbakis.net\/wp-content\/uploads\/2025\/06\/v2yeniproje33_1741953303.webp\",\"datePublished\":\"2026-09-02T17:23:55+00:00\",\"dateModified\":\"2026-09-02T17:23:57+00:00\",\"author\":{\"@id\":\"https:\/\/netbakis.net\/#\/schema\/person\/5d9b5c3f48ca4a3c69967d619fc8c7f4\"},\"breadcrumb\":{\"@id\":\"https:\/\/netbakis.net\/41681\/#breadcrumb\"},\"inLanguage\":\"tr\",\"potentialAction\":[{\"@type\":\"ReadAction\",\"target\":[\"https:\/\/netbakis.net\/41681\/\"]}]},{\"@type\":\"ImageObject\",\"inLanguage\":\"tr\",\"@id\":\"https:\/\/netbakis.net\/41681\/#primaryimage\",\"url\":\"https:\/\/netbakis.net\/wp-content\/uploads\/2025\/06\/v2yeniproje33_1741953303.webp\",\"contentUrl\":\"https:\/\/netbakis.net\/wp-content\/uploads\/2025\/06\/v2yeniproje33_1741953303.webp\",\"width\":971,\"height\":551},{\"@type\":\"BreadcrumbList\",\"@id\":\"https:\/\/netbakis.net\/41681\/#breadcrumb\",\"itemListElement\":[{\"@type\":\"ListItem\",\"position\":1,\"name\":\"Home\",\"item\":\"https:\/\/netbakis.net\/\"},{\"@type\":\"ListItem\",\"position\":2,\"name\":\"Erhan Ar\u0131kl\u0131: Buraya kadarm\u0131\u015f, yar\u0131n Parti Meclisi&#8217;nde h\u00fck\u00fcmetten \u00e7ekilmeyi g\u00f6r\u00fc\u015fece\u011fiz\"}]},{\"@type\":\"WebSite\",\"@id\":\"https:\/\/netbakis.net\/#website\",\"url\":\"https:\/\/netbakis.net\/\",\"name\":\"NETBAKIS\",\"description\":\"SON DAKIKA\",\"potentialAction\":[{\"@type\":\"SearchAction\",\"target\":{\"@type\":\"EntryPoint\",\"urlTemplate\":\"https:\/\/netbakis.net\/?s={search_term_string}\"},\"query-input\":{\"@type\":\"PropertyValueSpecification\",\"valueRequired\":true,\"valueName\":\"search_term_string\"}}],\"inLanguage\":\"tr\"},{\"@type\":\"Person\",\"@id\":\"https:\/\/netbakis.net\/#\/schema\/person\/5d9b5c3f48ca4a3c69967d619fc8c7f4\",\"name\":\"netbakis.net\",\"image\":{\"@type\":\"ImageObject\",\"inLanguage\":\"tr\",\"@id\":\"https:\/\/netbakis.net\/#\/schema\/person\/image\/\",\"url\":\"https:\/\/secure.gravatar.com\/avatar\/4ddeae49d2d3e3568a8d5b0937642efdf0b72468dbe3f213bc1978faa47af0d1?s=96&d=wp_user_avatar&r=g\",\"contentUrl\":\"https:\/\/secure.gravatar.com\/avatar\/4ddeae49d2d3e3568a8d5b0937642efdf0b72468dbe3f213bc1978faa47af0d1?s=96&d=wp_user_avatar&r=g\",\"caption\":\"netbakis.net\"},\"sameAs\":[\"https:\/\/netbakis.net\"],\"url\":\"https:\/\/netbakis.net\/tr\/author\/netbakis-net\/\"}]}<\/script>\n<!-- \/ Yoast SEO plugin. -->","yoast_head_json":{"title":"Erhan Ar\u0131kl\u0131: Buraya kadarm\u0131\u015f, yar\u0131n Parti Meclisi'nde h\u00fck\u00fcmetten \u00e7ekilmeyi g\u00f6r\u00fc\u015fece\u011fiz - NETBAKIS","robots":{"index":"index","follow":"follow","max-snippet":"max-snippet:-1","max-image-preview":"max-image-preview:large","max-video-preview":"max-video-preview:-1"},"canonical":"https:\/\/netbakis.net\/tr\/41681\/","og_locale":"tr_TR","og_type":"article","og_title":"Erhan Ar\u0131kl\u0131: Buraya kadarm\u0131\u015f, yar\u0131n Parti Meclisi'nde h\u00fck\u00fcmetten \u00e7ekilmeyi g\u00f6r\u00fc\u015fece\u011fiz - NETBAKIS","og_description":"Ba\u015fbakan \u00dcnal \u00dcstel taraf\u0131ndan g\u00f6revden al\u0131nan Erhan Ar\u0131kl\u0131, karar\u0131n kendisine telefonla bildirildi\u011fini belirtti. Ar\u0131kl\u0131, \u201cH\u00fck\u00fcmetin ba\u015f\u0131 olmas\u0131 dolay\u0131s\u0131yla etik olmasa da bu karar\u0131na sayg\u0131 duyuyorum\u201d diyerek, yar\u0131n h\u00fck\u00fcmetten \u00e7ekilme konusunu g\u00f6r\u00fc\u015fmek \u00fczere Parti Meclisi\u2019ni toplayacaklar\u0131n\u0131 bildirdi. Ba\u015fbakan \u00dcnal \u00dcstel taraf\u0131ndan Bay\u0131nd\u0131rl\u0131k ve Ula\u015ft\u0131rma Bakanl\u0131\u011f\u0131 g\u00f6revinden al\u0131nan Erhan Ar\u0131kl\u0131, karara ili\u015fkin a\u00e7\u0131klama yapt\u0131. \u201cBuraya kadarm\u0131\u015f\u2026\u201d ifadelerini [&hellip;]","og_url":"https:\/\/netbakis.net\/tr\/41681\/","og_site_name":"NETBAKIS","article_published_time":"2026-09-02T17:23:55+00:00","article_modified_time":"2026-09-02T17:23:57+00:00","og_image":[{"width":971,"height":551,"url":"https:\/\/netbakis.net\/wp-content\/uploads\/2025\/06\/v2yeniproje33_1741953303.webp","type":"image\/webp"}],"author":"netbakis.net","twitter_card":"summary_large_image","twitter_misc":{"Yazan:":"netbakis.net","Tahmini okuma s\u00fcresi":"1 dakika"},"schema":{"@context":"https:\/\/schema.org","@graph":[{"@type":"WebPage","@id":"https:\/\/netbakis.net\/41681\/","url":"https:\/\/netbakis.net\/41681\/","name":"Erhan Ar\u0131kl\u0131: Buraya kadarm\u0131\u015f, yar\u0131n Parti Meclisi'nde h\u00fck\u00fcmetten \u00e7ekilmeyi g\u00f6r\u00fc\u015fece\u011fiz - NETBAKIS","isPartOf":{"@id":"https:\/\/netbakis.net\/#website"},"primaryImageOfPage":{"@id":"https:\/\/netbakis.net\/41681\/#primaryimage"},"image":{"@id":"https:\/\/netbakis.net\/41681\/#primaryimage"},"thumbnailUrl":"https:\/\/netbakis.net\/wp-content\/uploads\/2025\/06\/v2yeniproje33_1741953303.webp","datePublished":"2026-09-02T17:23:55+00:00","dateModified":"2026-09-02T17:23:57+00:00","author":{"@id":"https:\/\/netbakis.net\/#\/schema\/person\/5d9b5c3f48ca4a3c69967d619fc8c7f4"},"breadcrumb":{"@id":"https:\/\/netbakis.net\/41681\/#breadcrumb"},"inLanguage":"tr","potentialAction":[{"@type":"ReadAction","target":["https:\/\/netbakis.net\/41681\/"]}]},{"@type":"ImageObject","inLanguage":"tr","@id":"https:\/\/netbakis.net\/41681\/#primaryimage","url":"https:\/\/netbakis.net\/wp-content\/uploads\/2025\/06\/v2yeniproje33_1741953303.webp","contentUrl":"https:\/\/netbakis.net\/wp-content\/uploads\/2025\/06\/v2yeniproje33_1741953303.webp","width":971,"height":551},{"@type":"BreadcrumbList","@id":"https:\/\/netbakis.net\/41681\/#breadcrumb","itemListElement":[{"@type":"ListItem","position":1,"name":"Home","item":"https:\/\/netbakis.net\/"},{"@type":"ListItem","position":2,"name":"Erhan Ar\u0131kl\u0131: Buraya kadarm\u0131\u015f, yar\u0131n Parti Meclisi&#8217;nde h\u00fck\u00fcmetten \u00e7ekilmeyi g\u00f6r\u00fc\u015fece\u011fiz"}]},{"@type":"WebSite","@id":"https:\/\/netbakis.net\/#website","url":"https:\/\/netbakis.net\/","name":"NETBAKIS","description":"SON DAKIKA","potentialAction":[{"@type":"SearchAction","target":{"@type":"EntryPoint","urlTemplate":"https:\/\/netbakis.net\/?s={search_term_string}"},"query-input":{"@type":"PropertyValueSpecification","valueRequired":true,"valueName":"search_term_string"}}],"inLanguage":"tr"},{"@type":"Person","@id":"https:\/\/netbakis.net\/#\/schema\/person\/5d9b5c3f48ca4a3c69967d619fc8c7f4","name":"netbakis.net","image":{"@type":"ImageObject","inLanguage":"tr","@id":"https:\/\/netbakis.net\/#\/schema\/person\/image\/","url":"https:\/\/secure.gravatar.com\/avatar\/4ddeae49d2d3e3568a8d5b0937642efdf0b72468dbe3f213bc1978faa47af0d1?s=96&d=wp_user_avatar&r=g","contentUrl":"https:\/\/secure.gravatar.com\/avatar\/4ddeae49d2d3e3568a8d5b0937642efdf0b72468dbe3f213bc1978faa47af0d1?s=96&d=wp_user_avatar&r=g","caption":"netbakis.net"},"sameAs":["https:\/\/netbakis.net"],"url":"https:\/\/netbakis.net\/tr\/author\/netbakis-net\/"}]}},"jetpack_publicize_connections":[],"_links":{"self":[{"href":"https:\/\/netbakis.net\/tr\/wp-json\/wp\/v2\/posts\/41681","targetHints":{"allow":["GET"]}}],"collection":[{"href":"https:\/\/netbakis.net\/tr\/wp-json\/wp\/v2\/posts"}],"about":[{"href":"https:\/\/netbakis.net\/tr\/wp-json\/wp\/v2\/types\/post"}],"author":[{"embeddable":true,"href":"https:\/\/netbakis.net\/tr\/wp-json\/wp\/v2\/users\/1"}],"replies":[{"embeddable":true,"href":"https:\/\/netbakis.net\/tr\/wp-json\/wp\/v2\/comments?post=41681"}],"version-history":[{"count":1,"href":"https:\/\/netbakis.net\/tr\/wp-json\/wp\/v2\/posts\/41681\/revisions"}],"predecessor-version":[{"id":41682,"href":"https:\/\/netbakis.net\/tr\/wp-json\/wp\/v2\/posts\/41681\/revisions\/41682"}],"wp:featuredmedia":[{"embeddable":true,"href":"https:\/\/netbakis.net\/tr\/wp-json\/wp\/v2\/media\/29093"}],"wp:attachment":[{"href":"https:\/\/netbakis.net\/tr\/wp-json\/wp\/v2\/media?parent=41681"}],"wp:term":[{"taxonomy":"category","embeddable":true,"href":"https:\/\/netbakis.net\/tr\/wp-json\/wp\/v2\/categories?post=41681"},{"taxonomy":"post_tag","embeddable":true,"href":"https:\/\/netbakis.net\/tr\/wp-json\/wp\/v2\/tags?post=41681"}],"curies":[{"name":"wp","href":"https:\/\/api.w.org\/{rel}","templated":true}]}}