{"id":41679,"date":"2026-09-02T17:22:40","date_gmt":"2026-09-02T17:22:40","guid":{"rendered":"https:\/\/netbakis.net\/?p=41679"},"modified":"2026-09-02T17:22:42","modified_gmt":"2026-09-02T17:22:42","slug":"sila-usar-incirli-ustel-hukumetinin-bir-bakanini-gorevden-alarak-sorumluluktan-kurtulmasi-mumkun-degildir","status":"publish","type":"post","link":"https:\/\/netbakis.net\/tr\/41679\/","title":{"rendered":"S\u0131la Usar \u0130ncirli: \u00dcstel h\u00fck\u00fcmetinin, bir bakan\u0131n\u0131 g\u00f6revden alarak sorumluluktan kurtulmas\u0131 m\u00fcmk\u00fcn de\u011fildir"},"content":{"rendered":"<p class=\"wp-block-paragraph\">CTP Genel Ba\u015fkan\u0131 S\u0131la Usar \u0130ncirli, Bay\u0131nd\u0131rl\u0131k ve Ula\u015ft\u0131rma Bakan\u0131 Erhan Ar\u0131kl\u0131&#8217;n\u0131n g\u00f6revden al\u0131nmas\u0131na i\u015faret ederek, &#8220;\u00dcstel h\u00fck\u00fcmetinin, bir bakan\u0131n\u0131 g\u00f6revden alarak sorumluluktan kurtulmas\u0131 m\u00fcmk\u00fcn de\u011fildir&#8221; dedi.<br><br>Cumhuriyet\u00e7i T\u00fcrk Partisi (CTP) Genel Ba\u015fkan\u0131 S\u0131la Usar \u0130ncirli, sosyal medya hesab\u0131ndan yapt\u0131\u011f\u0131 a\u00e7\u0131klamada, \u201cDevletin kurumsal yap\u0131s\u0131n\u0131 \u00e7\u00fcr\u00fcten, denetim mekanizmalar\u0131n\u0131 fel\u00e7 eden, liyakati tamamen ortadan kald\u0131ran, yolsuzluk ve k\u00f6t\u00fc y\u00f6netimle devletin temellerini sarsan \u00dcnal \u00dcstel h\u00fck\u00fcmetinin, bir bakan\u0131n\u0131 g\u00f6revden alarak sorumluluktan kurtulmas\u0131 m\u00fcmk\u00fcn de\u011fildir\u201d dedi.<\/p>\n\n\n\n<p class=\"wp-block-paragraph\">CTP lideri \u0130ncirli&#8217;nin a\u00e7\u0131klamas\u0131 \u015f\u00f6yle:<\/p>\n\n\n\n<p class=\"wp-block-paragraph\">\u201c\u00dclkemiz, be\u015f y\u0131l\u0131 a\u015fk\u0131n bir s\u00fcredir adeta bir kabusun i\u00e7inde ya\u015famaktad\u0131r. Devletin kurumsal yap\u0131s\u0131n\u0131 \u00e7\u00fcr\u00fcten, denetim mekanizmalar\u0131n\u0131 fel\u00e7 eden, liyakati tamamen ortadan kald\u0131ran, yolsuzluk ve k\u00f6t\u00fc y\u00f6netimle devletin temellerini sarsan \u00dcnal \u00dcstel h\u00fck\u00fcmetinin, bir bakan\u0131n\u0131 g\u00f6revden alarak sorumluluktan kurtulmas\u0131 m\u00fcmk\u00fcn de\u011fildir<\/p>\n\n\n\n<p class=\"wp-block-paragraph\">Bug\u00fcn halk\u0131m\u0131z\u0131n ya\u015fad\u0131\u011f\u0131 bir\u00e7ok olumszlu\u011fun temelinde, \u00dcstel h\u00fck\u00fcmetinin k\u00f6t\u00fc y\u00f6netimi yatmaktad\u0131r. Say\u0131n \u00dcstel, Say\u0131n Ar\u0131kl\u0131\u2019y\u0131 g\u00f6revden alarak ya da kabine de\u011fi\u015fikliklerine s\u0131\u011f\u0131narak siyasi sorumluluktan ka\u00e7amaz, kendini aklayamaz.<\/p>\n\n\n\n<p class=\"wp-block-paragraph\">Bug\u00fcn kar\u015f\u0131 kar\u015f\u0131ya kald\u0131\u011f\u0131m\u0131z bu felaketler, uyar\u0131lar\u0131m\u0131za ra\u011fmen g\u00f6z g\u00f6re g\u00f6re gelmi\u015ftir. Daha iki hafta \u00f6nce, \u00fclkede ba\u015f g\u00f6steren ciddi g\u00fcvenlik sorunlar\u0131ndan hareketle Meclis\u2019i ola\u011fan\u00fcst\u00fc genel kurula \u00e7a\u011f\u0131rd\u0131\u011f\u0131m\u0131zda, h\u00fck\u00fcmet bu hayati konuyu g\u00f6r\u00fc\u015fmekten ve halk\u0131n kar\u015f\u0131s\u0131na \u00e7\u0131kmaktan a\u00e7\u0131k\u00e7a ka\u00e7m\u0131\u015ft\u0131r. Ortadaki \u00e7\u0131plak ger\u00e7ek \u015fudur: Devlet, bu h\u00fck\u00fcmetin elinde vatanda\u015f\u0131na hizmet veren, koruyan de\u011fil, sorun \u00fcreten bir yap\u0131 haline gelmi\u015ftir.<\/p>\n\n\n\n<p class=\"wp-block-paragraph\">Halk\u0131m\u0131z\u0131n haf\u0131zas\u0131nda derin yaralar a\u00e7an sahte re\u00e7ete soru\u015fturmas\u0131, bebeklerimizin hayat\u0131na mal olan alkoll\u00fc mama skandal\u0131, Kumyal\u0131\u2019daki silo patlamas\u0131, yollar\u0131m\u0131zda her g\u00fcn can alan trafik kazalar\u0131 ve nihayetinde ya\u015fad\u0131\u011f\u0131m\u0131z son deniz facias\u0131, k\u00f6t\u00fc, \u00e7\u00fcr\u00fcm\u00fc\u015f ve sorumluluk bilincinden yoksun bir y\u00f6netimin \u00fclkemize \u00f6detti\u011fi a\u011f\u0131r bedellerin sadece birka\u00e7\u0131d\u0131r.<\/p>\n\n\n\n<p class=\"wp-block-paragraph\">K\u0131br\u0131s T\u00fcrk halk\u0131 bu k\u00f6t\u00fc y\u00f6netime, bu basiretsizli\u011fe ve bu karanl\u0131k tabloya asla mahkum de\u011fildir. Merkezine insan\u0131 koyan, g\u00fcven veren, d\u00fcr\u00fcst ve \u015feffaf bir y\u00f6netim anlay\u0131\u015f\u0131yla hep birlikte \u00fclkemizi g\u00fczel g\u00fcnlere ta\u015f\u0131yaca\u011f\u0131z.&#8221;<\/p>","protected":false},"excerpt":{"rendered":"<p>CTP Genel Ba\u015fkan\u0131 S\u0131la Usar \u0130ncirli, Bay\u0131nd\u0131rl\u0131k ve Ula\u015ft\u0131rma Bakan\u0131 Erhan Ar\u0131kl\u0131&#8217;n\u0131n g\u00f6revden al\u0131nmas\u0131na i\u015faret ederek, &#8220;\u00dcstel h\u00fck\u00fcmetinin, bir bakan\u0131n\u0131 g\u00f6revden alarak sorumluluktan kurtulmas\u0131 m\u00fcmk\u00fcn de\u011fildir&#8221; dedi. Cumhuriyet\u00e7i T\u00fcrk Partisi (CTP) Genel Ba\u015fkan\u0131 S\u0131la Usar \u0130ncirli, sosyal medya hesab\u0131ndan yapt\u0131\u011f\u0131 a\u00e7\u0131klamada, \u201cDevletin kurumsal yap\u0131s\u0131n\u0131 \u00e7\u00fcr\u00fcten, denetim mekanizmalar\u0131n\u0131 fel\u00e7 eden, liyakati tamamen ortadan kald\u0131ran, yolsuzluk ve [&hellip;]<\/p>","protected":false},"author":1,"featured_media":40453,"comment_status":"open","ping_status":"open","sticky":false,"template":"","format":"standard","meta":{"om_disable_all_campaigns":false,"_monsterinsights_skip_tracking":false,"_monsterinsights_sitenote_active":false,"_monsterinsights_sitenote_note":"","_monsterinsights_sitenote_category":0,"_uf_show_specific_survey":0,"_uf_disable_surveys":false,"footnotes":"","jetpack_publicize_message":"","jetpack_publicize_feature_enabled":true,"jetpack_social_post_already_shared":true,"jetpack_social_options":{"image_generator_settings":{"template":"highway","default_image_id":0,"font":"","enabled":false},"version":2}},"categories":[81],"tags":[],"class_list":["post-41679","post","type-post","status-publish","format-standard","has-post-thumbnail","category-gundem"],"yoast_head":"<!-- This site is optimized with the Yoast SEO plugin v23.8 - https:\/\/yoast.com\/wordpress\/plugins\/seo\/ -->\n<title>S\u0131la Usar \u0130ncirli: \u00dcstel h\u00fck\u00fcmetinin, bir bakan\u0131n\u0131 g\u00f6revden alarak sorumluluktan kurtulmas\u0131 m\u00fcmk\u00fcn de\u011fildir - NETBAKIS<\/title>\n<meta name=\"robots\" content=\"index, follow, max-snippet:-1, max-image-preview:large, max-video-preview:-1\" \/>\n<link rel=\"canonical\" href=\"https:\/\/netbakis.net\/tr\/41679\/\" \/>\n<meta property=\"og:locale\" content=\"tr_TR\" \/>\n<meta property=\"og:type\" content=\"article\" \/>\n<meta property=\"og:title\" content=\"S\u0131la Usar \u0130ncirli: \u00dcstel h\u00fck\u00fcmetinin, bir bakan\u0131n\u0131 g\u00f6revden alarak sorumluluktan kurtulmas\u0131 m\u00fcmk\u00fcn de\u011fildir - NETBAKIS\" \/>\n<meta property=\"og:description\" content=\"CTP Genel Ba\u015fkan\u0131 S\u0131la Usar \u0130ncirli, Bay\u0131nd\u0131rl\u0131k ve Ula\u015ft\u0131rma Bakan\u0131 Erhan Ar\u0131kl\u0131&#8217;n\u0131n g\u00f6revden al\u0131nmas\u0131na i\u015faret ederek, &#8220;\u00dcstel h\u00fck\u00fcmetinin, bir bakan\u0131n\u0131 g\u00f6revden alarak sorumluluktan kurtulmas\u0131 m\u00fcmk\u00fcn de\u011fildir&#8221; dedi. Cumhuriyet\u00e7i T\u00fcrk Partisi (CTP) Genel Ba\u015fkan\u0131 S\u0131la Usar \u0130ncirli, sosyal medya hesab\u0131ndan yapt\u0131\u011f\u0131 a\u00e7\u0131klamada, \u201cDevletin kurumsal yap\u0131s\u0131n\u0131 \u00e7\u00fcr\u00fcten, denetim mekanizmalar\u0131n\u0131 fel\u00e7 eden, liyakati tamamen ortadan kald\u0131ran, yolsuzluk ve [&hellip;]\" \/>\n<meta property=\"og:url\" content=\"https:\/\/netbakis.net\/tr\/41679\/\" \/>\n<meta property=\"og:site_name\" content=\"NETBAKIS\" \/>\n<meta property=\"article:published_time\" content=\"2026-09-02T17:22:40+00:00\" \/>\n<meta property=\"article:modified_time\" content=\"2026-09-02T17:22:42+00:00\" \/>\n<meta property=\"og:image\" content=\"https:\/\/netbakis.net\/wp-content\/uploads\/2026\/06\/silll.webp\" \/>\n\t<meta property=\"og:image:width\" content=\"1280\" \/>\n\t<meta property=\"og:image:height\" content=\"720\" \/>\n\t<meta property=\"og:image:type\" content=\"image\/webp\" \/>\n<meta name=\"author\" content=\"netbakis.net\" \/>\n<meta name=\"twitter:card\" content=\"summary_large_image\" \/>\n<meta name=\"twitter:label1\" content=\"Yazan:\" \/>\n\t<meta name=\"twitter:data1\" content=\"netbakis.net\" \/>\n\t<meta name=\"twitter:label2\" content=\"Tahmini okuma s\u00fcresi\" \/>\n\t<meta name=\"twitter:data2\" content=\"2 dakika\" \/>\n<script type=\"application\/ld+json\" class=\"yoast-schema-graph\">{\"@context\":\"https:\/\/schema.org\",\"@graph\":[{\"@type\":\"WebPage\",\"@id\":\"https:\/\/netbakis.net\/41679\/\",\"url\":\"https:\/\/netbakis.net\/41679\/\",\"name\":\"S\u0131la Usar \u0130ncirli: \u00dcstel h\u00fck\u00fcmetinin, bir bakan\u0131n\u0131 g\u00f6revden alarak sorumluluktan kurtulmas\u0131 m\u00fcmk\u00fcn de\u011fildir - NETBAKIS\",\"isPartOf\":{\"@id\":\"https:\/\/netbakis.net\/#website\"},\"primaryImageOfPage\":{\"@id\":\"https:\/\/netbakis.net\/41679\/#primaryimage\"},\"image\":{\"@id\":\"https:\/\/netbakis.net\/41679\/#primaryimage\"},\"thumbnailUrl\":\"https:\/\/netbakis.net\/wp-content\/uploads\/2026\/06\/silll.webp\",\"datePublished\":\"2026-09-02T17:22:40+00:00\",\"dateModified\":\"2026-09-02T17:22:42+00:00\",\"author\":{\"@id\":\"https:\/\/netbakis.net\/#\/schema\/person\/5d9b5c3f48ca4a3c69967d619fc8c7f4\"},\"breadcrumb\":{\"@id\":\"https:\/\/netbakis.net\/41679\/#breadcrumb\"},\"inLanguage\":\"tr\",\"potentialAction\":[{\"@type\":\"ReadAction\",\"target\":[\"https:\/\/netbakis.net\/41679\/\"]}]},{\"@type\":\"ImageObject\",\"inLanguage\":\"tr\",\"@id\":\"https:\/\/netbakis.net\/41679\/#primaryimage\",\"url\":\"https:\/\/netbakis.net\/wp-content\/uploads\/2026\/06\/silll.webp\",\"contentUrl\":\"https:\/\/netbakis.net\/wp-content\/uploads\/2026\/06\/silll.webp\",\"width\":1280,\"height\":720},{\"@type\":\"BreadcrumbList\",\"@id\":\"https:\/\/netbakis.net\/41679\/#breadcrumb\",\"itemListElement\":[{\"@type\":\"ListItem\",\"position\":1,\"name\":\"Home\",\"item\":\"https:\/\/netbakis.net\/\"},{\"@type\":\"ListItem\",\"position\":2,\"name\":\"S\u0131la Usar \u0130ncirli: \u00dcstel h\u00fck\u00fcmetinin, bir bakan\u0131n\u0131 g\u00f6revden alarak sorumluluktan kurtulmas\u0131 m\u00fcmk\u00fcn de\u011fildir\"}]},{\"@type\":\"WebSite\",\"@id\":\"https:\/\/netbakis.net\/#website\",\"url\":\"https:\/\/netbakis.net\/\",\"name\":\"NETBAKIS\",\"description\":\"SON DAKIKA\",\"potentialAction\":[{\"@type\":\"SearchAction\",\"target\":{\"@type\":\"EntryPoint\",\"urlTemplate\":\"https:\/\/netbakis.net\/?s={search_term_string}\"},\"query-input\":{\"@type\":\"PropertyValueSpecification\",\"valueRequired\":true,\"valueName\":\"search_term_string\"}}],\"inLanguage\":\"tr\"},{\"@type\":\"Person\",\"@id\":\"https:\/\/netbakis.net\/#\/schema\/person\/5d9b5c3f48ca4a3c69967d619fc8c7f4\",\"name\":\"netbakis.net\",\"image\":{\"@type\":\"ImageObject\",\"inLanguage\":\"tr\",\"@id\":\"https:\/\/netbakis.net\/#\/schema\/person\/image\/\",\"url\":\"https:\/\/secure.gravatar.com\/avatar\/4ddeae49d2d3e3568a8d5b0937642efdf0b72468dbe3f213bc1978faa47af0d1?s=96&d=wp_user_avatar&r=g\",\"contentUrl\":\"https:\/\/secure.gravatar.com\/avatar\/4ddeae49d2d3e3568a8d5b0937642efdf0b72468dbe3f213bc1978faa47af0d1?s=96&d=wp_user_avatar&r=g\",\"caption\":\"netbakis.net\"},\"sameAs\":[\"https:\/\/netbakis.net\"],\"url\":\"https:\/\/netbakis.net\/tr\/author\/netbakis-net\/\"}]}<\/script>\n<!-- \/ Yoast SEO plugin. -->","yoast_head_json":{"title":"S\u0131la Usar \u0130ncirli: \u00dcstel h\u00fck\u00fcmetinin, bir bakan\u0131n\u0131 g\u00f6revden alarak sorumluluktan kurtulmas\u0131 m\u00fcmk\u00fcn de\u011fildir - NETBAKIS","robots":{"index":"index","follow":"follow","max-snippet":"max-snippet:-1","max-image-preview":"max-image-preview:large","max-video-preview":"max-video-preview:-1"},"canonical":"https:\/\/netbakis.net\/tr\/41679\/","og_locale":"tr_TR","og_type":"article","og_title":"S\u0131la Usar \u0130ncirli: \u00dcstel h\u00fck\u00fcmetinin, bir bakan\u0131n\u0131 g\u00f6revden alarak sorumluluktan kurtulmas\u0131 m\u00fcmk\u00fcn de\u011fildir - NETBAKIS","og_description":"CTP Genel Ba\u015fkan\u0131 S\u0131la Usar \u0130ncirli, Bay\u0131nd\u0131rl\u0131k ve Ula\u015ft\u0131rma Bakan\u0131 Erhan Ar\u0131kl\u0131&#8217;n\u0131n g\u00f6revden al\u0131nmas\u0131na i\u015faret ederek, &#8220;\u00dcstel h\u00fck\u00fcmetinin, bir bakan\u0131n\u0131 g\u00f6revden alarak sorumluluktan kurtulmas\u0131 m\u00fcmk\u00fcn de\u011fildir&#8221; dedi. Cumhuriyet\u00e7i T\u00fcrk Partisi (CTP) Genel Ba\u015fkan\u0131 S\u0131la Usar \u0130ncirli, sosyal medya hesab\u0131ndan yapt\u0131\u011f\u0131 a\u00e7\u0131klamada, \u201cDevletin kurumsal yap\u0131s\u0131n\u0131 \u00e7\u00fcr\u00fcten, denetim mekanizmalar\u0131n\u0131 fel\u00e7 eden, liyakati tamamen ortadan kald\u0131ran, yolsuzluk ve [&hellip;]","og_url":"https:\/\/netbakis.net\/tr\/41679\/","og_site_name":"NETBAKIS","article_published_time":"2026-09-02T17:22:40+00:00","article_modified_time":"2026-09-02T17:22:42+00:00","og_image":[{"width":1280,"height":720,"url":"https:\/\/netbakis.net\/wp-content\/uploads\/2026\/06\/silll.webp","type":"image\/webp"}],"author":"netbakis.net","twitter_card":"summary_large_image","twitter_misc":{"Yazan:":"netbakis.net","Tahmini okuma s\u00fcresi":"2 dakika"},"schema":{"@context":"https:\/\/schema.org","@graph":[{"@type":"WebPage","@id":"https:\/\/netbakis.net\/41679\/","url":"https:\/\/netbakis.net\/41679\/","name":"S\u0131la Usar \u0130ncirli: \u00dcstel h\u00fck\u00fcmetinin, bir bakan\u0131n\u0131 g\u00f6revden alarak sorumluluktan kurtulmas\u0131 m\u00fcmk\u00fcn de\u011fildir - NETBAKIS","isPartOf":{"@id":"https:\/\/netbakis.net\/#website"},"primaryImageOfPage":{"@id":"https:\/\/netbakis.net\/41679\/#primaryimage"},"image":{"@id":"https:\/\/netbakis.net\/41679\/#primaryimage"},"thumbnailUrl":"https:\/\/netbakis.net\/wp-content\/uploads\/2026\/06\/silll.webp","datePublished":"2026-09-02T17:22:40+00:00","dateModified":"2026-09-02T17:22:42+00:00","author":{"@id":"https:\/\/netbakis.net\/#\/schema\/person\/5d9b5c3f48ca4a3c69967d619fc8c7f4"},"breadcrumb":{"@id":"https:\/\/netbakis.net\/41679\/#breadcrumb"},"inLanguage":"tr","potentialAction":[{"@type":"ReadAction","target":["https:\/\/netbakis.net\/41679\/"]}]},{"@type":"ImageObject","inLanguage":"tr","@id":"https:\/\/netbakis.net\/41679\/#primaryimage","url":"https:\/\/netbakis.net\/wp-content\/uploads\/2026\/06\/silll.webp","contentUrl":"https:\/\/netbakis.net\/wp-content\/uploads\/2026\/06\/silll.webp","width":1280,"height":720},{"@type":"BreadcrumbList","@id":"https:\/\/netbakis.net\/41679\/#breadcrumb","itemListElement":[{"@type":"ListItem","position":1,"name":"Home","item":"https:\/\/netbakis.net\/"},{"@type":"ListItem","position":2,"name":"S\u0131la Usar \u0130ncirli: \u00dcstel h\u00fck\u00fcmetinin, bir bakan\u0131n\u0131 g\u00f6revden alarak sorumluluktan kurtulmas\u0131 m\u00fcmk\u00fcn de\u011fildir"}]},{"@type":"WebSite","@id":"https:\/\/netbakis.net\/#website","url":"https:\/\/netbakis.net\/","name":"NETBAKIS","description":"SON DAKIKA","potentialAction":[{"@type":"SearchAction","target":{"@type":"EntryPoint","urlTemplate":"https:\/\/netbakis.net\/?s={search_term_string}"},"query-input":{"@type":"PropertyValueSpecification","valueRequired":true,"valueName":"search_term_string"}}],"inLanguage":"tr"},{"@type":"Person","@id":"https:\/\/netbakis.net\/#\/schema\/person\/5d9b5c3f48ca4a3c69967d619fc8c7f4","name":"netbakis.net","image":{"@type":"ImageObject","inLanguage":"tr","@id":"https:\/\/netbakis.net\/#\/schema\/person\/image\/","url":"https:\/\/secure.gravatar.com\/avatar\/4ddeae49d2d3e3568a8d5b0937642efdf0b72468dbe3f213bc1978faa47af0d1?s=96&d=wp_user_avatar&r=g","contentUrl":"https:\/\/secure.gravatar.com\/avatar\/4ddeae49d2d3e3568a8d5b0937642efdf0b72468dbe3f213bc1978faa47af0d1?s=96&d=wp_user_avatar&r=g","caption":"netbakis.net"},"sameAs":["https:\/\/netbakis.net"],"url":"https:\/\/netbakis.net\/tr\/author\/netbakis-net\/"}]}},"jetpack_publicize_connections":[],"_links":{"self":[{"href":"https:\/\/netbakis.net\/tr\/wp-json\/wp\/v2\/posts\/41679","targetHints":{"allow":["GET"]}}],"collection":[{"href":"https:\/\/netbakis.net\/tr\/wp-json\/wp\/v2\/posts"}],"about":[{"href":"https:\/\/netbakis.net\/tr\/wp-json\/wp\/v2\/types\/post"}],"author":[{"embeddable":true,"href":"https:\/\/netbakis.net\/tr\/wp-json\/wp\/v2\/users\/1"}],"replies":[{"embeddable":true,"href":"https:\/\/netbakis.net\/tr\/wp-json\/wp\/v2\/comments?post=41679"}],"version-history":[{"count":1,"href":"https:\/\/netbakis.net\/tr\/wp-json\/wp\/v2\/posts\/41679\/revisions"}],"predecessor-version":[{"id":41680,"href":"https:\/\/netbakis.net\/tr\/wp-json\/wp\/v2\/posts\/41679\/revisions\/41680"}],"wp:featuredmedia":[{"embeddable":true,"href":"https:\/\/netbakis.net\/tr\/wp-json\/wp\/v2\/media\/40453"}],"wp:attachment":[{"href":"https:\/\/netbakis.net\/tr\/wp-json\/wp\/v2\/media?parent=41679"}],"wp:term":[{"taxonomy":"category","embeddable":true,"href":"https:\/\/netbakis.net\/tr\/wp-json\/wp\/v2\/categories?post=41679"},{"taxonomy":"post_tag","embeddable":true,"href":"https:\/\/netbakis.net\/tr\/wp-json\/wp\/v2\/tags?post=41679"}],"curies":[{"name":"wp","href":"https:\/\/api.w.org\/{rel}","templated":true}]}}