{"id":41662,"date":"2026-09-01T17:01:27","date_gmt":"2026-09-01T17:01:27","guid":{"rendered":"https:\/\/netbakis.net\/?p=41662"},"modified":"2026-09-01T17:01:29","modified_gmt":"2026-09-01T17:01:29","slug":"14-yasindaki-nisa-torer-gaziantepte-topraga-verildi-babasi-ferdi-torer-hala-kayip","status":"publish","type":"post","link":"https:\/\/netbakis.net\/tr\/41662\/","title":{"rendered":"14 ya\u015f\u0131ndaki Nisa T\u00f6rer Gaziantep\u2019te topra\u011fa verildi: Babas\u0131 Ferdi T\u00f6rer h\u00e2l\u00e2 kay\u0131p"},"content":{"rendered":"<p class=\"wp-block-paragraph\">Girne\u2019de alabora olan Filo Jet\u2019te hayat\u0131n\u0131 kaybeden 14 ya\u015f\u0131ndaki Nisa T\u00f6rer\u2019in cenazesi Gaziantep\u2019te topra\u011fa verildi. Kazadan kurtulan karde\u015fleri 10 ya\u015f\u0131ndaki Yunus ve 11 ya\u015f\u0131ndaki Yusuf\u2019un tedavilerinin ard\u0131ndan taburcu edildi\u011fi \u00f6\u011frenilirken, baba Ferdi T\u00f6rer\u2019i arama \u00e7al\u0131\u015fmalar\u0131 s\u00fcr\u00fcyor. Ailenin yak\u0131n\u0131 Mustafa \u00c7an, \u201cSu\u00e7lular\u0131n en a\u011f\u0131r \u015fekilde cezaland\u0131r\u0131lmalar\u0131n\u0131 istiyoruz. Bir\u00e7ok aile kayboldu, \u00e7ocuklar \u00f6ld\u00fc\u201d dedi.<br><br>Girne\u2019de batan yolcu gemisinde hayat\u0131n\u0131 kaybeden 14 ya\u015f\u0131ndaki Nisa T\u00f6rer&#8217;in cenazesi Gaziantep&#8217;te defnedildi<\/p>\n\n\n\n<p class=\"wp-block-paragraph\">Nisa T\u00f6rer&#8217;in karde\u015fleri 11 ya\u015f\u0131ndaki Yusuf ile 10 ya\u015f\u0131ndaki Yunus kazada kurtar\u0131ld\u0131, babas\u0131 Ferdi T\u00f6rer&#8217;i arama \u00e7al\u0131\u015fmalar\u0131 s\u00fcr\u00fcyor<\/p>\n\n\n\n<p class=\"wp-block-paragraph\">T\u00f6rer ailesinin yak\u0131n\u0131: \u201cFerdi a\u011fabey y\u0131ll\u0131k izne ayr\u0131l\u0131p \u00e7ocuklar\u0131yla, KKTC&#8217;deki halas\u0131n\u0131n yan\u0131na tatile gitmi\u015flerdi. D\u00f6nerken bu elim olay oldu\u2026 Su\u00e7lular\u0131n en a\u011f\u0131r \u015fekilde cezaland\u0131r\u0131lmalar\u0131n\u0131 istiyoruz. Bir\u00e7ok aile kayboldu, \u00e7ocuklar \u00f6ld\u00fc. \u015eu an b\u00fct\u00fcn T\u00fcrkiye olarak y\u00fcre\u011fimiz yan\u0131yor. Bu ac\u0131 hepimizin ac\u0131s\u0131 sadece bizim de\u011fil\u201d<\/p>\n\n\n\n<p class=\"wp-block-paragraph\">Girne\u2019de alabora olan gemide hayat\u0131n\u0131 kaybeden 14 ya\u015f\u0131ndaki Nisa T\u00f6rer&#8217;in cenazesi, Gaziantep&#8217;te topra\u011fa verildi.<\/p>\n\n\n\n<p class=\"wp-block-paragraph\">Asri Mezarl\u0131k morgundan al\u0131nan T\u00f6rer&#8217;in cenazesi Ye\u015filkent Mezarl\u0131\u011f\u0131&#8217;na getirildi.<\/p>\n\n\n\n<p class=\"wp-block-paragraph\">Burada d\u00fczenlenen cenaze t\u00f6renine T\u00f6rer&#8217;in ailesi, Vali Yard\u0131mc\u0131s\u0131 \u0130lker Eker ile vatanda\u015flar kat\u0131ld\u0131.<\/p>\n\n\n\n<p class=\"wp-block-paragraph\">Ayn\u0131 kazada kurtulan T\u00f6rer&#8217;in karde\u015fleri 11 ya\u015f\u0131ndaki Yusuf ile 10 ya\u015f\u0131ndaki Yunus&#8217;un fenala\u015ft\u0131\u011f\u0131 ve yak\u0131nlar\u0131 taraf\u0131ndan cenazeden uzakla\u015ft\u0131r\u0131ld\u0131\u011f\u0131 \u00f6\u011frenildi.<\/p>\n\n\n\n<p class=\"wp-block-paragraph\">Bu arada, yakla\u015f\u0131k 4 y\u0131l \u00f6nce annesi G\u00fcne\u015f&#8217;i kanser nedeniyle kaybetti\u011fi \u00f6\u011frenilen Nisa T\u00f6rer&#8217;in ayn\u0131 gemide bulunan babas\u0131 Ferdi T\u00f6rer&#8217;i arama \u00e7al\u0131\u015fmalar\u0131n\u0131n da s\u00fcrd\u00fc\u011f\u00fc belirtildi.<\/p>\n\n\n\n<p class=\"wp-block-paragraph\">T\u00f6rer ailesinin yak\u0131n\u0131 Mustafa \u00c7an, gazetecilere yapt\u0131\u011f\u0131 a\u00e7\u0131klamada, ailenin hem akrabalar\u0131 hem de kom\u015fular\u0131 olduklar\u0131n\u0131 belirterek, &#8220;4 y\u0131l \u00f6nce anneleri vefat etmi\u015fti. Ferdi a\u011fabey y\u0131ll\u0131k izne ayr\u0131l\u0131p \u00e7ocuklar\u0131yla, KKTC&#8217;deki halas\u0131n\u0131n yan\u0131na tatile gitmi\u015flerdi. D\u00f6nerken bu elim olay oldu. \u015eu an k\u0131z\u0131m\u0131za ula\u015ft\u0131k, bug\u00fcn defnettik. Ferdi T\u00f6rer kay\u0131p, halen haber yok. 10 ve 11 ya\u015flar\u0131nda 2 \u00e7ocuklar\u0131 var, \u00e7ok \u015f\u00fck\u00fcr onlar sa\u011f salim kurtuldu.&#8221; diye konu\u015ftu.<\/p>\n\n\n\n<p class=\"wp-block-paragraph\">\u00c7an, soru\u015fturmayla ilgili de &#8220;Su\u00e7lular\u0131n en a\u011f\u0131r \u015fekilde cezaland\u0131r\u0131lmalar\u0131n\u0131 istiyoruz. Bir\u00e7ok aile kayboldu, \u00e7ocuklar \u00f6ld\u00fc. \u015eu an b\u00fct\u00fcn T\u00fcrkiye olarak y\u00fcre\u011fimiz yan\u0131yor. Bu ac\u0131 hepimizin ac\u0131s\u0131 sadece bizim de\u011fil.&#8221; dedi.<\/p>","protected":false},"excerpt":{"rendered":"<p>Girne\u2019de alabora olan Filo Jet\u2019te hayat\u0131n\u0131 kaybeden 14 ya\u015f\u0131ndaki Nisa T\u00f6rer\u2019in cenazesi Gaziantep\u2019te topra\u011fa verildi. Kazadan kurtulan karde\u015fleri 10 ya\u015f\u0131ndaki Yunus ve 11 ya\u015f\u0131ndaki Yusuf\u2019un tedavilerinin ard\u0131ndan taburcu edildi\u011fi \u00f6\u011frenilirken, baba Ferdi T\u00f6rer\u2019i arama \u00e7al\u0131\u015fmalar\u0131 s\u00fcr\u00fcyor. Ailenin yak\u0131n\u0131 Mustafa \u00c7an, \u201cSu\u00e7lular\u0131n en a\u011f\u0131r \u015fekilde cezaland\u0131r\u0131lmalar\u0131n\u0131 istiyoruz. Bir\u00e7ok aile kayboldu, \u00e7ocuklar \u00f6ld\u00fc\u201d dedi. Girne\u2019de batan yolcu [&hellip;]<\/p>","protected":false},"author":1,"featured_media":41663,"comment_status":"open","ping_status":"open","sticky":false,"template":"","format":"standard","meta":{"om_disable_all_campaigns":false,"_monsterinsights_skip_tracking":false,"_monsterinsights_sitenote_active":false,"_monsterinsights_sitenote_note":"","_monsterinsights_sitenote_category":0,"_uf_show_specific_survey":0,"_uf_disable_surveys":false,"footnotes":"","jetpack_publicize_message":"","jetpack_publicize_feature_enabled":true,"jetpack_social_post_already_shared":true,"jetpack_social_options":{"image_generator_settings":{"template":"highway","default_image_id":0,"font":"","enabled":false},"version":2}},"categories":[81],"tags":[],"class_list":["post-41662","post","type-post","status-publish","format-standard","has-post-thumbnail","category-gundem"],"yoast_head":"<!-- This site is optimized with the Yoast SEO plugin v23.8 - https:\/\/yoast.com\/wordpress\/plugins\/seo\/ -->\n<title>14 ya\u015f\u0131ndaki Nisa T\u00f6rer Gaziantep\u2019te topra\u011fa verildi: Babas\u0131 Ferdi T\u00f6rer h\u00e2l\u00e2 kay\u0131p - NETBAKIS<\/title>\n<meta name=\"robots\" content=\"index, follow, max-snippet:-1, max-image-preview:large, max-video-preview:-1\" \/>\n<link rel=\"canonical\" href=\"https:\/\/netbakis.net\/tr\/41662\/\" \/>\n<meta property=\"og:locale\" content=\"tr_TR\" \/>\n<meta property=\"og:type\" content=\"article\" \/>\n<meta property=\"og:title\" content=\"14 ya\u015f\u0131ndaki Nisa T\u00f6rer Gaziantep\u2019te topra\u011fa verildi: Babas\u0131 Ferdi T\u00f6rer h\u00e2l\u00e2 kay\u0131p - NETBAKIS\" \/>\n<meta property=\"og:description\" content=\"Girne\u2019de alabora olan Filo Jet\u2019te hayat\u0131n\u0131 kaybeden 14 ya\u015f\u0131ndaki Nisa T\u00f6rer\u2019in cenazesi Gaziantep\u2019te topra\u011fa verildi. Kazadan kurtulan karde\u015fleri 10 ya\u015f\u0131ndaki Yunus ve 11 ya\u015f\u0131ndaki Yusuf\u2019un tedavilerinin ard\u0131ndan taburcu edildi\u011fi \u00f6\u011frenilirken, baba Ferdi T\u00f6rer\u2019i arama \u00e7al\u0131\u015fmalar\u0131 s\u00fcr\u00fcyor. Ailenin yak\u0131n\u0131 Mustafa \u00c7an, \u201cSu\u00e7lular\u0131n en a\u011f\u0131r \u015fekilde cezaland\u0131r\u0131lmalar\u0131n\u0131 istiyoruz. Bir\u00e7ok aile kayboldu, \u00e7ocuklar \u00f6ld\u00fc\u201d dedi. Girne\u2019de batan yolcu [&hellip;]\" \/>\n<meta property=\"og:url\" content=\"https:\/\/netbakis.net\/tr\/41662\/\" \/>\n<meta property=\"og:site_name\" content=\"NETBAKIS\" \/>\n<meta property=\"article:published_time\" content=\"2026-09-01T17:01:27+00:00\" \/>\n<meta property=\"article:modified_time\" content=\"2026-09-01T17:01:29+00:00\" \/>\n<meta property=\"og:image\" content=\"https:\/\/netbakis.net\/wp-content\/uploads\/2026\/09\/v2normalhaberboyutuablonsuzkopyaskopyaskopyaskopyaskopyaskopyas-2026-09-01t145009740_1788263425.webp\" \/>\n\t<meta property=\"og:image:width\" content=\"971\" \/>\n\t<meta property=\"og:image:height\" content=\"551\" \/>\n\t<meta property=\"og:image:type\" content=\"image\/webp\" \/>\n<meta name=\"author\" content=\"netbakis.net\" \/>\n<meta name=\"twitter:card\" content=\"summary_large_image\" \/>\n<meta name=\"twitter:label1\" content=\"Yazan:\" \/>\n\t<meta name=\"twitter:data1\" content=\"netbakis.net\" \/>\n\t<meta name=\"twitter:label2\" content=\"Tahmini okuma s\u00fcresi\" \/>\n\t<meta name=\"twitter:data2\" content=\"2 dakika\" \/>\n<script type=\"application\/ld+json\" class=\"yoast-schema-graph\">{\"@context\":\"https:\/\/schema.org\",\"@graph\":[{\"@type\":\"WebPage\",\"@id\":\"https:\/\/netbakis.net\/41662\/\",\"url\":\"https:\/\/netbakis.net\/41662\/\",\"name\":\"14 ya\u015f\u0131ndaki Nisa T\u00f6rer Gaziantep\u2019te topra\u011fa verildi: Babas\u0131 Ferdi T\u00f6rer h\u00e2l\u00e2 kay\u0131p - NETBAKIS\",\"isPartOf\":{\"@id\":\"https:\/\/netbakis.net\/#website\"},\"primaryImageOfPage\":{\"@id\":\"https:\/\/netbakis.net\/41662\/#primaryimage\"},\"image\":{\"@id\":\"https:\/\/netbakis.net\/41662\/#primaryimage\"},\"thumbnailUrl\":\"https:\/\/netbakis.net\/wp-content\/uploads\/2026\/09\/v2normalhaberboyutuablonsuzkopyaskopyaskopyaskopyaskopyaskopyas-2026-09-01t145009740_1788263425.webp\",\"datePublished\":\"2026-09-01T17:01:27+00:00\",\"dateModified\":\"2026-09-01T17:01:29+00:00\",\"author\":{\"@id\":\"https:\/\/netbakis.net\/#\/schema\/person\/5d9b5c3f48ca4a3c69967d619fc8c7f4\"},\"breadcrumb\":{\"@id\":\"https:\/\/netbakis.net\/41662\/#breadcrumb\"},\"inLanguage\":\"tr\",\"potentialAction\":[{\"@type\":\"ReadAction\",\"target\":[\"https:\/\/netbakis.net\/41662\/\"]}]},{\"@type\":\"ImageObject\",\"inLanguage\":\"tr\",\"@id\":\"https:\/\/netbakis.net\/41662\/#primaryimage\",\"url\":\"https:\/\/netbakis.net\/wp-content\/uploads\/2026\/09\/v2normalhaberboyutuablonsuzkopyaskopyaskopyaskopyaskopyaskopyas-2026-09-01t145009740_1788263425.webp\",\"contentUrl\":\"https:\/\/netbakis.net\/wp-content\/uploads\/2026\/09\/v2normalhaberboyutuablonsuzkopyaskopyaskopyaskopyaskopyaskopyas-2026-09-01t145009740_1788263425.webp\",\"width\":971,\"height\":551},{\"@type\":\"BreadcrumbList\",\"@id\":\"https:\/\/netbakis.net\/41662\/#breadcrumb\",\"itemListElement\":[{\"@type\":\"ListItem\",\"position\":1,\"name\":\"Home\",\"item\":\"https:\/\/netbakis.net\/\"},{\"@type\":\"ListItem\",\"position\":2,\"name\":\"14 ya\u015f\u0131ndaki Nisa T\u00f6rer Gaziantep\u2019te topra\u011fa verildi: Babas\u0131 Ferdi T\u00f6rer h\u00e2l\u00e2 kay\u0131p\"}]},{\"@type\":\"WebSite\",\"@id\":\"https:\/\/netbakis.net\/#website\",\"url\":\"https:\/\/netbakis.net\/\",\"name\":\"NETBAKIS\",\"description\":\"SON DAKIKA\",\"potentialAction\":[{\"@type\":\"SearchAction\",\"target\":{\"@type\":\"EntryPoint\",\"urlTemplate\":\"https:\/\/netbakis.net\/?s={search_term_string}\"},\"query-input\":{\"@type\":\"PropertyValueSpecification\",\"valueRequired\":true,\"valueName\":\"search_term_string\"}}],\"inLanguage\":\"tr\"},{\"@type\":\"Person\",\"@id\":\"https:\/\/netbakis.net\/#\/schema\/person\/5d9b5c3f48ca4a3c69967d619fc8c7f4\",\"name\":\"netbakis.net\",\"image\":{\"@type\":\"ImageObject\",\"inLanguage\":\"tr\",\"@id\":\"https:\/\/netbakis.net\/#\/schema\/person\/image\/\",\"url\":\"https:\/\/secure.gravatar.com\/avatar\/4ddeae49d2d3e3568a8d5b0937642efdf0b72468dbe3f213bc1978faa47af0d1?s=96&d=wp_user_avatar&r=g\",\"contentUrl\":\"https:\/\/secure.gravatar.com\/avatar\/4ddeae49d2d3e3568a8d5b0937642efdf0b72468dbe3f213bc1978faa47af0d1?s=96&d=wp_user_avatar&r=g\",\"caption\":\"netbakis.net\"},\"sameAs\":[\"https:\/\/netbakis.net\"],\"url\":\"https:\/\/netbakis.net\/tr\/author\/netbakis-net\/\"}]}<\/script>\n<!-- \/ Yoast SEO plugin. -->","yoast_head_json":{"title":"14 ya\u015f\u0131ndaki Nisa T\u00f6rer Gaziantep\u2019te topra\u011fa verildi: Babas\u0131 Ferdi T\u00f6rer h\u00e2l\u00e2 kay\u0131p - NETBAKIS","robots":{"index":"index","follow":"follow","max-snippet":"max-snippet:-1","max-image-preview":"max-image-preview:large","max-video-preview":"max-video-preview:-1"},"canonical":"https:\/\/netbakis.net\/tr\/41662\/","og_locale":"tr_TR","og_type":"article","og_title":"14 ya\u015f\u0131ndaki Nisa T\u00f6rer Gaziantep\u2019te topra\u011fa verildi: Babas\u0131 Ferdi T\u00f6rer h\u00e2l\u00e2 kay\u0131p - NETBAKIS","og_description":"Girne\u2019de alabora olan Filo Jet\u2019te hayat\u0131n\u0131 kaybeden 14 ya\u015f\u0131ndaki Nisa T\u00f6rer\u2019in cenazesi Gaziantep\u2019te topra\u011fa verildi. Kazadan kurtulan karde\u015fleri 10 ya\u015f\u0131ndaki Yunus ve 11 ya\u015f\u0131ndaki Yusuf\u2019un tedavilerinin ard\u0131ndan taburcu edildi\u011fi \u00f6\u011frenilirken, baba Ferdi T\u00f6rer\u2019i arama \u00e7al\u0131\u015fmalar\u0131 s\u00fcr\u00fcyor. Ailenin yak\u0131n\u0131 Mustafa \u00c7an, \u201cSu\u00e7lular\u0131n en a\u011f\u0131r \u015fekilde cezaland\u0131r\u0131lmalar\u0131n\u0131 istiyoruz. Bir\u00e7ok aile kayboldu, \u00e7ocuklar \u00f6ld\u00fc\u201d dedi. Girne\u2019de batan yolcu [&hellip;]","og_url":"https:\/\/netbakis.net\/tr\/41662\/","og_site_name":"NETBAKIS","article_published_time":"2026-09-01T17:01:27+00:00","article_modified_time":"2026-09-01T17:01:29+00:00","og_image":[{"width":971,"height":551,"url":"https:\/\/netbakis.net\/wp-content\/uploads\/2026\/09\/v2normalhaberboyutuablonsuzkopyaskopyaskopyaskopyaskopyaskopyas-2026-09-01t145009740_1788263425.webp","type":"image\/webp"}],"author":"netbakis.net","twitter_card":"summary_large_image","twitter_misc":{"Yazan:":"netbakis.net","Tahmini okuma s\u00fcresi":"2 dakika"},"schema":{"@context":"https:\/\/schema.org","@graph":[{"@type":"WebPage","@id":"https:\/\/netbakis.net\/41662\/","url":"https:\/\/netbakis.net\/41662\/","name":"14 ya\u015f\u0131ndaki Nisa T\u00f6rer Gaziantep\u2019te topra\u011fa verildi: Babas\u0131 Ferdi T\u00f6rer h\u00e2l\u00e2 kay\u0131p - NETBAKIS","isPartOf":{"@id":"https:\/\/netbakis.net\/#website"},"primaryImageOfPage":{"@id":"https:\/\/netbakis.net\/41662\/#primaryimage"},"image":{"@id":"https:\/\/netbakis.net\/41662\/#primaryimage"},"thumbnailUrl":"https:\/\/netbakis.net\/wp-content\/uploads\/2026\/09\/v2normalhaberboyutuablonsuzkopyaskopyaskopyaskopyaskopyaskopyas-2026-09-01t145009740_1788263425.webp","datePublished":"2026-09-01T17:01:27+00:00","dateModified":"2026-09-01T17:01:29+00:00","author":{"@id":"https:\/\/netbakis.net\/#\/schema\/person\/5d9b5c3f48ca4a3c69967d619fc8c7f4"},"breadcrumb":{"@id":"https:\/\/netbakis.net\/41662\/#breadcrumb"},"inLanguage":"tr","potentialAction":[{"@type":"ReadAction","target":["https:\/\/netbakis.net\/41662\/"]}]},{"@type":"ImageObject","inLanguage":"tr","@id":"https:\/\/netbakis.net\/41662\/#primaryimage","url":"https:\/\/netbakis.net\/wp-content\/uploads\/2026\/09\/v2normalhaberboyutuablonsuzkopyaskopyaskopyaskopyaskopyaskopyas-2026-09-01t145009740_1788263425.webp","contentUrl":"https:\/\/netbakis.net\/wp-content\/uploads\/2026\/09\/v2normalhaberboyutuablonsuzkopyaskopyaskopyaskopyaskopyaskopyas-2026-09-01t145009740_1788263425.webp","width":971,"height":551},{"@type":"BreadcrumbList","@id":"https:\/\/netbakis.net\/41662\/#breadcrumb","itemListElement":[{"@type":"ListItem","position":1,"name":"Home","item":"https:\/\/netbakis.net\/"},{"@type":"ListItem","position":2,"name":"14 ya\u015f\u0131ndaki Nisa T\u00f6rer Gaziantep\u2019te topra\u011fa verildi: Babas\u0131 Ferdi T\u00f6rer h\u00e2l\u00e2 kay\u0131p"}]},{"@type":"WebSite","@id":"https:\/\/netbakis.net\/#website","url":"https:\/\/netbakis.net\/","name":"NETBAKIS","description":"SON DAKIKA","potentialAction":[{"@type":"SearchAction","target":{"@type":"EntryPoint","urlTemplate":"https:\/\/netbakis.net\/?s={search_term_string}"},"query-input":{"@type":"PropertyValueSpecification","valueRequired":true,"valueName":"search_term_string"}}],"inLanguage":"tr"},{"@type":"Person","@id":"https:\/\/netbakis.net\/#\/schema\/person\/5d9b5c3f48ca4a3c69967d619fc8c7f4","name":"netbakis.net","image":{"@type":"ImageObject","inLanguage":"tr","@id":"https:\/\/netbakis.net\/#\/schema\/person\/image\/","url":"https:\/\/secure.gravatar.com\/avatar\/4ddeae49d2d3e3568a8d5b0937642efdf0b72468dbe3f213bc1978faa47af0d1?s=96&d=wp_user_avatar&r=g","contentUrl":"https:\/\/secure.gravatar.com\/avatar\/4ddeae49d2d3e3568a8d5b0937642efdf0b72468dbe3f213bc1978faa47af0d1?s=96&d=wp_user_avatar&r=g","caption":"netbakis.net"},"sameAs":["https:\/\/netbakis.net"],"url":"https:\/\/netbakis.net\/tr\/author\/netbakis-net\/"}]}},"jetpack_publicize_connections":[],"_links":{"self":[{"href":"https:\/\/netbakis.net\/tr\/wp-json\/wp\/v2\/posts\/41662","targetHints":{"allow":["GET"]}}],"collection":[{"href":"https:\/\/netbakis.net\/tr\/wp-json\/wp\/v2\/posts"}],"about":[{"href":"https:\/\/netbakis.net\/tr\/wp-json\/wp\/v2\/types\/post"}],"author":[{"embeddable":true,"href":"https:\/\/netbakis.net\/tr\/wp-json\/wp\/v2\/users\/1"}],"replies":[{"embeddable":true,"href":"https:\/\/netbakis.net\/tr\/wp-json\/wp\/v2\/comments?post=41662"}],"version-history":[{"count":1,"href":"https:\/\/netbakis.net\/tr\/wp-json\/wp\/v2\/posts\/41662\/revisions"}],"predecessor-version":[{"id":41664,"href":"https:\/\/netbakis.net\/tr\/wp-json\/wp\/v2\/posts\/41662\/revisions\/41664"}],"wp:featuredmedia":[{"embeddable":true,"href":"https:\/\/netbakis.net\/tr\/wp-json\/wp\/v2\/media\/41663"}],"wp:attachment":[{"href":"https:\/\/netbakis.net\/tr\/wp-json\/wp\/v2\/media?parent=41662"}],"wp:term":[{"taxonomy":"category","embeddable":true,"href":"https:\/\/netbakis.net\/tr\/wp-json\/wp\/v2\/categories?post=41662"},{"taxonomy":"post_tag","embeddable":true,"href":"https:\/\/netbakis.net\/tr\/wp-json\/wp\/v2\/tags?post=41662"}],"curies":[{"name":"wp","href":"https:\/\/api.w.org\/{rel}","templated":true}]}}