{"id":41642,"date":"2026-09-01T16:55:40","date_gmt":"2026-09-01T16:55:40","guid":{"rendered":"https:\/\/netbakis.net\/?p=41642"},"modified":"2026-09-01T16:55:48","modified_gmt":"2026-09-01T16:55:48","slug":"erhurman-bu-isin-ucu-nereye-varirsa-varsin-her-turlu-sorumlulugun-karsiligi-olacak","status":"publish","type":"post","link":"https:\/\/netbakis.net\/tr\/41642\/","title":{"rendered":"Erh\u00fcrman: Bu i\u015fin ucu nereye var\u0131rsa vars\u0131n, her t\u00fcrl\u00fc sorumlulu\u011fun kar\u015f\u0131l\u0131\u011f\u0131 olacak!"},"content":{"rendered":"<p class=\"wp-block-paragraph\">Cumhurba\u015fkan\u0131 Tufan Erh\u00fcrman, Girne a\u00e7\u0131klar\u0131nda meydana gelen deniz facias\u0131n\u0131n ard\u0131ndan kay\u0131p yak\u0131nlar\u0131n\u0131n ac\u0131 ve \u00f6fkesine dikkat \u00e7ekerek, deniz \u00fcst\u00fcnde ve alt\u0131nda \u00e7al\u0131\u015fmalar\u0131n gece-g\u00fcnd\u00fcz aral\u0131ks\u0131z s\u00fcrd\u00fc\u011f\u00fcn\u00fc belirtti. Erh\u00fcrman, facian\u0131n t\u00fcm y\u00f6nleriyle ayd\u0131nlat\u0131laca\u011f\u0131n\u0131 vurgulayarak, \u201cBu i\u015fin ucu nereye var\u0131rsa vars\u0131n, her t\u00fcrl\u00fc sorumlulu\u011fun kar\u015f\u0131l\u0131\u011f\u0131 olacak\u201d dedi.<br><br>Cumhurba\u015fkan\u0131 Tufan Erh\u00fcrman, Girne a\u00e7\u0131klar\u0131nda meydana gelen deniz facias\u0131n\u0131n ard\u0131ndan yak\u0131nlar\u0131ndan haber bekleyen ailelerin ya\u015fad\u0131\u011f\u0131 ac\u0131 ve \u00f6fkeye dikkat \u00e7ekerek, devletin ailelerin yan\u0131nda olmaya devam edece\u011fini belirtti.<\/p>\n\n\n\n<p class=\"wp-block-paragraph\">Erh\u00fcrman, facian\u0131n t\u00fcm y\u00f6nleriyle ortaya \u00e7\u0131kar\u0131lmas\u0131 ve sorumlular\u0131n belirlenmesine ili\u015fkin de net mesaj verdi. &#8220;Tekrar s\u00f6yl\u00fcyorum&#8230; Bu i\u015fin ucu nereye var\u0131rsa vars\u0131n, her t\u00fcrl\u00fc sorumlulu\u011fun kar\u015f\u0131l\u0131\u011f\u0131 olacak\u201d ifadelerini kullanan Erh\u00fcrman, sorumlulu\u011fun kimlere kadar uzand\u0131\u011f\u0131ndan ba\u011f\u0131ms\u0131z olarak gerekli kar\u015f\u0131l\u0131\u011f\u0131n verilece\u011fini vurgulad\u0131.<\/p>\n\n\n\n<p class=\"wp-block-paragraph\">Cumhurba\u015fkan\u0131 Erh\u00fcrman&#8217;\u0131n a\u00e7\u0131klamas\u0131n\u0131n tamam\u0131 \u015fu \u015fekilde:<\/p>\n\n\n\n<p class=\"wp-block-paragraph\">&#8220;Yak\u0131nlar\u0131ndan haber bekleyen aileler s\u00f6zle anlat\u0131lamayacak kadar ac\u0131l\u0131 ve \u00e7ok hakl\u0131 olarak \u00f6fkeli.<\/p>\n\n\n\n<p class=\"wp-block-paragraph\">Bize d\u00fc\u015fen, her ne olursa olsun onlar\u0131n yan\u0131nda olmak, her ne derlerse desinler onlar\u0131 dinlemek ve verebilece\u011fimiz t\u00fcm bilgileri vermek.<\/p>\n\n\n\n<p class=\"wp-block-paragraph\">Deniz \u00fcst\u00fcnde ve alt\u0131nda en \u00fcst d\u00fczeyde teknik olanaklarla \u00e7al\u0131\u015fmalar, gece-g\u00fcnd\u00fcz aral\u0131ks\u0131z devam ediyor.<\/p>\n\n\n\n<p class=\"wp-block-paragraph\">Tekrar s\u00f6yl\u00fcyorum&#8230; Bu i\u015fin ucu nereye var\u0131rsa vars\u0131n, her t\u00fcrl\u00fc sorumlulu\u011fun kar\u015f\u0131l\u0131\u011f\u0131 olacak&#8221;<\/p>\n\n\n\n<iframe loading=\"lazy\" src=\"https:\/\/www.facebook.com\/plugins\/post.php?href=https%3A%2F%2Fwww.facebook.com%2Ftufan.erhurman%2Fposts%2Fpfbid02n4F3hijC7mopDveUUXSGmP7zfNVCEGFD4cQvwbBBZavLjww1iYw7VsyG1rQ9aW8Hl&#038;show_text=true&#038;width=500\" width=\"500\" height=\"260\" style=\"border:none;overflow:hidden\" scrolling=\"no\" frameborder=\"0\" allowfullscreen=\"true\" allow=\"autoplay; clipboard-write; encrypted-media; picture-in-picture; web-share\"><\/iframe>","protected":false},"excerpt":{"rendered":"<p>Cumhurba\u015fkan\u0131 Tufan Erh\u00fcrman, Girne a\u00e7\u0131klar\u0131nda meydana gelen deniz facias\u0131n\u0131n ard\u0131ndan kay\u0131p yak\u0131nlar\u0131n\u0131n ac\u0131 ve \u00f6fkesine dikkat \u00e7ekerek, deniz \u00fcst\u00fcnde ve alt\u0131nda \u00e7al\u0131\u015fmalar\u0131n gece-g\u00fcnd\u00fcz aral\u0131ks\u0131z s\u00fcrd\u00fc\u011f\u00fcn\u00fc belirtti. Erh\u00fcrman, facian\u0131n t\u00fcm y\u00f6nleriyle ayd\u0131nlat\u0131laca\u011f\u0131n\u0131 vurgulayarak, \u201cBu i\u015fin ucu nereye var\u0131rsa vars\u0131n, her t\u00fcrl\u00fc sorumlulu\u011fun kar\u015f\u0131l\u0131\u011f\u0131 olacak\u201d dedi. Cumhurba\u015fkan\u0131 Tufan Erh\u00fcrman, Girne a\u00e7\u0131klar\u0131nda meydana gelen deniz facias\u0131n\u0131n ard\u0131ndan yak\u0131nlar\u0131ndan [&hellip;]<\/p>","protected":false},"author":1,"featured_media":40499,"comment_status":"open","ping_status":"open","sticky":false,"template":"","format":"standard","meta":{"om_disable_all_campaigns":false,"_monsterinsights_skip_tracking":false,"_monsterinsights_sitenote_active":false,"_monsterinsights_sitenote_note":"","_monsterinsights_sitenote_category":0,"_uf_show_specific_survey":0,"_uf_disable_surveys":false,"footnotes":"","jetpack_publicize_message":"","jetpack_publicize_feature_enabled":true,"jetpack_social_post_already_shared":true,"jetpack_social_options":{"image_generator_settings":{"template":"highway","default_image_id":0,"font":"","enabled":false},"version":2}},"categories":[81],"tags":[],"class_list":["post-41642","post","type-post","status-publish","format-standard","has-post-thumbnail","category-gundem"],"yoast_head":"<!-- This site is optimized with the Yoast SEO plugin v23.8 - https:\/\/yoast.com\/wordpress\/plugins\/seo\/ -->\n<title>Erh\u00fcrman: Bu i\u015fin ucu nereye var\u0131rsa vars\u0131n, her t\u00fcrl\u00fc sorumlulu\u011fun kar\u015f\u0131l\u0131\u011f\u0131 olacak! - NETBAKIS<\/title>\n<meta name=\"robots\" content=\"index, follow, max-snippet:-1, max-image-preview:large, max-video-preview:-1\" \/>\n<link rel=\"canonical\" href=\"https:\/\/netbakis.net\/tr\/41642\/\" \/>\n<meta property=\"og:locale\" content=\"tr_TR\" \/>\n<meta property=\"og:type\" content=\"article\" \/>\n<meta property=\"og:title\" content=\"Erh\u00fcrman: Bu i\u015fin ucu nereye var\u0131rsa vars\u0131n, her t\u00fcrl\u00fc sorumlulu\u011fun kar\u015f\u0131l\u0131\u011f\u0131 olacak! - NETBAKIS\" \/>\n<meta property=\"og:description\" content=\"Cumhurba\u015fkan\u0131 Tufan Erh\u00fcrman, Girne a\u00e7\u0131klar\u0131nda meydana gelen deniz facias\u0131n\u0131n ard\u0131ndan kay\u0131p yak\u0131nlar\u0131n\u0131n ac\u0131 ve \u00f6fkesine dikkat \u00e7ekerek, deniz \u00fcst\u00fcnde ve alt\u0131nda \u00e7al\u0131\u015fmalar\u0131n gece-g\u00fcnd\u00fcz aral\u0131ks\u0131z s\u00fcrd\u00fc\u011f\u00fcn\u00fc belirtti. Erh\u00fcrman, facian\u0131n t\u00fcm y\u00f6nleriyle ayd\u0131nlat\u0131laca\u011f\u0131n\u0131 vurgulayarak, \u201cBu i\u015fin ucu nereye var\u0131rsa vars\u0131n, her t\u00fcrl\u00fc sorumlulu\u011fun kar\u015f\u0131l\u0131\u011f\u0131 olacak\u201d dedi. Cumhurba\u015fkan\u0131 Tufan Erh\u00fcrman, Girne a\u00e7\u0131klar\u0131nda meydana gelen deniz facias\u0131n\u0131n ard\u0131ndan yak\u0131nlar\u0131ndan [&hellip;]\" \/>\n<meta property=\"og:url\" content=\"https:\/\/netbakis.net\/tr\/41642\/\" \/>\n<meta property=\"og:site_name\" content=\"NETBAKIS\" \/>\n<meta property=\"article:published_time\" content=\"2026-09-01T16:55:40+00:00\" \/>\n<meta property=\"article:modified_time\" content=\"2026-09-01T16:55:48+00:00\" \/>\n<meta property=\"og:image\" content=\"https:\/\/netbakis.net\/wp-content\/uploads\/2026\/06\/v2normalhaberboyutuablonsuzkopyaskopyaskopyaskopyaskopyaskopyas-2026-06-16t164105068_1781617322.webp\" \/>\n\t<meta property=\"og:image:width\" content=\"971\" \/>\n\t<meta property=\"og:image:height\" content=\"551\" \/>\n\t<meta property=\"og:image:type\" content=\"image\/webp\" \/>\n<meta name=\"author\" content=\"netbakis.net\" \/>\n<meta name=\"twitter:card\" content=\"summary_large_image\" \/>\n<meta name=\"twitter:label1\" content=\"Yazan:\" \/>\n\t<meta name=\"twitter:data1\" content=\"netbakis.net\" \/>\n\t<meta name=\"twitter:label2\" content=\"Tahmini okuma s\u00fcresi\" \/>\n\t<meta name=\"twitter:data2\" content=\"1 dakika\" \/>\n<script type=\"application\/ld+json\" class=\"yoast-schema-graph\">{\"@context\":\"https:\/\/schema.org\",\"@graph\":[{\"@type\":\"WebPage\",\"@id\":\"https:\/\/netbakis.net\/41642\/\",\"url\":\"https:\/\/netbakis.net\/41642\/\",\"name\":\"Erh\u00fcrman: Bu i\u015fin ucu nereye var\u0131rsa vars\u0131n, her t\u00fcrl\u00fc sorumlulu\u011fun kar\u015f\u0131l\u0131\u011f\u0131 olacak! - NETBAKIS\",\"isPartOf\":{\"@id\":\"https:\/\/netbakis.net\/#website\"},\"primaryImageOfPage\":{\"@id\":\"https:\/\/netbakis.net\/41642\/#primaryimage\"},\"image\":{\"@id\":\"https:\/\/netbakis.net\/41642\/#primaryimage\"},\"thumbnailUrl\":\"https:\/\/netbakis.net\/wp-content\/uploads\/2026\/06\/v2normalhaberboyutuablonsuzkopyaskopyaskopyaskopyaskopyaskopyas-2026-06-16t164105068_1781617322.webp\",\"datePublished\":\"2026-09-01T16:55:40+00:00\",\"dateModified\":\"2026-09-01T16:55:48+00:00\",\"author\":{\"@id\":\"https:\/\/netbakis.net\/#\/schema\/person\/5d9b5c3f48ca4a3c69967d619fc8c7f4\"},\"breadcrumb\":{\"@id\":\"https:\/\/netbakis.net\/41642\/#breadcrumb\"},\"inLanguage\":\"tr\",\"potentialAction\":[{\"@type\":\"ReadAction\",\"target\":[\"https:\/\/netbakis.net\/41642\/\"]}]},{\"@type\":\"ImageObject\",\"inLanguage\":\"tr\",\"@id\":\"https:\/\/netbakis.net\/41642\/#primaryimage\",\"url\":\"https:\/\/netbakis.net\/wp-content\/uploads\/2026\/06\/v2normalhaberboyutuablonsuzkopyaskopyaskopyaskopyaskopyaskopyas-2026-06-16t164105068_1781617322.webp\",\"contentUrl\":\"https:\/\/netbakis.net\/wp-content\/uploads\/2026\/06\/v2normalhaberboyutuablonsuzkopyaskopyaskopyaskopyaskopyaskopyas-2026-06-16t164105068_1781617322.webp\",\"width\":971,\"height\":551},{\"@type\":\"BreadcrumbList\",\"@id\":\"https:\/\/netbakis.net\/41642\/#breadcrumb\",\"itemListElement\":[{\"@type\":\"ListItem\",\"position\":1,\"name\":\"Home\",\"item\":\"https:\/\/netbakis.net\/\"},{\"@type\":\"ListItem\",\"position\":2,\"name\":\"Erh\u00fcrman: Bu i\u015fin ucu nereye var\u0131rsa vars\u0131n, her t\u00fcrl\u00fc sorumlulu\u011fun kar\u015f\u0131l\u0131\u011f\u0131 olacak!\"}]},{\"@type\":\"WebSite\",\"@id\":\"https:\/\/netbakis.net\/#website\",\"url\":\"https:\/\/netbakis.net\/\",\"name\":\"NETBAKIS\",\"description\":\"SON DAKIKA\",\"potentialAction\":[{\"@type\":\"SearchAction\",\"target\":{\"@type\":\"EntryPoint\",\"urlTemplate\":\"https:\/\/netbakis.net\/?s={search_term_string}\"},\"query-input\":{\"@type\":\"PropertyValueSpecification\",\"valueRequired\":true,\"valueName\":\"search_term_string\"}}],\"inLanguage\":\"tr\"},{\"@type\":\"Person\",\"@id\":\"https:\/\/netbakis.net\/#\/schema\/person\/5d9b5c3f48ca4a3c69967d619fc8c7f4\",\"name\":\"netbakis.net\",\"image\":{\"@type\":\"ImageObject\",\"inLanguage\":\"tr\",\"@id\":\"https:\/\/netbakis.net\/#\/schema\/person\/image\/\",\"url\":\"https:\/\/secure.gravatar.com\/avatar\/4ddeae49d2d3e3568a8d5b0937642efdf0b72468dbe3f213bc1978faa47af0d1?s=96&d=wp_user_avatar&r=g\",\"contentUrl\":\"https:\/\/secure.gravatar.com\/avatar\/4ddeae49d2d3e3568a8d5b0937642efdf0b72468dbe3f213bc1978faa47af0d1?s=96&d=wp_user_avatar&r=g\",\"caption\":\"netbakis.net\"},\"sameAs\":[\"https:\/\/netbakis.net\"],\"url\":\"https:\/\/netbakis.net\/tr\/author\/netbakis-net\/\"}]}<\/script>\n<!-- \/ Yoast SEO plugin. -->","yoast_head_json":{"title":"Erh\u00fcrman: Bu i\u015fin ucu nereye var\u0131rsa vars\u0131n, her t\u00fcrl\u00fc sorumlulu\u011fun kar\u015f\u0131l\u0131\u011f\u0131 olacak! - NETBAKIS","robots":{"index":"index","follow":"follow","max-snippet":"max-snippet:-1","max-image-preview":"max-image-preview:large","max-video-preview":"max-video-preview:-1"},"canonical":"https:\/\/netbakis.net\/tr\/41642\/","og_locale":"tr_TR","og_type":"article","og_title":"Erh\u00fcrman: Bu i\u015fin ucu nereye var\u0131rsa vars\u0131n, her t\u00fcrl\u00fc sorumlulu\u011fun kar\u015f\u0131l\u0131\u011f\u0131 olacak! - NETBAKIS","og_description":"Cumhurba\u015fkan\u0131 Tufan Erh\u00fcrman, Girne a\u00e7\u0131klar\u0131nda meydana gelen deniz facias\u0131n\u0131n ard\u0131ndan kay\u0131p yak\u0131nlar\u0131n\u0131n ac\u0131 ve \u00f6fkesine dikkat \u00e7ekerek, deniz \u00fcst\u00fcnde ve alt\u0131nda \u00e7al\u0131\u015fmalar\u0131n gece-g\u00fcnd\u00fcz aral\u0131ks\u0131z s\u00fcrd\u00fc\u011f\u00fcn\u00fc belirtti. Erh\u00fcrman, facian\u0131n t\u00fcm y\u00f6nleriyle ayd\u0131nlat\u0131laca\u011f\u0131n\u0131 vurgulayarak, \u201cBu i\u015fin ucu nereye var\u0131rsa vars\u0131n, her t\u00fcrl\u00fc sorumlulu\u011fun kar\u015f\u0131l\u0131\u011f\u0131 olacak\u201d dedi. Cumhurba\u015fkan\u0131 Tufan Erh\u00fcrman, Girne a\u00e7\u0131klar\u0131nda meydana gelen deniz facias\u0131n\u0131n ard\u0131ndan yak\u0131nlar\u0131ndan [&hellip;]","og_url":"https:\/\/netbakis.net\/tr\/41642\/","og_site_name":"NETBAKIS","article_published_time":"2026-09-01T16:55:40+00:00","article_modified_time":"2026-09-01T16:55:48+00:00","og_image":[{"width":971,"height":551,"url":"https:\/\/netbakis.net\/wp-content\/uploads\/2026\/06\/v2normalhaberboyutuablonsuzkopyaskopyaskopyaskopyaskopyaskopyas-2026-06-16t164105068_1781617322.webp","type":"image\/webp"}],"author":"netbakis.net","twitter_card":"summary_large_image","twitter_misc":{"Yazan:":"netbakis.net","Tahmini okuma s\u00fcresi":"1 dakika"},"schema":{"@context":"https:\/\/schema.org","@graph":[{"@type":"WebPage","@id":"https:\/\/netbakis.net\/41642\/","url":"https:\/\/netbakis.net\/41642\/","name":"Erh\u00fcrman: Bu i\u015fin ucu nereye var\u0131rsa vars\u0131n, her t\u00fcrl\u00fc sorumlulu\u011fun kar\u015f\u0131l\u0131\u011f\u0131 olacak! - NETBAKIS","isPartOf":{"@id":"https:\/\/netbakis.net\/#website"},"primaryImageOfPage":{"@id":"https:\/\/netbakis.net\/41642\/#primaryimage"},"image":{"@id":"https:\/\/netbakis.net\/41642\/#primaryimage"},"thumbnailUrl":"https:\/\/netbakis.net\/wp-content\/uploads\/2026\/06\/v2normalhaberboyutuablonsuzkopyaskopyaskopyaskopyaskopyaskopyas-2026-06-16t164105068_1781617322.webp","datePublished":"2026-09-01T16:55:40+00:00","dateModified":"2026-09-01T16:55:48+00:00","author":{"@id":"https:\/\/netbakis.net\/#\/schema\/person\/5d9b5c3f48ca4a3c69967d619fc8c7f4"},"breadcrumb":{"@id":"https:\/\/netbakis.net\/41642\/#breadcrumb"},"inLanguage":"tr","potentialAction":[{"@type":"ReadAction","target":["https:\/\/netbakis.net\/41642\/"]}]},{"@type":"ImageObject","inLanguage":"tr","@id":"https:\/\/netbakis.net\/41642\/#primaryimage","url":"https:\/\/netbakis.net\/wp-content\/uploads\/2026\/06\/v2normalhaberboyutuablonsuzkopyaskopyaskopyaskopyaskopyaskopyas-2026-06-16t164105068_1781617322.webp","contentUrl":"https:\/\/netbakis.net\/wp-content\/uploads\/2026\/06\/v2normalhaberboyutuablonsuzkopyaskopyaskopyaskopyaskopyaskopyas-2026-06-16t164105068_1781617322.webp","width":971,"height":551},{"@type":"BreadcrumbList","@id":"https:\/\/netbakis.net\/41642\/#breadcrumb","itemListElement":[{"@type":"ListItem","position":1,"name":"Home","item":"https:\/\/netbakis.net\/"},{"@type":"ListItem","position":2,"name":"Erh\u00fcrman: Bu i\u015fin ucu nereye var\u0131rsa vars\u0131n, her t\u00fcrl\u00fc sorumlulu\u011fun kar\u015f\u0131l\u0131\u011f\u0131 olacak!"}]},{"@type":"WebSite","@id":"https:\/\/netbakis.net\/#website","url":"https:\/\/netbakis.net\/","name":"NETBAKIS","description":"SON DAKIKA","potentialAction":[{"@type":"SearchAction","target":{"@type":"EntryPoint","urlTemplate":"https:\/\/netbakis.net\/?s={search_term_string}"},"query-input":{"@type":"PropertyValueSpecification","valueRequired":true,"valueName":"search_term_string"}}],"inLanguage":"tr"},{"@type":"Person","@id":"https:\/\/netbakis.net\/#\/schema\/person\/5d9b5c3f48ca4a3c69967d619fc8c7f4","name":"netbakis.net","image":{"@type":"ImageObject","inLanguage":"tr","@id":"https:\/\/netbakis.net\/#\/schema\/person\/image\/","url":"https:\/\/secure.gravatar.com\/avatar\/4ddeae49d2d3e3568a8d5b0937642efdf0b72468dbe3f213bc1978faa47af0d1?s=96&d=wp_user_avatar&r=g","contentUrl":"https:\/\/secure.gravatar.com\/avatar\/4ddeae49d2d3e3568a8d5b0937642efdf0b72468dbe3f213bc1978faa47af0d1?s=96&d=wp_user_avatar&r=g","caption":"netbakis.net"},"sameAs":["https:\/\/netbakis.net"],"url":"https:\/\/netbakis.net\/tr\/author\/netbakis-net\/"}]}},"jetpack_publicize_connections":[],"_links":{"self":[{"href":"https:\/\/netbakis.net\/tr\/wp-json\/wp\/v2\/posts\/41642","targetHints":{"allow":["GET"]}}],"collection":[{"href":"https:\/\/netbakis.net\/tr\/wp-json\/wp\/v2\/posts"}],"about":[{"href":"https:\/\/netbakis.net\/tr\/wp-json\/wp\/v2\/types\/post"}],"author":[{"embeddable":true,"href":"https:\/\/netbakis.net\/tr\/wp-json\/wp\/v2\/users\/1"}],"replies":[{"embeddable":true,"href":"https:\/\/netbakis.net\/tr\/wp-json\/wp\/v2\/comments?post=41642"}],"version-history":[{"count":1,"href":"https:\/\/netbakis.net\/tr\/wp-json\/wp\/v2\/posts\/41642\/revisions"}],"predecessor-version":[{"id":41643,"href":"https:\/\/netbakis.net\/tr\/wp-json\/wp\/v2\/posts\/41642\/revisions\/41643"}],"wp:featuredmedia":[{"embeddable":true,"href":"https:\/\/netbakis.net\/tr\/wp-json\/wp\/v2\/media\/40499"}],"wp:attachment":[{"href":"https:\/\/netbakis.net\/tr\/wp-json\/wp\/v2\/media?parent=41642"}],"wp:term":[{"taxonomy":"category","embeddable":true,"href":"https:\/\/netbakis.net\/tr\/wp-json\/wp\/v2\/categories?post=41642"},{"taxonomy":"post_tag","embeddable":true,"href":"https:\/\/netbakis.net\/tr\/wp-json\/wp\/v2\/tags?post=41642"}],"curies":[{"name":"wp","href":"https:\/\/api.w.org\/{rel}","templated":true}]}}