{"id":41636,"date":"2026-09-01T16:53:34","date_gmt":"2026-09-01T16:53:34","guid":{"rendered":"https:\/\/netbakis.net\/?p=41636"},"modified":"2026-09-01T16:53:37","modified_gmt":"2026-09-01T16:53:37","slug":"ak-parti-heyetinden-girnedeki-kazazedelere-ziyaret-ucu-nereye-varirsa-varsin-takipcisi-olacagiz","status":"publish","type":"post","link":"https:\/\/netbakis.net\/tr\/41636\/","title":{"rendered":"AK Parti heyetinden Girne\u2019deki kazazedelere ziyaret: Ucu nereye var\u0131rsa vars\u0131n takip\u00e7isi olaca\u011f\u0131z"},"content":{"rendered":"<p class=\"wp-block-paragraph\">AK Parti heyeti, Girne a\u00e7\u0131klar\u0131nda meydana gelen gemi facias\u0131n\u0131n ard\u0131ndan hastanelerde tedavi g\u00f6ren kazazedeleri ve ailelerini ziyaret etti. Girne\u2019deki kriz merkezinde y\u00fcr\u00fct\u00fclen \u00e7al\u0131\u015fmalar hakk\u0131nda da bilgi alan heyet, \u201cAziz vatanda\u015flar\u0131m\u0131z m\u00fcsterih olsunlar. Ucu nereye var\u0131rsa vars\u0131n bu konunun takip\u00e7isi olaca\u011f\u0131z. KKTC\u2019nin ac\u0131s\u0131 bizim ac\u0131m\u0131zd\u0131r.\u201d mesaj\u0131n\u0131 verdi.<br><br>AK Parti heyeti, Girne a\u00e7\u0131klar\u0131nda meydana gelen gemi facias\u0131n\u0131n ard\u0131ndan hastanelerde tedavi g\u00f6ren kazazedeleri ve ailelerini ziyaret etti. Heyet, Girne\u2019deki kriz merkezinde y\u00fcr\u00fct\u00fclen \u00e7al\u0131\u015fmalar hakk\u0131nda da bilgi al\u0131rken, \u201cAziz vatanda\u015flar\u0131m\u0131z m\u00fcsterih olsunlar. Ucu nereye var\u0131rsa vars\u0131n bu konunun takip\u00e7isi olaca\u011f\u0131z. KKTC\u2019nin ac\u0131s\u0131 bizim ac\u0131m\u0131zd\u0131r\u201d mesaj\u0131n\u0131 verdi.<\/p>\n\n\n\n<p class=\"wp-block-paragraph\">Girne a\u00e7\u0131klar\u0131nda meydana gelen gemi kazas\u0131n\u0131n ard\u0131ndan hastanelerde tedavileri devam eden kazazedeler ve aileleri ziyaret edildi.<\/p>\n\n\n\n<p class=\"wp-block-paragraph\">Ziyarete KKTC Dostluk Grubu Ba\u015fkan\u0131 Orhan Erdem, milletvekilleri Radiye Sezer Kat\u0131rc\u0131o\u011flu ve Ali K\u0131ratl\u0131 ile AK Parti KKTC Temsilcisi Emre Kaya kat\u0131ld\u0131.<\/p>\n\n\n\n<p class=\"wp-block-paragraph\">Heyet, kazazedeler ve aileleriyle g\u00f6r\u00fc\u015ferek ge\u00e7mi\u015f olsun dileklerini iletti ve T\u00fcrkiye\u2019nin yanlar\u0131nda oldu\u011fu mesaj\u0131n\u0131 verdi.<\/p>\n\n\n\n<p class=\"wp-block-paragraph\">KR\u0130Z MERKEZ\u0130NDE YETK\u0130L\u0130LERLE G\u00d6R\u00dc\u015eT\u00dcLER<\/p>\n\n\n\n<p class=\"wp-block-paragraph\">Heyet daha sonra Girne\u2019de olu\u015fturulan kriz merkezine ge\u00e7erek KKTC Cumhurba\u015fkan\u0131 Tufan Erh\u00fcrman, Ba\u015fbakan \u00dcnal \u00dcstel, Cumhuriyet Meclisi Ba\u015fkan\u0131 Ziya \u00d6zt\u00fcrkler, bakanlar, komutanlar ve T\u00fcrkiye\u2019nin Lefko\u015fa B\u00fcy\u00fckel\u00e7isi Ali Murat Ba\u015f\u00e7eri ile bir araya geldi.<\/p>\n\n\n\n<p class=\"wp-block-paragraph\">G\u00f6r\u00fc\u015fmede, gemi facias\u0131n\u0131n ard\u0131ndan kendilerine hen\u00fcz ula\u015f\u0131lamayan vatanda\u015flara y\u00f6nelik s\u00fcrd\u00fcr\u00fclen arama-kurtarma \u00e7al\u0131\u015fmalar\u0131 ve son durum hakk\u0131nda bilgi al\u0131nd\u0131.<\/p>\n\n\n\n<p class=\"wp-block-paragraph\">\u201cUCU NEREYE VARIRSA VARSIN BU KONUNUN TAK\u0130P\u00c7\u0130S\u0130 OLACA\u011eIZ\u201d<\/p>\n\n\n\n<p class=\"wp-block-paragraph\">Ziyaretlerin ard\u0131ndan yap\u0131lan a\u00e7\u0131klamada, kazan\u0131n t\u00fcm y\u00f6nleriyle takip edilece\u011fi vurgulanarak, \u201cAziz vatanda\u015flar\u0131m\u0131z m\u00fcsterih olsunlar. Ucu nereye var\u0131rsa vars\u0131n bu konunun takip\u00e7isi olaca\u011f\u0131z\u201d denildi.<\/p>\n\n\n\n<p class=\"wp-block-paragraph\">Faciada hayat\u0131n\u0131 kaybedenlere Allah\u2019tan rahmet, ailelerine ba\u015fsa\u011fl\u0131\u011f\u0131 ve sab\u0131r dilenen a\u00e7\u0131klamada, yaral\u0131lara da acil \u015fifa temennisinde bulunuldu.<\/p>\n\n\n\n<p class=\"wp-block-paragraph\">A\u00e7\u0131klamada, T\u00fcrkiye ile KKTC aras\u0131ndaki dayan\u0131\u015fmaya vurgu yap\u0131larak, \u201cKKTC\u2019nin ac\u0131s\u0131 bizim ac\u0131m\u0131zd\u0131r\u201d ifadeleri kullan\u0131ld\u0131.<\/p>","protected":false},"excerpt":{"rendered":"<p>AK Parti heyeti, Girne a\u00e7\u0131klar\u0131nda meydana gelen gemi facias\u0131n\u0131n ard\u0131ndan hastanelerde tedavi g\u00f6ren kazazedeleri ve ailelerini ziyaret etti. Girne\u2019deki kriz merkezinde y\u00fcr\u00fct\u00fclen \u00e7al\u0131\u015fmalar hakk\u0131nda da bilgi alan heyet, \u201cAziz vatanda\u015flar\u0131m\u0131z m\u00fcsterih olsunlar. Ucu nereye var\u0131rsa vars\u0131n bu konunun takip\u00e7isi olaca\u011f\u0131z. KKTC\u2019nin ac\u0131s\u0131 bizim ac\u0131m\u0131zd\u0131r.\u201d mesaj\u0131n\u0131 verdi. AK Parti heyeti, Girne a\u00e7\u0131klar\u0131nda meydana gelen gemi facias\u0131n\u0131n [&hellip;]<\/p>","protected":false},"author":1,"featured_media":41637,"comment_status":"open","ping_status":"open","sticky":false,"template":"","format":"standard","meta":{"om_disable_all_campaigns":false,"_monsterinsights_skip_tracking":false,"_monsterinsights_sitenote_active":false,"_monsterinsights_sitenote_note":"","_monsterinsights_sitenote_category":0,"_uf_show_specific_survey":0,"_uf_disable_surveys":false,"footnotes":"","jetpack_publicize_message":"","jetpack_publicize_feature_enabled":true,"jetpack_social_post_already_shared":true,"jetpack_social_options":{"image_generator_settings":{"template":"highway","default_image_id":0,"font":"","enabled":false},"version":2}},"categories":[81],"tags":[],"class_list":["post-41636","post","type-post","status-publish","format-standard","has-post-thumbnail","category-gundem"],"yoast_head":"<!-- This site is optimized with the Yoast SEO plugin v23.8 - https:\/\/yoast.com\/wordpress\/plugins\/seo\/ -->\n<title>AK Parti heyetinden Girne\u2019deki kazazedelere ziyaret: Ucu nereye var\u0131rsa vars\u0131n takip\u00e7isi olaca\u011f\u0131z - NETBAKIS<\/title>\n<meta name=\"robots\" content=\"index, follow, max-snippet:-1, max-image-preview:large, max-video-preview:-1\" \/>\n<link rel=\"canonical\" href=\"https:\/\/netbakis.net\/tr\/41636\/\" \/>\n<meta property=\"og:locale\" content=\"tr_TR\" \/>\n<meta property=\"og:type\" content=\"article\" \/>\n<meta property=\"og:title\" content=\"AK Parti heyetinden Girne\u2019deki kazazedelere ziyaret: Ucu nereye var\u0131rsa vars\u0131n takip\u00e7isi olaca\u011f\u0131z - NETBAKIS\" \/>\n<meta property=\"og:description\" content=\"AK Parti heyeti, Girne a\u00e7\u0131klar\u0131nda meydana gelen gemi facias\u0131n\u0131n ard\u0131ndan hastanelerde tedavi g\u00f6ren kazazedeleri ve ailelerini ziyaret etti. Girne\u2019deki kriz merkezinde y\u00fcr\u00fct\u00fclen \u00e7al\u0131\u015fmalar hakk\u0131nda da bilgi alan heyet, \u201cAziz vatanda\u015flar\u0131m\u0131z m\u00fcsterih olsunlar. Ucu nereye var\u0131rsa vars\u0131n bu konunun takip\u00e7isi olaca\u011f\u0131z. KKTC\u2019nin ac\u0131s\u0131 bizim ac\u0131m\u0131zd\u0131r.\u201d mesaj\u0131n\u0131 verdi. AK Parti heyeti, Girne a\u00e7\u0131klar\u0131nda meydana gelen gemi facias\u0131n\u0131n [&hellip;]\" \/>\n<meta property=\"og:url\" content=\"https:\/\/netbakis.net\/tr\/41636\/\" \/>\n<meta property=\"og:site_name\" content=\"NETBAKIS\" \/>\n<meta property=\"article:published_time\" content=\"2026-09-01T16:53:34+00:00\" \/>\n<meta property=\"article:modified_time\" content=\"2026-09-01T16:53:37+00:00\" \/>\n<meta property=\"og:image\" content=\"https:\/\/netbakis.net\/wp-content\/uploads\/2026\/09\/v2yeniproje26_1788279049.webp\" \/>\n\t<meta property=\"og:image:width\" content=\"971\" \/>\n\t<meta property=\"og:image:height\" content=\"551\" \/>\n\t<meta property=\"og:image:type\" content=\"image\/webp\" \/>\n<meta name=\"author\" content=\"netbakis.net\" \/>\n<meta name=\"twitter:card\" content=\"summary_large_image\" \/>\n<meta name=\"twitter:label1\" content=\"Yazan:\" \/>\n\t<meta name=\"twitter:data1\" content=\"netbakis.net\" \/>\n\t<meta name=\"twitter:label2\" content=\"Tahmini okuma s\u00fcresi\" \/>\n\t<meta name=\"twitter:data2\" content=\"2 dakika\" \/>\n<script type=\"application\/ld+json\" class=\"yoast-schema-graph\">{\"@context\":\"https:\/\/schema.org\",\"@graph\":[{\"@type\":\"WebPage\",\"@id\":\"https:\/\/netbakis.net\/41636\/\",\"url\":\"https:\/\/netbakis.net\/41636\/\",\"name\":\"AK Parti heyetinden Girne\u2019deki kazazedelere ziyaret: Ucu nereye var\u0131rsa vars\u0131n takip\u00e7isi olaca\u011f\u0131z - NETBAKIS\",\"isPartOf\":{\"@id\":\"https:\/\/netbakis.net\/#website\"},\"primaryImageOfPage\":{\"@id\":\"https:\/\/netbakis.net\/41636\/#primaryimage\"},\"image\":{\"@id\":\"https:\/\/netbakis.net\/41636\/#primaryimage\"},\"thumbnailUrl\":\"https:\/\/netbakis.net\/wp-content\/uploads\/2026\/09\/v2yeniproje26_1788279049.webp\",\"datePublished\":\"2026-09-01T16:53:34+00:00\",\"dateModified\":\"2026-09-01T16:53:37+00:00\",\"author\":{\"@id\":\"https:\/\/netbakis.net\/#\/schema\/person\/5d9b5c3f48ca4a3c69967d619fc8c7f4\"},\"breadcrumb\":{\"@id\":\"https:\/\/netbakis.net\/41636\/#breadcrumb\"},\"inLanguage\":\"tr\",\"potentialAction\":[{\"@type\":\"ReadAction\",\"target\":[\"https:\/\/netbakis.net\/41636\/\"]}]},{\"@type\":\"ImageObject\",\"inLanguage\":\"tr\",\"@id\":\"https:\/\/netbakis.net\/41636\/#primaryimage\",\"url\":\"https:\/\/netbakis.net\/wp-content\/uploads\/2026\/09\/v2yeniproje26_1788279049.webp\",\"contentUrl\":\"https:\/\/netbakis.net\/wp-content\/uploads\/2026\/09\/v2yeniproje26_1788279049.webp\",\"width\":971,\"height\":551},{\"@type\":\"BreadcrumbList\",\"@id\":\"https:\/\/netbakis.net\/41636\/#breadcrumb\",\"itemListElement\":[{\"@type\":\"ListItem\",\"position\":1,\"name\":\"Home\",\"item\":\"https:\/\/netbakis.net\/\"},{\"@type\":\"ListItem\",\"position\":2,\"name\":\"AK Parti heyetinden Girne\u2019deki kazazedelere ziyaret: Ucu nereye var\u0131rsa vars\u0131n takip\u00e7isi olaca\u011f\u0131z\"}]},{\"@type\":\"WebSite\",\"@id\":\"https:\/\/netbakis.net\/#website\",\"url\":\"https:\/\/netbakis.net\/\",\"name\":\"NETBAKIS\",\"description\":\"SON DAKIKA\",\"potentialAction\":[{\"@type\":\"SearchAction\",\"target\":{\"@type\":\"EntryPoint\",\"urlTemplate\":\"https:\/\/netbakis.net\/?s={search_term_string}\"},\"query-input\":{\"@type\":\"PropertyValueSpecification\",\"valueRequired\":true,\"valueName\":\"search_term_string\"}}],\"inLanguage\":\"tr\"},{\"@type\":\"Person\",\"@id\":\"https:\/\/netbakis.net\/#\/schema\/person\/5d9b5c3f48ca4a3c69967d619fc8c7f4\",\"name\":\"netbakis.net\",\"image\":{\"@type\":\"ImageObject\",\"inLanguage\":\"tr\",\"@id\":\"https:\/\/netbakis.net\/#\/schema\/person\/image\/\",\"url\":\"https:\/\/secure.gravatar.com\/avatar\/4ddeae49d2d3e3568a8d5b0937642efdf0b72468dbe3f213bc1978faa47af0d1?s=96&d=wp_user_avatar&r=g\",\"contentUrl\":\"https:\/\/secure.gravatar.com\/avatar\/4ddeae49d2d3e3568a8d5b0937642efdf0b72468dbe3f213bc1978faa47af0d1?s=96&d=wp_user_avatar&r=g\",\"caption\":\"netbakis.net\"},\"sameAs\":[\"https:\/\/netbakis.net\"],\"url\":\"https:\/\/netbakis.net\/tr\/author\/netbakis-net\/\"}]}<\/script>\n<!-- \/ Yoast SEO plugin. -->","yoast_head_json":{"title":"AK Parti heyetinden Girne\u2019deki kazazedelere ziyaret: Ucu nereye var\u0131rsa vars\u0131n takip\u00e7isi olaca\u011f\u0131z - NETBAKIS","robots":{"index":"index","follow":"follow","max-snippet":"max-snippet:-1","max-image-preview":"max-image-preview:large","max-video-preview":"max-video-preview:-1"},"canonical":"https:\/\/netbakis.net\/tr\/41636\/","og_locale":"tr_TR","og_type":"article","og_title":"AK Parti heyetinden Girne\u2019deki kazazedelere ziyaret: Ucu nereye var\u0131rsa vars\u0131n takip\u00e7isi olaca\u011f\u0131z - NETBAKIS","og_description":"AK Parti heyeti, Girne a\u00e7\u0131klar\u0131nda meydana gelen gemi facias\u0131n\u0131n ard\u0131ndan hastanelerde tedavi g\u00f6ren kazazedeleri ve ailelerini ziyaret etti. Girne\u2019deki kriz merkezinde y\u00fcr\u00fct\u00fclen \u00e7al\u0131\u015fmalar hakk\u0131nda da bilgi alan heyet, \u201cAziz vatanda\u015flar\u0131m\u0131z m\u00fcsterih olsunlar. Ucu nereye var\u0131rsa vars\u0131n bu konunun takip\u00e7isi olaca\u011f\u0131z. KKTC\u2019nin ac\u0131s\u0131 bizim ac\u0131m\u0131zd\u0131r.\u201d mesaj\u0131n\u0131 verdi. AK Parti heyeti, Girne a\u00e7\u0131klar\u0131nda meydana gelen gemi facias\u0131n\u0131n [&hellip;]","og_url":"https:\/\/netbakis.net\/tr\/41636\/","og_site_name":"NETBAKIS","article_published_time":"2026-09-01T16:53:34+00:00","article_modified_time":"2026-09-01T16:53:37+00:00","og_image":[{"width":971,"height":551,"url":"https:\/\/netbakis.net\/wp-content\/uploads\/2026\/09\/v2yeniproje26_1788279049.webp","type":"image\/webp"}],"author":"netbakis.net","twitter_card":"summary_large_image","twitter_misc":{"Yazan:":"netbakis.net","Tahmini okuma s\u00fcresi":"2 dakika"},"schema":{"@context":"https:\/\/schema.org","@graph":[{"@type":"WebPage","@id":"https:\/\/netbakis.net\/41636\/","url":"https:\/\/netbakis.net\/41636\/","name":"AK Parti heyetinden Girne\u2019deki kazazedelere ziyaret: Ucu nereye var\u0131rsa vars\u0131n takip\u00e7isi olaca\u011f\u0131z - NETBAKIS","isPartOf":{"@id":"https:\/\/netbakis.net\/#website"},"primaryImageOfPage":{"@id":"https:\/\/netbakis.net\/41636\/#primaryimage"},"image":{"@id":"https:\/\/netbakis.net\/41636\/#primaryimage"},"thumbnailUrl":"https:\/\/netbakis.net\/wp-content\/uploads\/2026\/09\/v2yeniproje26_1788279049.webp","datePublished":"2026-09-01T16:53:34+00:00","dateModified":"2026-09-01T16:53:37+00:00","author":{"@id":"https:\/\/netbakis.net\/#\/schema\/person\/5d9b5c3f48ca4a3c69967d619fc8c7f4"},"breadcrumb":{"@id":"https:\/\/netbakis.net\/41636\/#breadcrumb"},"inLanguage":"tr","potentialAction":[{"@type":"ReadAction","target":["https:\/\/netbakis.net\/41636\/"]}]},{"@type":"ImageObject","inLanguage":"tr","@id":"https:\/\/netbakis.net\/41636\/#primaryimage","url":"https:\/\/netbakis.net\/wp-content\/uploads\/2026\/09\/v2yeniproje26_1788279049.webp","contentUrl":"https:\/\/netbakis.net\/wp-content\/uploads\/2026\/09\/v2yeniproje26_1788279049.webp","width":971,"height":551},{"@type":"BreadcrumbList","@id":"https:\/\/netbakis.net\/41636\/#breadcrumb","itemListElement":[{"@type":"ListItem","position":1,"name":"Home","item":"https:\/\/netbakis.net\/"},{"@type":"ListItem","position":2,"name":"AK Parti heyetinden Girne\u2019deki kazazedelere ziyaret: Ucu nereye var\u0131rsa vars\u0131n takip\u00e7isi olaca\u011f\u0131z"}]},{"@type":"WebSite","@id":"https:\/\/netbakis.net\/#website","url":"https:\/\/netbakis.net\/","name":"NETBAKIS","description":"SON DAKIKA","potentialAction":[{"@type":"SearchAction","target":{"@type":"EntryPoint","urlTemplate":"https:\/\/netbakis.net\/?s={search_term_string}"},"query-input":{"@type":"PropertyValueSpecification","valueRequired":true,"valueName":"search_term_string"}}],"inLanguage":"tr"},{"@type":"Person","@id":"https:\/\/netbakis.net\/#\/schema\/person\/5d9b5c3f48ca4a3c69967d619fc8c7f4","name":"netbakis.net","image":{"@type":"ImageObject","inLanguage":"tr","@id":"https:\/\/netbakis.net\/#\/schema\/person\/image\/","url":"https:\/\/secure.gravatar.com\/avatar\/4ddeae49d2d3e3568a8d5b0937642efdf0b72468dbe3f213bc1978faa47af0d1?s=96&d=wp_user_avatar&r=g","contentUrl":"https:\/\/secure.gravatar.com\/avatar\/4ddeae49d2d3e3568a8d5b0937642efdf0b72468dbe3f213bc1978faa47af0d1?s=96&d=wp_user_avatar&r=g","caption":"netbakis.net"},"sameAs":["https:\/\/netbakis.net"],"url":"https:\/\/netbakis.net\/tr\/author\/netbakis-net\/"}]}},"jetpack_publicize_connections":[],"_links":{"self":[{"href":"https:\/\/netbakis.net\/tr\/wp-json\/wp\/v2\/posts\/41636","targetHints":{"allow":["GET"]}}],"collection":[{"href":"https:\/\/netbakis.net\/tr\/wp-json\/wp\/v2\/posts"}],"about":[{"href":"https:\/\/netbakis.net\/tr\/wp-json\/wp\/v2\/types\/post"}],"author":[{"embeddable":true,"href":"https:\/\/netbakis.net\/tr\/wp-json\/wp\/v2\/users\/1"}],"replies":[{"embeddable":true,"href":"https:\/\/netbakis.net\/tr\/wp-json\/wp\/v2\/comments?post=41636"}],"version-history":[{"count":1,"href":"https:\/\/netbakis.net\/tr\/wp-json\/wp\/v2\/posts\/41636\/revisions"}],"predecessor-version":[{"id":41638,"href":"https:\/\/netbakis.net\/tr\/wp-json\/wp\/v2\/posts\/41636\/revisions\/41638"}],"wp:featuredmedia":[{"embeddable":true,"href":"https:\/\/netbakis.net\/tr\/wp-json\/wp\/v2\/media\/41637"}],"wp:attachment":[{"href":"https:\/\/netbakis.net\/tr\/wp-json\/wp\/v2\/media?parent=41636"}],"wp:term":[{"taxonomy":"category","embeddable":true,"href":"https:\/\/netbakis.net\/tr\/wp-json\/wp\/v2\/categories?post=41636"},{"taxonomy":"post_tag","embeddable":true,"href":"https:\/\/netbakis.net\/tr\/wp-json\/wp\/v2\/tags?post=41636"}],"curies":[{"name":"wp","href":"https:\/\/api.w.org\/{rel}","templated":true}]}}