{"id":41634,"date":"2026-09-01T16:52:56","date_gmt":"2026-09-01T16:52:56","guid":{"rendered":"https:\/\/netbakis.net\/?p=41634"},"modified":"2026-09-01T16:52:59","modified_gmt":"2026-09-01T16:52:59","slug":"ozersaydan-ustele-arikli-sucludur-demiyorum-sorusturmanin-selameti-icin-arikliyi-gorevden-alin","status":"publish","type":"post","link":"https:\/\/netbakis.net\/tr\/41634\/","title":{"rendered":"\u00d6zersay&#8217;dan \u00dcstel&#8217;e: &#8220;Ar\u0131kl\u0131 su\u00e7ludur&#8221; demiyorum; soru\u015fturman\u0131n selameti i\u00e7in Ar\u0131kl\u0131&#8217;y\u0131 g\u00f6revden al\u0131n"},"content":{"rendered":"<p class=\"wp-block-paragraph\">Halk\u0131n Partisi Genel Ba\u015fkan\u0131 Kudret \u00d6zersay, Ula\u015ft\u0131rma Bakan\u0131 Erhan Ar\u0131kl\u0131\u2019n\u0131n devam eden soru\u015fturman\u0131n sa\u011fl\u0131kl\u0131 y\u00fcr\u00fct\u00fclebilmesi ve ger\u00e7e\u011fin ortaya \u00e7\u0131kar\u0131labilmesi i\u00e7in ge\u00e7ici s\u00fcreyle g\u00f6revden ayr\u0131lmas\u0131 gerekti\u011fini s\u00f6yledi. \u00d6zersay, Ar\u0131kl\u0131 istifa etmeyecekse Ba\u015fbakan \u00dcnal \u00dcstel\u2019in kendisini g\u00f6revden almas\u0131 \u00e7a\u011fr\u0131s\u0131nda bulundu.<br><br>Halk\u0131n Partisi Genel Ba\u015fkan\u0131 Kudret \u00d6zersay, Ula\u015ft\u0131rma Bakan\u0131 Erhan Ar\u0131kl\u0131\u2019n\u0131n devam eden soru\u015fturma s\u00fcrecinin selameti ve sa\u011fl\u0131kl\u0131 y\u00fcr\u00fct\u00fclebilmesi amac\u0131yla Ba\u015fbakan \u00dcnal \u00dcstel taraf\u0131ndan g\u00f6revden al\u0131nmas\u0131 \u00e7a\u011fr\u0131s\u0131nda bulundu.<\/p>\n\n\n\n<p class=\"wp-block-paragraph\">Ula\u015ft\u0131rma Bakan\u0131\u2019n\u0131n su\u00e7lu olup olmad\u0131\u011f\u0131na karar verecek konumda olmad\u0131\u011f\u0131n\u0131 vurgulayan \u00d6zersay, \u201cAncak bu soru\u015fturman\u0131n selameti ve ger\u00e7e\u011fin ortaya \u00e7\u0131kabilmesi i\u00e7in Erhan Bey\u2019in ge\u00e7ici bir s\u00fcre i\u00e7in dahi olsa o g\u00f6revden ayr\u0131lmas\u0131, s\u00fcrecin \u00f6n\u00fcn\u00fc a\u00e7mas\u0131 en do\u011fru karar olacakt\u0131r. Bunu kendisi yapmayacaksa \u00dcnal Bey\u2019in yapmas\u0131 bir di\u011fer se\u00e7enektir\u201d dedi.<\/p>\n\n\n\n<p class=\"wp-block-paragraph\">\u201cDEL\u0130LLER\u0130N KARARTILMASI \u0130HT\u0130MAL\u0130 VAR\u201d<\/p>\n\n\n\n<p class=\"wp-block-paragraph\">\u00d6zersay, Ula\u015ft\u0131rma Bakanl\u0131\u011f\u0131\u2019na ba\u011fl\u0131 limanlar ve di\u011fer birimlerin, gerek geminin yeterlili\u011fi gerekse kaptan ve m\u00fcrettebat\u0131n belgeleriyle ilgili y\u00fcr\u00fct\u00fclecek soru\u015fturmada Bakan\u2019\u0131n hiyerar\u015fik otoritesine ba\u011fl\u0131 oldu\u011funu belirtti.<\/p>\n\n\n\n<p class=\"wp-block-paragraph\">\u201cDelillerin karart\u0131lmas\u0131, yok edilmesi gibi ihtimaller dikkate al\u0131nd\u0131\u011f\u0131nda bu s\u00fcre\u00e7 devam ederken Bakan\u2019\u0131n g\u00f6revde olmas\u0131 riskler i\u00e7ermektedir\u201d diyen \u00d6zersay, Ar\u0131kl\u0131\u2019n\u0131n ihmali veya kusuru bulundu\u011funu s\u00f6ylemedi\u011fini, bunun soru\u015fturma sonucunda ortaya \u00e7\u0131kabilece\u011fini ifade etti.<\/p>\n\n\n\n<p class=\"wp-block-paragraph\">\u00d6zersay, \u201cUla\u015ft\u0131rma Bakan\u0131\u2019n\u0131n ihmali var veya kusurludur demiyorum, bunu diyebilecek durumda da de\u011filim. Ancak ger\u00e7e\u011fin ortaya \u00e7\u0131kabilmesi i\u00e7in o g\u00f6revde kalmamas\u0131 gerekir diye d\u00fc\u015f\u00fcn\u00fcyorum\u201d dedi.<\/p>\n\n\n\n<p class=\"wp-block-paragraph\">Ar\u0131kl\u0131\u2019n\u0131n istifa etmeyi d\u00fc\u015f\u00fcnmedi\u011finin belli oldu\u011funu savunan \u00d6zersay, \u201cKendisi istifa etmeyi d\u00fc\u015f\u00fcnm\u00fcyor, bu \u00e7ok belli. Ancak \u00dcnal Bey\u2019in kendisini g\u00f6revden almas\u0131 bir di\u011fer se\u00e7enek olarak orada duruyor\u201d ifadelerini kulland\u0131.<\/p>","protected":false},"excerpt":{"rendered":"<p>Halk\u0131n Partisi Genel Ba\u015fkan\u0131 Kudret \u00d6zersay, Ula\u015ft\u0131rma Bakan\u0131 Erhan Ar\u0131kl\u0131\u2019n\u0131n devam eden soru\u015fturman\u0131n sa\u011fl\u0131kl\u0131 y\u00fcr\u00fct\u00fclebilmesi ve ger\u00e7e\u011fin ortaya \u00e7\u0131kar\u0131labilmesi i\u00e7in ge\u00e7ici s\u00fcreyle g\u00f6revden ayr\u0131lmas\u0131 gerekti\u011fini s\u00f6yledi. \u00d6zersay, Ar\u0131kl\u0131 istifa etmeyecekse Ba\u015fbakan \u00dcnal \u00dcstel\u2019in kendisini g\u00f6revden almas\u0131 \u00e7a\u011fr\u0131s\u0131nda bulundu. Halk\u0131n Partisi Genel Ba\u015fkan\u0131 Kudret \u00d6zersay, Ula\u015ft\u0131rma Bakan\u0131 Erhan Ar\u0131kl\u0131\u2019n\u0131n devam eden soru\u015fturma s\u00fcrecinin selameti ve sa\u011fl\u0131kl\u0131 [&hellip;]<\/p>","protected":false},"author":1,"featured_media":8186,"comment_status":"open","ping_status":"open","sticky":false,"template":"","format":"standard","meta":{"om_disable_all_campaigns":false,"_monsterinsights_skip_tracking":false,"_monsterinsights_sitenote_active":false,"_monsterinsights_sitenote_note":"","_monsterinsights_sitenote_category":0,"_uf_show_specific_survey":0,"_uf_disable_surveys":false,"footnotes":"","jetpack_publicize_message":"","jetpack_publicize_feature_enabled":true,"jetpack_social_post_already_shared":true,"jetpack_social_options":{"image_generator_settings":{"template":"highway","default_image_id":0,"font":"","enabled":false},"version":2}},"categories":[81],"tags":[],"class_list":["post-41634","post","type-post","status-publish","format-standard","has-post-thumbnail","category-gundem"],"yoast_head":"<!-- This site is optimized with the Yoast SEO plugin v23.8 - https:\/\/yoast.com\/wordpress\/plugins\/seo\/ -->\n<title>\u00d6zersay&#039;dan \u00dcstel&#039;e: &quot;Ar\u0131kl\u0131 su\u00e7ludur&quot; demiyorum; soru\u015fturman\u0131n selameti i\u00e7in Ar\u0131kl\u0131&#039;y\u0131 g\u00f6revden al\u0131n - NETBAKIS<\/title>\n<meta name=\"robots\" content=\"index, follow, max-snippet:-1, max-image-preview:large, max-video-preview:-1\" \/>\n<link rel=\"canonical\" href=\"https:\/\/netbakis.net\/tr\/41634\/\" \/>\n<meta property=\"og:locale\" content=\"tr_TR\" \/>\n<meta property=\"og:type\" content=\"article\" \/>\n<meta property=\"og:title\" content=\"\u00d6zersay&#039;dan \u00dcstel&#039;e: &quot;Ar\u0131kl\u0131 su\u00e7ludur&quot; demiyorum; soru\u015fturman\u0131n selameti i\u00e7in Ar\u0131kl\u0131&#039;y\u0131 g\u00f6revden al\u0131n - NETBAKIS\" \/>\n<meta property=\"og:description\" content=\"Halk\u0131n Partisi Genel Ba\u015fkan\u0131 Kudret \u00d6zersay, Ula\u015ft\u0131rma Bakan\u0131 Erhan Ar\u0131kl\u0131\u2019n\u0131n devam eden soru\u015fturman\u0131n sa\u011fl\u0131kl\u0131 y\u00fcr\u00fct\u00fclebilmesi ve ger\u00e7e\u011fin ortaya \u00e7\u0131kar\u0131labilmesi i\u00e7in ge\u00e7ici s\u00fcreyle g\u00f6revden ayr\u0131lmas\u0131 gerekti\u011fini s\u00f6yledi. \u00d6zersay, Ar\u0131kl\u0131 istifa etmeyecekse Ba\u015fbakan \u00dcnal \u00dcstel\u2019in kendisini g\u00f6revden almas\u0131 \u00e7a\u011fr\u0131s\u0131nda bulundu. Halk\u0131n Partisi Genel Ba\u015fkan\u0131 Kudret \u00d6zersay, Ula\u015ft\u0131rma Bakan\u0131 Erhan Ar\u0131kl\u0131\u2019n\u0131n devam eden soru\u015fturma s\u00fcrecinin selameti ve sa\u011fl\u0131kl\u0131 [&hellip;]\" \/>\n<meta property=\"og:url\" content=\"https:\/\/netbakis.net\/tr\/41634\/\" \/>\n<meta property=\"og:site_name\" content=\"NETBAKIS\" \/>\n<meta property=\"article:published_time\" content=\"2026-09-01T16:52:56+00:00\" \/>\n<meta property=\"article:modified_time\" content=\"2026-09-01T16:52:59+00:00\" \/>\n<meta property=\"og:image\" content=\"https:\/\/netbakis.net\/wp-content\/uploads\/2022\/08\/kudret_1601905670.jpg\" \/>\n\t<meta property=\"og:image:width\" content=\"971\" \/>\n\t<meta property=\"og:image:height\" content=\"551\" \/>\n\t<meta property=\"og:image:type\" content=\"image\/jpeg\" \/>\n<meta name=\"author\" content=\"netbakis.net\" \/>\n<meta name=\"twitter:card\" content=\"summary_large_image\" \/>\n<meta name=\"twitter:label1\" content=\"Yazan:\" \/>\n\t<meta name=\"twitter:data1\" content=\"netbakis.net\" \/>\n\t<meta name=\"twitter:label2\" content=\"Tahmini okuma s\u00fcresi\" \/>\n\t<meta name=\"twitter:data2\" content=\"2 dakika\" \/>\n<script type=\"application\/ld+json\" class=\"yoast-schema-graph\">{\"@context\":\"https:\/\/schema.org\",\"@graph\":[{\"@type\":\"WebPage\",\"@id\":\"https:\/\/netbakis.net\/41634\/\",\"url\":\"https:\/\/netbakis.net\/41634\/\",\"name\":\"\u00d6zersay'dan \u00dcstel'e: \\\"Ar\u0131kl\u0131 su\u00e7ludur\\\" demiyorum; soru\u015fturman\u0131n selameti i\u00e7in Ar\u0131kl\u0131'y\u0131 g\u00f6revden al\u0131n - NETBAKIS\",\"isPartOf\":{\"@id\":\"https:\/\/netbakis.net\/#website\"},\"primaryImageOfPage\":{\"@id\":\"https:\/\/netbakis.net\/41634\/#primaryimage\"},\"image\":{\"@id\":\"https:\/\/netbakis.net\/41634\/#primaryimage\"},\"thumbnailUrl\":\"https:\/\/netbakis.net\/wp-content\/uploads\/2022\/08\/kudret_1601905670.jpg\",\"datePublished\":\"2026-09-01T16:52:56+00:00\",\"dateModified\":\"2026-09-01T16:52:59+00:00\",\"author\":{\"@id\":\"https:\/\/netbakis.net\/#\/schema\/person\/5d9b5c3f48ca4a3c69967d619fc8c7f4\"},\"breadcrumb\":{\"@id\":\"https:\/\/netbakis.net\/41634\/#breadcrumb\"},\"inLanguage\":\"tr\",\"potentialAction\":[{\"@type\":\"ReadAction\",\"target\":[\"https:\/\/netbakis.net\/41634\/\"]}]},{\"@type\":\"ImageObject\",\"inLanguage\":\"tr\",\"@id\":\"https:\/\/netbakis.net\/41634\/#primaryimage\",\"url\":\"https:\/\/netbakis.net\/wp-content\/uploads\/2022\/08\/kudret_1601905670.jpg\",\"contentUrl\":\"https:\/\/netbakis.net\/wp-content\/uploads\/2022\/08\/kudret_1601905670.jpg\",\"width\":971,\"height\":551,\"caption\":\"\u00d6zersay\"},{\"@type\":\"BreadcrumbList\",\"@id\":\"https:\/\/netbakis.net\/41634\/#breadcrumb\",\"itemListElement\":[{\"@type\":\"ListItem\",\"position\":1,\"name\":\"Home\",\"item\":\"https:\/\/netbakis.net\/\"},{\"@type\":\"ListItem\",\"position\":2,\"name\":\"\u00d6zersay&#8217;dan \u00dcstel&#8217;e: &#8220;Ar\u0131kl\u0131 su\u00e7ludur&#8221; demiyorum; soru\u015fturman\u0131n selameti i\u00e7in Ar\u0131kl\u0131&#8217;y\u0131 g\u00f6revden al\u0131n\"}]},{\"@type\":\"WebSite\",\"@id\":\"https:\/\/netbakis.net\/#website\",\"url\":\"https:\/\/netbakis.net\/\",\"name\":\"NETBAKIS\",\"description\":\"SON DAKIKA\",\"potentialAction\":[{\"@type\":\"SearchAction\",\"target\":{\"@type\":\"EntryPoint\",\"urlTemplate\":\"https:\/\/netbakis.net\/?s={search_term_string}\"},\"query-input\":{\"@type\":\"PropertyValueSpecification\",\"valueRequired\":true,\"valueName\":\"search_term_string\"}}],\"inLanguage\":\"tr\"},{\"@type\":\"Person\",\"@id\":\"https:\/\/netbakis.net\/#\/schema\/person\/5d9b5c3f48ca4a3c69967d619fc8c7f4\",\"name\":\"netbakis.net\",\"image\":{\"@type\":\"ImageObject\",\"inLanguage\":\"tr\",\"@id\":\"https:\/\/netbakis.net\/#\/schema\/person\/image\/\",\"url\":\"https:\/\/secure.gravatar.com\/avatar\/4ddeae49d2d3e3568a8d5b0937642efdf0b72468dbe3f213bc1978faa47af0d1?s=96&d=wp_user_avatar&r=g\",\"contentUrl\":\"https:\/\/secure.gravatar.com\/avatar\/4ddeae49d2d3e3568a8d5b0937642efdf0b72468dbe3f213bc1978faa47af0d1?s=96&d=wp_user_avatar&r=g\",\"caption\":\"netbakis.net\"},\"sameAs\":[\"https:\/\/netbakis.net\"],\"url\":\"https:\/\/netbakis.net\/tr\/author\/netbakis-net\/\"}]}<\/script>\n<!-- \/ Yoast SEO plugin. -->","yoast_head_json":{"title":"\u00d6zersay'dan \u00dcstel'e: \"Ar\u0131kl\u0131 su\u00e7ludur\" demiyorum; soru\u015fturman\u0131n selameti i\u00e7in Ar\u0131kl\u0131'y\u0131 g\u00f6revden al\u0131n - NETBAKIS","robots":{"index":"index","follow":"follow","max-snippet":"max-snippet:-1","max-image-preview":"max-image-preview:large","max-video-preview":"max-video-preview:-1"},"canonical":"https:\/\/netbakis.net\/tr\/41634\/","og_locale":"tr_TR","og_type":"article","og_title":"\u00d6zersay'dan \u00dcstel'e: \"Ar\u0131kl\u0131 su\u00e7ludur\" demiyorum; soru\u015fturman\u0131n selameti i\u00e7in Ar\u0131kl\u0131'y\u0131 g\u00f6revden al\u0131n - NETBAKIS","og_description":"Halk\u0131n Partisi Genel Ba\u015fkan\u0131 Kudret \u00d6zersay, Ula\u015ft\u0131rma Bakan\u0131 Erhan Ar\u0131kl\u0131\u2019n\u0131n devam eden soru\u015fturman\u0131n sa\u011fl\u0131kl\u0131 y\u00fcr\u00fct\u00fclebilmesi ve ger\u00e7e\u011fin ortaya \u00e7\u0131kar\u0131labilmesi i\u00e7in ge\u00e7ici s\u00fcreyle g\u00f6revden ayr\u0131lmas\u0131 gerekti\u011fini s\u00f6yledi. \u00d6zersay, Ar\u0131kl\u0131 istifa etmeyecekse Ba\u015fbakan \u00dcnal \u00dcstel\u2019in kendisini g\u00f6revden almas\u0131 \u00e7a\u011fr\u0131s\u0131nda bulundu. Halk\u0131n Partisi Genel Ba\u015fkan\u0131 Kudret \u00d6zersay, Ula\u015ft\u0131rma Bakan\u0131 Erhan Ar\u0131kl\u0131\u2019n\u0131n devam eden soru\u015fturma s\u00fcrecinin selameti ve sa\u011fl\u0131kl\u0131 [&hellip;]","og_url":"https:\/\/netbakis.net\/tr\/41634\/","og_site_name":"NETBAKIS","article_published_time":"2026-09-01T16:52:56+00:00","article_modified_time":"2026-09-01T16:52:59+00:00","og_image":[{"width":971,"height":551,"url":"https:\/\/netbakis.net\/wp-content\/uploads\/2022\/08\/kudret_1601905670.jpg","type":"image\/jpeg"}],"author":"netbakis.net","twitter_card":"summary_large_image","twitter_misc":{"Yazan:":"netbakis.net","Tahmini okuma s\u00fcresi":"2 dakika"},"schema":{"@context":"https:\/\/schema.org","@graph":[{"@type":"WebPage","@id":"https:\/\/netbakis.net\/41634\/","url":"https:\/\/netbakis.net\/41634\/","name":"\u00d6zersay'dan \u00dcstel'e: \"Ar\u0131kl\u0131 su\u00e7ludur\" demiyorum; soru\u015fturman\u0131n selameti i\u00e7in Ar\u0131kl\u0131'y\u0131 g\u00f6revden al\u0131n - NETBAKIS","isPartOf":{"@id":"https:\/\/netbakis.net\/#website"},"primaryImageOfPage":{"@id":"https:\/\/netbakis.net\/41634\/#primaryimage"},"image":{"@id":"https:\/\/netbakis.net\/41634\/#primaryimage"},"thumbnailUrl":"https:\/\/netbakis.net\/wp-content\/uploads\/2022\/08\/kudret_1601905670.jpg","datePublished":"2026-09-01T16:52:56+00:00","dateModified":"2026-09-01T16:52:59+00:00","author":{"@id":"https:\/\/netbakis.net\/#\/schema\/person\/5d9b5c3f48ca4a3c69967d619fc8c7f4"},"breadcrumb":{"@id":"https:\/\/netbakis.net\/41634\/#breadcrumb"},"inLanguage":"tr","potentialAction":[{"@type":"ReadAction","target":["https:\/\/netbakis.net\/41634\/"]}]},{"@type":"ImageObject","inLanguage":"tr","@id":"https:\/\/netbakis.net\/41634\/#primaryimage","url":"https:\/\/netbakis.net\/wp-content\/uploads\/2022\/08\/kudret_1601905670.jpg","contentUrl":"https:\/\/netbakis.net\/wp-content\/uploads\/2022\/08\/kudret_1601905670.jpg","width":971,"height":551,"caption":"\u00d6zersay"},{"@type":"BreadcrumbList","@id":"https:\/\/netbakis.net\/41634\/#breadcrumb","itemListElement":[{"@type":"ListItem","position":1,"name":"Home","item":"https:\/\/netbakis.net\/"},{"@type":"ListItem","position":2,"name":"\u00d6zersay&#8217;dan \u00dcstel&#8217;e: &#8220;Ar\u0131kl\u0131 su\u00e7ludur&#8221; demiyorum; soru\u015fturman\u0131n selameti i\u00e7in Ar\u0131kl\u0131&#8217;y\u0131 g\u00f6revden al\u0131n"}]},{"@type":"WebSite","@id":"https:\/\/netbakis.net\/#website","url":"https:\/\/netbakis.net\/","name":"NETBAKIS","description":"SON DAKIKA","potentialAction":[{"@type":"SearchAction","target":{"@type":"EntryPoint","urlTemplate":"https:\/\/netbakis.net\/?s={search_term_string}"},"query-input":{"@type":"PropertyValueSpecification","valueRequired":true,"valueName":"search_term_string"}}],"inLanguage":"tr"},{"@type":"Person","@id":"https:\/\/netbakis.net\/#\/schema\/person\/5d9b5c3f48ca4a3c69967d619fc8c7f4","name":"netbakis.net","image":{"@type":"ImageObject","inLanguage":"tr","@id":"https:\/\/netbakis.net\/#\/schema\/person\/image\/","url":"https:\/\/secure.gravatar.com\/avatar\/4ddeae49d2d3e3568a8d5b0937642efdf0b72468dbe3f213bc1978faa47af0d1?s=96&d=wp_user_avatar&r=g","contentUrl":"https:\/\/secure.gravatar.com\/avatar\/4ddeae49d2d3e3568a8d5b0937642efdf0b72468dbe3f213bc1978faa47af0d1?s=96&d=wp_user_avatar&r=g","caption":"netbakis.net"},"sameAs":["https:\/\/netbakis.net"],"url":"https:\/\/netbakis.net\/tr\/author\/netbakis-net\/"}]}},"jetpack_publicize_connections":[],"_links":{"self":[{"href":"https:\/\/netbakis.net\/tr\/wp-json\/wp\/v2\/posts\/41634","targetHints":{"allow":["GET"]}}],"collection":[{"href":"https:\/\/netbakis.net\/tr\/wp-json\/wp\/v2\/posts"}],"about":[{"href":"https:\/\/netbakis.net\/tr\/wp-json\/wp\/v2\/types\/post"}],"author":[{"embeddable":true,"href":"https:\/\/netbakis.net\/tr\/wp-json\/wp\/v2\/users\/1"}],"replies":[{"embeddable":true,"href":"https:\/\/netbakis.net\/tr\/wp-json\/wp\/v2\/comments?post=41634"}],"version-history":[{"count":1,"href":"https:\/\/netbakis.net\/tr\/wp-json\/wp\/v2\/posts\/41634\/revisions"}],"predecessor-version":[{"id":41635,"href":"https:\/\/netbakis.net\/tr\/wp-json\/wp\/v2\/posts\/41634\/revisions\/41635"}],"wp:featuredmedia":[{"embeddable":true,"href":"https:\/\/netbakis.net\/tr\/wp-json\/wp\/v2\/media\/8186"}],"wp:attachment":[{"href":"https:\/\/netbakis.net\/tr\/wp-json\/wp\/v2\/media?parent=41634"}],"wp:term":[{"taxonomy":"category","embeddable":true,"href":"https:\/\/netbakis.net\/tr\/wp-json\/wp\/v2\/categories?post=41634"},{"taxonomy":"post_tag","embeddable":true,"href":"https:\/\/netbakis.net\/tr\/wp-json\/wp\/v2\/tags?post=41634"}],"curies":[{"name":"wp","href":"https:\/\/api.w.org\/{rel}","templated":true}]}}